{"id":248340,"date":"2022-12-19T18:36:46","date_gmt":"2022-12-19T17:36:46","guid":{"rendered":"https:\/\/www.cinevox.be\/?p=248340"},"modified":"2022-12-19T18:36:46","modified_gmt":"2022-12-19T17:36:46","slug":"stages-anotherlight-1er-trimestre-2023","status":"publish","type":"post","link":"https:\/\/welovecinema.be\/fr\/stages-anotherlight-1er-trimestre-2023\/","title":{"rendered":"Stages Anotherlight: 1er trimestre 2023"},"content":{"rendered":"<p dir=\"ltr\"><strong>Anotherlight revient avec plusieurs stages de jeu face \u00e0 la cam\u00e9ra, dirig\u00e9s par diff\u00e9rentes personnalit\u00e9s du monde de l\u2019audiovisuel.<\/strong><\/p>\n<p dir=\"ltr\"><strong>Description et objectifs:<\/strong> Tenter l\u2019exp\u00e9rience cin\u00e9matographique, se trouver face \u00e0 la cam\u00e9ra entour\u00e9(e) d\u2019une \u00e9quipe de tournage. D\u00e9couvrir l\u2019envers du d\u00e9cor, les processus de fabrication d\u2019un film court. Vaincre sa timidit\u00e9, stimuler sa cr\u00e9ativit\u00e9, son sens de l\u2019observation, sa confiance en soi, l\u2019\u00e9change avec ses partenaires. Affronter son propre regard, rencontrer celui des autres&#8230;<\/p>\n<p dir=\"ltr\"><strong>Public cible:<\/strong> Les apprentis-com\u00e9dien.e.s int\u00e9ress\u00e9.e.s par la d\u00e9couverte du jeu devant la cam\u00e9ra.<\/p>\n<p dir=\"ltr\">Cette initiation constitue un int\u00e9ressant prolongement \u00e0 toute formations audiovisuelles ou de th\u00e9\u00e2tre pr\u00e9alable.<\/p>\n<p dir=\"ltr\">Le nombre de participants va de 8 \u00e0 10 personnes (groupes de 2 ou 3).<\/p>\n<p dir=\"ltr\">Nous avons actuellement 8 stages pr\u00e9vus pour d\u00e9but 2023 :<\/p>\n<p dir=\"ltr\">En janvier :<\/p>\n<ul>\n<li dir=\"ltr\">\n<p dir=\"ltr\" role=\"presentation\">Stage Face Cam\u00e9ra avec Z\u00e9no Graton (r\u00e9alisateur) du 16 au 22 janvier \u00e0 Bruxelles<\/p>\n<\/li>\n<li dir=\"ltr\">\n<p dir=\"ltr\" role=\"presentation\">Atelier sc\u00e9nario du 16 au 22 janvier avec Boris Tilquin (sc\u00e9nariste) \u00e0 Bruxelles<\/p>\n<\/li>\n<li dir=\"ltr\">\n<p dir=\"ltr\" role=\"presentation\">Stage Face Cam\u00e9ra avec Zo\u00e9 Brichau (casting et r\u00e9alisatrice) du 23 au 29 janvier \u00e0 Li\u00e8ge<\/p>\n<\/li>\n<li dir=\"ltr\">\n<p dir=\"ltr\" role=\"presentation\">Stage Face Cam\u00e9ra avec Yoann Zimmer (acteur) du 23 au 29 janvier \u00e0 Bruxelles<\/p>\n<\/li>\n<\/ul>\n<p dir=\"ltr\">En f\u00e9vrier :<\/p>\n<ul>\n<li dir=\"ltr\">\n<p dir=\"ltr\" role=\"presentation\">Atelier sc\u00e9nario en formation continue (collaboration avec IFAPME) 7 dates en soir\u00e9e les lundis soirs \u00e0 Li\u00e8ge<\/p>\n<\/li>\n<li dir=\"ltr\">\n<p dir=\"ltr\" role=\"presentation\">Atelier Face Cam\u00e9ra avec Guillaume Duhesme (acteur) du 6 au 12 f\u00e9vrier \u00e0 Bruxelles.<\/p>\n<\/li>\n<\/ul>\n<p dir=\"ltr\">En mars :<\/p>\n<ul>\n<li dir=\"ltr\">\n<p dir=\"ltr\" role=\"presentation\">Le blind test annuel le samedi 4 mars. Inscriptions \u00e0 venir.<\/p>\n<\/li>\n<li dir=\"ltr\">\n<p dir=\"ltr\" role=\"presentation\">Stage Face Cam\u00e9ra du 20 au 26 mars avec Vassilli Schemann (r\u00e9alisateur et acteur)\u00e0 Bruxelles<\/p>\n<\/li>\n<\/ul>\n<p dir=\"ltr\">INSCRIPTIONS FACE A LA CAMERA<\/p>\n<p dir=\"ltr\"><a href=\"https:\/\/forms.gle\/tZ7RHphrdaWqNem96\">https:\/\/forms.gle\/tZ7RHphrdaWqNem96<\/a><\/p>\n<p dir=\"ltr\">INSCRIPTIONS ATELIER SC\u00c9NARIO<\/p>\n<p dir=\"ltr\"><a href=\"https:\/\/forms.gle\/CqVa3G8yRch2uT3F7\">https:\/\/forms.gle\/CqVa3G8yRch2uT3F7<\/a><\/p>\n<p dir=\"ltr\">INSCRIPTIONS ATELIER SC\u00c9NARIO &#8211; IFAPME<\/p>\n<p dir=\"ltr\"><a href=\"https:\/\/www.ifapme.be\/formations\/continue\/ecriture-scenaristique-initiation\">https:\/\/www.ifapme.be\/formations\/continue\/ecriture-scenaristique-initiation<\/a><\/p>\n<p dir=\"ltr\">\n<p dir=\"ltr\">Infos : <a href=\"https:\/\/anotherlight.be\/nos-ateliers\/\">https:\/\/anotherlight.be\/nos-ateliers\/<\/a><\/p>\n","protected":false},"excerpt":{"rendered":"<p>Anotherlight revient avec plusieurs stages de jeu face \u00e0 la cam\u00e9ra, dirig\u00e9s par diff\u00e9rentes personnalit\u00e9s du monde de l\u2019audiovisuel. Description et objectifs: Tenter l\u2019exp\u00e9rience cin\u00e9matographique, se trouver face \u00e0 la cam\u00e9ra entour\u00e9(e) d\u2019une \u00e9quipe de tournage. D\u00e9couvrir l\u2019envers du d\u00e9cor, les processus de fabrication d\u2019un film court. Vaincre sa timidit\u00e9, stimuler sa cr\u00e9ativit\u00e9, son sens &hellip;<\/p>\n","protected":false},"author":343,"featured_media":248341,"comment_status":"closed","ping_status":"closed","sticky":false,"template":"","format":"standard","meta":{"ngg_post_thumbnail":0,"footnotes":""},"categories":[20,1923],"tags":[],"class_list":["post-248340","post","type-post","status-publish","format-standard","has-post-thumbnail","","category-cinejobs","category-en-bref"],"yoast_head":"<!-- This site is optimized with the Yoast SEO plugin v20.4 - https:\/\/yoast.com\/wordpress\/plugins\/seo\/ -->\n<title>Stages Anotherlight: 1er trimestre 2023 - We Love Cinema<\/title>\n<meta name=\"robots\" content=\"index, follow, max-snippet:-1, max-image-preview:large, max-video-preview:-1\" \/>\n<link rel=\"canonical\" href=\"https:\/\/welovecinema.be\/fr\/stages-anotherlight-1er-trimestre-2023\/\" \/>\n<meta property=\"og:locale\" content=\"fr_FR\" \/>\n<meta property=\"og:type\" content=\"article\" \/>\n<meta property=\"og:title\" content=\"Stages Anotherlight: 1er trimestre 2023 - We Love Cinema\" \/>\n<meta property=\"og:description\" content=\"Anotherlight revient avec plusieurs stages de jeu face \u00e0 la cam\u00e9ra, dirig\u00e9s par diff\u00e9rentes personnalit\u00e9s du monde de l\u2019audiovisuel. Description et objectifs: Tenter l\u2019exp\u00e9rience cin\u00e9matographique, se trouver face \u00e0 la cam\u00e9ra entour\u00e9(e) d\u2019une \u00e9quipe de tournage. D\u00e9couvrir l\u2019envers du d\u00e9cor, les processus de fabrication d\u2019un film court. Vaincre sa timidit\u00e9, stimuler sa cr\u00e9ativit\u00e9, son sens &hellip;\" \/>\n<meta property=\"og:url\" content=\"https:\/\/welovecinema.be\/fr\/stages-anotherlight-1er-trimestre-2023\/\" \/>\n<meta property=\"og:site_name\" content=\"We Love Cinema\" \/>\n<meta property=\"article:publisher\" content=\"https:\/\/www.facebook.com\/welovecinema.be\" \/>\n<meta property=\"article:published_time\" content=\"2022-12-19T17:36:46+00:00\" \/>\n<meta property=\"og:image\" content=\"https:\/\/welovecinema.be\/wp-content\/uploads\/sites\/2\/2022\/12\/Visuel-2023.png\" \/>\n\t<meta property=\"og:image:width\" content=\"800\" \/>\n\t<meta property=\"og:image:height\" content=\"400\" \/>\n\t<meta property=\"og:image:type\" content=\"image\/png\" \/>\n<meta name=\"author\" content=\"Aurore Engelen\" \/>\n<meta name=\"twitter:card\" content=\"summary_large_image\" \/>\n<meta name=\"twitter:label1\" content=\"\u00c9crit par\" \/>\n\t<meta name=\"twitter:data1\" content=\"Aurore Engelen\" \/>\n\t<meta name=\"twitter:label2\" content=\"Dur\u00e9e de lecture estim\u00e9e\" \/>\n\t<meta name=\"twitter:data2\" content=\"2 minutes\" \/>\n<script type=\"application\/ld+json\" class=\"yoast-schema-graph\">{\"@context\":\"https:\/\/schema.org\",\"@graph\":[{\"@type\":\"Article\",\"@id\":\"https:\/\/welovecinema.be\/fr\/stages-anotherlight-1er-trimestre-2023\/#article\",\"isPartOf\":{\"@id\":\"https:\/\/welovecinema.be\/fr\/stages-anotherlight-1er-trimestre-2023\/\"},\"author\":{\"name\":\"Aurore Engelen\",\"@id\":\"https:\/\/welovecinema.be\/nl\/#\/schema\/person\/8084b68c6b176142d073695c654dc7cf\"},\"headline\":\"Stages Anotherlight: 1er trimestre 2023\",\"datePublished\":\"2022-12-19T17:36:46+00:00\",\"dateModified\":\"2022-12-19T17:36:46+00:00\",\"mainEntityOfPage\":{\"@id\":\"https:\/\/welovecinema.be\/fr\/stages-anotherlight-1er-trimestre-2023\/\"},\"wordCount\":305,\"publisher\":{\"@id\":\"https:\/\/welovecinema.be\/nl\/#organization\"},\"articleSection\":[\"Cinejobs\",\"En bref\"],\"inLanguage\":\"fr-FR\"},{\"@type\":\"WebPage\",\"@id\":\"https:\/\/welovecinema.be\/fr\/stages-anotherlight-1er-trimestre-2023\/\",\"url\":\"https:\/\/welovecinema.be\/fr\/stages-anotherlight-1er-trimestre-2023\/\",\"name\":\"Stages Anotherlight: 1er trimestre 2023 - We Love Cinema\",\"isPartOf\":{\"@id\":\"https:\/\/welovecinema.be\/nl\/#website\"},\"datePublished\":\"2022-12-19T17:36:46+00:00\",\"dateModified\":\"2022-12-19T17:36:46+00:00\",\"breadcrumb\":{\"@id\":\"https:\/\/welovecinema.be\/fr\/stages-anotherlight-1er-trimestre-2023\/#breadcrumb\"},\"inLanguage\":\"fr-FR\",\"potentialAction\":[{\"@type\":\"ReadAction\",\"target\":[\"https:\/\/welovecinema.be\/fr\/stages-anotherlight-1er-trimestre-2023\/\"]}]},{\"@type\":\"BreadcrumbList\",\"@id\":\"https:\/\/welovecinema.be\/fr\/stages-anotherlight-1er-trimestre-2023\/#breadcrumb\",\"itemListElement\":[{\"@type\":\"ListItem\",\"position\":1,\"name\":\"Accueil\",\"item\":\"https:\/\/welovecinema.be\/fr\/\"},{\"@type\":\"ListItem\",\"position\":2,\"name\":\"Stages Anotherlight: 1er trimestre 2023\"}]},{\"@type\":\"WebSite\",\"@id\":\"https:\/\/welovecinema.be\/nl\/#website\",\"url\":\"https:\/\/welovecinema.be\/nl\/\",\"name\":\"We Love Cinema\",\"description\":\"Toute l\u2019information du cin\u00e9ma en Belgique\",\"publisher\":{\"@id\":\"https:\/\/welovecinema.be\/nl\/#organization\"},\"potentialAction\":[{\"@type\":\"SearchAction\",\"target\":{\"@type\":\"EntryPoint\",\"urlTemplate\":\"https:\/\/welovecinema.be\/nl\/?s={search_term_string}\"},\"query-input\":\"required name=search_term_string\"}],\"inLanguage\":\"fr-FR\"},{\"@type\":\"Organization\",\"@id\":\"https:\/\/welovecinema.be\/nl\/#organization\",\"name\":\"We Love Cinema\",\"url\":\"https:\/\/welovecinema.be\/nl\/\",\"logo\":{\"@type\":\"ImageObject\",\"inLanguage\":\"fr-FR\",\"@id\":\"https:\/\/welovecinema.be\/nl\/#\/schema\/logo\/image\/\",\"url\":\"https:\/\/welovecinema.be\/wp-content\/uploads\/sites\/2\/2023\/03\/Logo-We-Love-Cinema305x128.jpg\",\"contentUrl\":\"https:\/\/welovecinema.be\/wp-content\/uploads\/sites\/2\/2023\/03\/Logo-We-Love-Cinema305x128.jpg\",\"width\":305,\"height\":128,\"caption\":\"We Love Cinema\"},\"image\":{\"@id\":\"https:\/\/welovecinema.be\/nl\/#\/schema\/logo\/image\/\"},\"sameAs\":[\"https:\/\/www.facebook.com\/welovecinema.be\",\"https:\/\/www.youtube.com\/channel\/UCX5LYGVhnKvYauW4Nta4HJA\",\"https:\/\/www.instagram.com\/welovecinema.be\/\"]},{\"@type\":\"Person\",\"@id\":\"https:\/\/welovecinema.be\/nl\/#\/schema\/person\/8084b68c6b176142d073695c654dc7cf\",\"name\":\"Aurore Engelen\",\"url\":\"https:\/\/welovecinema.be\/fr\/author\/aurore-engelen\/\"}]}<\/script>\n<!-- \/ Yoast SEO plugin. -->","yoast_head_json":{"title":"Stages Anotherlight: 1er trimestre 2023 - We Love Cinema","robots":{"index":"index","follow":"follow","max-snippet":"max-snippet:-1","max-image-preview":"max-image-preview:large","max-video-preview":"max-video-preview:-1"},"canonical":"https:\/\/welovecinema.be\/fr\/stages-anotherlight-1er-trimestre-2023\/","og_locale":"fr_FR","og_type":"article","og_title":"Stages Anotherlight: 1er trimestre 2023 - We Love Cinema","og_description":"Anotherlight revient avec plusieurs stages de jeu face \u00e0 la cam\u00e9ra, dirig\u00e9s par diff\u00e9rentes personnalit\u00e9s du monde de l\u2019audiovisuel. Description et objectifs: Tenter l\u2019exp\u00e9rience cin\u00e9matographique, se trouver face \u00e0 la cam\u00e9ra entour\u00e9(e) d\u2019une \u00e9quipe de tournage. D\u00e9couvrir l\u2019envers du d\u00e9cor, les processus de fabrication d\u2019un film court. Vaincre sa timidit\u00e9, stimuler sa cr\u00e9ativit\u00e9, son sens &hellip;","og_url":"https:\/\/welovecinema.be\/fr\/stages-anotherlight-1er-trimestre-2023\/","og_site_name":"We Love Cinema","article_publisher":"https:\/\/www.facebook.com\/welovecinema.be","article_published_time":"2022-12-19T17:36:46+00:00","og_image":[{"width":800,"height":400,"url":"https:\/\/welovecinema.be\/wp-content\/uploads\/sites\/2\/2022\/12\/Visuel-2023.png","type":"image\/png"}],"author":"Aurore Engelen","twitter_card":"summary_large_image","twitter_misc":{"\u00c9crit par":"Aurore Engelen","Dur\u00e9e de lecture estim\u00e9e":"2 minutes"},"schema":{"@context":"https:\/\/schema.org","@graph":[{"@type":"Article","@id":"https:\/\/welovecinema.be\/fr\/stages-anotherlight-1er-trimestre-2023\/#article","isPartOf":{"@id":"https:\/\/welovecinema.be\/fr\/stages-anotherlight-1er-trimestre-2023\/"},"author":{"name":"Aurore Engelen","@id":"https:\/\/welovecinema.be\/nl\/#\/schema\/person\/8084b68c6b176142d073695c654dc7cf"},"headline":"Stages Anotherlight: 1er trimestre 2023","datePublished":"2022-12-19T17:36:46+00:00","dateModified":"2022-12-19T17:36:46+00:00","mainEntityOfPage":{"@id":"https:\/\/welovecinema.be\/fr\/stages-anotherlight-1er-trimestre-2023\/"},"wordCount":305,"publisher":{"@id":"https:\/\/welovecinema.be\/nl\/#organization"},"articleSection":["Cinejobs","En bref"],"inLanguage":"fr-FR"},{"@type":"WebPage","@id":"https:\/\/welovecinema.be\/fr\/stages-anotherlight-1er-trimestre-2023\/","url":"https:\/\/welovecinema.be\/fr\/stages-anotherlight-1er-trimestre-2023\/","name":"Stages Anotherlight: 1er trimestre 2023 - We Love Cinema","isPartOf":{"@id":"https:\/\/welovecinema.be\/nl\/#website"},"datePublished":"2022-12-19T17:36:46+00:00","dateModified":"2022-12-19T17:36:46+00:00","breadcrumb":{"@id":"https:\/\/welovecinema.be\/fr\/stages-anotherlight-1er-trimestre-2023\/#breadcrumb"},"inLanguage":"fr-FR","potentialAction":[{"@type":"ReadAction","target":["https:\/\/welovecinema.be\/fr\/stages-anotherlight-1er-trimestre-2023\/"]}]},{"@type":"BreadcrumbList","@id":"https:\/\/welovecinema.be\/fr\/stages-anotherlight-1er-trimestre-2023\/#breadcrumb","itemListElement":[{"@type":"ListItem","position":1,"name":"Accueil","item":"https:\/\/welovecinema.be\/fr\/"},{"@type":"ListItem","position":2,"name":"Stages Anotherlight: 1er trimestre 2023"}]},{"@type":"WebSite","@id":"https:\/\/welovecinema.be\/nl\/#website","url":"https:\/\/welovecinema.be\/nl\/","name":"We Love Cinema","description":"Toute l\u2019information du cin\u00e9ma en Belgique","publisher":{"@id":"https:\/\/welovecinema.be\/nl\/#organization"},"potentialAction":[{"@type":"SearchAction","target":{"@type":"EntryPoint","urlTemplate":"https:\/\/welovecinema.be\/nl\/?s={search_term_string}"},"query-input":"required name=search_term_string"}],"inLanguage":"fr-FR"},{"@type":"Organization","@id":"https:\/\/welovecinema.be\/nl\/#organization","name":"We Love Cinema","url":"https:\/\/welovecinema.be\/nl\/","logo":{"@type":"ImageObject","inLanguage":"fr-FR","@id":"https:\/\/welovecinema.be\/nl\/#\/schema\/logo\/image\/","url":"https:\/\/welovecinema.be\/wp-content\/uploads\/sites\/2\/2023\/03\/Logo-We-Love-Cinema305x128.jpg","contentUrl":"https:\/\/welovecinema.be\/wp-content\/uploads\/sites\/2\/2023\/03\/Logo-We-Love-Cinema305x128.jpg","width":305,"height":128,"caption":"We Love Cinema"},"image":{"@id":"https:\/\/welovecinema.be\/nl\/#\/schema\/logo\/image\/"},"sameAs":["https:\/\/www.facebook.com\/welovecinema.be","https:\/\/www.youtube.com\/channel\/UCX5LYGVhnKvYauW4Nta4HJA","https:\/\/www.instagram.com\/welovecinema.be\/"]},{"@type":"Person","@id":"https:\/\/welovecinema.be\/nl\/#\/schema\/person\/8084b68c6b176142d073695c654dc7cf","name":"Aurore Engelen","url":"https:\/\/welovecinema.be\/fr\/author\/aurore-engelen\/"}]}},"_links":{"self":[{"href":"https:\/\/welovecinema.be\/fr\/wp-json\/wp\/v2\/posts\/248340","targetHints":{"allow":["GET"]}}],"collection":[{"href":"https:\/\/welovecinema.be\/fr\/wp-json\/wp\/v2\/posts"}],"about":[{"href":"https:\/\/welovecinema.be\/fr\/wp-json\/wp\/v2\/types\/post"}],"author":[{"embeddable":true,"href":"https:\/\/welovecinema.be\/fr\/wp-json\/wp\/v2\/users\/343"}],"replies":[{"embeddable":true,"href":"https:\/\/welovecinema.be\/fr\/wp-json\/wp\/v2\/comments?post=248340"}],"version-history":[{"count":0,"href":"https:\/\/welovecinema.be\/fr\/wp-json\/wp\/v2\/posts\/248340\/revisions"}],"wp:featuredmedia":[{"embeddable":true,"href":"https:\/\/welovecinema.be\/fr\/wp-json\/wp\/v2\/media\/248341"}],"wp:attachment":[{"href":"https:\/\/welovecinema.be\/fr\/wp-json\/wp\/v2\/media?parent=248340"}],"wp:term":[{"taxonomy":"category","embeddable":true,"href":"https:\/\/welovecinema.be\/fr\/wp-json\/wp\/v2\/categories?post=248340"},{"taxonomy":"post_tag","embeddable":true,"href":"https:\/\/welovecinema.be\/fr\/wp-json\/wp\/v2\/tags?post=248340"}],"curies":[{"name":"wp","href":"https:\/\/api.w.org\/{rel}","templated":true}]}}