{"id":24818,"date":"2012-07-31T06:00:59","date_gmt":"2012-07-31T06:00:59","guid":{"rendered":"http:\/\/www.cinevox.be\/?p=24818"},"modified":"2012-07-30T17:25:15","modified_gmt":"2012-07-30T17:25:15","slug":"les-coproductions-de-2012","status":"publish","type":"post","link":"https:\/\/welovecinema.be\/fr\/les-coproductions-de-2012\/","title":{"rendered":"Les coproductions de 2012"},"content":{"rendered":"<p>Lundi dernier, nous avons point\u00e9 l&rsquo;ensemble des films belges que vous allez d\u00e9couvrir dans vos cin\u00e9mas d&rsquo;ici la fin de l&rsquo;ann\u00e9e. Il s&rsquo;agit l\u00e0 de ce qu&rsquo;on a coutume d&rsquo;appeler des \u00ab\u00a0films majoritaires\u00a0\u00bb, c&rsquo;est-\u00e0-dire initi\u00e9s et majoritairement financ\u00e9s par des producteurs belges.<\/p>\n<p>&nbsp;<\/p>\n<p>Nous l&rsquo;avons d\u00e9j\u00e0 \u00e9crit \u00e0 plusieurs reprises, une autre sp\u00e9cialit\u00e9 de notre pays, ce sont les productions minoritaires : des films souvent cossus que certaines soci\u00e9t\u00e9s belges coproduisent. Avantage pour nous? Elles am\u00e8nent en Belgique des tournages qui n\u2019avaient pas beaucoup de raisons de s\u2019y arr\u00eater et font travailler nos techniciens et industries de post production. Quelques grands exemples vus pendant les premiers mois de 2012? <em>De Rouille et d&rsquo;Os<\/em> (les films du fleuve),\u00a0 <em>Le Grand Soir<\/em> (Panache Production\/La compagnie cin\u00e9matographique), <em>Sur la Piste du Marsupilami<\/em> (Scope Pictures), <em>La Vie d&rsquo;Une autre<\/em> (Saga Film), <em>Cloclo<\/em> (Nexus factory\/Fl\u00e8che), entre autres&#8230;<\/p>\n<p><!--more--><\/p>\n<p>&nbsp;<\/p>\n<p>Auparavant concentr\u00e9 sur quelques entit\u00e9s tr\u00e8s efficaces sur ce cr\u00e9neau particulier, les coproductions se sont aujourd&rsquo;hui \u00e9tendues \u00e0 la plupart des structures belges qui peuvent ainsi b\u00e9n\u00e9ficier d&rsquo;une pr\u00e9cieuse r\u00e9ciprocit\u00e9 et monter plus facilement leurs propres productions. Un ph\u00e9nom\u00e8ne qui, soit dit en passant, n&rsquo;existerait pas sans les diff\u00e9rents syst\u00e8mes de financement tr\u00e8s sophistiqu\u00e9s mis en place dans notre pays: le tax shelter, les fonds r\u00e9gionaux, les bourses crossmedia de la R\u00e9gion wallonne et bien s\u00fbr toutes les aides de la F\u00e9d\u00e9ration Wallonie-Bruxelles.<\/p>\n<p>&nbsp;<\/p>\n<p><a rel=\"attachment wp-att-24820\" href=\"http:\/\/www.cinevox.be\/les-coproductions-de-2012\/large_596696-3\/\"><img loading=\"lazy\" decoding=\"async\" class=\"aligncenter size-full wp-image-24820\" title=\"large_596696\" src=\"http:\/\/www.cinevox.be\/wp-content\/uploads\/sites\/2\/2012\/07\/large_596696.jpg\" alt=\"\" width=\"1280\" height=\"852\" srcset=\"https:\/\/welovecinema.be\/wp-content\/uploads\/sites\/2\/2012\/07\/large_596696.jpg 1280w, https:\/\/welovecinema.be\/wp-content\/uploads\/sites\/2\/2012\/07\/large_596696-405x270.jpg 405w, https:\/\/welovecinema.be\/wp-content\/uploads\/sites\/2\/2012\/07\/large_596696-800x532.jpg 800w\" sizes=\"auto, (max-width: 1280px) 100vw, 1280px\" \/><\/a><\/p>\n<p>&nbsp;<\/p>\n<p>Durant ce bel \u00e9t\u00e9, Scope Pictures nous offrira deux coproductions francophones, un domaine o\u00f9 la soci\u00e9t\u00e9 de Rixensart excelle: <em>Quand je serai Petit<\/em> de Jean-Paul Rouve avec un exceptionnel <strong>Benoit Poelvoorde<\/strong> (photo) a r\u00e9cemment fait l&rsquo;ouverture du Brussels Films Festival et sort enfin ce 1<sup>er<\/sup> ao\u00fbt. Quelques semaines plus tard (le 29), on lui devra encore <em>Superstar<\/em>, le nouveau long m\u00e9trage de <strong>Xavier Giannoli<\/strong> (le merveilleux <em>A L&rsquo;origine<\/em>).<\/p>\n<p>&nbsp;<\/p>\n<p><a rel=\"attachment wp-att-24849\" href=\"http:\/\/www.cinevox.be\/les-coproductions-de-2012\/cecile_edit\/\"><img loading=\"lazy\" decoding=\"async\" class=\"aligncenter size-full wp-image-24849\" title=\"CECILE_edit\" src=\"http:\/\/www.cinevox.be\/wp-content\/uploads\/sites\/2\/2012\/07\/CECILE_edit.jpg\" alt=\"\" width=\"1280\" height=\"543\" srcset=\"https:\/\/welovecinema.be\/wp-content\/uploads\/sites\/2\/2012\/07\/CECILE_edit.jpg 1280w, https:\/\/welovecinema.be\/wp-content\/uploads\/sites\/2\/2012\/07\/CECILE_edit-480x203.jpg 480w, https:\/\/welovecinema.be\/wp-content\/uploads\/sites\/2\/2012\/07\/CECILE_edit-800x339.jpg 800w\" sizes=\"auto, (max-width: 1280px) 100vw, 1280px\" \/><\/a><\/p>\n<p>&nbsp;<\/p>\n<p>Dans <em>Superstar,<\/em> <strong>C\u00e9cile de France<\/strong> incarne une employ\u00e9 d&rsquo;une cha\u00eene de t\u00e9l\u00e9 fran\u00e7aise qui propose de monter en \u00e9pingle l&rsquo;histoire d&rsquo;un pauvre type anonyme (Kad Merad, parfait) qui du jour au lendemain devient une star. Sans explication. Conte acide, hilarant et gla\u00e7ant \u00e0 la fois (joli tour de force), <em>Superstar<\/em> scanne le ph\u00e9nom\u00e8ne de la c\u00e9l\u00e9brit\u00e9 spontan\u00e9e et le r\u00f4le des t\u00e9l\u00e9visions dans leur m\u00e9diatisation. Nous l&rsquo;avons vu il y a quelques mois et vous le recommandons d\u00e9j\u00e0 tr\u00e8s chaleureusement : c&rsquo;est une formidable r\u00e9ussite, passionnante de bout en bout, alternant les moments d&rsquo;\u00e9motions et les francs \u00e9clats de rire.<\/p>\n<p>&nbsp;<\/p>\n<p><a rel=\"attachment wp-att-24852\" href=\"http:\/\/www.cinevox.be\/les-coproductions-de-2012\/le-guetteur-05-09-2012-9-g\/\"><img loading=\"lazy\" decoding=\"async\" class=\"aligncenter size-full wp-image-24852\" title=\"le-guetteur-05-09-2012-9-g\" src=\"http:\/\/www.cinevox.be\/wp-content\/uploads\/sites\/2\/2012\/07\/le-guetteur-05-09-2012-9-g.jpg\" alt=\"\" width=\"1200\" height=\"510\" srcset=\"https:\/\/welovecinema.be\/wp-content\/uploads\/sites\/2\/2012\/07\/le-guetteur-05-09-2012-9-g.jpg 1200w, https:\/\/welovecinema.be\/wp-content\/uploads\/sites\/2\/2012\/07\/le-guetteur-05-09-2012-9-g-480x204.jpg 480w, https:\/\/welovecinema.be\/wp-content\/uploads\/sites\/2\/2012\/07\/le-guetteur-05-09-2012-9-g-800x340.jpg 800w\" sizes=\"auto, (max-width: 1200px) 100vw, 1200px\" \/><\/a><\/p>\n<p>&nbsp;<\/p>\n<p>Le 11 septembre, <strong>Olivier Gourmet<\/strong> sera \u00e0 l&rsquo;affiche du <em>Guetteur<\/em>, un thriller de l&rsquo;italien <strong>Michele Placido <\/strong>(<em>Panache<\/em>, encore) et<strong> <\/strong> le 26, <em>Le Magasin des Suicides<\/em> de <strong>Patrice Lecomte<\/strong> lui succ\u00e8dera. Le premier long m\u00e9trage d&rsquo;animation du r\u00e9alisateur fran\u00e7ais a \u00e9t\u00e9 coproduit (<em>Entre Chien et Loup<\/em>): les d\u00e9cors ont \u00e9t\u00e9 con\u00e7us au P\u00f4le image de Li\u00e8ge (chez Waooh! ).<\/p>\n<p>&nbsp;<\/p>\n<p><a rel=\"attachment wp-att-24854\" href=\"http:\/\/www.cinevox.be\/les-coproductions-de-2012\/2012-05-06-16h02_41\/\"><img loading=\"lazy\" decoding=\"async\" class=\"aligncenter size-full wp-image-24854\" title=\"2012-05-06 16h02_41\" src=\"http:\/\/www.cinevox.be\/wp-content\/uploads\/sites\/2\/2012\/07\/2012-05-06-16h02_41.jpg\" alt=\"\" width=\"794\" height=\"527\" srcset=\"https:\/\/welovecinema.be\/wp-content\/uploads\/sites\/2\/2012\/07\/2012-05-06-16h02_41.jpg 794w, https:\/\/welovecinema.be\/wp-content\/uploads\/sites\/2\/2012\/07\/2012-05-06-16h02_41-406x270.jpg 406w\" sizes=\"auto, (max-width: 794px) 100vw, 794px\" \/><\/a><\/p>\n<p>&nbsp;<\/p>\n<p>Quelques jours apr\u00e8s le FIFF, le 17 octobre, nous arrivera le premier d&rsquo;une s\u00e9rie de trois tr\u00e8s gros morceaux : <em>Ast\u00e9rix et Ob\u00e9lix : Au Service de sa Majest\u00e9<\/em> (Scope) devrait marquer les salles de son empreinte. On y d\u00e9couvrira <strong>Bouli Lanners <\/strong>en viking \u00e0 la barbe rousse,<strong> St\u00e9phane De Groodt<\/strong> en officier romain\u00a0 et m\u00eame les fr\u00e8res <strong>Taloche, <\/strong>z\u00e9l\u00e9s serviteurs de la Reine (Catherien Deneuve)<strong>.<\/strong> En esp\u00e9rant que le ma\u00eetre d&rsquo;oeuvre Laurent Tirard actuellement tr\u00e8s malade soit r\u00e9tabli pour ce d\u00e9barquement.<\/p>\n<p>&nbsp;<\/p>\n<p><a rel=\"attachment wp-att-24858\" href=\"http:\/\/www.cinevox.be\/les-coproductions-de-2012\/815146_le-plan-parfait\/\"><img loading=\"lazy\" decoding=\"async\" class=\"aligncenter size-full wp-image-24858\" title=\"815146_le-plan-parfait\" src=\"http:\/\/www.cinevox.be\/wp-content\/uploads\/sites\/2\/2012\/07\/815146_le-plan-parfait.jpg\" alt=\"\" width=\"605\" height=\"350\" srcset=\"https:\/\/welovecinema.be\/wp-content\/uploads\/sites\/2\/2012\/07\/815146_le-plan-parfait.jpg 605w, https:\/\/welovecinema.be\/wp-content\/uploads\/sites\/2\/2012\/07\/815146_le-plan-parfait-466x270.jpg 466w\" sizes=\"auto, (max-width: 605px) 100vw, 605px\" \/><\/a><\/p>\n<p>&nbsp;<\/p>\n<p>Deux semaines plus tard : <em>Le Plan parfait<\/em> (Scope toujours) confronte Diane Kruger et Dany Boon. Tourn\u00e9 en partie chez nous (Li\u00e8ge, Charleroi, Binche, Ch\u00e8vremont, Studio Monev\u2026), ce probable blockbuster a \u00e9t\u00e9 film\u00e9 par un chef op belge (<strong>Glynn Speeckaert<\/strong>) et l&rsquo;\u00e9quipe son est aussi de chez nous (le tandem <strong>Gauder-Bastien<\/strong>). Au sc\u00e9nario et \u00e0 la r\u00e9alisation, il r\u00e9unit le duo gagnant de <em>L&rsquo;Arnacoeur,<\/em> c&rsquo;est dire le potentiel de cette com\u00e9die romantique \u00e9chevel\u00e9e.<\/p>\n<p>&nbsp;<\/p>\n<p><a rel=\"attachment wp-att-24864\" href=\"http:\/\/www.cinevox.be\/les-coproductions-de-2012\/pop-web-1024x682-2\/\"><img loading=\"lazy\" decoding=\"async\" class=\"aligncenter size-full wp-image-24864\" title=\"pop-WEB-1024x682\" src=\"http:\/\/www.cinevox.be\/wp-content\/uploads\/sites\/2\/2012\/07\/pop-WEB-1024x6821.jpg\" alt=\"\" width=\"1024\" height=\"682\" srcset=\"https:\/\/welovecinema.be\/wp-content\/uploads\/sites\/2\/2012\/07\/pop-WEB-1024x6821.jpg 1024w, https:\/\/welovecinema.be\/wp-content\/uploads\/sites\/2\/2012\/07\/pop-WEB-1024x6821-405x270.jpg 405w, https:\/\/welovecinema.be\/wp-content\/uploads\/sites\/2\/2012\/07\/pop-WEB-1024x6821-800x532.jpg 800w\" sizes=\"auto, (max-width: 1024px) 100vw, 1024px\" \/><\/a><\/p>\n<p>&nbsp;<\/p>\n<p>Enfin, last mais certainement pas least, <em>Populaire<\/em> (coproduit par Panache) sortira le 29 novembre. Nous avons lu le sc\u00e9nario, avons vu un bout \u00e0 bout de 20 minutes et un teaser non encore diffus\u00e9 et nous sommes formels: la fabuleuse ascension d&rsquo;une jeune dactylo (D\u00e9borah Fran\u00e7ois) coach\u00e9e par un charmant Romain Durys s&rsquo;annonce exceptionnelle. Tourn\u00e9 dans un style r\u00e9tro tr\u00e8s chic qui \u00e9voque la s\u00e9rie Mad Men, <em>Populaire<\/em> devrait irradier toute la fin d&rsquo;ann\u00e9e dans les salles. Sc\u00e9nario au cordeau, r\u00e9alisation ambitieuse, casting irr\u00e9prochable (aussi Nicolas Bedos et B\u00e9r\u00e9nice B\u00e9jot) : on serait \u00e9tonn\u00e9 de ne pas tenir l\u00e0 un des tr\u00e8s gros succ\u00e8s de 2013 ! Une aubaine pour une actrice qui devrait en profiter pour devenir une des incontournables t\u00eates d&rsquo;affiche du cin\u00e9ma francophone. On n&rsquo;a pas r\u00e9sist\u00e9: D\u00e9borah sera l&rsquo;h\u00e9ro\u00efne de notre grand \u00c9cran du mois d&rsquo;ao\u00fbt. Vous n&rsquo;allez pas en croire vos yeux.<\/p>\n<p>Que des bonnes perspectives, donc\u2026<\/p>\n<p>&nbsp;<\/p>\n","protected":false},"excerpt":{"rendered":"<p>Lundi dernier, nous avons point\u00e9 l&rsquo;ensemble des films belges que vous allez d\u00e9couvrir dans vos cin\u00e9mas d&rsquo;ici la fin de l&rsquo;ann\u00e9e. Il s&rsquo;agit l\u00e0 de ce qu&rsquo;on a coutume d&rsquo;appeler des \u00ab\u00a0films majoritaires\u00a0\u00bb, c&rsquo;est-\u00e0-dire initi\u00e9s et majoritairement financ\u00e9s par des producteurs belges. &nbsp; Nous l&rsquo;avons d\u00e9j\u00e0 \u00e9crit \u00e0 plusieurs reprises, une autre sp\u00e9cialit\u00e9 de notre &hellip;<\/p>\n","protected":false},"author":7,"featured_media":24870,"comment_status":"closed","ping_status":"closed","sticky":false,"template":"","format":"standard","meta":{"ngg_post_thumbnail":0,"footnotes":""},"categories":[53,7],"tags":[],"class_list":["post-24818","post","type-post","status-publish","format-standard","has-post-thumbnail","","category-coming-soon","category-actualites"],"yoast_head":"<!-- This site is optimized with the Yoast SEO plugin v20.4 - https:\/\/yoast.com\/wordpress\/plugins\/seo\/ -->\n<title>Les coproductions de 2012 - We Love Cinema<\/title>\n<meta name=\"robots\" content=\"index, follow, max-snippet:-1, max-image-preview:large, max-video-preview:-1\" \/>\n<link rel=\"canonical\" href=\"https:\/\/welovecinema.be\/fr\/les-coproductions-de-2012\/\" \/>\n<meta property=\"og:locale\" content=\"fr_FR\" \/>\n<meta property=\"og:type\" content=\"article\" \/>\n<meta property=\"og:title\" content=\"Les coproductions de 2012 - We Love Cinema\" \/>\n<meta property=\"og:description\" content=\"Lundi dernier, nous avons point\u00e9 l&rsquo;ensemble des films belges que vous allez d\u00e9couvrir dans vos cin\u00e9mas d&rsquo;ici la fin de l&rsquo;ann\u00e9e. Il s&rsquo;agit l\u00e0 de ce qu&rsquo;on a coutume d&rsquo;appeler des \u00ab\u00a0films majoritaires\u00a0\u00bb, c&rsquo;est-\u00e0-dire initi\u00e9s et majoritairement financ\u00e9s par des producteurs belges. &nbsp; Nous l&rsquo;avons d\u00e9j\u00e0 \u00e9crit \u00e0 plusieurs reprises, une autre sp\u00e9cialit\u00e9 de notre &hellip;\" \/>\n<meta property=\"og:url\" content=\"https:\/\/welovecinema.be\/fr\/les-coproductions-de-2012\/\" \/>\n<meta property=\"og:site_name\" content=\"We Love Cinema\" \/>\n<meta property=\"article:publisher\" content=\"https:\/\/www.facebook.com\/welovecinema.be\" \/>\n<meta property=\"article:published_time\" content=\"2012-07-31T06:00:59+00:00\" \/>\n<meta property=\"article:modified_time\" content=\"2012-07-30T17:25:15+00:00\" \/>\n<meta property=\"og:image\" content=\"https:\/\/welovecinema.be\/wp-content\/uploads\/sites\/2\/2012\/07\/quand-je-serai-petit-photo-4face7ab67413.jpg\" \/>\n\t<meta property=\"og:image:width\" content=\"640\" \/>\n\t<meta property=\"og:image:height\" content=\"426\" \/>\n\t<meta property=\"og:image:type\" content=\"image\/jpeg\" \/>\n<meta name=\"author\" content=\"Philippe.Pierquin\" \/>\n<meta name=\"twitter:card\" content=\"summary_large_image\" \/>\n<meta name=\"twitter:label1\" content=\"\u00c9crit par\" \/>\n\t<meta name=\"twitter:data1\" content=\"Philippe.Pierquin\" \/>\n\t<meta name=\"twitter:label2\" content=\"Dur\u00e9e de lecture estim\u00e9e\" \/>\n\t<meta name=\"twitter:data2\" content=\"4 minutes\" \/>\n<script type=\"application\/ld+json\" class=\"yoast-schema-graph\">{\"@context\":\"https:\/\/schema.org\",\"@graph\":[{\"@type\":\"Article\",\"@id\":\"https:\/\/welovecinema.be\/fr\/les-coproductions-de-2012\/#article\",\"isPartOf\":{\"@id\":\"https:\/\/welovecinema.be\/fr\/les-coproductions-de-2012\/\"},\"author\":{\"name\":\"Philippe.Pierquin\",\"@id\":\"https:\/\/welovecinema.be\/nl\/#\/schema\/person\/4b9b1d857f0943453a38a7c2859ef756\"},\"headline\":\"Les coproductions de 2012\",\"datePublished\":\"2012-07-31T06:00:59+00:00\",\"dateModified\":\"2012-07-30T17:25:15+00:00\",\"mainEntityOfPage\":{\"@id\":\"https:\/\/welovecinema.be\/fr\/les-coproductions-de-2012\/\"},\"wordCount\":900,\"publisher\":{\"@id\":\"https:\/\/welovecinema.be\/nl\/#organization\"},\"articleSection\":[\"Coming soon\",\"News\"],\"inLanguage\":\"fr-FR\"},{\"@type\":\"WebPage\",\"@id\":\"https:\/\/welovecinema.be\/fr\/les-coproductions-de-2012\/\",\"url\":\"https:\/\/welovecinema.be\/fr\/les-coproductions-de-2012\/\",\"name\":\"Les coproductions de 2012 - We Love Cinema\",\"isPartOf\":{\"@id\":\"https:\/\/welovecinema.be\/nl\/#website\"},\"datePublished\":\"2012-07-31T06:00:59+00:00\",\"dateModified\":\"2012-07-30T17:25:15+00:00\",\"breadcrumb\":{\"@id\":\"https:\/\/welovecinema.be\/fr\/les-coproductions-de-2012\/#breadcrumb\"},\"inLanguage\":\"fr-FR\",\"potentialAction\":[{\"@type\":\"ReadAction\",\"target\":[\"https:\/\/welovecinema.be\/fr\/les-coproductions-de-2012\/\"]}]},{\"@type\":\"BreadcrumbList\",\"@id\":\"https:\/\/welovecinema.be\/fr\/les-coproductions-de-2012\/#breadcrumb\",\"itemListElement\":[{\"@type\":\"ListItem\",\"position\":1,\"name\":\"Accueil\",\"item\":\"https:\/\/welovecinema.be\/fr\/\"},{\"@type\":\"ListItem\",\"position\":2,\"name\":\"Les coproductions de 2012\"}]},{\"@type\":\"WebSite\",\"@id\":\"https:\/\/welovecinema.be\/nl\/#website\",\"url\":\"https:\/\/welovecinema.be\/nl\/\",\"name\":\"We Love Cinema\",\"description\":\"Toute l\u2019information du cin\u00e9ma en Belgique\",\"publisher\":{\"@id\":\"https:\/\/welovecinema.be\/nl\/#organization\"},\"potentialAction\":[{\"@type\":\"SearchAction\",\"target\":{\"@type\":\"EntryPoint\",\"urlTemplate\":\"https:\/\/welovecinema.be\/nl\/?s={search_term_string}\"},\"query-input\":\"required name=search_term_string\"}],\"inLanguage\":\"fr-FR\"},{\"@type\":\"Organization\",\"@id\":\"https:\/\/welovecinema.be\/nl\/#organization\",\"name\":\"We Love Cinema\",\"url\":\"https:\/\/welovecinema.be\/nl\/\",\"logo\":{\"@type\":\"ImageObject\",\"inLanguage\":\"fr-FR\",\"@id\":\"https:\/\/welovecinema.be\/nl\/#\/schema\/logo\/image\/\",\"url\":\"https:\/\/welovecinema.be\/wp-content\/uploads\/sites\/2\/2023\/03\/Logo-We-Love-Cinema305x128.jpg\",\"contentUrl\":\"https:\/\/welovecinema.be\/wp-content\/uploads\/sites\/2\/2023\/03\/Logo-We-Love-Cinema305x128.jpg\",\"width\":305,\"height\":128,\"caption\":\"We Love Cinema\"},\"image\":{\"@id\":\"https:\/\/welovecinema.be\/nl\/#\/schema\/logo\/image\/\"},\"sameAs\":[\"https:\/\/www.facebook.com\/welovecinema.be\",\"https:\/\/www.youtube.com\/channel\/UCX5LYGVhnKvYauW4Nta4HJA\",\"https:\/\/www.instagram.com\/welovecinema.be\/\"]},{\"@type\":\"Person\",\"@id\":\"https:\/\/welovecinema.be\/nl\/#\/schema\/person\/4b9b1d857f0943453a38a7c2859ef756\",\"name\":\"Philippe.Pierquin\",\"url\":\"https:\/\/welovecinema.be\/fr\/author\/philippe-pierquin\/\"}]}<\/script>\n<!-- \/ Yoast SEO plugin. -->","yoast_head_json":{"title":"Les coproductions de 2012 - We Love Cinema","robots":{"index":"index","follow":"follow","max-snippet":"max-snippet:-1","max-image-preview":"max-image-preview:large","max-video-preview":"max-video-preview:-1"},"canonical":"https:\/\/welovecinema.be\/fr\/les-coproductions-de-2012\/","og_locale":"fr_FR","og_type":"article","og_title":"Les coproductions de 2012 - We Love Cinema","og_description":"Lundi dernier, nous avons point\u00e9 l&rsquo;ensemble des films belges que vous allez d\u00e9couvrir dans vos cin\u00e9mas d&rsquo;ici la fin de l&rsquo;ann\u00e9e. Il s&rsquo;agit l\u00e0 de ce qu&rsquo;on a coutume d&rsquo;appeler des \u00ab\u00a0films majoritaires\u00a0\u00bb, c&rsquo;est-\u00e0-dire initi\u00e9s et majoritairement financ\u00e9s par des producteurs belges. &nbsp; Nous l&rsquo;avons d\u00e9j\u00e0 \u00e9crit \u00e0 plusieurs reprises, une autre sp\u00e9cialit\u00e9 de notre &hellip;","og_url":"https:\/\/welovecinema.be\/fr\/les-coproductions-de-2012\/","og_site_name":"We Love Cinema","article_publisher":"https:\/\/www.facebook.com\/welovecinema.be","article_published_time":"2012-07-31T06:00:59+00:00","article_modified_time":"2012-07-30T17:25:15+00:00","og_image":[{"width":"640","height":"426","url":"https:\/\/welovecinema.be\/wp-content\/uploads\/sites\/2\/2012\/07\/quand-je-serai-petit-photo-4face7ab67413.jpg","type":"image\/jpeg"}],"author":"Philippe.Pierquin","twitter_card":"summary_large_image","twitter_misc":{"\u00c9crit par":"Philippe.Pierquin","Dur\u00e9e de lecture estim\u00e9e":"4 minutes"},"schema":{"@context":"https:\/\/schema.org","@graph":[{"@type":"Article","@id":"https:\/\/welovecinema.be\/fr\/les-coproductions-de-2012\/#article","isPartOf":{"@id":"https:\/\/welovecinema.be\/fr\/les-coproductions-de-2012\/"},"author":{"name":"Philippe.Pierquin","@id":"https:\/\/welovecinema.be\/nl\/#\/schema\/person\/4b9b1d857f0943453a38a7c2859ef756"},"headline":"Les coproductions de 2012","datePublished":"2012-07-31T06:00:59+00:00","dateModified":"2012-07-30T17:25:15+00:00","mainEntityOfPage":{"@id":"https:\/\/welovecinema.be\/fr\/les-coproductions-de-2012\/"},"wordCount":900,"publisher":{"@id":"https:\/\/welovecinema.be\/nl\/#organization"},"articleSection":["Coming soon","News"],"inLanguage":"fr-FR"},{"@type":"WebPage","@id":"https:\/\/welovecinema.be\/fr\/les-coproductions-de-2012\/","url":"https:\/\/welovecinema.be\/fr\/les-coproductions-de-2012\/","name":"Les coproductions de 2012 - We Love Cinema","isPartOf":{"@id":"https:\/\/welovecinema.be\/nl\/#website"},"datePublished":"2012-07-31T06:00:59+00:00","dateModified":"2012-07-30T17:25:15+00:00","breadcrumb":{"@id":"https:\/\/welovecinema.be\/fr\/les-coproductions-de-2012\/#breadcrumb"},"inLanguage":"fr-FR","potentialAction":[{"@type":"ReadAction","target":["https:\/\/welovecinema.be\/fr\/les-coproductions-de-2012\/"]}]},{"@type":"BreadcrumbList","@id":"https:\/\/welovecinema.be\/fr\/les-coproductions-de-2012\/#breadcrumb","itemListElement":[{"@type":"ListItem","position":1,"name":"Accueil","item":"https:\/\/welovecinema.be\/fr\/"},{"@type":"ListItem","position":2,"name":"Les coproductions de 2012"}]},{"@type":"WebSite","@id":"https:\/\/welovecinema.be\/nl\/#website","url":"https:\/\/welovecinema.be\/nl\/","name":"We Love Cinema","description":"Toute l\u2019information du cin\u00e9ma en Belgique","publisher":{"@id":"https:\/\/welovecinema.be\/nl\/#organization"},"potentialAction":[{"@type":"SearchAction","target":{"@type":"EntryPoint","urlTemplate":"https:\/\/welovecinema.be\/nl\/?s={search_term_string}"},"query-input":"required name=search_term_string"}],"inLanguage":"fr-FR"},{"@type":"Organization","@id":"https:\/\/welovecinema.be\/nl\/#organization","name":"We Love Cinema","url":"https:\/\/welovecinema.be\/nl\/","logo":{"@type":"ImageObject","inLanguage":"fr-FR","@id":"https:\/\/welovecinema.be\/nl\/#\/schema\/logo\/image\/","url":"https:\/\/welovecinema.be\/wp-content\/uploads\/sites\/2\/2023\/03\/Logo-We-Love-Cinema305x128.jpg","contentUrl":"https:\/\/welovecinema.be\/wp-content\/uploads\/sites\/2\/2023\/03\/Logo-We-Love-Cinema305x128.jpg","width":305,"height":128,"caption":"We Love Cinema"},"image":{"@id":"https:\/\/welovecinema.be\/nl\/#\/schema\/logo\/image\/"},"sameAs":["https:\/\/www.facebook.com\/welovecinema.be","https:\/\/www.youtube.com\/channel\/UCX5LYGVhnKvYauW4Nta4HJA","https:\/\/www.instagram.com\/welovecinema.be\/"]},{"@type":"Person","@id":"https:\/\/welovecinema.be\/nl\/#\/schema\/person\/4b9b1d857f0943453a38a7c2859ef756","name":"Philippe.Pierquin","url":"https:\/\/welovecinema.be\/fr\/author\/philippe-pierquin\/"}]}},"_links":{"self":[{"href":"https:\/\/welovecinema.be\/fr\/wp-json\/wp\/v2\/posts\/24818","targetHints":{"allow":["GET"]}}],"collection":[{"href":"https:\/\/welovecinema.be\/fr\/wp-json\/wp\/v2\/posts"}],"about":[{"href":"https:\/\/welovecinema.be\/fr\/wp-json\/wp\/v2\/types\/post"}],"author":[{"embeddable":true,"href":"https:\/\/welovecinema.be\/fr\/wp-json\/wp\/v2\/users\/7"}],"replies":[{"embeddable":true,"href":"https:\/\/welovecinema.be\/fr\/wp-json\/wp\/v2\/comments?post=24818"}],"version-history":[{"count":0,"href":"https:\/\/welovecinema.be\/fr\/wp-json\/wp\/v2\/posts\/24818\/revisions"}],"wp:featuredmedia":[{"embeddable":true,"href":"https:\/\/welovecinema.be\/fr\/wp-json\/wp\/v2\/media\/24870"}],"wp:attachment":[{"href":"https:\/\/welovecinema.be\/fr\/wp-json\/wp\/v2\/media?parent=24818"}],"wp:term":[{"taxonomy":"category","embeddable":true,"href":"https:\/\/welovecinema.be\/fr\/wp-json\/wp\/v2\/categories?post=24818"},{"taxonomy":"post_tag","embeddable":true,"href":"https:\/\/welovecinema.be\/fr\/wp-json\/wp\/v2\/tags?post=24818"}],"curies":[{"name":"wp","href":"https:\/\/api.w.org\/{rel}","templated":true}]}}