{"id":247992,"date":"2022-11-23T14:15:21","date_gmt":"2022-11-23T13:15:21","guid":{"rendered":"https:\/\/www.cinevox.be\/?p=247992"},"modified":"2022-11-25T10:07:59","modified_gmt":"2022-11-25T09:07:59","slug":"mehdi-dehbi-est-a-laffiche-de-boy-from-heaven","status":"publish","type":"post","link":"https:\/\/welovecinema.be\/fr\/mehdi-dehbi-est-a-laffiche-de-boy-from-heaven\/","title":{"rendered":"Mehdi Dehbi est \u00e0 l&rsquo;affiche de \u00ab\u00a0Boy from Heaven\u00a0\u00bb"},"content":{"rendered":"<p><strong>Le com\u00e9dien belge Mehdi Dehbi (<em>Le Soleil Assassin\u00e9, Le Sac de Farine<\/em>, h\u00e9ros r\u00e9cemment de la s\u00e9rie Netflix <em>Messiah)<\/em> est \u00e0 l&rsquo;affiche du nouveau film de Tarik Saleh (<em>Le Caire confidentiel<\/em>), <em>Boy from Heaven<\/em>, Prix du sc\u00e9nario lors du dernier Festival de Cannes.\u00a0<\/strong><\/p>\n<p>Adam, simple fils de p\u00eacheur, int\u00e8gre la prestigieuse universit\u00e9 Al-Azhar du Caire, \u00e9picentre du pouvoir de l\u2019Islam sunnite. Le jour de la rentr\u00e9e, le Grand Imam \u00e0 la t\u00eate de l\u2019institution meurt soudainement. Adam se retrouve alors au c\u0153ur d\u2019une lutte de pouvoir implacable entre les \u00e9lites religieuse et politique du pays.<\/p>\n<div id=\"tickets\">Le com\u00e9dien toujours aussi intense brille dans ce thriller haletant, qui met en lumi\u00e8re les coulisses de la nomination d&rsquo;un nouvel Imam, film d&rsquo;espionnage fascinant aux coeur des m\u00e9caniques les plus obscures de l&rsquo;\u00e9tat \u00e9gyptien.<\/div>\n","protected":false},"excerpt":{"rendered":"<p>Le com\u00e9dien belge Mehdi Dehbi (Le Soleil Assassin\u00e9, Le Sac de Farine, h\u00e9ros r\u00e9cemment de la s\u00e9rie Netflix Messiah) est \u00e0 l&rsquo;affiche du nouveau film de Tarik Saleh (Le Caire confidentiel), Boy from Heaven, Prix du sc\u00e9nario lors du dernier Festival de Cannes.\u00a0 Adam, simple fils de p\u00eacheur, int\u00e8gre la prestigieuse universit\u00e9 Al-Azhar du Caire, &hellip;<\/p>\n","protected":false},"author":343,"featured_media":247993,"comment_status":"closed","ping_status":"closed","sticky":false,"template":"","format":"standard","meta":{"ngg_post_thumbnail":0,"footnotes":""},"categories":[10],"tags":[7059,4738,4187],"class_list":["post-247992","post","type-post","status-publish","format-standard","has-post-thumbnail","","category-a-l-affiche","tag-boy-from-heaven","tag-mehdi-dehbi","tag-newsletter-fr"],"yoast_head":"<!-- This site is optimized with the Yoast SEO plugin v20.4 - https:\/\/yoast.com\/wordpress\/plugins\/seo\/ -->\n<title>Mehdi Dehbi est \u00e0 l&#039;affiche de &quot;Boy from Heaven&quot; - We Love Cinema<\/title>\n<meta name=\"robots\" content=\"index, follow, max-snippet:-1, max-image-preview:large, max-video-preview:-1\" \/>\n<link rel=\"canonical\" href=\"https:\/\/welovecinema.be\/fr\/mehdi-dehbi-est-a-laffiche-de-boy-from-heaven\/\" \/>\n<meta property=\"og:locale\" content=\"fr_FR\" \/>\n<meta property=\"og:type\" content=\"article\" \/>\n<meta property=\"og:title\" content=\"Mehdi Dehbi est \u00e0 l&#039;affiche de &quot;Boy from Heaven&quot; - We Love Cinema\" \/>\n<meta property=\"og:description\" content=\"Le com\u00e9dien belge Mehdi Dehbi (Le Soleil Assassin\u00e9, Le Sac de Farine, h\u00e9ros r\u00e9cemment de la s\u00e9rie Netflix Messiah) est \u00e0 l&rsquo;affiche du nouveau film de Tarik Saleh (Le Caire confidentiel), Boy from Heaven, Prix du sc\u00e9nario lors du dernier Festival de Cannes.\u00a0 Adam, simple fils de p\u00eacheur, int\u00e8gre la prestigieuse universit\u00e9 Al-Azhar du Caire, &hellip;\" \/>\n<meta property=\"og:url\" content=\"https:\/\/welovecinema.be\/fr\/mehdi-dehbi-est-a-laffiche-de-boy-from-heaven\/\" \/>\n<meta property=\"og:site_name\" content=\"We Love Cinema\" \/>\n<meta property=\"article:publisher\" content=\"https:\/\/www.facebook.com\/welovecinema.be\" \/>\n<meta property=\"article:published_time\" content=\"2022-11-23T13:15:21+00:00\" \/>\n<meta property=\"article:modified_time\" content=\"2022-11-25T09:07:59+00:00\" \/>\n<meta property=\"og:image\" content=\"https:\/\/welovecinema.be\/wp-content\/uploads\/sites\/2\/2022\/11\/Capture-de\u0301cran-2022-11-23-a\u0300-14.07.29-800x396.png\" \/>\n\t<meta property=\"og:image:width\" content=\"800\" \/>\n\t<meta property=\"og:image:height\" content=\"396\" \/>\n\t<meta property=\"og:image:type\" content=\"image\/png\" \/>\n<meta name=\"author\" content=\"Aurore Engelen\" \/>\n<meta name=\"twitter:card\" content=\"summary_large_image\" \/>\n<meta name=\"twitter:label1\" content=\"\u00c9crit par\" \/>\n\t<meta name=\"twitter:data1\" content=\"Aurore Engelen\" \/>\n\t<meta name=\"twitter:label2\" content=\"Dur\u00e9e de lecture estim\u00e9e\" \/>\n\t<meta name=\"twitter:data2\" content=\"1 minute\" \/>\n<script type=\"application\/ld+json\" class=\"yoast-schema-graph\">{\"@context\":\"https:\/\/schema.org\",\"@graph\":[{\"@type\":\"Article\",\"@id\":\"https:\/\/welovecinema.be\/fr\/mehdi-dehbi-est-a-laffiche-de-boy-from-heaven\/#article\",\"isPartOf\":{\"@id\":\"https:\/\/welovecinema.be\/fr\/mehdi-dehbi-est-a-laffiche-de-boy-from-heaven\/\"},\"author\":{\"name\":\"Aurore Engelen\",\"@id\":\"https:\/\/welovecinema.be\/nl\/#\/schema\/person\/8084b68c6b176142d073695c654dc7cf\"},\"headline\":\"Mehdi Dehbi est \u00e0 l&rsquo;affiche de \u00ab\u00a0Boy from Heaven\u00a0\u00bb\",\"datePublished\":\"2022-11-23T13:15:21+00:00\",\"dateModified\":\"2022-11-25T09:07:59+00:00\",\"mainEntityOfPage\":{\"@id\":\"https:\/\/welovecinema.be\/fr\/mehdi-dehbi-est-a-laffiche-de-boy-from-heaven\/\"},\"wordCount\":157,\"publisher\":{\"@id\":\"https:\/\/welovecinema.be\/nl\/#organization\"},\"keywords\":[\"Boy from Heaven\",\"Mehdi Dehbi\",\"newsletter\"],\"articleSection\":[\"A l'affiche\"],\"inLanguage\":\"fr-FR\"},{\"@type\":\"WebPage\",\"@id\":\"https:\/\/welovecinema.be\/fr\/mehdi-dehbi-est-a-laffiche-de-boy-from-heaven\/\",\"url\":\"https:\/\/welovecinema.be\/fr\/mehdi-dehbi-est-a-laffiche-de-boy-from-heaven\/\",\"name\":\"Mehdi Dehbi est \u00e0 l'affiche de \\\"Boy from Heaven\\\" - We Love Cinema\",\"isPartOf\":{\"@id\":\"https:\/\/welovecinema.be\/nl\/#website\"},\"datePublished\":\"2022-11-23T13:15:21+00:00\",\"dateModified\":\"2022-11-25T09:07:59+00:00\",\"breadcrumb\":{\"@id\":\"https:\/\/welovecinema.be\/fr\/mehdi-dehbi-est-a-laffiche-de-boy-from-heaven\/#breadcrumb\"},\"inLanguage\":\"fr-FR\",\"potentialAction\":[{\"@type\":\"ReadAction\",\"target\":[\"https:\/\/welovecinema.be\/fr\/mehdi-dehbi-est-a-laffiche-de-boy-from-heaven\/\"]}]},{\"@type\":\"BreadcrumbList\",\"@id\":\"https:\/\/welovecinema.be\/fr\/mehdi-dehbi-est-a-laffiche-de-boy-from-heaven\/#breadcrumb\",\"itemListElement\":[{\"@type\":\"ListItem\",\"position\":1,\"name\":\"Accueil\",\"item\":\"https:\/\/welovecinema.be\/fr\/\"},{\"@type\":\"ListItem\",\"position\":2,\"name\":\"Mehdi Dehbi est \u00e0 l&rsquo;affiche de \u00ab\u00a0Boy from Heaven\u00a0\u00bb\"}]},{\"@type\":\"WebSite\",\"@id\":\"https:\/\/welovecinema.be\/nl\/#website\",\"url\":\"https:\/\/welovecinema.be\/nl\/\",\"name\":\"We Love Cinema\",\"description\":\"Toute l\u2019information du cin\u00e9ma en Belgique\",\"publisher\":{\"@id\":\"https:\/\/welovecinema.be\/nl\/#organization\"},\"potentialAction\":[{\"@type\":\"SearchAction\",\"target\":{\"@type\":\"EntryPoint\",\"urlTemplate\":\"https:\/\/welovecinema.be\/nl\/?s={search_term_string}\"},\"query-input\":\"required name=search_term_string\"}],\"inLanguage\":\"fr-FR\"},{\"@type\":\"Organization\",\"@id\":\"https:\/\/welovecinema.be\/nl\/#organization\",\"name\":\"We Love Cinema\",\"url\":\"https:\/\/welovecinema.be\/nl\/\",\"logo\":{\"@type\":\"ImageObject\",\"inLanguage\":\"fr-FR\",\"@id\":\"https:\/\/welovecinema.be\/nl\/#\/schema\/logo\/image\/\",\"url\":\"https:\/\/welovecinema.be\/wp-content\/uploads\/sites\/2\/2023\/03\/Logo-We-Love-Cinema305x128.jpg\",\"contentUrl\":\"https:\/\/welovecinema.be\/wp-content\/uploads\/sites\/2\/2023\/03\/Logo-We-Love-Cinema305x128.jpg\",\"width\":305,\"height\":128,\"caption\":\"We Love Cinema\"},\"image\":{\"@id\":\"https:\/\/welovecinema.be\/nl\/#\/schema\/logo\/image\/\"},\"sameAs\":[\"https:\/\/www.facebook.com\/welovecinema.be\",\"https:\/\/www.youtube.com\/channel\/UCX5LYGVhnKvYauW4Nta4HJA\",\"https:\/\/www.instagram.com\/welovecinema.be\/\"]},{\"@type\":\"Person\",\"@id\":\"https:\/\/welovecinema.be\/nl\/#\/schema\/person\/8084b68c6b176142d073695c654dc7cf\",\"name\":\"Aurore Engelen\",\"url\":\"https:\/\/welovecinema.be\/fr\/author\/aurore-engelen\/\"}]}<\/script>\n<!-- \/ Yoast SEO plugin. -->","yoast_head_json":{"title":"Mehdi Dehbi est \u00e0 l'affiche de \"Boy from Heaven\" - We Love Cinema","robots":{"index":"index","follow":"follow","max-snippet":"max-snippet:-1","max-image-preview":"max-image-preview:large","max-video-preview":"max-video-preview:-1"},"canonical":"https:\/\/welovecinema.be\/fr\/mehdi-dehbi-est-a-laffiche-de-boy-from-heaven\/","og_locale":"fr_FR","og_type":"article","og_title":"Mehdi Dehbi est \u00e0 l'affiche de \"Boy from Heaven\" - We Love Cinema","og_description":"Le com\u00e9dien belge Mehdi Dehbi (Le Soleil Assassin\u00e9, Le Sac de Farine, h\u00e9ros r\u00e9cemment de la s\u00e9rie Netflix Messiah) est \u00e0 l&rsquo;affiche du nouveau film de Tarik Saleh (Le Caire confidentiel), Boy from Heaven, Prix du sc\u00e9nario lors du dernier Festival de Cannes.\u00a0 Adam, simple fils de p\u00eacheur, int\u00e8gre la prestigieuse universit\u00e9 Al-Azhar du Caire, &hellip;","og_url":"https:\/\/welovecinema.be\/fr\/mehdi-dehbi-est-a-laffiche-de-boy-from-heaven\/","og_site_name":"We Love Cinema","article_publisher":"https:\/\/www.facebook.com\/welovecinema.be","article_published_time":"2022-11-23T13:15:21+00:00","article_modified_time":"2022-11-25T09:07:59+00:00","og_image":[{"width":800,"height":396,"url":"https:\/\/welovecinema.be\/wp-content\/uploads\/sites\/2\/2022\/11\/Capture-de\u0301cran-2022-11-23-a\u0300-14.07.29-800x396.png","type":"image\/png"}],"author":"Aurore Engelen","twitter_card":"summary_large_image","twitter_misc":{"\u00c9crit par":"Aurore Engelen","Dur\u00e9e de lecture estim\u00e9e":"1 minute"},"schema":{"@context":"https:\/\/schema.org","@graph":[{"@type":"Article","@id":"https:\/\/welovecinema.be\/fr\/mehdi-dehbi-est-a-laffiche-de-boy-from-heaven\/#article","isPartOf":{"@id":"https:\/\/welovecinema.be\/fr\/mehdi-dehbi-est-a-laffiche-de-boy-from-heaven\/"},"author":{"name":"Aurore Engelen","@id":"https:\/\/welovecinema.be\/nl\/#\/schema\/person\/8084b68c6b176142d073695c654dc7cf"},"headline":"Mehdi Dehbi est \u00e0 l&rsquo;affiche de \u00ab\u00a0Boy from Heaven\u00a0\u00bb","datePublished":"2022-11-23T13:15:21+00:00","dateModified":"2022-11-25T09:07:59+00:00","mainEntityOfPage":{"@id":"https:\/\/welovecinema.be\/fr\/mehdi-dehbi-est-a-laffiche-de-boy-from-heaven\/"},"wordCount":157,"publisher":{"@id":"https:\/\/welovecinema.be\/nl\/#organization"},"keywords":["Boy from Heaven","Mehdi Dehbi","newsletter"],"articleSection":["A l'affiche"],"inLanguage":"fr-FR"},{"@type":"WebPage","@id":"https:\/\/welovecinema.be\/fr\/mehdi-dehbi-est-a-laffiche-de-boy-from-heaven\/","url":"https:\/\/welovecinema.be\/fr\/mehdi-dehbi-est-a-laffiche-de-boy-from-heaven\/","name":"Mehdi Dehbi est \u00e0 l'affiche de \"Boy from Heaven\" - We Love Cinema","isPartOf":{"@id":"https:\/\/welovecinema.be\/nl\/#website"},"datePublished":"2022-11-23T13:15:21+00:00","dateModified":"2022-11-25T09:07:59+00:00","breadcrumb":{"@id":"https:\/\/welovecinema.be\/fr\/mehdi-dehbi-est-a-laffiche-de-boy-from-heaven\/#breadcrumb"},"inLanguage":"fr-FR","potentialAction":[{"@type":"ReadAction","target":["https:\/\/welovecinema.be\/fr\/mehdi-dehbi-est-a-laffiche-de-boy-from-heaven\/"]}]},{"@type":"BreadcrumbList","@id":"https:\/\/welovecinema.be\/fr\/mehdi-dehbi-est-a-laffiche-de-boy-from-heaven\/#breadcrumb","itemListElement":[{"@type":"ListItem","position":1,"name":"Accueil","item":"https:\/\/welovecinema.be\/fr\/"},{"@type":"ListItem","position":2,"name":"Mehdi Dehbi est \u00e0 l&rsquo;affiche de \u00ab\u00a0Boy from Heaven\u00a0\u00bb"}]},{"@type":"WebSite","@id":"https:\/\/welovecinema.be\/nl\/#website","url":"https:\/\/welovecinema.be\/nl\/","name":"We Love Cinema","description":"Toute l\u2019information du cin\u00e9ma en Belgique","publisher":{"@id":"https:\/\/welovecinema.be\/nl\/#organization"},"potentialAction":[{"@type":"SearchAction","target":{"@type":"EntryPoint","urlTemplate":"https:\/\/welovecinema.be\/nl\/?s={search_term_string}"},"query-input":"required name=search_term_string"}],"inLanguage":"fr-FR"},{"@type":"Organization","@id":"https:\/\/welovecinema.be\/nl\/#organization","name":"We Love Cinema","url":"https:\/\/welovecinema.be\/nl\/","logo":{"@type":"ImageObject","inLanguage":"fr-FR","@id":"https:\/\/welovecinema.be\/nl\/#\/schema\/logo\/image\/","url":"https:\/\/welovecinema.be\/wp-content\/uploads\/sites\/2\/2023\/03\/Logo-We-Love-Cinema305x128.jpg","contentUrl":"https:\/\/welovecinema.be\/wp-content\/uploads\/sites\/2\/2023\/03\/Logo-We-Love-Cinema305x128.jpg","width":305,"height":128,"caption":"We Love Cinema"},"image":{"@id":"https:\/\/welovecinema.be\/nl\/#\/schema\/logo\/image\/"},"sameAs":["https:\/\/www.facebook.com\/welovecinema.be","https:\/\/www.youtube.com\/channel\/UCX5LYGVhnKvYauW4Nta4HJA","https:\/\/www.instagram.com\/welovecinema.be\/"]},{"@type":"Person","@id":"https:\/\/welovecinema.be\/nl\/#\/schema\/person\/8084b68c6b176142d073695c654dc7cf","name":"Aurore Engelen","url":"https:\/\/welovecinema.be\/fr\/author\/aurore-engelen\/"}]}},"_links":{"self":[{"href":"https:\/\/welovecinema.be\/fr\/wp-json\/wp\/v2\/posts\/247992","targetHints":{"allow":["GET"]}}],"collection":[{"href":"https:\/\/welovecinema.be\/fr\/wp-json\/wp\/v2\/posts"}],"about":[{"href":"https:\/\/welovecinema.be\/fr\/wp-json\/wp\/v2\/types\/post"}],"author":[{"embeddable":true,"href":"https:\/\/welovecinema.be\/fr\/wp-json\/wp\/v2\/users\/343"}],"replies":[{"embeddable":true,"href":"https:\/\/welovecinema.be\/fr\/wp-json\/wp\/v2\/comments?post=247992"}],"version-history":[{"count":0,"href":"https:\/\/welovecinema.be\/fr\/wp-json\/wp\/v2\/posts\/247992\/revisions"}],"wp:featuredmedia":[{"embeddable":true,"href":"https:\/\/welovecinema.be\/fr\/wp-json\/wp\/v2\/media\/247993"}],"wp:attachment":[{"href":"https:\/\/welovecinema.be\/fr\/wp-json\/wp\/v2\/media?parent=247992"}],"wp:term":[{"taxonomy":"category","embeddable":true,"href":"https:\/\/welovecinema.be\/fr\/wp-json\/wp\/v2\/categories?post=247992"},{"taxonomy":"post_tag","embeddable":true,"href":"https:\/\/welovecinema.be\/fr\/wp-json\/wp\/v2\/tags?post=247992"}],"curies":[{"name":"wp","href":"https:\/\/api.w.org\/{rel}","templated":true}]}}