{"id":247877,"date":"2022-11-15T10:43:07","date_gmt":"2022-11-15T09:43:07","guid":{"rendered":"https:\/\/www.cinevox.be\/?p=247877"},"modified":"2022-11-16T08:32:52","modified_gmt":"2022-11-16T07:32:52","slug":"bande-annonce-tirailleurs-avec-omar-sy-alassane-diong-et-jonas-bloquet","status":"publish","type":"post","link":"https:\/\/welovecinema.be\/fr\/bande-annonce-tirailleurs-avec-omar-sy-alassane-diong-et-jonas-bloquet\/","title":{"rendered":"Bande-annonce: \u00ab\u00a0Tirailleurs\u00a0\u00bb, avec Omar Sy, Alassane Diong et Jonas Bloquet"},"content":{"rendered":"<p><strong>D\u00e9couvrez la bande-annonce de <em>Tirailleurs<\/em> de Mathieu Vadepied, pr\u00e9sent\u00e9 au Festival de Cannes, avec Omar Sy (Prix d&rsquo;interpr\u00e9tation au Festival de Waterloo) et Alassane Dong, ainsi que le jeune com\u00e9dien belge Jonas Bloquet. Le film sort le 4 janvier prochain.<\/strong><\/p>\n<p>1917. Bakary Diallo s\u2019enr\u00f4le dans l\u2019arm\u00e9e fran\u00e7aise pour rejoindre Thierno, son fils de 17 ans, qui a \u00e9t\u00e9 recrut\u00e9 de force. Envoy\u00e9s sur le front, p\u00e8re et fils vont devoir affronter la guerre ensemble. Galvanis\u00e9 par la fougue de son officier qui veut le conduire au c\u0153ur de la bataille, Thierno va s\u2019affranchir et apprendre \u00e0 devenir un homme, tandis que Bakary va tout faire pour l\u2019arracher aux combats et le ramener sain et sauf.<\/p>\n","protected":false},"excerpt":{"rendered":"<p>D\u00e9couvrez la bande-annonce de Tirailleurs de Mathieu Vadepied, pr\u00e9sent\u00e9 au Festival de Cannes, avec Omar Sy (Prix d&rsquo;interpr\u00e9tation au Festival de Waterloo) et Alassane Dong, ainsi que le jeune com\u00e9dien belge Jonas Bloquet. Le film sort le 4 janvier prochain. 1917. Bakary Diallo s\u2019enr\u00f4le dans l\u2019arm\u00e9e fran\u00e7aise pour rejoindre Thierno, son fils de 17 ans, &hellip;<\/p>\n","protected":false},"author":343,"featured_media":247881,"comment_status":"closed","ping_status":"closed","sticky":false,"template":"","format":"standard","meta":{"ngg_post_thumbnail":0,"footnotes":""},"categories":[53],"tags":[1931,4187,7048],"class_list":["post-247877","post","type-post","status-publish","format-standard","has-post-thumbnail","","category-coming-soon","tag-jonas-bloquet","tag-newsletter-fr","tag-tirailleurs"],"yoast_head":"<!-- This site is optimized with the Yoast SEO plugin v20.4 - https:\/\/yoast.com\/wordpress\/plugins\/seo\/ -->\n<title>Bande-annonce: &quot;Tirailleurs&quot;, avec Omar Sy, Alassane Diong et Jonas Bloquet - We Love Cinema<\/title>\n<meta name=\"robots\" content=\"index, follow, max-snippet:-1, max-image-preview:large, max-video-preview:-1\" \/>\n<link rel=\"canonical\" href=\"https:\/\/welovecinema.be\/fr\/bande-annonce-tirailleurs-avec-omar-sy-alassane-diong-et-jonas-bloquet\/\" \/>\n<meta property=\"og:locale\" content=\"fr_FR\" \/>\n<meta property=\"og:type\" content=\"article\" \/>\n<meta property=\"og:title\" content=\"Bande-annonce: &quot;Tirailleurs&quot;, avec Omar Sy, Alassane Diong et Jonas Bloquet - We Love Cinema\" \/>\n<meta property=\"og:description\" content=\"D\u00e9couvrez la bande-annonce de Tirailleurs de Mathieu Vadepied, pr\u00e9sent\u00e9 au Festival de Cannes, avec Omar Sy (Prix d&rsquo;interpr\u00e9tation au Festival de Waterloo) et Alassane Dong, ainsi que le jeune com\u00e9dien belge Jonas Bloquet. Le film sort le 4 janvier prochain. 1917. Bakary Diallo s\u2019enr\u00f4le dans l\u2019arm\u00e9e fran\u00e7aise pour rejoindre Thierno, son fils de 17 ans, &hellip;\" \/>\n<meta property=\"og:url\" content=\"https:\/\/welovecinema.be\/fr\/bande-annonce-tirailleurs-avec-omar-sy-alassane-diong-et-jonas-bloquet\/\" \/>\n<meta property=\"og:site_name\" content=\"We Love Cinema\" \/>\n<meta property=\"article:publisher\" content=\"https:\/\/www.facebook.com\/welovecinema.be\" \/>\n<meta property=\"article:published_time\" content=\"2022-11-15T09:43:07+00:00\" \/>\n<meta property=\"article:modified_time\" content=\"2022-11-16T07:32:52+00:00\" \/>\n<meta property=\"og:image\" content=\"https:\/\/welovecinema.be\/wp-content\/uploads\/sites\/2\/2022\/11\/0487520.jpg-r_1920_1080-f_jpg-q_x-xxyxx.jpg\" \/>\n\t<meta property=\"og:image:width\" content=\"1600\" \/>\n\t<meta property=\"og:image:height\" content=\"1067\" \/>\n\t<meta property=\"og:image:type\" content=\"image\/jpeg\" \/>\n<meta name=\"author\" content=\"Aurore Engelen\" \/>\n<meta name=\"twitter:card\" content=\"summary_large_image\" \/>\n<meta name=\"twitter:label1\" content=\"\u00c9crit par\" \/>\n\t<meta name=\"twitter:data1\" content=\"Aurore Engelen\" \/>\n\t<meta name=\"twitter:label2\" content=\"Dur\u00e9e de lecture estim\u00e9e\" \/>\n\t<meta name=\"twitter:data2\" content=\"1 minute\" \/>\n<script type=\"application\/ld+json\" class=\"yoast-schema-graph\">{\"@context\":\"https:\/\/schema.org\",\"@graph\":[{\"@type\":\"Article\",\"@id\":\"https:\/\/welovecinema.be\/fr\/bande-annonce-tirailleurs-avec-omar-sy-alassane-diong-et-jonas-bloquet\/#article\",\"isPartOf\":{\"@id\":\"https:\/\/welovecinema.be\/fr\/bande-annonce-tirailleurs-avec-omar-sy-alassane-diong-et-jonas-bloquet\/\"},\"author\":{\"name\":\"Aurore Engelen\",\"@id\":\"https:\/\/welovecinema.be\/nl\/#\/schema\/person\/8084b68c6b176142d073695c654dc7cf\"},\"headline\":\"Bande-annonce: \u00ab\u00a0Tirailleurs\u00a0\u00bb, avec Omar Sy, Alassane Diong et Jonas Bloquet\",\"datePublished\":\"2022-11-15T09:43:07+00:00\",\"dateModified\":\"2022-11-16T07:32:52+00:00\",\"mainEntityOfPage\":{\"@id\":\"https:\/\/welovecinema.be\/fr\/bande-annonce-tirailleurs-avec-omar-sy-alassane-diong-et-jonas-bloquet\/\"},\"wordCount\":136,\"publisher\":{\"@id\":\"https:\/\/welovecinema.be\/nl\/#organization\"},\"keywords\":[\"Jonas Bloquet\",\"newsletter\",\"Tirailleurs\"],\"articleSection\":[\"Coming soon\"],\"inLanguage\":\"fr-FR\"},{\"@type\":\"WebPage\",\"@id\":\"https:\/\/welovecinema.be\/fr\/bande-annonce-tirailleurs-avec-omar-sy-alassane-diong-et-jonas-bloquet\/\",\"url\":\"https:\/\/welovecinema.be\/fr\/bande-annonce-tirailleurs-avec-omar-sy-alassane-diong-et-jonas-bloquet\/\",\"name\":\"Bande-annonce: \\\"Tirailleurs\\\", avec Omar Sy, Alassane Diong et Jonas Bloquet - We Love Cinema\",\"isPartOf\":{\"@id\":\"https:\/\/welovecinema.be\/nl\/#website\"},\"datePublished\":\"2022-11-15T09:43:07+00:00\",\"dateModified\":\"2022-11-16T07:32:52+00:00\",\"breadcrumb\":{\"@id\":\"https:\/\/welovecinema.be\/fr\/bande-annonce-tirailleurs-avec-omar-sy-alassane-diong-et-jonas-bloquet\/#breadcrumb\"},\"inLanguage\":\"fr-FR\",\"potentialAction\":[{\"@type\":\"ReadAction\",\"target\":[\"https:\/\/welovecinema.be\/fr\/bande-annonce-tirailleurs-avec-omar-sy-alassane-diong-et-jonas-bloquet\/\"]}]},{\"@type\":\"BreadcrumbList\",\"@id\":\"https:\/\/welovecinema.be\/fr\/bande-annonce-tirailleurs-avec-omar-sy-alassane-diong-et-jonas-bloquet\/#breadcrumb\",\"itemListElement\":[{\"@type\":\"ListItem\",\"position\":1,\"name\":\"Accueil\",\"item\":\"https:\/\/welovecinema.be\/fr\/\"},{\"@type\":\"ListItem\",\"position\":2,\"name\":\"Bande-annonce: \u00ab\u00a0Tirailleurs\u00a0\u00bb, avec Omar Sy, Alassane Diong et Jonas Bloquet\"}]},{\"@type\":\"WebSite\",\"@id\":\"https:\/\/welovecinema.be\/nl\/#website\",\"url\":\"https:\/\/welovecinema.be\/nl\/\",\"name\":\"We Love Cinema\",\"description\":\"Toute l\u2019information du cin\u00e9ma en Belgique\",\"publisher\":{\"@id\":\"https:\/\/welovecinema.be\/nl\/#organization\"},\"potentialAction\":[{\"@type\":\"SearchAction\",\"target\":{\"@type\":\"EntryPoint\",\"urlTemplate\":\"https:\/\/welovecinema.be\/nl\/?s={search_term_string}\"},\"query-input\":\"required name=search_term_string\"}],\"inLanguage\":\"fr-FR\"},{\"@type\":\"Organization\",\"@id\":\"https:\/\/welovecinema.be\/nl\/#organization\",\"name\":\"We Love Cinema\",\"url\":\"https:\/\/welovecinema.be\/nl\/\",\"logo\":{\"@type\":\"ImageObject\",\"inLanguage\":\"fr-FR\",\"@id\":\"https:\/\/welovecinema.be\/nl\/#\/schema\/logo\/image\/\",\"url\":\"https:\/\/welovecinema.be\/wp-content\/uploads\/sites\/2\/2023\/03\/Logo-We-Love-Cinema305x128.jpg\",\"contentUrl\":\"https:\/\/welovecinema.be\/wp-content\/uploads\/sites\/2\/2023\/03\/Logo-We-Love-Cinema305x128.jpg\",\"width\":305,\"height\":128,\"caption\":\"We Love Cinema\"},\"image\":{\"@id\":\"https:\/\/welovecinema.be\/nl\/#\/schema\/logo\/image\/\"},\"sameAs\":[\"https:\/\/www.facebook.com\/welovecinema.be\",\"https:\/\/www.youtube.com\/channel\/UCX5LYGVhnKvYauW4Nta4HJA\",\"https:\/\/www.instagram.com\/welovecinema.be\/\"]},{\"@type\":\"Person\",\"@id\":\"https:\/\/welovecinema.be\/nl\/#\/schema\/person\/8084b68c6b176142d073695c654dc7cf\",\"name\":\"Aurore Engelen\",\"url\":\"https:\/\/welovecinema.be\/fr\/author\/aurore-engelen\/\"}]}<\/script>\n<!-- \/ Yoast SEO plugin. -->","yoast_head_json":{"title":"Bande-annonce: \"Tirailleurs\", avec Omar Sy, Alassane Diong et Jonas Bloquet - We Love Cinema","robots":{"index":"index","follow":"follow","max-snippet":"max-snippet:-1","max-image-preview":"max-image-preview:large","max-video-preview":"max-video-preview:-1"},"canonical":"https:\/\/welovecinema.be\/fr\/bande-annonce-tirailleurs-avec-omar-sy-alassane-diong-et-jonas-bloquet\/","og_locale":"fr_FR","og_type":"article","og_title":"Bande-annonce: \"Tirailleurs\", avec Omar Sy, Alassane Diong et Jonas Bloquet - We Love Cinema","og_description":"D\u00e9couvrez la bande-annonce de Tirailleurs de Mathieu Vadepied, pr\u00e9sent\u00e9 au Festival de Cannes, avec Omar Sy (Prix d&rsquo;interpr\u00e9tation au Festival de Waterloo) et Alassane Dong, ainsi que le jeune com\u00e9dien belge Jonas Bloquet. Le film sort le 4 janvier prochain. 1917. Bakary Diallo s\u2019enr\u00f4le dans l\u2019arm\u00e9e fran\u00e7aise pour rejoindre Thierno, son fils de 17 ans, &hellip;","og_url":"https:\/\/welovecinema.be\/fr\/bande-annonce-tirailleurs-avec-omar-sy-alassane-diong-et-jonas-bloquet\/","og_site_name":"We Love Cinema","article_publisher":"https:\/\/www.facebook.com\/welovecinema.be","article_published_time":"2022-11-15T09:43:07+00:00","article_modified_time":"2022-11-16T07:32:52+00:00","og_image":[{"width":1600,"height":1067,"url":"https:\/\/welovecinema.be\/wp-content\/uploads\/sites\/2\/2022\/11\/0487520.jpg-r_1920_1080-f_jpg-q_x-xxyxx.jpg","type":"image\/jpeg"}],"author":"Aurore Engelen","twitter_card":"summary_large_image","twitter_misc":{"\u00c9crit par":"Aurore Engelen","Dur\u00e9e de lecture estim\u00e9e":"1 minute"},"schema":{"@context":"https:\/\/schema.org","@graph":[{"@type":"Article","@id":"https:\/\/welovecinema.be\/fr\/bande-annonce-tirailleurs-avec-omar-sy-alassane-diong-et-jonas-bloquet\/#article","isPartOf":{"@id":"https:\/\/welovecinema.be\/fr\/bande-annonce-tirailleurs-avec-omar-sy-alassane-diong-et-jonas-bloquet\/"},"author":{"name":"Aurore Engelen","@id":"https:\/\/welovecinema.be\/nl\/#\/schema\/person\/8084b68c6b176142d073695c654dc7cf"},"headline":"Bande-annonce: \u00ab\u00a0Tirailleurs\u00a0\u00bb, avec Omar Sy, Alassane Diong et Jonas Bloquet","datePublished":"2022-11-15T09:43:07+00:00","dateModified":"2022-11-16T07:32:52+00:00","mainEntityOfPage":{"@id":"https:\/\/welovecinema.be\/fr\/bande-annonce-tirailleurs-avec-omar-sy-alassane-diong-et-jonas-bloquet\/"},"wordCount":136,"publisher":{"@id":"https:\/\/welovecinema.be\/nl\/#organization"},"keywords":["Jonas Bloquet","newsletter","Tirailleurs"],"articleSection":["Coming soon"],"inLanguage":"fr-FR"},{"@type":"WebPage","@id":"https:\/\/welovecinema.be\/fr\/bande-annonce-tirailleurs-avec-omar-sy-alassane-diong-et-jonas-bloquet\/","url":"https:\/\/welovecinema.be\/fr\/bande-annonce-tirailleurs-avec-omar-sy-alassane-diong-et-jonas-bloquet\/","name":"Bande-annonce: \"Tirailleurs\", avec Omar Sy, Alassane Diong et Jonas Bloquet - We Love Cinema","isPartOf":{"@id":"https:\/\/welovecinema.be\/nl\/#website"},"datePublished":"2022-11-15T09:43:07+00:00","dateModified":"2022-11-16T07:32:52+00:00","breadcrumb":{"@id":"https:\/\/welovecinema.be\/fr\/bande-annonce-tirailleurs-avec-omar-sy-alassane-diong-et-jonas-bloquet\/#breadcrumb"},"inLanguage":"fr-FR","potentialAction":[{"@type":"ReadAction","target":["https:\/\/welovecinema.be\/fr\/bande-annonce-tirailleurs-avec-omar-sy-alassane-diong-et-jonas-bloquet\/"]}]},{"@type":"BreadcrumbList","@id":"https:\/\/welovecinema.be\/fr\/bande-annonce-tirailleurs-avec-omar-sy-alassane-diong-et-jonas-bloquet\/#breadcrumb","itemListElement":[{"@type":"ListItem","position":1,"name":"Accueil","item":"https:\/\/welovecinema.be\/fr\/"},{"@type":"ListItem","position":2,"name":"Bande-annonce: \u00ab\u00a0Tirailleurs\u00a0\u00bb, avec Omar Sy, Alassane Diong et Jonas Bloquet"}]},{"@type":"WebSite","@id":"https:\/\/welovecinema.be\/nl\/#website","url":"https:\/\/welovecinema.be\/nl\/","name":"We Love Cinema","description":"Toute l\u2019information du cin\u00e9ma en Belgique","publisher":{"@id":"https:\/\/welovecinema.be\/nl\/#organization"},"potentialAction":[{"@type":"SearchAction","target":{"@type":"EntryPoint","urlTemplate":"https:\/\/welovecinema.be\/nl\/?s={search_term_string}"},"query-input":"required name=search_term_string"}],"inLanguage":"fr-FR"},{"@type":"Organization","@id":"https:\/\/welovecinema.be\/nl\/#organization","name":"We Love Cinema","url":"https:\/\/welovecinema.be\/nl\/","logo":{"@type":"ImageObject","inLanguage":"fr-FR","@id":"https:\/\/welovecinema.be\/nl\/#\/schema\/logo\/image\/","url":"https:\/\/welovecinema.be\/wp-content\/uploads\/sites\/2\/2023\/03\/Logo-We-Love-Cinema305x128.jpg","contentUrl":"https:\/\/welovecinema.be\/wp-content\/uploads\/sites\/2\/2023\/03\/Logo-We-Love-Cinema305x128.jpg","width":305,"height":128,"caption":"We Love Cinema"},"image":{"@id":"https:\/\/welovecinema.be\/nl\/#\/schema\/logo\/image\/"},"sameAs":["https:\/\/www.facebook.com\/welovecinema.be","https:\/\/www.youtube.com\/channel\/UCX5LYGVhnKvYauW4Nta4HJA","https:\/\/www.instagram.com\/welovecinema.be\/"]},{"@type":"Person","@id":"https:\/\/welovecinema.be\/nl\/#\/schema\/person\/8084b68c6b176142d073695c654dc7cf","name":"Aurore Engelen","url":"https:\/\/welovecinema.be\/fr\/author\/aurore-engelen\/"}]}},"_links":{"self":[{"href":"https:\/\/welovecinema.be\/fr\/wp-json\/wp\/v2\/posts\/247877","targetHints":{"allow":["GET"]}}],"collection":[{"href":"https:\/\/welovecinema.be\/fr\/wp-json\/wp\/v2\/posts"}],"about":[{"href":"https:\/\/welovecinema.be\/fr\/wp-json\/wp\/v2\/types\/post"}],"author":[{"embeddable":true,"href":"https:\/\/welovecinema.be\/fr\/wp-json\/wp\/v2\/users\/343"}],"replies":[{"embeddable":true,"href":"https:\/\/welovecinema.be\/fr\/wp-json\/wp\/v2\/comments?post=247877"}],"version-history":[{"count":0,"href":"https:\/\/welovecinema.be\/fr\/wp-json\/wp\/v2\/posts\/247877\/revisions"}],"wp:featuredmedia":[{"embeddable":true,"href":"https:\/\/welovecinema.be\/fr\/wp-json\/wp\/v2\/media\/247881"}],"wp:attachment":[{"href":"https:\/\/welovecinema.be\/fr\/wp-json\/wp\/v2\/media?parent=247877"}],"wp:term":[{"taxonomy":"category","embeddable":true,"href":"https:\/\/welovecinema.be\/fr\/wp-json\/wp\/v2\/categories?post=247877"},{"taxonomy":"post_tag","embeddable":true,"href":"https:\/\/welovecinema.be\/fr\/wp-json\/wp\/v2\/tags?post=247877"}],"curies":[{"name":"wp","href":"https:\/\/api.w.org\/{rel}","templated":true}]}}