{"id":247675,"date":"2022-11-02T11:30:10","date_gmt":"2022-11-02T10:30:10","guid":{"rendered":"https:\/\/www.cinevox.be\/?p=247675"},"modified":"2022-11-03T15:14:12","modified_gmt":"2022-11-03T14:14:12","slug":"lukas-dhont-montrer-la-beaute-et-la-fragilite-de-lamitie","status":"publish","type":"post","link":"https:\/\/welovecinema.be\/fr\/lukas-dhont-montrer-la-beaute-et-la-fragilite-de-lamitie\/","title":{"rendered":"Lukas Dhont: \u00ab\u00a0Montrer la beaut\u00e9 et la fragilit\u00e9 de l\u2019amiti\u00e9\u00a0\u00bb"},"content":{"rendered":"<p class=\"p2\"><b>On a rencontr\u00e9 Lukas Dhont il y a quelques jours \u00e0 Gand, \u00e0 quelques heures de la projection en ouverture du Festival de son deuxi\u00e8me long m\u00e9trage, <em>Close<\/em>, Grand Prix au Festival de Cannes. Une projection charg\u00e9e en \u00e9motion, dans la ville o\u00f9 il y a quelques ann\u00e9es seulement, le jeune homme d\u00e9couvrait le cin\u00e9ma\u2026<\/b><\/p>\n<h4 class=\"p2\">Comment vous sentez-vous \u00e0 quelques heures de la premi\u00e8re belge du film?<\/h4>\n<p class=\"p2\">Content, m\u00eame si je suis un peu fatigu\u00e9, on a beaucoup voyag\u00e9 ces derni\u00e8res semaines ave le film. J\u2019essaie de le partager avec le monde avec la m\u00eame \u00e9nergie que celle qu\u2019on a d\u00e9ploy\u00e9e pour le faire. Je suis heureux et un peu nerveux, j\u2019ai h\u00e2te que le film rencontre un public plus large. Gand, c\u2019est la ville o\u00f9 j\u2019ai grandi, o\u00f9 j\u2019ai commenc\u00e9 \u00e0 aller au cin\u00e9ma, celui-l\u00e0 m\u00eame o\u00f9 on va montrer le film ce soir. C\u2019est un lieu li\u00e9 \u00e0 la m\u00e9moire et \u00e0 l\u2019enfance et c\u2019est un film qui parle en partie de ma jeunesse. C\u2019est donc un sentiment particulier qui m\u2019\u00e9treint, un peu r\u00e9trospectif, qui m\u2019engage \u00e0 me replonger dans mon pass\u00e9. J\u2019\u00e9tais tr\u00e8s nerveux \u00e0 Cannes, c\u2019\u00e9tait la premi\u00e8re fois que l\u2019on montrait le film, et je ne voulais pas d\u00e9cevoir.<\/p>\n<p class=\"p2\">Ici c\u2019est autre chose, il y aura plein de gens que j\u2019admire et que j\u2019aime personnellement qui vont voir le film, c\u2019est toujours un peu fragile comme moment. Il est toujours plus difficile de faire un discours devant des gens que l\u2019on conna\u00eet que devant des gens que l\u2019on ne connait pas. Cette fragilit\u00e9, je veux l\u2019accepter, parce qu\u2019apr\u00e8s tout, mon film parle aussi de fragilit\u00e9. Mais je vous avoue que c\u2019est un peu compliqu\u00e9!<\/p>\n<h4 class=\"p2\"><b>Quand vous \u00e9criviez cette histoire, qu\u2019est-ce qui sous-tendait votre d\u00e9sir, qu\u2019est-ce qui vous tenait le plus \u00e0 coeur de transmettre?<\/b><\/h4>\n<p class=\"p2\">Il y a deux choses je pense. D\u2019abord, je voulais cr\u00e9er des images qui donnent \u00e0 voir une vraie intimit\u00e9, et une vraie tendresse entre deux jeunes gar\u00e7ons. On vit dans un monde o\u00f9 il y a beaucoup d\u2019images d\u2019hommes entretenant des relations brutales entre eux, qui semblent d\u00e9connect\u00e9s de leur fragilit\u00e9. Je voulais cr\u00e9er des moments de tendresse, dans un univers masculin. Avoir deux jeunes gar\u00e7ons dans un lit, proches l\u2019un de l\u2019autre, complices, les voir courir dans un champ de fleurs.<span class=\"Apple-converted-space\">\u00a0<\/span><\/p>\n<p class=\"p2\">Et par ailleurs, je voulais parler de la brutalit\u00e9. Comment elle peut faire disparaitre ces choses si fragiles, si tendres. Dans le monde, mais aussi \u00e0 l\u2019int\u00e9rieur de nous. Comment on coupe les fleurs, comment les couleurs disparaissent, \u00e0 l\u2019int\u00e9rieur.<span class=\"Apple-converted-space\">\u00a0<\/span><\/p>\n<p class=\"p2\">En fait c\u2019est vraiment un film sur l\u2019amiti\u00e9. Sur la beaut\u00e9 mais aussi la fragilit\u00e9 de l\u2019amiti\u00e9. En choisissant deux jeunes gar\u00e7ons, je voulais aussi parler aussi d\u2019une soci\u00e9t\u00e9 o\u00f9 la tendresse entre adolescents ou entre hommes est tr\u00e8s vite regard\u00e9e sous le prisme de la sexualit\u00e9. On cherche \u00e0 tout compartimenter. Et \u00e7a brime certains \u00e9lans, et certaines amiti\u00e9s.<span class=\"Apple-converted-space\">\u00a0<\/span><\/p>\n<h4 class=\"p2\"><b>C<\/b><span class=\"s1\">\u2019<\/span><b>est un projet tr\u00e8s personnel?<\/b><\/h4>\n<p class=\"p2\">C<span class=\"s1\">\u2019<\/span>est effectivement un film tr\u00e8s personnel, m\u00eame si je pense que c<span class=\"s1\">\u2019<\/span>est une exp\u00e9rience universelle, nous avons tous et toutes connu des amiti\u00e9s qui ont \u00e9volu\u00e9 au fil des ann\u00e9es. On a tous perdu un ami \u00e0 un moment de notre vie. J<span class=\"s1\">\u2019<\/span>avais envie de plonger dans cette th\u00e9matique. Et puis certains th\u00e8mes qui me sont chers et que l\u2019on pouvait d\u00e9j\u00e0 rencontrer dans <em>Girl<\/em> reviennent, notamment la violence que cela repr\u00e9sente de devoir se conformer \u00e0 une certaine norme, de ne pas pouvoir \u00eatre soi-m\u00eame, d\u2019\u00eatre soumis \u00e0 une certaine vision de la masculinit\u00e9, ne pas pouvoir assumer sa fragilit\u00e9.<\/p>\n<h4 class=\"p2\"><b>Arriv\u00e9s \u00e0 un certain \u00e2ge, les jeunes gar\u00e7ons sont coup\u00e9s de leurs sentiments, les sentiments, on les laisse aux filles\u2026<\/b><\/h4>\n<p class=\"p2\">Oui, des recherches qui ont \u00e9t\u00e9 faites sur cette question, je me souviens avoir lu le travail d<span class=\"s1\">\u2019<\/span>une psychologue am\u00e9ricaine, Niobe Way, qui avait suivi des gar\u00e7ons entre 13 et 18 ans. Ce qui m<span class=\"s1\">\u2019<\/span>avait boulevers\u00e9, c<span class=\"s1\">\u2019<\/span>est qu<span class=\"s1\">\u2019<\/span>elle avait constat\u00e9 qu\u2019\u00e0 13 ans, les gar\u00e7ons parlaient encore de leurs amiti\u00e9s, ils parlaient de leurs histoires d<span class=\"s1\">\u2019<\/span>amour, sans g\u00eane. La relation \u00e0 l<span class=\"s1\">\u2019<\/span>autre restait tr\u00e8s importante pour eux, ils \u00e9taient encore dans une certaine puret\u00e9 de cette relation, mais \u00e0 l<span class=\"s1\">\u2019<\/span>adolescence, tout changeait pour eux. Soudain il fallait \u00eatre dans la performance, il fallait \u00eatre cool. Et \u00eatre sto\u00efque, \u00e9tranger aux sentiments, s\u00fbr de soi, c<span class=\"s1\">\u2019<\/span>est vu comme cool. J<span class=\"s1\">\u2019<\/span>avais envie de parler de \u00e7a, de la perte de cette relation d<span class=\"s1\">\u2019<\/span>intimit\u00e9 entre deux jeunes gar\u00e7ons.<\/p>\n<h4 class=\"p2\"><b>Le regard des autres a un impact tr\u00e8s fort sur la fa\u00e7on dont ces deux jeunes gar\u00e7ons sont en train de s\u2019inventer, les faisant renoncer \u00e0 ce lien d\u2019amiti\u00e9 qui leur a permis de se construire. On voit aussi comment la responsabilit\u00e9 s\u2019abat sur les victimes de cette situation: L\u00e9o, ainsi que Sophie, la m\u00e8re de R\u00e9mi.<span class=\"Apple-converted-space\">\u00a0<\/span><\/b><\/h4>\n<p class=\"p2\">On a choisi un \u00e2ge tr\u00e8s pr\u00e9cis, entre l\u2019enfance et l\u2019adolescence. Ce moment tr\u00e8s concret o\u00f9 on arrive dans une cours de r\u00e9cr\u00e9ation, dans une nouvelle \u00e9cole, et o\u00f9 se forment des groupes qui r\u00e9pondent \u00e0 des normes tr\u00e8s contraignantes. Il y a une grande verticalit\u00e9, qui miroite celle de la soci\u00e9t\u00e9. Il y a les groupes populaires, les groupes des laiss\u00e9s-pour-compte.<span class=\"Apple-converted-space\">\u00a0<\/span><\/p>\n<p class=\"p2\">Le personnage de L\u00e9o est victime de cette pression, mais je voulais aussi montrer la fa\u00e7on dont il d\u00e9sire appartenir au groupe. Cette attraction est tr\u00e8s forte, on comprend des choses sur nous et sur le monde, qui nous am\u00e8nent \u00e0 vouloir nous conformer. Ce besoin de conformit\u00e9 est une violence, pour certains.<span class=\"Apple-converted-space\">\u00a0<\/span><\/p>\n<p class=\"p2\">Je me souviens tr\u00e8s bien, quand j\u2019\u00e9tais enfant, avoir ressenti pour la premi\u00e8re fois que mes actions avait des cons\u00e9quences, et que parfois, on peut se sentir responsable d\u2019avoir fait quelque chose. Ce n\u2019est pas une \u00e9vidence pour les enfants, c\u2019est quelque chose qui s\u2019apprend. Pour moi c\u2019est un souvenir tr\u00e8s fort. Je m\u2019en souviens comme d\u2019une exp\u00e9rience tr\u00e8s physique aussi. Ce sentiment de culpabilit\u00e9 ou de responsabilit\u00e9 nous enferme dans notre corps, on n\u2019arrive pas \u00e0 en parler. Surtout que notre monde a tendance \u00e0 cat\u00e9goriser les gens, de fa\u00e7on tranch\u00e9e, il y a les protagonistes et les antagonistes, les h\u00e9ros et les m\u00e9chants.<span class=\"Apple-converted-space\">\u00a0<\/span><\/p>\n<p class=\"p2\">J\u2019avais envie de voir un jeune gar\u00e7on qui \u00e9voque ce sentiment de responsabilit\u00e9. C\u2019est aussi quelque chose que l\u2019on voit peu. J\u2019ai l\u2019impression que l\u2019on ne voit jamais des gens parler de \u00e7a. Pourtant on les a tous, ces sentiments, la responsabilit\u00e9, mais aussi la perte.<span class=\"Apple-converted-space\">\u00a0<\/span><\/p>\n<h4 class=\"p2\"><b>Comment s<\/b><span class=\"s1\">\u2019<\/span><b>est fait le casting?<\/b><\/h4>\n<p class=\"p2\">En fait c<span class=\"s1\">\u2019<\/span>est une histoire assez amusante. Il y a deux ans, alors que je commen\u00e7ais \u00e0 \u00e9crire les premiers lignes de\u00a0<i>Close<\/i>, j\u2019\u00e9tais dans un train o\u00f9 \u00e9tait assis \u00e0 c\u00f4t\u00e9 de moi un jeune gar\u00e7on de 11 ans. Je l<span class=\"s1\">\u2019<\/span>observais, je l\u2019\u00e9coutais parler, il discutait avec ses amis. Je n\u2019\u00e9tais qu<span class=\"s1\">\u2019<\/span>au tout d\u00e9but de l\u2019\u00e9criture, mais sur le coup, j<span class=\"s1\">\u2019<\/span>ai eu une r\u00e9v\u00e9lation. Je lui ai demand\u00e9 s<span class=\"s1\">\u2019<\/span>il serait d<span class=\"s1\">\u2019<\/span>accord de venir passer un casting, et il a accept\u00e9. C\u2019\u00e9tait Eden Dambrine.<\/p>\n<p class=\"p2\">Quelques semaines plus tard, on a commenc\u00e9 le casting. On a vu plus de 750 gar\u00e7ons, vraiment beaucoup de jeunes. Et malgr\u00e9 toutes ces rencontres, c<span class=\"s1\">\u2019<\/span>est lui que j<span class=\"s1\">\u2019<\/span>ai choisi. C<span class=\"s1\">\u2019<\/span>est surement le destin qui l<span class=\"s1\">\u2019<\/span>a mis sur ma route. Gustav je l\u2019ai rencontr\u00e9 via les castings, et l\u00e0 aussi \u00e7a a \u00e9t\u00e9 une \u00e9vidence.<\/p>\n<p class=\"p2\">Face aux jeunes, on retrouve des com\u00e9dien\u00b7nes plus exp\u00e9riment\u00e9es comme Lea Drucker ou Emilie Dequenne, c\u2019\u00e9tait important pour moi de combiner ces tr\u00e8s jeunes talents, et des personnes plus exp\u00e9riment\u00e9es, de combiner leurs \u00e9nergies.<\/p>\n<h4 class=\"p2\"><b>Le film dit beaucoup de choses, mais avec peu de mots, le discours passe autant par les gestes, les regards et les silences, par la fa\u00e7on dont les corps interagissent sans parler, les mots qu\u2019on ne dit pas aussi.<\/b><\/h4>\n<p class=\"p2\">Je pense que j\u2019ai encore beaucoup de choses \u00e0 apprendre, et c\u2019est notamment le cas des dialogues. Je dois encore trouver comment \u00e9crire des dialogues! Je trouve que c\u2019est un exercice tr\u00e8s compliqu\u00e9. Quand on \u00e9crit des dialogues, on essaie autant de transmettre ce que le personnage veut dire que ce que le spectateur doit comprendre.<span class=\"Apple-converted-space\">\u00a0<\/span><\/p>\n<p class=\"p2\">Adolescent, j\u2019\u00e9tais plut\u00f4t bon pour le mime! Je copiais les mouvements, les comportements des autres. Je suis tr\u00e8s inspir\u00e9 par la danse, le travail des chor\u00e9graphes et des danseur\u00b7ses, qui parviennent \u00e0 exprimer des sentiments avec leur corps et leurs mouvements. Tr\u00e8s vite dans mon rapport au cin\u00e9ma, je me suis dit que c\u2019\u00e9tait le langage avec lequel j\u2019avais envie de me lancer dans cet art, le langage du corps. Avant de vouloir devenir r\u00e9alisateur, je voulais devenir danseur. Je sens que j\u2019essaie de r\u00e9aliser une partie de ce r\u00eave de danse \u00e0 travers mon langage de cin\u00e9ma. Exprimer ce que je veux exprimer sans mots.<\/p>\n<p class=\"p2\">Et puis je viens de la campagne flamande un endroit de peu de mots, o\u00f9 l\u2019on se parle peu. Peut-\u00eatre aussi que le non-dit fait partie de mon histoire personnelle et familiale. Les silences, les non-dits permettent aussi au public de projeter son imagination. D\u2019ajouter des choses. J\u2019aime bien cet \u00e9tat actif du public.<span class=\"Apple-converted-space\">\u00a0<\/span><\/p>\n<p class=\"p2\">Les mots peuvent bien s\u00fbr \u00eatre tr\u00e8s forts quand ils sont bien choisis, mais moi pour l\u2019instant, j\u2019adore quand je parviens \u00e0 exprimer des choses fortes avec le moins de mots possible. Peut-\u00eatre que d\u00e9velopper les dialogues dans mon cin\u00e9ma sera un nouveau challenge pour moi! Je sens que j\u2019ai l\u00e0 une grande marge de progression!<\/p>\n","protected":false},"excerpt":{"rendered":"<p>On a rencontr\u00e9 Lukas Dhont il y a quelques jours \u00e0 Gand, \u00e0 quelques heures de la projection en ouverture du Festival de son deuxi\u00e8me long m\u00e9trage, Close, Grand Prix au Festival de Cannes. Une projection charg\u00e9e en \u00e9motion, dans la ville o\u00f9 il y a quelques ann\u00e9es seulement, le jeune homme d\u00e9couvrait le cin\u00e9ma\u2026 &hellip;<\/p>\n","protected":false},"author":343,"featured_media":247682,"comment_status":"closed","ping_status":"closed","sticky":false,"template":"","format":"standard","meta":{"ngg_post_thumbnail":0,"footnotes":""},"categories":[1978],"tags":[6361,4011,4187],"class_list":["post-247675","post","type-post","status-publish","format-standard","has-post-thumbnail","","category-interviews","tag-close-2","tag-lukas-dhont-2","tag-newsletter-fr"],"yoast_head":"<!-- This site is optimized with the Yoast SEO plugin v20.4 - https:\/\/yoast.com\/wordpress\/plugins\/seo\/ -->\n<title>Lukas Dhont: \u00ab\u00a0Montrer la beaut\u00e9 et la fragilit\u00e9 de l\u2019amiti\u00e9\u00a0\u00bb - We Love Cinema<\/title>\n<meta name=\"robots\" content=\"index, follow, max-snippet:-1, max-image-preview:large, max-video-preview:-1\" \/>\n<link rel=\"canonical\" href=\"https:\/\/welovecinema.be\/fr\/lukas-dhont-montrer-la-beaute-et-la-fragilite-de-lamitie\/\" \/>\n<meta property=\"og:locale\" content=\"fr_FR\" \/>\n<meta property=\"og:type\" content=\"article\" \/>\n<meta property=\"og:title\" content=\"Lukas Dhont: \u00ab\u00a0Montrer la beaut\u00e9 et la fragilit\u00e9 de l\u2019amiti\u00e9\u00a0\u00bb - We Love Cinema\" \/>\n<meta property=\"og:description\" content=\"On a rencontr\u00e9 Lukas Dhont il y a quelques jours \u00e0 Gand, \u00e0 quelques heures de la projection en ouverture du Festival de son deuxi\u00e8me long m\u00e9trage, Close, Grand Prix au Festival de Cannes. Une projection charg\u00e9e en \u00e9motion, dans la ville o\u00f9 il y a quelques ann\u00e9es seulement, le jeune homme d\u00e9couvrait le cin\u00e9ma\u2026 &hellip;\" \/>\n<meta property=\"og:url\" content=\"https:\/\/welovecinema.be\/fr\/lukas-dhont-montrer-la-beaute-et-la-fragilite-de-lamitie\/\" \/>\n<meta property=\"og:site_name\" content=\"We Love Cinema\" \/>\n<meta property=\"article:publisher\" content=\"https:\/\/www.facebook.com\/welovecinema.be\" \/>\n<meta property=\"article:published_time\" content=\"2022-11-02T10:30:10+00:00\" \/>\n<meta property=\"article:modified_time\" content=\"2022-11-03T14:14:12+00:00\" \/>\n<meta property=\"og:image\" content=\"https:\/\/welovecinema.be\/wp-content\/uploads\/sites\/2\/2022\/11\/Lukas-Dhont-Cinevox.jpeg\" \/>\n\t<meta property=\"og:image:width\" content=\"2048\" \/>\n\t<meta property=\"og:image:height\" content=\"1536\" \/>\n\t<meta property=\"og:image:type\" content=\"image\/jpeg\" \/>\n<meta name=\"author\" content=\"Aurore Engelen\" \/>\n<meta name=\"twitter:card\" content=\"summary_large_image\" \/>\n<meta name=\"twitter:label1\" content=\"\u00c9crit par\" \/>\n\t<meta name=\"twitter:data1\" content=\"Aurore Engelen\" \/>\n\t<meta name=\"twitter:label2\" content=\"Dur\u00e9e de lecture estim\u00e9e\" \/>\n\t<meta name=\"twitter:data2\" content=\"9 minutes\" \/>\n<script type=\"application\/ld+json\" class=\"yoast-schema-graph\">{\"@context\":\"https:\/\/schema.org\",\"@graph\":[{\"@type\":\"Article\",\"@id\":\"https:\/\/welovecinema.be\/fr\/lukas-dhont-montrer-la-beaute-et-la-fragilite-de-lamitie\/#article\",\"isPartOf\":{\"@id\":\"https:\/\/welovecinema.be\/fr\/lukas-dhont-montrer-la-beaute-et-la-fragilite-de-lamitie\/\"},\"author\":{\"name\":\"Aurore Engelen\",\"@id\":\"https:\/\/welovecinema.be\/nl\/#\/schema\/person\/8084b68c6b176142d073695c654dc7cf\"},\"headline\":\"Lukas Dhont: \u00ab\u00a0Montrer la beaut\u00e9 et la fragilit\u00e9 de l\u2019amiti\u00e9\u00a0\u00bb\",\"datePublished\":\"2022-11-02T10:30:10+00:00\",\"dateModified\":\"2022-11-03T14:14:12+00:00\",\"mainEntityOfPage\":{\"@id\":\"https:\/\/welovecinema.be\/fr\/lukas-dhont-montrer-la-beaute-et-la-fragilite-de-lamitie\/\"},\"wordCount\":1749,\"publisher\":{\"@id\":\"https:\/\/welovecinema.be\/nl\/#organization\"},\"keywords\":[\"Close\",\"Lukas Dhont\",\"newsletter\"],\"articleSection\":[\"Rencontres\"],\"inLanguage\":\"fr-FR\"},{\"@type\":\"WebPage\",\"@id\":\"https:\/\/welovecinema.be\/fr\/lukas-dhont-montrer-la-beaute-et-la-fragilite-de-lamitie\/\",\"url\":\"https:\/\/welovecinema.be\/fr\/lukas-dhont-montrer-la-beaute-et-la-fragilite-de-lamitie\/\",\"name\":\"Lukas Dhont: \u00ab\u00a0Montrer la beaut\u00e9 et la fragilit\u00e9 de l\u2019amiti\u00e9\u00a0\u00bb - We Love Cinema\",\"isPartOf\":{\"@id\":\"https:\/\/welovecinema.be\/nl\/#website\"},\"datePublished\":\"2022-11-02T10:30:10+00:00\",\"dateModified\":\"2022-11-03T14:14:12+00:00\",\"breadcrumb\":{\"@id\":\"https:\/\/welovecinema.be\/fr\/lukas-dhont-montrer-la-beaute-et-la-fragilite-de-lamitie\/#breadcrumb\"},\"inLanguage\":\"fr-FR\",\"potentialAction\":[{\"@type\":\"ReadAction\",\"target\":[\"https:\/\/welovecinema.be\/fr\/lukas-dhont-montrer-la-beaute-et-la-fragilite-de-lamitie\/\"]}]},{\"@type\":\"BreadcrumbList\",\"@id\":\"https:\/\/welovecinema.be\/fr\/lukas-dhont-montrer-la-beaute-et-la-fragilite-de-lamitie\/#breadcrumb\",\"itemListElement\":[{\"@type\":\"ListItem\",\"position\":1,\"name\":\"Accueil\",\"item\":\"https:\/\/welovecinema.be\/fr\/\"},{\"@type\":\"ListItem\",\"position\":2,\"name\":\"Lukas Dhont: \u00ab\u00a0Montrer la beaut\u00e9 et la fragilit\u00e9 de l\u2019amiti\u00e9\u00a0\u00bb\"}]},{\"@type\":\"WebSite\",\"@id\":\"https:\/\/welovecinema.be\/nl\/#website\",\"url\":\"https:\/\/welovecinema.be\/nl\/\",\"name\":\"We Love Cinema\",\"description\":\"Toute l\u2019information du cin\u00e9ma en Belgique\",\"publisher\":{\"@id\":\"https:\/\/welovecinema.be\/nl\/#organization\"},\"potentialAction\":[{\"@type\":\"SearchAction\",\"target\":{\"@type\":\"EntryPoint\",\"urlTemplate\":\"https:\/\/welovecinema.be\/nl\/?s={search_term_string}\"},\"query-input\":\"required name=search_term_string\"}],\"inLanguage\":\"fr-FR\"},{\"@type\":\"Organization\",\"@id\":\"https:\/\/welovecinema.be\/nl\/#organization\",\"name\":\"We Love Cinema\",\"url\":\"https:\/\/welovecinema.be\/nl\/\",\"logo\":{\"@type\":\"ImageObject\",\"inLanguage\":\"fr-FR\",\"@id\":\"https:\/\/welovecinema.be\/nl\/#\/schema\/logo\/image\/\",\"url\":\"https:\/\/welovecinema.be\/wp-content\/uploads\/sites\/2\/2023\/03\/Logo-We-Love-Cinema305x128.jpg\",\"contentUrl\":\"https:\/\/welovecinema.be\/wp-content\/uploads\/sites\/2\/2023\/03\/Logo-We-Love-Cinema305x128.jpg\",\"width\":305,\"height\":128,\"caption\":\"We Love Cinema\"},\"image\":{\"@id\":\"https:\/\/welovecinema.be\/nl\/#\/schema\/logo\/image\/\"},\"sameAs\":[\"https:\/\/www.facebook.com\/welovecinema.be\",\"https:\/\/www.youtube.com\/channel\/UCX5LYGVhnKvYauW4Nta4HJA\",\"https:\/\/www.instagram.com\/welovecinema.be\/\"]},{\"@type\":\"Person\",\"@id\":\"https:\/\/welovecinema.be\/nl\/#\/schema\/person\/8084b68c6b176142d073695c654dc7cf\",\"name\":\"Aurore Engelen\",\"url\":\"https:\/\/welovecinema.be\/fr\/author\/aurore-engelen\/\"}]}<\/script>\n<!-- \/ Yoast SEO plugin. -->","yoast_head_json":{"title":"Lukas Dhont: \u00ab\u00a0Montrer la beaut\u00e9 et la fragilit\u00e9 de l\u2019amiti\u00e9\u00a0\u00bb - We Love Cinema","robots":{"index":"index","follow":"follow","max-snippet":"max-snippet:-1","max-image-preview":"max-image-preview:large","max-video-preview":"max-video-preview:-1"},"canonical":"https:\/\/welovecinema.be\/fr\/lukas-dhont-montrer-la-beaute-et-la-fragilite-de-lamitie\/","og_locale":"fr_FR","og_type":"article","og_title":"Lukas Dhont: \u00ab\u00a0Montrer la beaut\u00e9 et la fragilit\u00e9 de l\u2019amiti\u00e9\u00a0\u00bb - We Love Cinema","og_description":"On a rencontr\u00e9 Lukas Dhont il y a quelques jours \u00e0 Gand, \u00e0 quelques heures de la projection en ouverture du Festival de son deuxi\u00e8me long m\u00e9trage, Close, Grand Prix au Festival de Cannes. Une projection charg\u00e9e en \u00e9motion, dans la ville o\u00f9 il y a quelques ann\u00e9es seulement, le jeune homme d\u00e9couvrait le cin\u00e9ma\u2026 &hellip;","og_url":"https:\/\/welovecinema.be\/fr\/lukas-dhont-montrer-la-beaute-et-la-fragilite-de-lamitie\/","og_site_name":"We Love Cinema","article_publisher":"https:\/\/www.facebook.com\/welovecinema.be","article_published_time":"2022-11-02T10:30:10+00:00","article_modified_time":"2022-11-03T14:14:12+00:00","og_image":[{"width":2048,"height":1536,"url":"https:\/\/welovecinema.be\/wp-content\/uploads\/sites\/2\/2022\/11\/Lukas-Dhont-Cinevox.jpeg","type":"image\/jpeg"}],"author":"Aurore Engelen","twitter_card":"summary_large_image","twitter_misc":{"\u00c9crit par":"Aurore Engelen","Dur\u00e9e de lecture estim\u00e9e":"9 minutes"},"schema":{"@context":"https:\/\/schema.org","@graph":[{"@type":"Article","@id":"https:\/\/welovecinema.be\/fr\/lukas-dhont-montrer-la-beaute-et-la-fragilite-de-lamitie\/#article","isPartOf":{"@id":"https:\/\/welovecinema.be\/fr\/lukas-dhont-montrer-la-beaute-et-la-fragilite-de-lamitie\/"},"author":{"name":"Aurore Engelen","@id":"https:\/\/welovecinema.be\/nl\/#\/schema\/person\/8084b68c6b176142d073695c654dc7cf"},"headline":"Lukas Dhont: \u00ab\u00a0Montrer la beaut\u00e9 et la fragilit\u00e9 de l\u2019amiti\u00e9\u00a0\u00bb","datePublished":"2022-11-02T10:30:10+00:00","dateModified":"2022-11-03T14:14:12+00:00","mainEntityOfPage":{"@id":"https:\/\/welovecinema.be\/fr\/lukas-dhont-montrer-la-beaute-et-la-fragilite-de-lamitie\/"},"wordCount":1749,"publisher":{"@id":"https:\/\/welovecinema.be\/nl\/#organization"},"keywords":["Close","Lukas Dhont","newsletter"],"articleSection":["Rencontres"],"inLanguage":"fr-FR"},{"@type":"WebPage","@id":"https:\/\/welovecinema.be\/fr\/lukas-dhont-montrer-la-beaute-et-la-fragilite-de-lamitie\/","url":"https:\/\/welovecinema.be\/fr\/lukas-dhont-montrer-la-beaute-et-la-fragilite-de-lamitie\/","name":"Lukas Dhont: \u00ab\u00a0Montrer la beaut\u00e9 et la fragilit\u00e9 de l\u2019amiti\u00e9\u00a0\u00bb - We Love Cinema","isPartOf":{"@id":"https:\/\/welovecinema.be\/nl\/#website"},"datePublished":"2022-11-02T10:30:10+00:00","dateModified":"2022-11-03T14:14:12+00:00","breadcrumb":{"@id":"https:\/\/welovecinema.be\/fr\/lukas-dhont-montrer-la-beaute-et-la-fragilite-de-lamitie\/#breadcrumb"},"inLanguage":"fr-FR","potentialAction":[{"@type":"ReadAction","target":["https:\/\/welovecinema.be\/fr\/lukas-dhont-montrer-la-beaute-et-la-fragilite-de-lamitie\/"]}]},{"@type":"BreadcrumbList","@id":"https:\/\/welovecinema.be\/fr\/lukas-dhont-montrer-la-beaute-et-la-fragilite-de-lamitie\/#breadcrumb","itemListElement":[{"@type":"ListItem","position":1,"name":"Accueil","item":"https:\/\/welovecinema.be\/fr\/"},{"@type":"ListItem","position":2,"name":"Lukas Dhont: \u00ab\u00a0Montrer la beaut\u00e9 et la fragilit\u00e9 de l\u2019amiti\u00e9\u00a0\u00bb"}]},{"@type":"WebSite","@id":"https:\/\/welovecinema.be\/nl\/#website","url":"https:\/\/welovecinema.be\/nl\/","name":"We Love Cinema","description":"Toute l\u2019information du cin\u00e9ma en Belgique","publisher":{"@id":"https:\/\/welovecinema.be\/nl\/#organization"},"potentialAction":[{"@type":"SearchAction","target":{"@type":"EntryPoint","urlTemplate":"https:\/\/welovecinema.be\/nl\/?s={search_term_string}"},"query-input":"required name=search_term_string"}],"inLanguage":"fr-FR"},{"@type":"Organization","@id":"https:\/\/welovecinema.be\/nl\/#organization","name":"We Love Cinema","url":"https:\/\/welovecinema.be\/nl\/","logo":{"@type":"ImageObject","inLanguage":"fr-FR","@id":"https:\/\/welovecinema.be\/nl\/#\/schema\/logo\/image\/","url":"https:\/\/welovecinema.be\/wp-content\/uploads\/sites\/2\/2023\/03\/Logo-We-Love-Cinema305x128.jpg","contentUrl":"https:\/\/welovecinema.be\/wp-content\/uploads\/sites\/2\/2023\/03\/Logo-We-Love-Cinema305x128.jpg","width":305,"height":128,"caption":"We Love Cinema"},"image":{"@id":"https:\/\/welovecinema.be\/nl\/#\/schema\/logo\/image\/"},"sameAs":["https:\/\/www.facebook.com\/welovecinema.be","https:\/\/www.youtube.com\/channel\/UCX5LYGVhnKvYauW4Nta4HJA","https:\/\/www.instagram.com\/welovecinema.be\/"]},{"@type":"Person","@id":"https:\/\/welovecinema.be\/nl\/#\/schema\/person\/8084b68c6b176142d073695c654dc7cf","name":"Aurore Engelen","url":"https:\/\/welovecinema.be\/fr\/author\/aurore-engelen\/"}]}},"_links":{"self":[{"href":"https:\/\/welovecinema.be\/fr\/wp-json\/wp\/v2\/posts\/247675","targetHints":{"allow":["GET"]}}],"collection":[{"href":"https:\/\/welovecinema.be\/fr\/wp-json\/wp\/v2\/posts"}],"about":[{"href":"https:\/\/welovecinema.be\/fr\/wp-json\/wp\/v2\/types\/post"}],"author":[{"embeddable":true,"href":"https:\/\/welovecinema.be\/fr\/wp-json\/wp\/v2\/users\/343"}],"replies":[{"embeddable":true,"href":"https:\/\/welovecinema.be\/fr\/wp-json\/wp\/v2\/comments?post=247675"}],"version-history":[{"count":0,"href":"https:\/\/welovecinema.be\/fr\/wp-json\/wp\/v2\/posts\/247675\/revisions"}],"wp:featuredmedia":[{"embeddable":true,"href":"https:\/\/welovecinema.be\/fr\/wp-json\/wp\/v2\/media\/247682"}],"wp:attachment":[{"href":"https:\/\/welovecinema.be\/fr\/wp-json\/wp\/v2\/media?parent=247675"}],"wp:term":[{"taxonomy":"category","embeddable":true,"href":"https:\/\/welovecinema.be\/fr\/wp-json\/wp\/v2\/categories?post=247675"},{"taxonomy":"post_tag","embeddable":true,"href":"https:\/\/welovecinema.be\/fr\/wp-json\/wp\/v2\/tags?post=247675"}],"curies":[{"name":"wp","href":"https:\/\/api.w.org\/{rel}","templated":true}]}}