{"id":247482,"date":"2022-10-20T16:48:11","date_gmt":"2022-10-20T14:48:11","guid":{"rendered":"https:\/\/www.cinevox.be\/?p=247482"},"modified":"2022-10-25T10:51:49","modified_gmt":"2022-10-25T08:51:49","slug":"des-gens-bien-la-theorie-du-manque-de-bol","status":"publish","type":"post","link":"https:\/\/welovecinema.be\/fr\/des-gens-bien-la-theorie-du-manque-de-bol\/","title":{"rendered":"\u00ab\u00a0Des gens bien\u00a0\u00bb, la faute \u00e0 pas de chance"},"content":{"rendered":"<p><strong>Ce dimanche d\u00e9bute sur La Une la diffusion de la nouvelle s\u00e9rie des auteurs de <em>La Tr\u00eave<\/em>. <em>Des gens bien<\/em>, c&rsquo;est une s\u00e9rie presque polici\u00e8re, ou plut\u00f4t un polar burlesque doubl\u00e9 d&rsquo;une com\u00e9die sociale \u00e0 la belge, qui prends le pouls de ces petites gens, comme on dit, qui voulaient juste avoir une vie meilleure, mais que le syst\u00e8me a un peu abandonn\u00e9s au bord de la route. Une histoire qui aurait pu \u00eatre simple (mais \u00e7&rsquo;aurait \u00e9t\u00e9 moins dr\u00f4le), port\u00e9e par un casting qui fait des \u00e9tincelles, o\u00f9 brillent B\u00e9rang\u00e8re Mc Neese et Lucas Meister.<\/strong><\/p>\n<p>\u00c7a commence par un accident de voiture dans la for\u00eat, \u00e0 la fronti\u00e8re franco-belge. Tom Leroy, un jeune policier, appelle les secours catastroph\u00e9: sa voiture d\u00e9gringol\u00e9e dans le ravin vient de prendre feu, et sa femme est rest\u00e9e coinc\u00e9e \u00e0 l&rsquo;int\u00e9rieur. Ses coll\u00e8gues, sous le choc, d\u00e9barquent illico sur les lieux de l&rsquo;accident. Mais il y a comme un petit truc qui cloche.<\/p>\n<figure id=\"attachment_247487\" aria-describedby=\"caption-attachment-247487\" style=\"width: 618px\" class=\"wp-caption alignnone\"><img loading=\"lazy\" decoding=\"async\" class=\"size-large wp-image-247487\" src=\"https:\/\/www.cinevox.be\/wp-content\/uploads\/sites\/2\/2022\/10\/Des-gens-bien3-800x450.jpeg\" alt=\"Des-gens-bien\" width=\"618\" height=\"348\" srcset=\"https:\/\/welovecinema.be\/wp-content\/uploads\/sites\/2\/2022\/10\/Des-gens-bien3-800x450.jpeg 800w, https:\/\/welovecinema.be\/wp-content\/uploads\/sites\/2\/2022\/10\/Des-gens-bien3-480x270.jpeg 480w, https:\/\/welovecinema.be\/wp-content\/uploads\/sites\/2\/2022\/10\/Des-gens-bien3-200x113.jpeg 200w, https:\/\/welovecinema.be\/wp-content\/uploads\/sites\/2\/2022\/10\/Des-gens-bien3-768x432.jpeg 768w, https:\/\/welovecinema.be\/wp-content\/uploads\/sites\/2\/2022\/10\/Des-gens-bien3-1536x864.jpeg 1536w, https:\/\/welovecinema.be\/wp-content\/uploads\/sites\/2\/2022\/10\/Des-gens-bien3-599x337.jpeg 599w, https:\/\/welovecinema.be\/wp-content\/uploads\/sites\/2\/2022\/10\/Des-gens-bien3.jpeg 1920w\" sizes=\"auto, (max-width: 618px) 100vw, 618px\" \/><figcaption id=\"caption-attachment-247487\" class=\"wp-caption-text\">Serge, aka Peter Van den Begin<\/figcaption><\/figure>\n<p>Ou plut\u00f4t non, \u00e7a commence autrement. Il \u00e9tait une fois Tom et Linda. Ils se mari\u00e8rent, et se dire qu&rsquo;ils allaient vivre heureux et avoir beaucoup d&rsquo;enfants. C&rsquo;\u00e9tait sans compter sur les diff\u00e9rentes emmerdes qui leur pendaient au nez. La conjoncture, cette ordure, qui contrecarre s\u00e9rieusement les plans entrepreneuriaux de Linda. La m\u00e9decine aussi, qui ne peut pas grand chose pour les soutenir dans leur d\u00e9sir d&rsquo;enfant. Ils gal\u00e8rent Tom et Linda. Alors quand l&rsquo;occasion se pr\u00e9sente pour eux de profiter enfin un peu du syst\u00e8me, au hasard d&rsquo;un accident, ils se disent qu&rsquo;apr\u00e8s tout, pourquoi pas eux? Une toute petite arnaque, qui ne fera de mal \u00e0 personne, mais qui leur permettra enfin d&rsquo;avoir eux aussi leur place au soleil&#8230;<\/p>\n<p>Sauf que l&rsquo;arnaque, \u00e7a ne s&rsquo;improvise pas. Si l&rsquo;on n&rsquo;y prend pas garde, et pour peu qu&rsquo;on joue de malchance, il y a toujours la mauvaise personne, au mauvais endroit, au mauvais moment. Surtout quand on fr\u00e9quente le cousin Serge (aka Peter Van de Begin, \u00ab\u00a0le grand m\u00e9chant flamand\u00a0\u00bb). Et faire des to-do-list (\u00ab\u00a0assurances, billets d&rsquo;avion, passeports\u00a0\u00bb) ne suffira pas \u00e0 palier le manque de pr\u00e9paration. Sur les traces de Tom et Linda, les malheurs s&rsquo;enchainent. Ce n&rsquo;est pas leur faute, mais c&rsquo;est \u00e0 cause d&rsquo;eux. A moins que ce ne soit le contraire? Catapult\u00e9s de leur propre fait dans une spirale infernale, leur manque de bol devient presque du grand art.<\/p>\n<figure id=\"attachment_247489\" aria-describedby=\"caption-attachment-247489\" style=\"width: 618px\" class=\"wp-caption alignnone\"><img loading=\"lazy\" decoding=\"async\" class=\"wp-image-247489 size-large\" src=\"https:\/\/www.cinevox.be\/wp-content\/uploads\/sites\/2\/2022\/10\/Des-gens-bien2-800x450.jpeg\" alt=\"Des-gens-bien\" width=\"618\" height=\"348\" srcset=\"https:\/\/welovecinema.be\/wp-content\/uploads\/sites\/2\/2022\/10\/Des-gens-bien2-800x450.jpeg 800w, https:\/\/welovecinema.be\/wp-content\/uploads\/sites\/2\/2022\/10\/Des-gens-bien2-480x270.jpeg 480w, https:\/\/welovecinema.be\/wp-content\/uploads\/sites\/2\/2022\/10\/Des-gens-bien2-200x113.jpeg 200w, https:\/\/welovecinema.be\/wp-content\/uploads\/sites\/2\/2022\/10\/Des-gens-bien2-768x432.jpeg 768w, https:\/\/welovecinema.be\/wp-content\/uploads\/sites\/2\/2022\/10\/Des-gens-bien2-1536x863.jpeg 1536w, https:\/\/welovecinema.be\/wp-content\/uploads\/sites\/2\/2022\/10\/Des-gens-bien2-599x337.jpeg 599w, https:\/\/welovecinema.be\/wp-content\/uploads\/sites\/2\/2022\/10\/Des-gens-bien2.jpeg 1920w\" sizes=\"auto, (max-width: 618px) 100vw, 618px\" \/><figcaption id=\"caption-attachment-247489\" class=\"wp-caption-text\">St\u00e9phane et Roger (India Hair et Dominique Pinon)<\/figcaption><\/figure>\n<p>Bien s\u00fbr, ce manque de bol n&rsquo;est pas seulement d\u00fb \u00e0 la poisse qui colle \u00e0 la peau de Tom et Linda. Ce manque de bol, c&rsquo;est aussi le symbole de ce qui \u00e9crase les petites classes moyennes, les gens ordinaires, qui se sentent mis \u00e0 l&rsquo;\u00e9cart du progr\u00e8s. Les auteurs, Matthieu Donck, Benjamin d&rsquo;Aoust et St\u00e9phane Bergmans disent avoir puis\u00e9 en partie leur inspiration dans les revendications des gilets jaunes. C&rsquo;est la Belgique p\u00e9riph\u00e9rique qu&rsquo;ils nous donnent \u00e0 voir, celle qui peine \u00e0 boucler ses fins de mois. Malgr\u00e9 son optimisme \u00e0 toute \u00e9preuve (enfin, surtout celui de Linda), le jeune couple est vite cribl\u00e9 de dettes et d&rsquo;espoirs morts-n\u00e9s. Ils sont ces petites gens, dont les petits r\u00eaves sont pilonn\u00e9s par la r\u00e9alit\u00e9.<\/p>\n<p>C&rsquo;est leur chute inexorable que l&rsquo;on observe, fa\u00e7on com\u00e9die noire, parce que mieux vaut en rire qu&rsquo;en pleurer. Tom et Linda, mais aussi la plupart des habitants de cette petite communaut\u00e9 de gens bien, sont comme des marionnettes aux mains d&rsquo;un destin moqueur. Mais des marionnettes terriblement \u00e9mouvantes, gr\u00e2ce \u00e0 l&rsquo;\u00e9nergie d\u00e9ploy\u00e9e par leurs deux interpr\u00e8tes, deux \u00e9nergies bien diff\u00e9rentes (l&rsquo;optimisme solaire de Linda, la maladresse touchante de Tom) unies par un amour ind\u00e9fectible, qui traverse les temp\u00eates envers et contre tout.<\/p>\n<figure id=\"attachment_247491\" aria-describedby=\"caption-attachment-247491\" style=\"width: 618px\" class=\"wp-caption alignnone\"><img loading=\"lazy\" decoding=\"async\" class=\"size-large wp-image-247491\" src=\"https:\/\/www.cinevox.be\/wp-content\/uploads\/sites\/2\/2022\/10\/Des-gens-bien1-800x450.jpeg\" alt=\"Des-gens-bien\" width=\"618\" height=\"348\" srcset=\"https:\/\/welovecinema.be\/wp-content\/uploads\/sites\/2\/2022\/10\/Des-gens-bien1-800x450.jpeg 800w, https:\/\/welovecinema.be\/wp-content\/uploads\/sites\/2\/2022\/10\/Des-gens-bien1-480x270.jpeg 480w, https:\/\/welovecinema.be\/wp-content\/uploads\/sites\/2\/2022\/10\/Des-gens-bien1-200x113.jpeg 200w, https:\/\/welovecinema.be\/wp-content\/uploads\/sites\/2\/2022\/10\/Des-gens-bien1-768x432.jpeg 768w, https:\/\/welovecinema.be\/wp-content\/uploads\/sites\/2\/2022\/10\/Des-gens-bien1-1536x863.jpeg 1536w, https:\/\/welovecinema.be\/wp-content\/uploads\/sites\/2\/2022\/10\/Des-gens-bien1-599x337.jpeg 599w, https:\/\/welovecinema.be\/wp-content\/uploads\/sites\/2\/2022\/10\/Des-gens-bien1.jpeg 1920w\" sizes=\"auto, (max-width: 618px) 100vw, 618px\" \/><figcaption id=\"caption-attachment-247491\" class=\"wp-caption-text\">Joseph et Tom (Nicolas Buysse et Lucas Meister)<\/figcaption><\/figure>\n<p>Le reste du casting est au diapason. Peter Van den Begin, cit\u00e9 plus haut, joue les grands m\u00e9chants un peu rustres qui enfonce le jeune couple en voulant l&rsquo;aider, Nicolas Buysse r\u00e9gale avec ses ambitions folle de flic d&rsquo;un petit bled qui r\u00eave d&rsquo;une bonne vieille affaire de p\u00e9dophilie, our pourquoi pas d&rsquo;\u00eatre mut\u00e9 \u00e0 Wavre, Gwen Berrou surprend en soeur ultra-croyante dont la foi coince un peu aux entournures. Fronti\u00e8re franco-belge oblige, on croise \u00e9galement les toujours excellents India Hair, Michael Abiteboul ou Dominique Pinon.<\/p>\n<p>Bref, avec <em>Des gens bien<\/em>, Matthieu Donck, St\u00e9phane Bergmans et Benjamin d&rsquo;Aoust changent de registre, \u00e9changent les for\u00eats ardennaises pour les fonds d&rsquo;\u00e9cran Windows de la fronti\u00e8re franco-belge, troquent le whodunnit pour une com\u00e9die loufoque (et acide donc) r\u00e9solument belge dans le coeur et l&rsquo;esprit. A voir en lin\u00e9aire d\u00e8s ce dimanche sur La Une, ou \u00e0 binge-watcher \u00e0 partir du 24 octobre sur Auvio.<\/p>\n<p>&nbsp;<\/p>\n","protected":false},"excerpt":{"rendered":"<p>Ce dimanche d\u00e9bute sur La Une la diffusion de la nouvelle s\u00e9rie des auteurs de La Tr\u00eave. Des gens bien, c&rsquo;est une s\u00e9rie presque polici\u00e8re, ou plut\u00f4t un polar burlesque doubl\u00e9 d&rsquo;une com\u00e9die sociale \u00e0 la belge, qui prends le pouls de ces petites gens, comme on dit, qui voulaient juste avoir une vie meilleure, &hellip;<\/p>\n","protected":false},"author":343,"featured_media":247485,"comment_status":"closed","ping_status":"closed","sticky":false,"template":"","format":"standard","meta":{"ngg_post_thumbnail":0,"footnotes":""},"categories":[10,14],"tags":[3997,4794,5889,7029,3996,4187,6416],"class_list":["post-247482","post","type-post","status-publish","format-standard","has-post-thumbnail","","category-a-l-affiche","category-home-cinema","tag-benjamin-daoust","tag-berangere-mc-neese","tag-des-gens-bien","tag-lucas-meister","tag-matthieu-donck","tag-newsletter-fr","tag-stephane-bergmans"],"yoast_head":"<!-- This site is optimized with the Yoast SEO plugin v20.4 - https:\/\/yoast.com\/wordpress\/plugins\/seo\/ -->\n<title>&quot;Des gens bien&quot;, la faute \u00e0 pas de chance - We Love Cinema<\/title>\n<meta name=\"robots\" content=\"index, follow, max-snippet:-1, max-image-preview:large, max-video-preview:-1\" \/>\n<link rel=\"canonical\" href=\"https:\/\/welovecinema.be\/fr\/des-gens-bien-la-theorie-du-manque-de-bol\/\" \/>\n<meta property=\"og:locale\" content=\"fr_FR\" \/>\n<meta property=\"og:type\" content=\"article\" \/>\n<meta property=\"og:title\" content=\"&quot;Des gens bien&quot;, la faute \u00e0 pas de chance - We Love Cinema\" \/>\n<meta property=\"og:description\" content=\"Ce dimanche d\u00e9bute sur La Une la diffusion de la nouvelle s\u00e9rie des auteurs de La Tr\u00eave. Des gens bien, c&rsquo;est une s\u00e9rie presque polici\u00e8re, ou plut\u00f4t un polar burlesque doubl\u00e9 d&rsquo;une com\u00e9die sociale \u00e0 la belge, qui prends le pouls de ces petites gens, comme on dit, qui voulaient juste avoir une vie meilleure, &hellip;\" \/>\n<meta property=\"og:url\" content=\"https:\/\/welovecinema.be\/fr\/des-gens-bien-la-theorie-du-manque-de-bol\/\" \/>\n<meta property=\"og:site_name\" content=\"We Love Cinema\" \/>\n<meta property=\"article:publisher\" content=\"https:\/\/www.facebook.com\/welovecinema.be\" \/>\n<meta property=\"article:published_time\" content=\"2022-10-20T14:48:11+00:00\" \/>\n<meta property=\"article:modified_time\" content=\"2022-10-25T08:51:49+00:00\" \/>\n<meta property=\"og:image\" content=\"https:\/\/welovecinema.be\/wp-content\/uploads\/sites\/2\/2022\/10\/Des-gens-bien.jpeg\" \/>\n\t<meta property=\"og:image:width\" content=\"1920\" \/>\n\t<meta property=\"og:image:height\" content=\"1079\" \/>\n\t<meta property=\"og:image:type\" content=\"image\/jpeg\" \/>\n<meta name=\"author\" content=\"Aurore Engelen\" \/>\n<meta name=\"twitter:card\" content=\"summary_large_image\" \/>\n<meta name=\"twitter:label1\" content=\"\u00c9crit par\" \/>\n\t<meta name=\"twitter:data1\" content=\"Aurore Engelen\" \/>\n\t<meta name=\"twitter:label2\" content=\"Dur\u00e9e de lecture estim\u00e9e\" \/>\n\t<meta name=\"twitter:data2\" content=\"4 minutes\" \/>\n<script type=\"application\/ld+json\" class=\"yoast-schema-graph\">{\"@context\":\"https:\/\/schema.org\",\"@graph\":[{\"@type\":\"Article\",\"@id\":\"https:\/\/welovecinema.be\/fr\/des-gens-bien-la-theorie-du-manque-de-bol\/#article\",\"isPartOf\":{\"@id\":\"https:\/\/welovecinema.be\/fr\/des-gens-bien-la-theorie-du-manque-de-bol\/\"},\"author\":{\"name\":\"Aurore Engelen\",\"@id\":\"https:\/\/welovecinema.be\/nl\/#\/schema\/person\/8084b68c6b176142d073695c654dc7cf\"},\"headline\":\"\u00ab\u00a0Des gens bien\u00a0\u00bb, la faute \u00e0 pas de chance\",\"datePublished\":\"2022-10-20T14:48:11+00:00\",\"dateModified\":\"2022-10-25T08:51:49+00:00\",\"mainEntityOfPage\":{\"@id\":\"https:\/\/welovecinema.be\/fr\/des-gens-bien-la-theorie-du-manque-de-bol\/\"},\"wordCount\":894,\"publisher\":{\"@id\":\"https:\/\/welovecinema.be\/nl\/#organization\"},\"keywords\":[\"Benjamin d'Aoust\",\"Berangere Mc Neese\",\"Des gens bien\",\"Lucas Meister\",\"Matthieu Donck\",\"newsletter\",\"St\u00e9phane Bergmans\"],\"articleSection\":[\"A l'affiche\",\"Plateau t\u00e9l\u00e9\"],\"inLanguage\":\"fr-FR\"},{\"@type\":\"WebPage\",\"@id\":\"https:\/\/welovecinema.be\/fr\/des-gens-bien-la-theorie-du-manque-de-bol\/\",\"url\":\"https:\/\/welovecinema.be\/fr\/des-gens-bien-la-theorie-du-manque-de-bol\/\",\"name\":\"\\\"Des gens bien\\\", la faute \u00e0 pas de chance - We Love Cinema\",\"isPartOf\":{\"@id\":\"https:\/\/welovecinema.be\/nl\/#website\"},\"datePublished\":\"2022-10-20T14:48:11+00:00\",\"dateModified\":\"2022-10-25T08:51:49+00:00\",\"breadcrumb\":{\"@id\":\"https:\/\/welovecinema.be\/fr\/des-gens-bien-la-theorie-du-manque-de-bol\/#breadcrumb\"},\"inLanguage\":\"fr-FR\",\"potentialAction\":[{\"@type\":\"ReadAction\",\"target\":[\"https:\/\/welovecinema.be\/fr\/des-gens-bien-la-theorie-du-manque-de-bol\/\"]}]},{\"@type\":\"BreadcrumbList\",\"@id\":\"https:\/\/welovecinema.be\/fr\/des-gens-bien-la-theorie-du-manque-de-bol\/#breadcrumb\",\"itemListElement\":[{\"@type\":\"ListItem\",\"position\":1,\"name\":\"Accueil\",\"item\":\"https:\/\/welovecinema.be\/fr\/\"},{\"@type\":\"ListItem\",\"position\":2,\"name\":\"\u00ab\u00a0Des gens bien\u00a0\u00bb, la faute \u00e0 pas de chance\"}]},{\"@type\":\"WebSite\",\"@id\":\"https:\/\/welovecinema.be\/nl\/#website\",\"url\":\"https:\/\/welovecinema.be\/nl\/\",\"name\":\"We Love Cinema\",\"description\":\"Toute l\u2019information du cin\u00e9ma en Belgique\",\"publisher\":{\"@id\":\"https:\/\/welovecinema.be\/nl\/#organization\"},\"potentialAction\":[{\"@type\":\"SearchAction\",\"target\":{\"@type\":\"EntryPoint\",\"urlTemplate\":\"https:\/\/welovecinema.be\/nl\/?s={search_term_string}\"},\"query-input\":\"required name=search_term_string\"}],\"inLanguage\":\"fr-FR\"},{\"@type\":\"Organization\",\"@id\":\"https:\/\/welovecinema.be\/nl\/#organization\",\"name\":\"We Love Cinema\",\"url\":\"https:\/\/welovecinema.be\/nl\/\",\"logo\":{\"@type\":\"ImageObject\",\"inLanguage\":\"fr-FR\",\"@id\":\"https:\/\/welovecinema.be\/nl\/#\/schema\/logo\/image\/\",\"url\":\"https:\/\/welovecinema.be\/wp-content\/uploads\/sites\/2\/2023\/03\/Logo-We-Love-Cinema305x128.jpg\",\"contentUrl\":\"https:\/\/welovecinema.be\/wp-content\/uploads\/sites\/2\/2023\/03\/Logo-We-Love-Cinema305x128.jpg\",\"width\":305,\"height\":128,\"caption\":\"We Love Cinema\"},\"image\":{\"@id\":\"https:\/\/welovecinema.be\/nl\/#\/schema\/logo\/image\/\"},\"sameAs\":[\"https:\/\/www.facebook.com\/welovecinema.be\",\"https:\/\/www.youtube.com\/channel\/UCX5LYGVhnKvYauW4Nta4HJA\",\"https:\/\/www.instagram.com\/welovecinema.be\/\"]},{\"@type\":\"Person\",\"@id\":\"https:\/\/welovecinema.be\/nl\/#\/schema\/person\/8084b68c6b176142d073695c654dc7cf\",\"name\":\"Aurore Engelen\",\"url\":\"https:\/\/welovecinema.be\/fr\/author\/aurore-engelen\/\"}]}<\/script>\n<!-- \/ Yoast SEO plugin. -->","yoast_head_json":{"title":"\"Des gens bien\", la faute \u00e0 pas de chance - We Love Cinema","robots":{"index":"index","follow":"follow","max-snippet":"max-snippet:-1","max-image-preview":"max-image-preview:large","max-video-preview":"max-video-preview:-1"},"canonical":"https:\/\/welovecinema.be\/fr\/des-gens-bien-la-theorie-du-manque-de-bol\/","og_locale":"fr_FR","og_type":"article","og_title":"\"Des gens bien\", la faute \u00e0 pas de chance - We Love Cinema","og_description":"Ce dimanche d\u00e9bute sur La Une la diffusion de la nouvelle s\u00e9rie des auteurs de La Tr\u00eave. Des gens bien, c&rsquo;est une s\u00e9rie presque polici\u00e8re, ou plut\u00f4t un polar burlesque doubl\u00e9 d&rsquo;une com\u00e9die sociale \u00e0 la belge, qui prends le pouls de ces petites gens, comme on dit, qui voulaient juste avoir une vie meilleure, &hellip;","og_url":"https:\/\/welovecinema.be\/fr\/des-gens-bien-la-theorie-du-manque-de-bol\/","og_site_name":"We Love Cinema","article_publisher":"https:\/\/www.facebook.com\/welovecinema.be","article_published_time":"2022-10-20T14:48:11+00:00","article_modified_time":"2022-10-25T08:51:49+00:00","og_image":[{"width":1920,"height":1079,"url":"https:\/\/welovecinema.be\/wp-content\/uploads\/sites\/2\/2022\/10\/Des-gens-bien.jpeg","type":"image\/jpeg"}],"author":"Aurore Engelen","twitter_card":"summary_large_image","twitter_misc":{"\u00c9crit par":"Aurore Engelen","Dur\u00e9e de lecture estim\u00e9e":"4 minutes"},"schema":{"@context":"https:\/\/schema.org","@graph":[{"@type":"Article","@id":"https:\/\/welovecinema.be\/fr\/des-gens-bien-la-theorie-du-manque-de-bol\/#article","isPartOf":{"@id":"https:\/\/welovecinema.be\/fr\/des-gens-bien-la-theorie-du-manque-de-bol\/"},"author":{"name":"Aurore Engelen","@id":"https:\/\/welovecinema.be\/nl\/#\/schema\/person\/8084b68c6b176142d073695c654dc7cf"},"headline":"\u00ab\u00a0Des gens bien\u00a0\u00bb, la faute \u00e0 pas de chance","datePublished":"2022-10-20T14:48:11+00:00","dateModified":"2022-10-25T08:51:49+00:00","mainEntityOfPage":{"@id":"https:\/\/welovecinema.be\/fr\/des-gens-bien-la-theorie-du-manque-de-bol\/"},"wordCount":894,"publisher":{"@id":"https:\/\/welovecinema.be\/nl\/#organization"},"keywords":["Benjamin d'Aoust","Berangere Mc Neese","Des gens bien","Lucas Meister","Matthieu Donck","newsletter","St\u00e9phane Bergmans"],"articleSection":["A l'affiche","Plateau t\u00e9l\u00e9"],"inLanguage":"fr-FR"},{"@type":"WebPage","@id":"https:\/\/welovecinema.be\/fr\/des-gens-bien-la-theorie-du-manque-de-bol\/","url":"https:\/\/welovecinema.be\/fr\/des-gens-bien-la-theorie-du-manque-de-bol\/","name":"\"Des gens bien\", la faute \u00e0 pas de chance - We Love Cinema","isPartOf":{"@id":"https:\/\/welovecinema.be\/nl\/#website"},"datePublished":"2022-10-20T14:48:11+00:00","dateModified":"2022-10-25T08:51:49+00:00","breadcrumb":{"@id":"https:\/\/welovecinema.be\/fr\/des-gens-bien-la-theorie-du-manque-de-bol\/#breadcrumb"},"inLanguage":"fr-FR","potentialAction":[{"@type":"ReadAction","target":["https:\/\/welovecinema.be\/fr\/des-gens-bien-la-theorie-du-manque-de-bol\/"]}]},{"@type":"BreadcrumbList","@id":"https:\/\/welovecinema.be\/fr\/des-gens-bien-la-theorie-du-manque-de-bol\/#breadcrumb","itemListElement":[{"@type":"ListItem","position":1,"name":"Accueil","item":"https:\/\/welovecinema.be\/fr\/"},{"@type":"ListItem","position":2,"name":"\u00ab\u00a0Des gens bien\u00a0\u00bb, la faute \u00e0 pas de chance"}]},{"@type":"WebSite","@id":"https:\/\/welovecinema.be\/nl\/#website","url":"https:\/\/welovecinema.be\/nl\/","name":"We Love Cinema","description":"Toute l\u2019information du cin\u00e9ma en Belgique","publisher":{"@id":"https:\/\/welovecinema.be\/nl\/#organization"},"potentialAction":[{"@type":"SearchAction","target":{"@type":"EntryPoint","urlTemplate":"https:\/\/welovecinema.be\/nl\/?s={search_term_string}"},"query-input":"required name=search_term_string"}],"inLanguage":"fr-FR"},{"@type":"Organization","@id":"https:\/\/welovecinema.be\/nl\/#organization","name":"We Love Cinema","url":"https:\/\/welovecinema.be\/nl\/","logo":{"@type":"ImageObject","inLanguage":"fr-FR","@id":"https:\/\/welovecinema.be\/nl\/#\/schema\/logo\/image\/","url":"https:\/\/welovecinema.be\/wp-content\/uploads\/sites\/2\/2023\/03\/Logo-We-Love-Cinema305x128.jpg","contentUrl":"https:\/\/welovecinema.be\/wp-content\/uploads\/sites\/2\/2023\/03\/Logo-We-Love-Cinema305x128.jpg","width":305,"height":128,"caption":"We Love Cinema"},"image":{"@id":"https:\/\/welovecinema.be\/nl\/#\/schema\/logo\/image\/"},"sameAs":["https:\/\/www.facebook.com\/welovecinema.be","https:\/\/www.youtube.com\/channel\/UCX5LYGVhnKvYauW4Nta4HJA","https:\/\/www.instagram.com\/welovecinema.be\/"]},{"@type":"Person","@id":"https:\/\/welovecinema.be\/nl\/#\/schema\/person\/8084b68c6b176142d073695c654dc7cf","name":"Aurore Engelen","url":"https:\/\/welovecinema.be\/fr\/author\/aurore-engelen\/"}]}},"_links":{"self":[{"href":"https:\/\/welovecinema.be\/fr\/wp-json\/wp\/v2\/posts\/247482","targetHints":{"allow":["GET"]}}],"collection":[{"href":"https:\/\/welovecinema.be\/fr\/wp-json\/wp\/v2\/posts"}],"about":[{"href":"https:\/\/welovecinema.be\/fr\/wp-json\/wp\/v2\/types\/post"}],"author":[{"embeddable":true,"href":"https:\/\/welovecinema.be\/fr\/wp-json\/wp\/v2\/users\/343"}],"replies":[{"embeddable":true,"href":"https:\/\/welovecinema.be\/fr\/wp-json\/wp\/v2\/comments?post=247482"}],"version-history":[{"count":0,"href":"https:\/\/welovecinema.be\/fr\/wp-json\/wp\/v2\/posts\/247482\/revisions"}],"wp:featuredmedia":[{"embeddable":true,"href":"https:\/\/welovecinema.be\/fr\/wp-json\/wp\/v2\/media\/247485"}],"wp:attachment":[{"href":"https:\/\/welovecinema.be\/fr\/wp-json\/wp\/v2\/media?parent=247482"}],"wp:term":[{"taxonomy":"category","embeddable":true,"href":"https:\/\/welovecinema.be\/fr\/wp-json\/wp\/v2\/categories?post=247482"},{"taxonomy":"post_tag","embeddable":true,"href":"https:\/\/welovecinema.be\/fr\/wp-json\/wp\/v2\/tags?post=247482"}],"curies":[{"name":"wp","href":"https:\/\/api.w.org\/{rel}","templated":true}]}}