{"id":247098,"date":"2022-10-03T12:04:50","date_gmt":"2022-10-03T10:04:50","guid":{"rendered":"https:\/\/www.cinevox.be\/?p=247098"},"modified":"2022-10-04T08:15:58","modified_gmt":"2022-10-04T06:15:58","slug":"last-dance-et-la-comedie-du-deuil","status":"publish","type":"post","link":"https:\/\/welovecinema.be\/fr\/last-dance-et-la-comedie-du-deuil\/","title":{"rendered":"\u00ab\u00a0Last Dance\u00a0\u00bb et la com\u00e9die du deuil"},"content":{"rendered":"<p><strong>Avec <em>Last Dance,<\/em> Delphine Lehericey livre une com\u00e9die inattendue sur le deuil, ou comment un septuag\u00e9naire surmonte la mort de sa femme en s&rsquo;oubliant dans la danse.\u00a0<\/strong><\/p>\n<p>Germain est un bon vieux baby boomer. Il vit une retraite paisible dans un confort bourgeois l\u00e9g\u00e8rement l\u00e9nifiant, o\u00f9 les diff\u00e9rentes t\u00e2ches m\u00e9nag\u00e8res, administratives ou domestiques sont manifestement prises en charge par sa femme, une perle aux petits soins de Germain, et attentive au monde qui l&rsquo;entoure. Limite hyperactive, Lise a le temps pour Germain, mais aussi pour les autres. Elle s&rsquo;est d&rsquo;ailleurs lanc\u00e9e dans un projet collectif de danse contemporaine ouvert \u00e0 toustes.<\/p>\n<p>Quand soudain Lise meurt brutalement, et Germain se retrouve bien seul, et bien d\u00e9sempar\u00e9. Le baby boomer redeviendrait presque un b\u00e9b\u00e9 aux mains de ses enfants, qui se chargent de le soutenir et l&rsquo;encadrer. Chacun g\u00e8re son deuil \u00e0 sa fa\u00e7on. Son fils Mathieu canalise sa peine et g\u00e8re l&rsquo;accompagnement \u00e9motionnel avec des post-it, sa petite-fille Lucie tente un dialogue complice, sa voisine d\u00e9pose en flux tendu de quoi le nourrir dans son frigo.<\/p>\n<p>Mais Germain n&rsquo;a qu&rsquo;une id\u00e9e en t\u00eate: honorer la promesse faite \u00e0 sa femme, et terminer ce qu&rsquo;elle avait commenc\u00e9. En l&rsquo;occurence, le fameux spectacle de danse. Seulement plut\u00f4t que de s&rsquo;en ouvrir \u00e0 ses proches, il d\u00e9cide de s&rsquo;en cacher, pour ne pas les inqui\u00e9ter, ni devoir rendre de compte. S&rsquo;en suit alors un savoureux jeu du chat et de la souris, les astuces et petites embrouilles pour cacher son emploi du temps faisant replonger Germain en pleine adolescence, ou presque.<\/p>\n<p><iframe loading=\"lazy\" title=\"LAST DANCE - BANDE ANNONCE\" width=\"618\" height=\"348\" src=\"https:\/\/www.youtube.com\/embed\/QXEGT3CTI4s?feature=oembed\" frameborder=\"0\" allow=\"accelerometer; autoplay; clipboard-write; encrypted-media; gyroscope; picture-in-picture; web-share\" referrerpolicy=\"strict-origin-when-cross-origin\" allowfullscreen><\/iframe><\/p>\n<p>A travers l&rsquo;\u00e9pop\u00e9e artistique et sentimentale de Germain, son grand voyage en terre de deuil, <em>Last Dance<\/em> livre le double portrait \u00e9mouvant d&rsquo;une th\u00e9rapie par la cr\u00e9ation, et de la danse contemporaine comme lieu de toutes les expressions, refuges pour tous les corps, celui de la danseuse professionnelle comme celui du papy maladroit. Parsemant de bienvenues touches d&rsquo;humour l\u00e0 o\u00f9 on ne l&rsquo;attend pas, avec comme fil rouge l&rsquo;histoire d&rsquo;amour \u00e9pistolaire et litt\u00e9raire de Germain et Lise, Delphine Lehericey fait dialoguer habilement danse et cin\u00e9ma, offrant un touchant plaidoyer pour la danse pour tous.<\/p>\n<p>Devant la cam\u00e9ra, Fran\u00e7ois Berl\u00e9and incarne avec grace ce corps lambda et emp\u00each\u00e9 transcend\u00e9 par la danse, \u00e9paul\u00e9 par La Ribot, sorte de bonne f\u00e9e danseuse et chor\u00e9graphe, et entour\u00e9 de jolis seconds r\u00f4les, port\u00e9s notamment par Kacey Mottet-Klein, Astrid Whettnall, Jean-Beno\u00eet Ugeux ou Deborah Lukumuena.<\/p>\n","protected":false},"excerpt":{"rendered":"<p>Avec Last Dance, Delphine Lehericey livre une com\u00e9die inattendue sur le deuil, ou comment un septuag\u00e9naire surmonte la mort de sa femme en s&rsquo;oubliant dans la danse.\u00a0 Germain est un bon vieux baby boomer. Il vit une retraite paisible dans un confort bourgeois l\u00e9g\u00e8rement l\u00e9nifiant, o\u00f9 les diff\u00e9rentes t\u00e2ches m\u00e9nag\u00e8res, administratives ou domestiques sont manifestement &hellip;<\/p>\n","protected":false},"author":343,"featured_media":247101,"comment_status":"closed","ping_status":"closed","sticky":false,"template":"","format":"standard","meta":{"ngg_post_thumbnail":0,"footnotes":""},"categories":[10,53],"tags":[3805,6900,4187],"class_list":["post-247098","post","type-post","status-publish","format-standard","has-post-thumbnail","","category-a-l-affiche","category-coming-soon","tag-delphine-lehericey","tag-last-dance","tag-newsletter-fr"],"yoast_head":"<!-- This site is optimized with the Yoast SEO plugin v20.4 - https:\/\/yoast.com\/wordpress\/plugins\/seo\/ -->\n<title>&quot;Last Dance&quot; et la com\u00e9die du deuil - We Love Cinema<\/title>\n<meta name=\"robots\" content=\"index, follow, max-snippet:-1, max-image-preview:large, max-video-preview:-1\" \/>\n<link rel=\"canonical\" href=\"https:\/\/welovecinema.be\/fr\/last-dance-et-la-comedie-du-deuil\/\" \/>\n<meta property=\"og:locale\" content=\"fr_FR\" \/>\n<meta property=\"og:type\" content=\"article\" \/>\n<meta property=\"og:title\" content=\"&quot;Last Dance&quot; et la com\u00e9die du deuil - We Love Cinema\" \/>\n<meta property=\"og:description\" content=\"Avec Last Dance, Delphine Lehericey livre une com\u00e9die inattendue sur le deuil, ou comment un septuag\u00e9naire surmonte la mort de sa femme en s&rsquo;oubliant dans la danse.\u00a0 Germain est un bon vieux baby boomer. Il vit une retraite paisible dans un confort bourgeois l\u00e9g\u00e8rement l\u00e9nifiant, o\u00f9 les diff\u00e9rentes t\u00e2ches m\u00e9nag\u00e8res, administratives ou domestiques sont manifestement &hellip;\" \/>\n<meta property=\"og:url\" content=\"https:\/\/welovecinema.be\/fr\/last-dance-et-la-comedie-du-deuil\/\" \/>\n<meta property=\"og:site_name\" content=\"We Love Cinema\" \/>\n<meta property=\"article:publisher\" content=\"https:\/\/www.facebook.com\/welovecinema.be\" \/>\n<meta property=\"article:published_time\" content=\"2022-10-03T10:04:50+00:00\" \/>\n<meta property=\"article:modified_time\" content=\"2022-10-04T06:15:58+00:00\" \/>\n<meta property=\"og:image\" content=\"https:\/\/welovecinema.be\/wp-content\/uploads\/sites\/2\/2022\/10\/Last-Dance-Delphine-Lehericey.jpeg\" \/>\n\t<meta property=\"og:image:width\" content=\"1280\" \/>\n\t<meta property=\"og:image:height\" content=\"568\" \/>\n\t<meta property=\"og:image:type\" content=\"image\/jpeg\" \/>\n<meta name=\"author\" content=\"Aurore Engelen\" \/>\n<meta name=\"twitter:card\" content=\"summary_large_image\" \/>\n<meta name=\"twitter:label1\" content=\"\u00c9crit par\" \/>\n\t<meta name=\"twitter:data1\" content=\"Aurore Engelen\" \/>\n\t<meta name=\"twitter:label2\" content=\"Dur\u00e9e de lecture estim\u00e9e\" \/>\n\t<meta name=\"twitter:data2\" content=\"2 minutes\" \/>\n<script type=\"application\/ld+json\" class=\"yoast-schema-graph\">{\"@context\":\"https:\/\/schema.org\",\"@graph\":[{\"@type\":\"Article\",\"@id\":\"https:\/\/welovecinema.be\/fr\/last-dance-et-la-comedie-du-deuil\/#article\",\"isPartOf\":{\"@id\":\"https:\/\/welovecinema.be\/fr\/last-dance-et-la-comedie-du-deuil\/\"},\"author\":{\"name\":\"Aurore Engelen\",\"@id\":\"https:\/\/welovecinema.be\/nl\/#\/schema\/person\/8084b68c6b176142d073695c654dc7cf\"},\"headline\":\"\u00ab\u00a0Last Dance\u00a0\u00bb et la com\u00e9die du deuil\",\"datePublished\":\"2022-10-03T10:04:50+00:00\",\"dateModified\":\"2022-10-04T06:15:58+00:00\",\"mainEntityOfPage\":{\"@id\":\"https:\/\/welovecinema.be\/fr\/last-dance-et-la-comedie-du-deuil\/\"},\"wordCount\":461,\"publisher\":{\"@id\":\"https:\/\/welovecinema.be\/nl\/#organization\"},\"keywords\":[\"Delphine Lehericey\",\"Last Dance\",\"newsletter\"],\"articleSection\":[\"A l'affiche\",\"Coming soon\"],\"inLanguage\":\"fr-FR\"},{\"@type\":\"WebPage\",\"@id\":\"https:\/\/welovecinema.be\/fr\/last-dance-et-la-comedie-du-deuil\/\",\"url\":\"https:\/\/welovecinema.be\/fr\/last-dance-et-la-comedie-du-deuil\/\",\"name\":\"\\\"Last Dance\\\" et la com\u00e9die du deuil - We Love Cinema\",\"isPartOf\":{\"@id\":\"https:\/\/welovecinema.be\/nl\/#website\"},\"datePublished\":\"2022-10-03T10:04:50+00:00\",\"dateModified\":\"2022-10-04T06:15:58+00:00\",\"breadcrumb\":{\"@id\":\"https:\/\/welovecinema.be\/fr\/last-dance-et-la-comedie-du-deuil\/#breadcrumb\"},\"inLanguage\":\"fr-FR\",\"potentialAction\":[{\"@type\":\"ReadAction\",\"target\":[\"https:\/\/welovecinema.be\/fr\/last-dance-et-la-comedie-du-deuil\/\"]}]},{\"@type\":\"BreadcrumbList\",\"@id\":\"https:\/\/welovecinema.be\/fr\/last-dance-et-la-comedie-du-deuil\/#breadcrumb\",\"itemListElement\":[{\"@type\":\"ListItem\",\"position\":1,\"name\":\"Accueil\",\"item\":\"https:\/\/welovecinema.be\/fr\/\"},{\"@type\":\"ListItem\",\"position\":2,\"name\":\"\u00ab\u00a0Last Dance\u00a0\u00bb et la com\u00e9die du deuil\"}]},{\"@type\":\"WebSite\",\"@id\":\"https:\/\/welovecinema.be\/nl\/#website\",\"url\":\"https:\/\/welovecinema.be\/nl\/\",\"name\":\"We Love Cinema\",\"description\":\"Toute l\u2019information du cin\u00e9ma en Belgique\",\"publisher\":{\"@id\":\"https:\/\/welovecinema.be\/nl\/#organization\"},\"potentialAction\":[{\"@type\":\"SearchAction\",\"target\":{\"@type\":\"EntryPoint\",\"urlTemplate\":\"https:\/\/welovecinema.be\/nl\/?s={search_term_string}\"},\"query-input\":\"required name=search_term_string\"}],\"inLanguage\":\"fr-FR\"},{\"@type\":\"Organization\",\"@id\":\"https:\/\/welovecinema.be\/nl\/#organization\",\"name\":\"We Love Cinema\",\"url\":\"https:\/\/welovecinema.be\/nl\/\",\"logo\":{\"@type\":\"ImageObject\",\"inLanguage\":\"fr-FR\",\"@id\":\"https:\/\/welovecinema.be\/nl\/#\/schema\/logo\/image\/\",\"url\":\"https:\/\/welovecinema.be\/wp-content\/uploads\/sites\/2\/2023\/03\/Logo-We-Love-Cinema305x128.jpg\",\"contentUrl\":\"https:\/\/welovecinema.be\/wp-content\/uploads\/sites\/2\/2023\/03\/Logo-We-Love-Cinema305x128.jpg\",\"width\":305,\"height\":128,\"caption\":\"We Love Cinema\"},\"image\":{\"@id\":\"https:\/\/welovecinema.be\/nl\/#\/schema\/logo\/image\/\"},\"sameAs\":[\"https:\/\/www.facebook.com\/welovecinema.be\",\"https:\/\/www.youtube.com\/channel\/UCX5LYGVhnKvYauW4Nta4HJA\",\"https:\/\/www.instagram.com\/welovecinema.be\/\"]},{\"@type\":\"Person\",\"@id\":\"https:\/\/welovecinema.be\/nl\/#\/schema\/person\/8084b68c6b176142d073695c654dc7cf\",\"name\":\"Aurore Engelen\",\"url\":\"https:\/\/welovecinema.be\/fr\/author\/aurore-engelen\/\"}]}<\/script>\n<!-- \/ Yoast SEO plugin. -->","yoast_head_json":{"title":"\"Last Dance\" et la com\u00e9die du deuil - We Love Cinema","robots":{"index":"index","follow":"follow","max-snippet":"max-snippet:-1","max-image-preview":"max-image-preview:large","max-video-preview":"max-video-preview:-1"},"canonical":"https:\/\/welovecinema.be\/fr\/last-dance-et-la-comedie-du-deuil\/","og_locale":"fr_FR","og_type":"article","og_title":"\"Last Dance\" et la com\u00e9die du deuil - We Love Cinema","og_description":"Avec Last Dance, Delphine Lehericey livre une com\u00e9die inattendue sur le deuil, ou comment un septuag\u00e9naire surmonte la mort de sa femme en s&rsquo;oubliant dans la danse.\u00a0 Germain est un bon vieux baby boomer. Il vit une retraite paisible dans un confort bourgeois l\u00e9g\u00e8rement l\u00e9nifiant, o\u00f9 les diff\u00e9rentes t\u00e2ches m\u00e9nag\u00e8res, administratives ou domestiques sont manifestement &hellip;","og_url":"https:\/\/welovecinema.be\/fr\/last-dance-et-la-comedie-du-deuil\/","og_site_name":"We Love Cinema","article_publisher":"https:\/\/www.facebook.com\/welovecinema.be","article_published_time":"2022-10-03T10:04:50+00:00","article_modified_time":"2022-10-04T06:15:58+00:00","og_image":[{"width":1280,"height":568,"url":"https:\/\/welovecinema.be\/wp-content\/uploads\/sites\/2\/2022\/10\/Last-Dance-Delphine-Lehericey.jpeg","type":"image\/jpeg"}],"author":"Aurore Engelen","twitter_card":"summary_large_image","twitter_misc":{"\u00c9crit par":"Aurore Engelen","Dur\u00e9e de lecture estim\u00e9e":"2 minutes"},"schema":{"@context":"https:\/\/schema.org","@graph":[{"@type":"Article","@id":"https:\/\/welovecinema.be\/fr\/last-dance-et-la-comedie-du-deuil\/#article","isPartOf":{"@id":"https:\/\/welovecinema.be\/fr\/last-dance-et-la-comedie-du-deuil\/"},"author":{"name":"Aurore Engelen","@id":"https:\/\/welovecinema.be\/nl\/#\/schema\/person\/8084b68c6b176142d073695c654dc7cf"},"headline":"\u00ab\u00a0Last Dance\u00a0\u00bb et la com\u00e9die du deuil","datePublished":"2022-10-03T10:04:50+00:00","dateModified":"2022-10-04T06:15:58+00:00","mainEntityOfPage":{"@id":"https:\/\/welovecinema.be\/fr\/last-dance-et-la-comedie-du-deuil\/"},"wordCount":461,"publisher":{"@id":"https:\/\/welovecinema.be\/nl\/#organization"},"keywords":["Delphine Lehericey","Last Dance","newsletter"],"articleSection":["A l'affiche","Coming soon"],"inLanguage":"fr-FR"},{"@type":"WebPage","@id":"https:\/\/welovecinema.be\/fr\/last-dance-et-la-comedie-du-deuil\/","url":"https:\/\/welovecinema.be\/fr\/last-dance-et-la-comedie-du-deuil\/","name":"\"Last Dance\" et la com\u00e9die du deuil - We Love Cinema","isPartOf":{"@id":"https:\/\/welovecinema.be\/nl\/#website"},"datePublished":"2022-10-03T10:04:50+00:00","dateModified":"2022-10-04T06:15:58+00:00","breadcrumb":{"@id":"https:\/\/welovecinema.be\/fr\/last-dance-et-la-comedie-du-deuil\/#breadcrumb"},"inLanguage":"fr-FR","potentialAction":[{"@type":"ReadAction","target":["https:\/\/welovecinema.be\/fr\/last-dance-et-la-comedie-du-deuil\/"]}]},{"@type":"BreadcrumbList","@id":"https:\/\/welovecinema.be\/fr\/last-dance-et-la-comedie-du-deuil\/#breadcrumb","itemListElement":[{"@type":"ListItem","position":1,"name":"Accueil","item":"https:\/\/welovecinema.be\/fr\/"},{"@type":"ListItem","position":2,"name":"\u00ab\u00a0Last Dance\u00a0\u00bb et la com\u00e9die du deuil"}]},{"@type":"WebSite","@id":"https:\/\/welovecinema.be\/nl\/#website","url":"https:\/\/welovecinema.be\/nl\/","name":"We Love Cinema","description":"Toute l\u2019information du cin\u00e9ma en Belgique","publisher":{"@id":"https:\/\/welovecinema.be\/nl\/#organization"},"potentialAction":[{"@type":"SearchAction","target":{"@type":"EntryPoint","urlTemplate":"https:\/\/welovecinema.be\/nl\/?s={search_term_string}"},"query-input":"required name=search_term_string"}],"inLanguage":"fr-FR"},{"@type":"Organization","@id":"https:\/\/welovecinema.be\/nl\/#organization","name":"We Love Cinema","url":"https:\/\/welovecinema.be\/nl\/","logo":{"@type":"ImageObject","inLanguage":"fr-FR","@id":"https:\/\/welovecinema.be\/nl\/#\/schema\/logo\/image\/","url":"https:\/\/welovecinema.be\/wp-content\/uploads\/sites\/2\/2023\/03\/Logo-We-Love-Cinema305x128.jpg","contentUrl":"https:\/\/welovecinema.be\/wp-content\/uploads\/sites\/2\/2023\/03\/Logo-We-Love-Cinema305x128.jpg","width":305,"height":128,"caption":"We Love Cinema"},"image":{"@id":"https:\/\/welovecinema.be\/nl\/#\/schema\/logo\/image\/"},"sameAs":["https:\/\/www.facebook.com\/welovecinema.be","https:\/\/www.youtube.com\/channel\/UCX5LYGVhnKvYauW4Nta4HJA","https:\/\/www.instagram.com\/welovecinema.be\/"]},{"@type":"Person","@id":"https:\/\/welovecinema.be\/nl\/#\/schema\/person\/8084b68c6b176142d073695c654dc7cf","name":"Aurore Engelen","url":"https:\/\/welovecinema.be\/fr\/author\/aurore-engelen\/"}]}},"_links":{"self":[{"href":"https:\/\/welovecinema.be\/fr\/wp-json\/wp\/v2\/posts\/247098","targetHints":{"allow":["GET"]}}],"collection":[{"href":"https:\/\/welovecinema.be\/fr\/wp-json\/wp\/v2\/posts"}],"about":[{"href":"https:\/\/welovecinema.be\/fr\/wp-json\/wp\/v2\/types\/post"}],"author":[{"embeddable":true,"href":"https:\/\/welovecinema.be\/fr\/wp-json\/wp\/v2\/users\/343"}],"replies":[{"embeddable":true,"href":"https:\/\/welovecinema.be\/fr\/wp-json\/wp\/v2\/comments?post=247098"}],"version-history":[{"count":0,"href":"https:\/\/welovecinema.be\/fr\/wp-json\/wp\/v2\/posts\/247098\/revisions"}],"wp:featuredmedia":[{"embeddable":true,"href":"https:\/\/welovecinema.be\/fr\/wp-json\/wp\/v2\/media\/247101"}],"wp:attachment":[{"href":"https:\/\/welovecinema.be\/fr\/wp-json\/wp\/v2\/media?parent=247098"}],"wp:term":[{"taxonomy":"category","embeddable":true,"href":"https:\/\/welovecinema.be\/fr\/wp-json\/wp\/v2\/categories?post=247098"},{"taxonomy":"post_tag","embeddable":true,"href":"https:\/\/welovecinema.be\/fr\/wp-json\/wp\/v2\/tags?post=247098"}],"curies":[{"name":"wp","href":"https:\/\/api.w.org\/{rel}","templated":true}]}}