{"id":246896,"date":"2022-09-22T17:04:01","date_gmt":"2022-09-22T15:04:01","guid":{"rendered":"https:\/\/www.cinevox.be\/?p=246896"},"modified":"2022-09-26T10:46:33","modified_gmt":"2022-09-26T08:46:33","slug":"astrid-whettnall-a-propos-du-film-le-tigre-et-le-president","status":"publish","type":"post","link":"https:\/\/welovecinema.be\/fr\/astrid-whettnall-a-propos-du-film-le-tigre-et-le-president\/","title":{"rendered":"Astrid Whettnall, \u00e0 propos du film \u00ab\u00a0Le Tigre et le Pr\u00e9sident\u00a0\u00bb"},"content":{"rendered":"<p><strong>La com\u00e9dienne belge Astrid Whettnall nous parle du film de Jean-Marc Peyrefitte <em>Le Tigre et le Pr\u00e9sident<\/em>, avec Jacques Gamblin et Andr\u00e9 Dussollier, dans lequel elle joue le r\u00f4le de Germaine Deschanel, une com\u00e9die populaire, historique, burlesque, humaniste, surr\u00e9aliste, tendre et dr\u00f4le, dans les salles belges depuis ce mercredi!<\/strong><\/p>\n","protected":false},"excerpt":{"rendered":"<p>La com\u00e9dienne belge Astrid Whettnall nous parle du film de Jean-Marc Peyrefitte Le Tigre et le Pr\u00e9sident, avec Jacques Gamblin et Andr\u00e9 Dussollier, dans lequel elle joue le r\u00f4le de Germaine Deschanel, une com\u00e9die populaire, historique, burlesque, humaniste, surr\u00e9aliste, tendre et dr\u00f4le, dans les salles belges depuis ce mercredi!<\/p>\n","protected":false},"author":343,"featured_media":246897,"comment_status":"closed","ping_status":"closed","sticky":false,"template":"","format":"standard","meta":{"ngg_post_thumbnail":0,"footnotes":""},"categories":[1978],"tags":[3079,4187],"class_list":["post-246896","post","type-post","status-publish","format-standard","has-post-thumbnail","","category-interviews","tag-astrid-whettnall","tag-newsletter-fr"],"yoast_head":"<!-- This site is optimized with the Yoast SEO plugin v20.4 - https:\/\/yoast.com\/wordpress\/plugins\/seo\/ -->\n<title>Astrid Whettnall, \u00e0 propos du film &quot;Le Tigre et le Pr\u00e9sident&quot; - We Love Cinema<\/title>\n<meta name=\"robots\" content=\"index, follow, max-snippet:-1, max-image-preview:large, max-video-preview:-1\" \/>\n<link rel=\"canonical\" href=\"https:\/\/welovecinema.be\/fr\/astrid-whettnall-a-propos-du-film-le-tigre-et-le-president\/\" \/>\n<meta property=\"og:locale\" content=\"fr_FR\" \/>\n<meta property=\"og:type\" content=\"article\" \/>\n<meta property=\"og:title\" content=\"Astrid Whettnall, \u00e0 propos du film &quot;Le Tigre et le Pr\u00e9sident&quot; - We Love Cinema\" \/>\n<meta property=\"og:description\" content=\"La com\u00e9dienne belge Astrid Whettnall nous parle du film de Jean-Marc Peyrefitte Le Tigre et le Pr\u00e9sident, avec Jacques Gamblin et Andr\u00e9 Dussollier, dans lequel elle joue le r\u00f4le de Germaine Deschanel, une com\u00e9die populaire, historique, burlesque, humaniste, surr\u00e9aliste, tendre et dr\u00f4le, dans les salles belges depuis ce mercredi!\" \/>\n<meta property=\"og:url\" content=\"https:\/\/welovecinema.be\/fr\/astrid-whettnall-a-propos-du-film-le-tigre-et-le-president\/\" \/>\n<meta property=\"og:site_name\" content=\"We Love Cinema\" \/>\n<meta property=\"article:publisher\" content=\"https:\/\/www.facebook.com\/welovecinema.be\" \/>\n<meta property=\"article:published_time\" content=\"2022-09-22T15:04:01+00:00\" \/>\n<meta property=\"article:modified_time\" content=\"2022-09-26T08:46:33+00:00\" \/>\n<meta property=\"og:image\" content=\"https:\/\/welovecinema.be\/wp-content\/uploads\/sites\/2\/2022\/09\/Astrrid-Whettnall-Cinevox.jpg\" \/>\n\t<meta property=\"og:image:width\" content=\"1436\" \/>\n\t<meta property=\"og:image:height\" content=\"806\" \/>\n\t<meta property=\"og:image:type\" content=\"image\/jpeg\" \/>\n<meta name=\"author\" content=\"Aurore Engelen\" \/>\n<meta name=\"twitter:card\" content=\"summary_large_image\" \/>\n<meta name=\"twitter:label1\" content=\"\u00c9crit par\" \/>\n\t<meta name=\"twitter:data1\" content=\"Aurore Engelen\" \/>\n<script type=\"application\/ld+json\" class=\"yoast-schema-graph\">{\"@context\":\"https:\/\/schema.org\",\"@graph\":[{\"@type\":\"Article\",\"@id\":\"https:\/\/welovecinema.be\/fr\/astrid-whettnall-a-propos-du-film-le-tigre-et-le-president\/#article\",\"isPartOf\":{\"@id\":\"https:\/\/welovecinema.be\/fr\/astrid-whettnall-a-propos-du-film-le-tigre-et-le-president\/\"},\"author\":{\"name\":\"Aurore Engelen\",\"@id\":\"https:\/\/welovecinema.be\/nl\/#\/schema\/person\/8084b68c6b176142d073695c654dc7cf\"},\"headline\":\"Astrid Whettnall, \u00e0 propos du film \u00ab\u00a0Le Tigre et le Pr\u00e9sident\u00a0\u00bb\",\"datePublished\":\"2022-09-22T15:04:01+00:00\",\"dateModified\":\"2022-09-26T08:46:33+00:00\",\"mainEntityOfPage\":{\"@id\":\"https:\/\/welovecinema.be\/fr\/astrid-whettnall-a-propos-du-film-le-tigre-et-le-president\/\"},\"wordCount\":66,\"publisher\":{\"@id\":\"https:\/\/welovecinema.be\/nl\/#organization\"},\"keywords\":[\"Astrid Whettnall\",\"newsletter\"],\"articleSection\":[\"Rencontres\"],\"inLanguage\":\"fr-FR\"},{\"@type\":\"WebPage\",\"@id\":\"https:\/\/welovecinema.be\/fr\/astrid-whettnall-a-propos-du-film-le-tigre-et-le-president\/\",\"url\":\"https:\/\/welovecinema.be\/fr\/astrid-whettnall-a-propos-du-film-le-tigre-et-le-president\/\",\"name\":\"Astrid Whettnall, \u00e0 propos du film \\\"Le Tigre et le Pr\u00e9sident\\\" - We Love Cinema\",\"isPartOf\":{\"@id\":\"https:\/\/welovecinema.be\/nl\/#website\"},\"datePublished\":\"2022-09-22T15:04:01+00:00\",\"dateModified\":\"2022-09-26T08:46:33+00:00\",\"breadcrumb\":{\"@id\":\"https:\/\/welovecinema.be\/fr\/astrid-whettnall-a-propos-du-film-le-tigre-et-le-president\/#breadcrumb\"},\"inLanguage\":\"fr-FR\",\"potentialAction\":[{\"@type\":\"ReadAction\",\"target\":[\"https:\/\/welovecinema.be\/fr\/astrid-whettnall-a-propos-du-film-le-tigre-et-le-president\/\"]}]},{\"@type\":\"BreadcrumbList\",\"@id\":\"https:\/\/welovecinema.be\/fr\/astrid-whettnall-a-propos-du-film-le-tigre-et-le-president\/#breadcrumb\",\"itemListElement\":[{\"@type\":\"ListItem\",\"position\":1,\"name\":\"Accueil\",\"item\":\"https:\/\/welovecinema.be\/fr\/\"},{\"@type\":\"ListItem\",\"position\":2,\"name\":\"Astrid Whettnall, \u00e0 propos du film \u00ab\u00a0Le Tigre et le Pr\u00e9sident\u00a0\u00bb\"}]},{\"@type\":\"WebSite\",\"@id\":\"https:\/\/welovecinema.be\/nl\/#website\",\"url\":\"https:\/\/welovecinema.be\/nl\/\",\"name\":\"We Love Cinema\",\"description\":\"Toute l\u2019information du cin\u00e9ma en Belgique\",\"publisher\":{\"@id\":\"https:\/\/welovecinema.be\/nl\/#organization\"},\"potentialAction\":[{\"@type\":\"SearchAction\",\"target\":{\"@type\":\"EntryPoint\",\"urlTemplate\":\"https:\/\/welovecinema.be\/nl\/?s={search_term_string}\"},\"query-input\":\"required name=search_term_string\"}],\"inLanguage\":\"fr-FR\"},{\"@type\":\"Organization\",\"@id\":\"https:\/\/welovecinema.be\/nl\/#organization\",\"name\":\"We Love Cinema\",\"url\":\"https:\/\/welovecinema.be\/nl\/\",\"logo\":{\"@type\":\"ImageObject\",\"inLanguage\":\"fr-FR\",\"@id\":\"https:\/\/welovecinema.be\/nl\/#\/schema\/logo\/image\/\",\"url\":\"https:\/\/welovecinema.be\/wp-content\/uploads\/sites\/2\/2023\/03\/Logo-We-Love-Cinema305x128.jpg\",\"contentUrl\":\"https:\/\/welovecinema.be\/wp-content\/uploads\/sites\/2\/2023\/03\/Logo-We-Love-Cinema305x128.jpg\",\"width\":305,\"height\":128,\"caption\":\"We Love Cinema\"},\"image\":{\"@id\":\"https:\/\/welovecinema.be\/nl\/#\/schema\/logo\/image\/\"},\"sameAs\":[\"https:\/\/www.facebook.com\/welovecinema.be\",\"https:\/\/www.youtube.com\/channel\/UCX5LYGVhnKvYauW4Nta4HJA\",\"https:\/\/www.instagram.com\/welovecinema.be\/\"]},{\"@type\":\"Person\",\"@id\":\"https:\/\/welovecinema.be\/nl\/#\/schema\/person\/8084b68c6b176142d073695c654dc7cf\",\"name\":\"Aurore Engelen\",\"url\":\"https:\/\/welovecinema.be\/fr\/author\/aurore-engelen\/\"}]}<\/script>\n<!-- \/ Yoast SEO plugin. -->","yoast_head_json":{"title":"Astrid Whettnall, \u00e0 propos du film \"Le Tigre et le Pr\u00e9sident\" - We Love Cinema","robots":{"index":"index","follow":"follow","max-snippet":"max-snippet:-1","max-image-preview":"max-image-preview:large","max-video-preview":"max-video-preview:-1"},"canonical":"https:\/\/welovecinema.be\/fr\/astrid-whettnall-a-propos-du-film-le-tigre-et-le-president\/","og_locale":"fr_FR","og_type":"article","og_title":"Astrid Whettnall, \u00e0 propos du film \"Le Tigre et le Pr\u00e9sident\" - We Love Cinema","og_description":"La com\u00e9dienne belge Astrid Whettnall nous parle du film de Jean-Marc Peyrefitte Le Tigre et le Pr\u00e9sident, avec Jacques Gamblin et Andr\u00e9 Dussollier, dans lequel elle joue le r\u00f4le de Germaine Deschanel, une com\u00e9die populaire, historique, burlesque, humaniste, surr\u00e9aliste, tendre et dr\u00f4le, dans les salles belges depuis ce mercredi!","og_url":"https:\/\/welovecinema.be\/fr\/astrid-whettnall-a-propos-du-film-le-tigre-et-le-president\/","og_site_name":"We Love Cinema","article_publisher":"https:\/\/www.facebook.com\/welovecinema.be","article_published_time":"2022-09-22T15:04:01+00:00","article_modified_time":"2022-09-26T08:46:33+00:00","og_image":[{"width":1436,"height":806,"url":"https:\/\/welovecinema.be\/wp-content\/uploads\/sites\/2\/2022\/09\/Astrrid-Whettnall-Cinevox.jpg","type":"image\/jpeg"}],"author":"Aurore Engelen","twitter_card":"summary_large_image","twitter_misc":{"\u00c9crit par":"Aurore Engelen"},"schema":{"@context":"https:\/\/schema.org","@graph":[{"@type":"Article","@id":"https:\/\/welovecinema.be\/fr\/astrid-whettnall-a-propos-du-film-le-tigre-et-le-president\/#article","isPartOf":{"@id":"https:\/\/welovecinema.be\/fr\/astrid-whettnall-a-propos-du-film-le-tigre-et-le-president\/"},"author":{"name":"Aurore Engelen","@id":"https:\/\/welovecinema.be\/nl\/#\/schema\/person\/8084b68c6b176142d073695c654dc7cf"},"headline":"Astrid Whettnall, \u00e0 propos du film \u00ab\u00a0Le Tigre et le Pr\u00e9sident\u00a0\u00bb","datePublished":"2022-09-22T15:04:01+00:00","dateModified":"2022-09-26T08:46:33+00:00","mainEntityOfPage":{"@id":"https:\/\/welovecinema.be\/fr\/astrid-whettnall-a-propos-du-film-le-tigre-et-le-president\/"},"wordCount":66,"publisher":{"@id":"https:\/\/welovecinema.be\/nl\/#organization"},"keywords":["Astrid Whettnall","newsletter"],"articleSection":["Rencontres"],"inLanguage":"fr-FR"},{"@type":"WebPage","@id":"https:\/\/welovecinema.be\/fr\/astrid-whettnall-a-propos-du-film-le-tigre-et-le-president\/","url":"https:\/\/welovecinema.be\/fr\/astrid-whettnall-a-propos-du-film-le-tigre-et-le-president\/","name":"Astrid Whettnall, \u00e0 propos du film \"Le Tigre et le Pr\u00e9sident\" - We Love Cinema","isPartOf":{"@id":"https:\/\/welovecinema.be\/nl\/#website"},"datePublished":"2022-09-22T15:04:01+00:00","dateModified":"2022-09-26T08:46:33+00:00","breadcrumb":{"@id":"https:\/\/welovecinema.be\/fr\/astrid-whettnall-a-propos-du-film-le-tigre-et-le-president\/#breadcrumb"},"inLanguage":"fr-FR","potentialAction":[{"@type":"ReadAction","target":["https:\/\/welovecinema.be\/fr\/astrid-whettnall-a-propos-du-film-le-tigre-et-le-president\/"]}]},{"@type":"BreadcrumbList","@id":"https:\/\/welovecinema.be\/fr\/astrid-whettnall-a-propos-du-film-le-tigre-et-le-president\/#breadcrumb","itemListElement":[{"@type":"ListItem","position":1,"name":"Accueil","item":"https:\/\/welovecinema.be\/fr\/"},{"@type":"ListItem","position":2,"name":"Astrid Whettnall, \u00e0 propos du film \u00ab\u00a0Le Tigre et le Pr\u00e9sident\u00a0\u00bb"}]},{"@type":"WebSite","@id":"https:\/\/welovecinema.be\/nl\/#website","url":"https:\/\/welovecinema.be\/nl\/","name":"We Love Cinema","description":"Toute l\u2019information du cin\u00e9ma en Belgique","publisher":{"@id":"https:\/\/welovecinema.be\/nl\/#organization"},"potentialAction":[{"@type":"SearchAction","target":{"@type":"EntryPoint","urlTemplate":"https:\/\/welovecinema.be\/nl\/?s={search_term_string}"},"query-input":"required name=search_term_string"}],"inLanguage":"fr-FR"},{"@type":"Organization","@id":"https:\/\/welovecinema.be\/nl\/#organization","name":"We Love Cinema","url":"https:\/\/welovecinema.be\/nl\/","logo":{"@type":"ImageObject","inLanguage":"fr-FR","@id":"https:\/\/welovecinema.be\/nl\/#\/schema\/logo\/image\/","url":"https:\/\/welovecinema.be\/wp-content\/uploads\/sites\/2\/2023\/03\/Logo-We-Love-Cinema305x128.jpg","contentUrl":"https:\/\/welovecinema.be\/wp-content\/uploads\/sites\/2\/2023\/03\/Logo-We-Love-Cinema305x128.jpg","width":305,"height":128,"caption":"We Love Cinema"},"image":{"@id":"https:\/\/welovecinema.be\/nl\/#\/schema\/logo\/image\/"},"sameAs":["https:\/\/www.facebook.com\/welovecinema.be","https:\/\/www.youtube.com\/channel\/UCX5LYGVhnKvYauW4Nta4HJA","https:\/\/www.instagram.com\/welovecinema.be\/"]},{"@type":"Person","@id":"https:\/\/welovecinema.be\/nl\/#\/schema\/person\/8084b68c6b176142d073695c654dc7cf","name":"Aurore Engelen","url":"https:\/\/welovecinema.be\/fr\/author\/aurore-engelen\/"}]}},"_links":{"self":[{"href":"https:\/\/welovecinema.be\/fr\/wp-json\/wp\/v2\/posts\/246896","targetHints":{"allow":["GET"]}}],"collection":[{"href":"https:\/\/welovecinema.be\/fr\/wp-json\/wp\/v2\/posts"}],"about":[{"href":"https:\/\/welovecinema.be\/fr\/wp-json\/wp\/v2\/types\/post"}],"author":[{"embeddable":true,"href":"https:\/\/welovecinema.be\/fr\/wp-json\/wp\/v2\/users\/343"}],"replies":[{"embeddable":true,"href":"https:\/\/welovecinema.be\/fr\/wp-json\/wp\/v2\/comments?post=246896"}],"version-history":[{"count":0,"href":"https:\/\/welovecinema.be\/fr\/wp-json\/wp\/v2\/posts\/246896\/revisions"}],"wp:featuredmedia":[{"embeddable":true,"href":"https:\/\/welovecinema.be\/fr\/wp-json\/wp\/v2\/media\/246897"}],"wp:attachment":[{"href":"https:\/\/welovecinema.be\/fr\/wp-json\/wp\/v2\/media?parent=246896"}],"wp:term":[{"taxonomy":"category","embeddable":true,"href":"https:\/\/welovecinema.be\/fr\/wp-json\/wp\/v2\/categories?post=246896"},{"taxonomy":"post_tag","embeddable":true,"href":"https:\/\/welovecinema.be\/fr\/wp-json\/wp\/v2\/tags?post=246896"}],"curies":[{"name":"wp","href":"https:\/\/api.w.org\/{rel}","templated":true}]}}