{"id":246876,"date":"2022-09-22T09:57:46","date_gmt":"2022-09-22T07:57:46","guid":{"rendered":"https:\/\/www.cinevox.be\/?p=246876"},"modified":"2022-09-22T12:28:35","modified_gmt":"2022-09-22T10:28:35","slug":"bande-annonce-la-guerre-des-lulus-avec-francois-damiens","status":"publish","type":"post","link":"https:\/\/welovecinema.be\/fr\/bande-annonce-la-guerre-des-lulus-avec-francois-damiens\/","title":{"rendered":"Bande-annonce: \u00ab\u00a0La Guerre des Lulus\u00a0\u00bb avec Fran\u00e7ois Damiens"},"content":{"rendered":"<p><strong>Le com\u00e9dien belge est \u00e0 l&rsquo;affiche du nouveau film de Yann Samuell, <em>La Guerre des Lulus<\/em>, fresque historique familiale adapt\u00e9e des BD de R\u00e9gis Hauti\u00e8re et Hardoc, qui sortira d\u00e9but 2023.<\/strong><\/p>\n<p>\u00c0 l\u2019aube de la Premi\u00e8re Guerre mondiale, dans un village de Picardie, quatre amis ins\u00e9parables, Lucas, Luigi, Lucien et Ludwig, forment la bande des Lulus. Ces orphelins sont toujours pr\u00eats \u00e0 unir leurs forces pour affronter la bande rivale d\u2019Octave ou pour \u00e9chapper \u00e0 la surveillance de l\u2019Abb\u00e9 Turpin\u2026 Lorsque l\u2019orphelinat de l\u2019Abbaye de Valencourt est \u00e9vacu\u00e9 en urgence, les Lulus manquent \u00e0 l\u2019appel. Oubli\u00e9s derri\u00e8re la ligne de front ennemie, les voil\u00e0 livr\u00e9s \u00e0 eux-m\u00eames en plein conflit. Bient\u00f4t rejoints par Luce, une jeune fille s\u00e9par\u00e9e de ses parents, ils d\u00e9cident co\u00fbte que co\u00fbte de rejoindre la Suisse, le \u00ab pays jamais en guerre \u00bb&#8230; les voil\u00e0 projet\u00e9s avec toute l\u2019innocence et la na\u00efvet\u00e9 de leur \u00e2ge dans une aventure \u00e0 laquelle rien ni personne ne les a pr\u00e9par\u00e9s !<\/p>\n","protected":false},"excerpt":{"rendered":"<p>Le com\u00e9dien belge est \u00e0 l&rsquo;affiche du nouveau film de Yann Samuell, La Guerre des Lulus, fresque historique familiale adapt\u00e9e des BD de R\u00e9gis Hauti\u00e8re et Hardoc, qui sortira d\u00e9but 2023. \u00c0 l\u2019aube de la Premi\u00e8re Guerre mondiale, dans un village de Picardie, quatre amis ins\u00e9parables, Lucas, Luigi, Lucien et Ludwig, forment la bande des &hellip;<\/p>\n","protected":false},"author":343,"featured_media":246877,"comment_status":"closed","ping_status":"closed","sticky":false,"template":"","format":"standard","meta":{"ngg_post_thumbnail":0,"footnotes":""},"categories":[1923],"tags":[4177,4187],"class_list":["post-246876","post","type-post","status-publish","format-standard","has-post-thumbnail","","category-en-bref","tag-francois-damiens-2","tag-newsletter-fr"],"yoast_head":"<!-- This site is optimized with the Yoast SEO plugin v20.4 - https:\/\/yoast.com\/wordpress\/plugins\/seo\/ -->\n<title>Bande-annonce: &quot;La Guerre des Lulus&quot; avec Fran\u00e7ois Damiens - We Love Cinema<\/title>\n<meta name=\"robots\" content=\"index, follow, max-snippet:-1, max-image-preview:large, max-video-preview:-1\" \/>\n<link rel=\"canonical\" href=\"https:\/\/welovecinema.be\/fr\/bande-annonce-la-guerre-des-lulus-avec-francois-damiens\/\" \/>\n<meta property=\"og:locale\" content=\"fr_FR\" \/>\n<meta property=\"og:type\" content=\"article\" \/>\n<meta property=\"og:title\" content=\"Bande-annonce: &quot;La Guerre des Lulus&quot; avec Fran\u00e7ois Damiens - We Love Cinema\" \/>\n<meta property=\"og:description\" content=\"Le com\u00e9dien belge est \u00e0 l&rsquo;affiche du nouveau film de Yann Samuell, La Guerre des Lulus, fresque historique familiale adapt\u00e9e des BD de R\u00e9gis Hauti\u00e8re et Hardoc, qui sortira d\u00e9but 2023. \u00c0 l\u2019aube de la Premi\u00e8re Guerre mondiale, dans un village de Picardie, quatre amis ins\u00e9parables, Lucas, Luigi, Lucien et Ludwig, forment la bande des &hellip;\" \/>\n<meta property=\"og:url\" content=\"https:\/\/welovecinema.be\/fr\/bande-annonce-la-guerre-des-lulus-avec-francois-damiens\/\" \/>\n<meta property=\"og:site_name\" content=\"We Love Cinema\" \/>\n<meta property=\"article:publisher\" content=\"https:\/\/www.facebook.com\/welovecinema.be\" \/>\n<meta property=\"article:published_time\" content=\"2022-09-22T07:57:46+00:00\" \/>\n<meta property=\"article:modified_time\" content=\"2022-09-22T10:28:35+00:00\" \/>\n<meta property=\"og:image\" content=\"https:\/\/welovecinema.be\/wp-content\/uploads\/sites\/2\/2022\/09\/Capture-de\u0301cran-2022-09-22-a\u0300-09.54.15-800x338.png\" \/>\n\t<meta property=\"og:image:width\" content=\"800\" \/>\n\t<meta property=\"og:image:height\" content=\"338\" \/>\n\t<meta property=\"og:image:type\" content=\"image\/png\" \/>\n<meta name=\"author\" content=\"Aurore Engelen\" \/>\n<meta name=\"twitter:card\" content=\"summary_large_image\" \/>\n<meta name=\"twitter:label1\" content=\"\u00c9crit par\" \/>\n\t<meta name=\"twitter:data1\" content=\"Aurore Engelen\" \/>\n\t<meta name=\"twitter:label2\" content=\"Dur\u00e9e de lecture estim\u00e9e\" \/>\n\t<meta name=\"twitter:data2\" content=\"1 minute\" \/>\n<script type=\"application\/ld+json\" class=\"yoast-schema-graph\">{\"@context\":\"https:\/\/schema.org\",\"@graph\":[{\"@type\":\"Article\",\"@id\":\"https:\/\/welovecinema.be\/fr\/bande-annonce-la-guerre-des-lulus-avec-francois-damiens\/#article\",\"isPartOf\":{\"@id\":\"https:\/\/welovecinema.be\/fr\/bande-annonce-la-guerre-des-lulus-avec-francois-damiens\/\"},\"author\":{\"name\":\"Aurore Engelen\",\"@id\":\"https:\/\/welovecinema.be\/nl\/#\/schema\/person\/8084b68c6b176142d073695c654dc7cf\"},\"headline\":\"Bande-annonce: \u00ab\u00a0La Guerre des Lulus\u00a0\u00bb avec Fran\u00e7ois Damiens\",\"datePublished\":\"2022-09-22T07:57:46+00:00\",\"dateModified\":\"2022-09-22T10:28:35+00:00\",\"mainEntityOfPage\":{\"@id\":\"https:\/\/welovecinema.be\/fr\/bande-annonce-la-guerre-des-lulus-avec-francois-damiens\/\"},\"wordCount\":190,\"publisher\":{\"@id\":\"https:\/\/welovecinema.be\/nl\/#organization\"},\"keywords\":[\"Fran\u00e7ois Damiens\",\"newsletter\"],\"articleSection\":[\"En bref\"],\"inLanguage\":\"fr-FR\"},{\"@type\":\"WebPage\",\"@id\":\"https:\/\/welovecinema.be\/fr\/bande-annonce-la-guerre-des-lulus-avec-francois-damiens\/\",\"url\":\"https:\/\/welovecinema.be\/fr\/bande-annonce-la-guerre-des-lulus-avec-francois-damiens\/\",\"name\":\"Bande-annonce: \\\"La Guerre des Lulus\\\" avec Fran\u00e7ois Damiens - We Love Cinema\",\"isPartOf\":{\"@id\":\"https:\/\/welovecinema.be\/nl\/#website\"},\"datePublished\":\"2022-09-22T07:57:46+00:00\",\"dateModified\":\"2022-09-22T10:28:35+00:00\",\"breadcrumb\":{\"@id\":\"https:\/\/welovecinema.be\/fr\/bande-annonce-la-guerre-des-lulus-avec-francois-damiens\/#breadcrumb\"},\"inLanguage\":\"fr-FR\",\"potentialAction\":[{\"@type\":\"ReadAction\",\"target\":[\"https:\/\/welovecinema.be\/fr\/bande-annonce-la-guerre-des-lulus-avec-francois-damiens\/\"]}]},{\"@type\":\"BreadcrumbList\",\"@id\":\"https:\/\/welovecinema.be\/fr\/bande-annonce-la-guerre-des-lulus-avec-francois-damiens\/#breadcrumb\",\"itemListElement\":[{\"@type\":\"ListItem\",\"position\":1,\"name\":\"Accueil\",\"item\":\"https:\/\/welovecinema.be\/fr\/\"},{\"@type\":\"ListItem\",\"position\":2,\"name\":\"Bande-annonce: \u00ab\u00a0La Guerre des Lulus\u00a0\u00bb avec Fran\u00e7ois Damiens\"}]},{\"@type\":\"WebSite\",\"@id\":\"https:\/\/welovecinema.be\/nl\/#website\",\"url\":\"https:\/\/welovecinema.be\/nl\/\",\"name\":\"We Love Cinema\",\"description\":\"Toute l\u2019information du cin\u00e9ma en Belgique\",\"publisher\":{\"@id\":\"https:\/\/welovecinema.be\/nl\/#organization\"},\"potentialAction\":[{\"@type\":\"SearchAction\",\"target\":{\"@type\":\"EntryPoint\",\"urlTemplate\":\"https:\/\/welovecinema.be\/nl\/?s={search_term_string}\"},\"query-input\":\"required name=search_term_string\"}],\"inLanguage\":\"fr-FR\"},{\"@type\":\"Organization\",\"@id\":\"https:\/\/welovecinema.be\/nl\/#organization\",\"name\":\"We Love Cinema\",\"url\":\"https:\/\/welovecinema.be\/nl\/\",\"logo\":{\"@type\":\"ImageObject\",\"inLanguage\":\"fr-FR\",\"@id\":\"https:\/\/welovecinema.be\/nl\/#\/schema\/logo\/image\/\",\"url\":\"https:\/\/welovecinema.be\/wp-content\/uploads\/sites\/2\/2023\/03\/Logo-We-Love-Cinema305x128.jpg\",\"contentUrl\":\"https:\/\/welovecinema.be\/wp-content\/uploads\/sites\/2\/2023\/03\/Logo-We-Love-Cinema305x128.jpg\",\"width\":305,\"height\":128,\"caption\":\"We Love Cinema\"},\"image\":{\"@id\":\"https:\/\/welovecinema.be\/nl\/#\/schema\/logo\/image\/\"},\"sameAs\":[\"https:\/\/www.facebook.com\/welovecinema.be\",\"https:\/\/www.youtube.com\/channel\/UCX5LYGVhnKvYauW4Nta4HJA\",\"https:\/\/www.instagram.com\/welovecinema.be\/\"]},{\"@type\":\"Person\",\"@id\":\"https:\/\/welovecinema.be\/nl\/#\/schema\/person\/8084b68c6b176142d073695c654dc7cf\",\"name\":\"Aurore Engelen\",\"url\":\"https:\/\/welovecinema.be\/fr\/author\/aurore-engelen\/\"}]}<\/script>\n<!-- \/ Yoast SEO plugin. -->","yoast_head_json":{"title":"Bande-annonce: \"La Guerre des Lulus\" avec Fran\u00e7ois Damiens - We Love Cinema","robots":{"index":"index","follow":"follow","max-snippet":"max-snippet:-1","max-image-preview":"max-image-preview:large","max-video-preview":"max-video-preview:-1"},"canonical":"https:\/\/welovecinema.be\/fr\/bande-annonce-la-guerre-des-lulus-avec-francois-damiens\/","og_locale":"fr_FR","og_type":"article","og_title":"Bande-annonce: \"La Guerre des Lulus\" avec Fran\u00e7ois Damiens - We Love Cinema","og_description":"Le com\u00e9dien belge est \u00e0 l&rsquo;affiche du nouveau film de Yann Samuell, La Guerre des Lulus, fresque historique familiale adapt\u00e9e des BD de R\u00e9gis Hauti\u00e8re et Hardoc, qui sortira d\u00e9but 2023. \u00c0 l\u2019aube de la Premi\u00e8re Guerre mondiale, dans un village de Picardie, quatre amis ins\u00e9parables, Lucas, Luigi, Lucien et Ludwig, forment la bande des &hellip;","og_url":"https:\/\/welovecinema.be\/fr\/bande-annonce-la-guerre-des-lulus-avec-francois-damiens\/","og_site_name":"We Love Cinema","article_publisher":"https:\/\/www.facebook.com\/welovecinema.be","article_published_time":"2022-09-22T07:57:46+00:00","article_modified_time":"2022-09-22T10:28:35+00:00","og_image":[{"width":800,"height":338,"url":"https:\/\/welovecinema.be\/wp-content\/uploads\/sites\/2\/2022\/09\/Capture-de\u0301cran-2022-09-22-a\u0300-09.54.15-800x338.png","type":"image\/png"}],"author":"Aurore Engelen","twitter_card":"summary_large_image","twitter_misc":{"\u00c9crit par":"Aurore Engelen","Dur\u00e9e de lecture estim\u00e9e":"1 minute"},"schema":{"@context":"https:\/\/schema.org","@graph":[{"@type":"Article","@id":"https:\/\/welovecinema.be\/fr\/bande-annonce-la-guerre-des-lulus-avec-francois-damiens\/#article","isPartOf":{"@id":"https:\/\/welovecinema.be\/fr\/bande-annonce-la-guerre-des-lulus-avec-francois-damiens\/"},"author":{"name":"Aurore Engelen","@id":"https:\/\/welovecinema.be\/nl\/#\/schema\/person\/8084b68c6b176142d073695c654dc7cf"},"headline":"Bande-annonce: \u00ab\u00a0La Guerre des Lulus\u00a0\u00bb avec Fran\u00e7ois Damiens","datePublished":"2022-09-22T07:57:46+00:00","dateModified":"2022-09-22T10:28:35+00:00","mainEntityOfPage":{"@id":"https:\/\/welovecinema.be\/fr\/bande-annonce-la-guerre-des-lulus-avec-francois-damiens\/"},"wordCount":190,"publisher":{"@id":"https:\/\/welovecinema.be\/nl\/#organization"},"keywords":["Fran\u00e7ois Damiens","newsletter"],"articleSection":["En bref"],"inLanguage":"fr-FR"},{"@type":"WebPage","@id":"https:\/\/welovecinema.be\/fr\/bande-annonce-la-guerre-des-lulus-avec-francois-damiens\/","url":"https:\/\/welovecinema.be\/fr\/bande-annonce-la-guerre-des-lulus-avec-francois-damiens\/","name":"Bande-annonce: \"La Guerre des Lulus\" avec Fran\u00e7ois Damiens - We Love Cinema","isPartOf":{"@id":"https:\/\/welovecinema.be\/nl\/#website"},"datePublished":"2022-09-22T07:57:46+00:00","dateModified":"2022-09-22T10:28:35+00:00","breadcrumb":{"@id":"https:\/\/welovecinema.be\/fr\/bande-annonce-la-guerre-des-lulus-avec-francois-damiens\/#breadcrumb"},"inLanguage":"fr-FR","potentialAction":[{"@type":"ReadAction","target":["https:\/\/welovecinema.be\/fr\/bande-annonce-la-guerre-des-lulus-avec-francois-damiens\/"]}]},{"@type":"BreadcrumbList","@id":"https:\/\/welovecinema.be\/fr\/bande-annonce-la-guerre-des-lulus-avec-francois-damiens\/#breadcrumb","itemListElement":[{"@type":"ListItem","position":1,"name":"Accueil","item":"https:\/\/welovecinema.be\/fr\/"},{"@type":"ListItem","position":2,"name":"Bande-annonce: \u00ab\u00a0La Guerre des Lulus\u00a0\u00bb avec Fran\u00e7ois Damiens"}]},{"@type":"WebSite","@id":"https:\/\/welovecinema.be\/nl\/#website","url":"https:\/\/welovecinema.be\/nl\/","name":"We Love Cinema","description":"Toute l\u2019information du cin\u00e9ma en Belgique","publisher":{"@id":"https:\/\/welovecinema.be\/nl\/#organization"},"potentialAction":[{"@type":"SearchAction","target":{"@type":"EntryPoint","urlTemplate":"https:\/\/welovecinema.be\/nl\/?s={search_term_string}"},"query-input":"required name=search_term_string"}],"inLanguage":"fr-FR"},{"@type":"Organization","@id":"https:\/\/welovecinema.be\/nl\/#organization","name":"We Love Cinema","url":"https:\/\/welovecinema.be\/nl\/","logo":{"@type":"ImageObject","inLanguage":"fr-FR","@id":"https:\/\/welovecinema.be\/nl\/#\/schema\/logo\/image\/","url":"https:\/\/welovecinema.be\/wp-content\/uploads\/sites\/2\/2023\/03\/Logo-We-Love-Cinema305x128.jpg","contentUrl":"https:\/\/welovecinema.be\/wp-content\/uploads\/sites\/2\/2023\/03\/Logo-We-Love-Cinema305x128.jpg","width":305,"height":128,"caption":"We Love Cinema"},"image":{"@id":"https:\/\/welovecinema.be\/nl\/#\/schema\/logo\/image\/"},"sameAs":["https:\/\/www.facebook.com\/welovecinema.be","https:\/\/www.youtube.com\/channel\/UCX5LYGVhnKvYauW4Nta4HJA","https:\/\/www.instagram.com\/welovecinema.be\/"]},{"@type":"Person","@id":"https:\/\/welovecinema.be\/nl\/#\/schema\/person\/8084b68c6b176142d073695c654dc7cf","name":"Aurore Engelen","url":"https:\/\/welovecinema.be\/fr\/author\/aurore-engelen\/"}]}},"_links":{"self":[{"href":"https:\/\/welovecinema.be\/fr\/wp-json\/wp\/v2\/posts\/246876","targetHints":{"allow":["GET"]}}],"collection":[{"href":"https:\/\/welovecinema.be\/fr\/wp-json\/wp\/v2\/posts"}],"about":[{"href":"https:\/\/welovecinema.be\/fr\/wp-json\/wp\/v2\/types\/post"}],"author":[{"embeddable":true,"href":"https:\/\/welovecinema.be\/fr\/wp-json\/wp\/v2\/users\/343"}],"replies":[{"embeddable":true,"href":"https:\/\/welovecinema.be\/fr\/wp-json\/wp\/v2\/comments?post=246876"}],"version-history":[{"count":0,"href":"https:\/\/welovecinema.be\/fr\/wp-json\/wp\/v2\/posts\/246876\/revisions"}],"wp:featuredmedia":[{"embeddable":true,"href":"https:\/\/welovecinema.be\/fr\/wp-json\/wp\/v2\/media\/246877"}],"wp:attachment":[{"href":"https:\/\/welovecinema.be\/fr\/wp-json\/wp\/v2\/media?parent=246876"}],"wp:term":[{"taxonomy":"category","embeddable":true,"href":"https:\/\/welovecinema.be\/fr\/wp-json\/wp\/v2\/categories?post=246876"},{"taxonomy":"post_tag","embeddable":true,"href":"https:\/\/welovecinema.be\/fr\/wp-json\/wp\/v2\/tags?post=246876"}],"curies":[{"name":"wp","href":"https:\/\/api.w.org\/{rel}","templated":true}]}}