{"id":246856,"date":"2022-09-21T11:35:07","date_gmt":"2022-09-21T09:35:07","guid":{"rendered":"https:\/\/www.cinevox.be\/?p=246856"},"modified":"2022-09-21T11:35:07","modified_gmt":"2022-09-21T09:35:07","slug":"encore-plus-de-cinema-avec-cineville","status":"publish","type":"post","link":"https:\/\/welovecinema.be\/fr\/encore-plus-de-cinema-avec-cineville\/","title":{"rendered":"Encore plus de cin\u00e9ma avec Cineville!"},"content":{"rendered":"<p><strong>Les cin\u00e9mas ind\u00e9pendants bruxellois s&rsquo;unissent pour promouvoir le Pass Cineville, qui propose un abonnement qui offre un acc\u00e8s illimit\u00e9 \u00e0 sept cin\u00e9mas!<\/strong><\/p>\n<p>Galeries, Palace, Vend\u00f4me, Nova, Aventure, Cineflagey et Cinematek (\u00e0 partir du 1er d\u00e9cembre) se sont donc alli\u00e9s pour rendre le cin\u00e9ma ind\u00e9pendant plus accessible \u00e0 Bruxelles pour l\u2019ensemble des cin\u00e9philes. Pour seulement 21\u20ac\/mois (18\u20ac pour les -26 ans), vous pourrez donc profiter de la programmation de toutes ces salles, dans toute sa diversit\u00e9, mais aussi des s\u00e9ances sp\u00e9ciales, des avant-premi\u00e8res, des rencontres, des masterclass&#8230;<\/p>\n<p>Et pour f\u00eater \u00e7a, chaque nouvel\u00b7le abonn\u00e9\u00b7e peut inviter jusqu&rsquo;\u00e0 trois ami\u00b7es au cin\u00e9ma gratuitement \u00e0 l&rsquo;occasion d&rsquo;une douzaine de s\u00e9ances sp\u00e9ciales!<\/p>\n<p>La formule s&rsquo;av\u00e8re en plus particuli\u00e8rement souple, puisque m&rsquo;abonnement se fait pour 4 mois minimum, puis \u00eatre r\u00e9siliable mensuellement.<\/p>\n<p>L&rsquo;exp\u00e9rience Cineville s&rsquo;inspire d&rsquo;une exp\u00e9rience similaire men\u00e9e aux Pays-bas depuis plus de 10 ans. Elle y concerne aujourd&rsquo;hui 55 cin\u00e9mas, 55.000 abonn\u00e9\u00b7es, et 1,5 millions d&rsquo;entr\u00e9es par an! L&rsquo;id\u00e9e de Cineville Belgique \u00e0 terme est \u00e9galement d&rsquo;\u00e9largir l&rsquo;offre \u00e0 Bruxelles et en dehors, pour f\u00e9d\u00e9rer toujours plus de cin\u00e9philes. On constate aux Pays-Bas que les membres Cineville se rendent au cin\u00e9ma en moyenne 2,5 fois par an, rentabilisant ainsi largement la carte, que 87% d&rsquo;entre eux vont au cin\u00e9ma 1,5 fois plus qu&rsquo;avant, et que 63% d&rsquo;entre eux exp\u00e9rimentent d&rsquo;autres genres de films!<\/p>\n<p>Cineville offre ainsi l&rsquo;opportunit\u00e9 \u00e0 ses fid\u00e8les de red\u00e9couvrir le cin\u00e9ma autrement, en \u00e9largissant ses possibles, et en satisfaisant sa soif de rencontres et de d\u00e9couvertes.<\/p>\n<p>Toutes les infos sont disponibles <a href=\"https:\/\/cinevillepass.be\/fr\">ici<\/a>.<\/p>\n","protected":false},"excerpt":{"rendered":"<p>Les cin\u00e9mas ind\u00e9pendants bruxellois s&rsquo;unissent pour promouvoir le Pass Cineville, qui propose un abonnement qui offre un acc\u00e8s illimit\u00e9 \u00e0 sept cin\u00e9mas! Galeries, Palace, Vend\u00f4me, Nova, Aventure, Cineflagey et Cinematek (\u00e0 partir du 1er d\u00e9cembre) se sont donc alli\u00e9s pour rendre le cin\u00e9ma ind\u00e9pendant plus accessible \u00e0 Bruxelles pour l\u2019ensemble des cin\u00e9philes. Pour seulement 21\u20ac\/mois &hellip;<\/p>\n","protected":false},"author":343,"featured_media":246857,"comment_status":"closed","ping_status":"closed","sticky":false,"template":"","format":"standard","meta":{"ngg_post_thumbnail":0,"footnotes":""},"categories":[12],"tags":[4187],"class_list":["post-246856","post","type-post","status-publish","format-standard","has-post-thumbnail","","category-awards","tag-newsletter-fr"],"yoast_head":"<!-- This site is optimized with the Yoast SEO plugin v20.4 - https:\/\/yoast.com\/wordpress\/plugins\/seo\/ -->\n<title>Encore plus de cin\u00e9ma avec Cineville! - We Love Cinema<\/title>\n<meta name=\"robots\" content=\"index, follow, max-snippet:-1, max-image-preview:large, max-video-preview:-1\" \/>\n<link rel=\"canonical\" href=\"https:\/\/welovecinema.be\/fr\/encore-plus-de-cinema-avec-cineville\/\" \/>\n<meta property=\"og:locale\" content=\"fr_FR\" \/>\n<meta property=\"og:type\" content=\"article\" \/>\n<meta property=\"og:title\" content=\"Encore plus de cin\u00e9ma avec Cineville! - We Love Cinema\" \/>\n<meta property=\"og:description\" content=\"Les cin\u00e9mas ind\u00e9pendants bruxellois s&rsquo;unissent pour promouvoir le Pass Cineville, qui propose un abonnement qui offre un acc\u00e8s illimit\u00e9 \u00e0 sept cin\u00e9mas! Galeries, Palace, Vend\u00f4me, Nova, Aventure, Cineflagey et Cinematek (\u00e0 partir du 1er d\u00e9cembre) se sont donc alli\u00e9s pour rendre le cin\u00e9ma ind\u00e9pendant plus accessible \u00e0 Bruxelles pour l\u2019ensemble des cin\u00e9philes. Pour seulement 21\u20ac\/mois &hellip;\" \/>\n<meta property=\"og:url\" content=\"https:\/\/welovecinema.be\/fr\/encore-plus-de-cinema-avec-cineville\/\" \/>\n<meta property=\"og:site_name\" content=\"We Love Cinema\" \/>\n<meta property=\"article:publisher\" content=\"https:\/\/www.facebook.com\/welovecinema.be\" \/>\n<meta property=\"article:published_time\" content=\"2022-09-21T09:35:07+00:00\" \/>\n<meta property=\"og:image\" content=\"https:\/\/welovecinema.be\/wp-content\/uploads\/sites\/2\/2022\/09\/6.-Cineville-16-9-scaled.jpg\" \/>\n\t<meta property=\"og:image:width\" content=\"2560\" \/>\n\t<meta property=\"og:image:height\" content=\"1440\" \/>\n\t<meta property=\"og:image:type\" content=\"image\/jpeg\" \/>\n<meta name=\"author\" content=\"Aurore Engelen\" \/>\n<meta name=\"twitter:card\" content=\"summary_large_image\" \/>\n<meta name=\"twitter:label1\" content=\"\u00c9crit par\" \/>\n\t<meta name=\"twitter:data1\" content=\"Aurore Engelen\" \/>\n\t<meta name=\"twitter:label2\" content=\"Dur\u00e9e de lecture estim\u00e9e\" \/>\n\t<meta name=\"twitter:data2\" content=\"1 minute\" \/>\n<script type=\"application\/ld+json\" class=\"yoast-schema-graph\">{\"@context\":\"https:\/\/schema.org\",\"@graph\":[{\"@type\":\"Article\",\"@id\":\"https:\/\/welovecinema.be\/fr\/encore-plus-de-cinema-avec-cineville\/#article\",\"isPartOf\":{\"@id\":\"https:\/\/welovecinema.be\/fr\/encore-plus-de-cinema-avec-cineville\/\"},\"author\":{\"name\":\"Aurore Engelen\",\"@id\":\"https:\/\/welovecinema.be\/nl\/#\/schema\/person\/8084b68c6b176142d073695c654dc7cf\"},\"headline\":\"Encore plus de cin\u00e9ma avec Cineville!\",\"datePublished\":\"2022-09-21T09:35:07+00:00\",\"dateModified\":\"2022-09-21T09:35:07+00:00\",\"mainEntityOfPage\":{\"@id\":\"https:\/\/welovecinema.be\/fr\/encore-plus-de-cinema-avec-cineville\/\"},\"wordCount\":301,\"publisher\":{\"@id\":\"https:\/\/welovecinema.be\/nl\/#organization\"},\"keywords\":[\"newsletter\"],\"articleSection\":[\"Evenements\"],\"inLanguage\":\"fr-FR\"},{\"@type\":\"WebPage\",\"@id\":\"https:\/\/welovecinema.be\/fr\/encore-plus-de-cinema-avec-cineville\/\",\"url\":\"https:\/\/welovecinema.be\/fr\/encore-plus-de-cinema-avec-cineville\/\",\"name\":\"Encore plus de cin\u00e9ma avec Cineville! - We Love Cinema\",\"isPartOf\":{\"@id\":\"https:\/\/welovecinema.be\/nl\/#website\"},\"datePublished\":\"2022-09-21T09:35:07+00:00\",\"dateModified\":\"2022-09-21T09:35:07+00:00\",\"breadcrumb\":{\"@id\":\"https:\/\/welovecinema.be\/fr\/encore-plus-de-cinema-avec-cineville\/#breadcrumb\"},\"inLanguage\":\"fr-FR\",\"potentialAction\":[{\"@type\":\"ReadAction\",\"target\":[\"https:\/\/welovecinema.be\/fr\/encore-plus-de-cinema-avec-cineville\/\"]}]},{\"@type\":\"BreadcrumbList\",\"@id\":\"https:\/\/welovecinema.be\/fr\/encore-plus-de-cinema-avec-cineville\/#breadcrumb\",\"itemListElement\":[{\"@type\":\"ListItem\",\"position\":1,\"name\":\"Accueil\",\"item\":\"https:\/\/welovecinema.be\/fr\/\"},{\"@type\":\"ListItem\",\"position\":2,\"name\":\"Encore plus de cin\u00e9ma avec Cineville!\"}]},{\"@type\":\"WebSite\",\"@id\":\"https:\/\/welovecinema.be\/nl\/#website\",\"url\":\"https:\/\/welovecinema.be\/nl\/\",\"name\":\"We Love Cinema\",\"description\":\"Toute l\u2019information du cin\u00e9ma en Belgique\",\"publisher\":{\"@id\":\"https:\/\/welovecinema.be\/nl\/#organization\"},\"potentialAction\":[{\"@type\":\"SearchAction\",\"target\":{\"@type\":\"EntryPoint\",\"urlTemplate\":\"https:\/\/welovecinema.be\/nl\/?s={search_term_string}\"},\"query-input\":\"required name=search_term_string\"}],\"inLanguage\":\"fr-FR\"},{\"@type\":\"Organization\",\"@id\":\"https:\/\/welovecinema.be\/nl\/#organization\",\"name\":\"We Love Cinema\",\"url\":\"https:\/\/welovecinema.be\/nl\/\",\"logo\":{\"@type\":\"ImageObject\",\"inLanguage\":\"fr-FR\",\"@id\":\"https:\/\/welovecinema.be\/nl\/#\/schema\/logo\/image\/\",\"url\":\"https:\/\/welovecinema.be\/wp-content\/uploads\/sites\/2\/2023\/03\/Logo-We-Love-Cinema305x128.jpg\",\"contentUrl\":\"https:\/\/welovecinema.be\/wp-content\/uploads\/sites\/2\/2023\/03\/Logo-We-Love-Cinema305x128.jpg\",\"width\":305,\"height\":128,\"caption\":\"We Love Cinema\"},\"image\":{\"@id\":\"https:\/\/welovecinema.be\/nl\/#\/schema\/logo\/image\/\"},\"sameAs\":[\"https:\/\/www.facebook.com\/welovecinema.be\",\"https:\/\/www.youtube.com\/channel\/UCX5LYGVhnKvYauW4Nta4HJA\",\"https:\/\/www.instagram.com\/welovecinema.be\/\"]},{\"@type\":\"Person\",\"@id\":\"https:\/\/welovecinema.be\/nl\/#\/schema\/person\/8084b68c6b176142d073695c654dc7cf\",\"name\":\"Aurore Engelen\",\"url\":\"https:\/\/welovecinema.be\/fr\/author\/aurore-engelen\/\"}]}<\/script>\n<!-- \/ Yoast SEO plugin. -->","yoast_head_json":{"title":"Encore plus de cin\u00e9ma avec Cineville! - We Love Cinema","robots":{"index":"index","follow":"follow","max-snippet":"max-snippet:-1","max-image-preview":"max-image-preview:large","max-video-preview":"max-video-preview:-1"},"canonical":"https:\/\/welovecinema.be\/fr\/encore-plus-de-cinema-avec-cineville\/","og_locale":"fr_FR","og_type":"article","og_title":"Encore plus de cin\u00e9ma avec Cineville! - We Love Cinema","og_description":"Les cin\u00e9mas ind\u00e9pendants bruxellois s&rsquo;unissent pour promouvoir le Pass Cineville, qui propose un abonnement qui offre un acc\u00e8s illimit\u00e9 \u00e0 sept cin\u00e9mas! Galeries, Palace, Vend\u00f4me, Nova, Aventure, Cineflagey et Cinematek (\u00e0 partir du 1er d\u00e9cembre) se sont donc alli\u00e9s pour rendre le cin\u00e9ma ind\u00e9pendant plus accessible \u00e0 Bruxelles pour l\u2019ensemble des cin\u00e9philes. Pour seulement 21\u20ac\/mois &hellip;","og_url":"https:\/\/welovecinema.be\/fr\/encore-plus-de-cinema-avec-cineville\/","og_site_name":"We Love Cinema","article_publisher":"https:\/\/www.facebook.com\/welovecinema.be","article_published_time":"2022-09-21T09:35:07+00:00","og_image":[{"width":2560,"height":1440,"url":"https:\/\/welovecinema.be\/wp-content\/uploads\/sites\/2\/2022\/09\/6.-Cineville-16-9-scaled.jpg","type":"image\/jpeg"}],"author":"Aurore Engelen","twitter_card":"summary_large_image","twitter_misc":{"\u00c9crit par":"Aurore Engelen","Dur\u00e9e de lecture estim\u00e9e":"1 minute"},"schema":{"@context":"https:\/\/schema.org","@graph":[{"@type":"Article","@id":"https:\/\/welovecinema.be\/fr\/encore-plus-de-cinema-avec-cineville\/#article","isPartOf":{"@id":"https:\/\/welovecinema.be\/fr\/encore-plus-de-cinema-avec-cineville\/"},"author":{"name":"Aurore Engelen","@id":"https:\/\/welovecinema.be\/nl\/#\/schema\/person\/8084b68c6b176142d073695c654dc7cf"},"headline":"Encore plus de cin\u00e9ma avec Cineville!","datePublished":"2022-09-21T09:35:07+00:00","dateModified":"2022-09-21T09:35:07+00:00","mainEntityOfPage":{"@id":"https:\/\/welovecinema.be\/fr\/encore-plus-de-cinema-avec-cineville\/"},"wordCount":301,"publisher":{"@id":"https:\/\/welovecinema.be\/nl\/#organization"},"keywords":["newsletter"],"articleSection":["Evenements"],"inLanguage":"fr-FR"},{"@type":"WebPage","@id":"https:\/\/welovecinema.be\/fr\/encore-plus-de-cinema-avec-cineville\/","url":"https:\/\/welovecinema.be\/fr\/encore-plus-de-cinema-avec-cineville\/","name":"Encore plus de cin\u00e9ma avec Cineville! - We Love Cinema","isPartOf":{"@id":"https:\/\/welovecinema.be\/nl\/#website"},"datePublished":"2022-09-21T09:35:07+00:00","dateModified":"2022-09-21T09:35:07+00:00","breadcrumb":{"@id":"https:\/\/welovecinema.be\/fr\/encore-plus-de-cinema-avec-cineville\/#breadcrumb"},"inLanguage":"fr-FR","potentialAction":[{"@type":"ReadAction","target":["https:\/\/welovecinema.be\/fr\/encore-plus-de-cinema-avec-cineville\/"]}]},{"@type":"BreadcrumbList","@id":"https:\/\/welovecinema.be\/fr\/encore-plus-de-cinema-avec-cineville\/#breadcrumb","itemListElement":[{"@type":"ListItem","position":1,"name":"Accueil","item":"https:\/\/welovecinema.be\/fr\/"},{"@type":"ListItem","position":2,"name":"Encore plus de cin\u00e9ma avec Cineville!"}]},{"@type":"WebSite","@id":"https:\/\/welovecinema.be\/nl\/#website","url":"https:\/\/welovecinema.be\/nl\/","name":"We Love Cinema","description":"Toute l\u2019information du cin\u00e9ma en Belgique","publisher":{"@id":"https:\/\/welovecinema.be\/nl\/#organization"},"potentialAction":[{"@type":"SearchAction","target":{"@type":"EntryPoint","urlTemplate":"https:\/\/welovecinema.be\/nl\/?s={search_term_string}"},"query-input":"required name=search_term_string"}],"inLanguage":"fr-FR"},{"@type":"Organization","@id":"https:\/\/welovecinema.be\/nl\/#organization","name":"We Love Cinema","url":"https:\/\/welovecinema.be\/nl\/","logo":{"@type":"ImageObject","inLanguage":"fr-FR","@id":"https:\/\/welovecinema.be\/nl\/#\/schema\/logo\/image\/","url":"https:\/\/welovecinema.be\/wp-content\/uploads\/sites\/2\/2023\/03\/Logo-We-Love-Cinema305x128.jpg","contentUrl":"https:\/\/welovecinema.be\/wp-content\/uploads\/sites\/2\/2023\/03\/Logo-We-Love-Cinema305x128.jpg","width":305,"height":128,"caption":"We Love Cinema"},"image":{"@id":"https:\/\/welovecinema.be\/nl\/#\/schema\/logo\/image\/"},"sameAs":["https:\/\/www.facebook.com\/welovecinema.be","https:\/\/www.youtube.com\/channel\/UCX5LYGVhnKvYauW4Nta4HJA","https:\/\/www.instagram.com\/welovecinema.be\/"]},{"@type":"Person","@id":"https:\/\/welovecinema.be\/nl\/#\/schema\/person\/8084b68c6b176142d073695c654dc7cf","name":"Aurore Engelen","url":"https:\/\/welovecinema.be\/fr\/author\/aurore-engelen\/"}]}},"_links":{"self":[{"href":"https:\/\/welovecinema.be\/fr\/wp-json\/wp\/v2\/posts\/246856","targetHints":{"allow":["GET"]}}],"collection":[{"href":"https:\/\/welovecinema.be\/fr\/wp-json\/wp\/v2\/posts"}],"about":[{"href":"https:\/\/welovecinema.be\/fr\/wp-json\/wp\/v2\/types\/post"}],"author":[{"embeddable":true,"href":"https:\/\/welovecinema.be\/fr\/wp-json\/wp\/v2\/users\/343"}],"replies":[{"embeddable":true,"href":"https:\/\/welovecinema.be\/fr\/wp-json\/wp\/v2\/comments?post=246856"}],"version-history":[{"count":0,"href":"https:\/\/welovecinema.be\/fr\/wp-json\/wp\/v2\/posts\/246856\/revisions"}],"wp:featuredmedia":[{"embeddable":true,"href":"https:\/\/welovecinema.be\/fr\/wp-json\/wp\/v2\/media\/246857"}],"wp:attachment":[{"href":"https:\/\/welovecinema.be\/fr\/wp-json\/wp\/v2\/media?parent=246856"}],"wp:term":[{"taxonomy":"category","embeddable":true,"href":"https:\/\/welovecinema.be\/fr\/wp-json\/wp\/v2\/categories?post=246856"},{"taxonomy":"post_tag","embeddable":true,"href":"https:\/\/welovecinema.be\/fr\/wp-json\/wp\/v2\/tags?post=246856"}],"curies":[{"name":"wp","href":"https:\/\/api.w.org\/{rel}","templated":true}]}}