{"id":246381,"date":"2022-08-22T09:37:23","date_gmt":"2022-08-22T07:37:23","guid":{"rendered":"https:\/\/www.cinevox.be\/?p=246381"},"modified":"2022-08-23T11:43:09","modified_gmt":"2022-08-23T09:43:09","slug":"habib-et-benoit-mariage-au-festival-dangouleme","status":"publish","type":"post","link":"https:\/\/welovecinema.be\/fr\/habib-et-benoit-mariage-au-festival-dangouleme\/","title":{"rendered":"\u00ab\u00a0Habib\u00a0\u00bb et Beno\u00eet Mariage au Festival d&rsquo;Angoul\u00eame"},"content":{"rendered":"<p><strong><em>Habib, la grande aventure<\/em>, le nouveau film de Beno\u00eet Mariage (<em>Les Convoyeurs attendent, Les Rayures du Z\u00e8bre<\/em>), sera projet\u00e9 en avant-premi\u00e8re mondiale ce jeudi au Festival du Film Francophone d&rsquo;Angoul\u00eame.<\/strong><\/p>\n<p>Habib est un jeune acteur qui encha\u00eene les petits films sans envergure. Mais son grand r\u00f4le arrive : ce sera au th\u00e9\u00e2tre, dans une adaptation de la vie de Fran\u00e7ois d\u2019Assise. Seulement sa famille, d\u2019origine marocaine, ne comprend pas cette soudaine crise de spiritualit\u00e9 catholique. Tiraill\u00e9 entre les fins de mois difficiles et un metteur en sc\u00e8ne pr\u00e9tentieux, il doit par ailleurs faire face au retour inopin\u00e9 de son p\u00e8re, accompagn\u00e9 d\u2019une nouvelle \u00e9pouse bien trop jeune. Et tout cela se complique encore lorsqu\u2019il d\u00e9croche un r\u00f4le le temps d\u2019une sc\u00e8ne avec Catherine Deneuve\u2026<\/p>\n<p>Dans le r\u00f4le titre, on retrouve l&rsquo;excellent jeune com\u00e9dien fran\u00e7ais Bastien Ughetto, vu dans <em>Adieu les cons, Paris Police<\/em>, ou encore dans <em>L&rsquo;Effondrement<\/em>, s\u00e9rie qu&rsquo;il a \u00e9galement cr\u00e9\u00e9e avec Guillaume Desjardins et J\u00e9r\u00e9my Bernard. A ses c\u00f4t\u00e9s, Thomas Soliv\u00e8re (vu dans <em>Edmond<\/em> ou <em>Les Aventures du jeune Voltaire<\/em>), Sofia Lesaffre (la belle h\u00e9ro\u00efne de <em>Pour vivre heureux<\/em>, bient\u00f4t \u00e0 l&rsquo;affiche de <em>Deep Fear<\/em> de Gr\u00e9gory Beghin), et bien s\u00fbr&#8230; Catherine Deneuve!<\/p>\n<p>En attendant d&rsquo;en savoir plus sur la sortie du film et ses prochaines diffusions, d\u00e9couvrez le premier extrait.<\/p>\n","protected":false},"excerpt":{"rendered":"<p>Habib, la grande aventure, le nouveau film de Beno\u00eet Mariage (Les Convoyeurs attendent, Les Rayures du Z\u00e8bre), sera projet\u00e9 en avant-premi\u00e8re mondiale ce jeudi au Festival du Film Francophone d&rsquo;Angoul\u00eame. Habib est un jeune acteur qui encha\u00eene les petits films sans envergure. Mais son grand r\u00f4le arrive : ce sera au th\u00e9\u00e2tre, dans une adaptation &hellip;<\/p>\n","protected":false},"author":343,"featured_media":246383,"comment_status":"closed","ping_status":"closed","sticky":false,"template":"","format":"standard","meta":{"ngg_post_thumbnail":0,"footnotes":""},"categories":[53,12],"tags":[6644,6643,4187],"class_list":["post-246381","post","type-post","status-publish","format-standard","has-post-thumbnail","","category-coming-soon","category-awards","tag-benoit-mariage-2","tag-habib","tag-newsletter-fr"],"yoast_head":"<!-- This site is optimized with the Yoast SEO plugin v20.4 - https:\/\/yoast.com\/wordpress\/plugins\/seo\/ -->\n<title>&quot;Habib&quot; et Beno\u00eet Mariage au Festival d&#039;Angoul\u00eame - We Love Cinema<\/title>\n<meta name=\"robots\" content=\"index, follow, max-snippet:-1, max-image-preview:large, max-video-preview:-1\" \/>\n<link rel=\"canonical\" href=\"https:\/\/welovecinema.be\/fr\/habib-et-benoit-mariage-au-festival-dangouleme\/\" \/>\n<meta property=\"og:locale\" content=\"fr_FR\" \/>\n<meta property=\"og:type\" content=\"article\" \/>\n<meta property=\"og:title\" content=\"&quot;Habib&quot; et Beno\u00eet Mariage au Festival d&#039;Angoul\u00eame - We Love Cinema\" \/>\n<meta property=\"og:description\" content=\"Habib, la grande aventure, le nouveau film de Beno\u00eet Mariage (Les Convoyeurs attendent, Les Rayures du Z\u00e8bre), sera projet\u00e9 en avant-premi\u00e8re mondiale ce jeudi au Festival du Film Francophone d&rsquo;Angoul\u00eame. Habib est un jeune acteur qui encha\u00eene les petits films sans envergure. Mais son grand r\u00f4le arrive : ce sera au th\u00e9\u00e2tre, dans une adaptation &hellip;\" \/>\n<meta property=\"og:url\" content=\"https:\/\/welovecinema.be\/fr\/habib-et-benoit-mariage-au-festival-dangouleme\/\" \/>\n<meta property=\"og:site_name\" content=\"We Love Cinema\" \/>\n<meta property=\"article:publisher\" content=\"https:\/\/www.facebook.com\/welovecinema.be\" \/>\n<meta property=\"article:published_time\" content=\"2022-08-22T07:37:23+00:00\" \/>\n<meta property=\"article:modified_time\" content=\"2022-08-23T09:43:09+00:00\" \/>\n<meta property=\"og:image\" content=\"https:\/\/welovecinema.be\/wp-content\/uploads\/sites\/2\/2022\/08\/Habib-Benoit-Mariage.jpg\" \/>\n\t<meta property=\"og:image:width\" content=\"1948\" \/>\n\t<meta property=\"og:image:height\" content=\"968\" \/>\n\t<meta property=\"og:image:type\" content=\"image\/jpeg\" \/>\n<meta name=\"author\" content=\"Aurore Engelen\" \/>\n<meta name=\"twitter:card\" content=\"summary_large_image\" \/>\n<meta name=\"twitter:label1\" content=\"\u00c9crit par\" \/>\n\t<meta name=\"twitter:data1\" content=\"Aurore Engelen\" \/>\n\t<meta name=\"twitter:label2\" content=\"Dur\u00e9e de lecture estim\u00e9e\" \/>\n\t<meta name=\"twitter:data2\" content=\"1 minute\" \/>\n<script type=\"application\/ld+json\" class=\"yoast-schema-graph\">{\"@context\":\"https:\/\/schema.org\",\"@graph\":[{\"@type\":\"Article\",\"@id\":\"https:\/\/welovecinema.be\/fr\/habib-et-benoit-mariage-au-festival-dangouleme\/#article\",\"isPartOf\":{\"@id\":\"https:\/\/welovecinema.be\/fr\/habib-et-benoit-mariage-au-festival-dangouleme\/\"},\"author\":{\"name\":\"Aurore Engelen\",\"@id\":\"https:\/\/welovecinema.be\/nl\/#\/schema\/person\/8084b68c6b176142d073695c654dc7cf\"},\"headline\":\"\u00ab\u00a0Habib\u00a0\u00bb et Beno\u00eet Mariage au Festival d&rsquo;Angoul\u00eame\",\"datePublished\":\"2022-08-22T07:37:23+00:00\",\"dateModified\":\"2022-08-23T09:43:09+00:00\",\"mainEntityOfPage\":{\"@id\":\"https:\/\/welovecinema.be\/fr\/habib-et-benoit-mariage-au-festival-dangouleme\/\"},\"wordCount\":262,\"publisher\":{\"@id\":\"https:\/\/welovecinema.be\/nl\/#organization\"},\"keywords\":[\"Beno\u00eet Mariage\",\"Habib\",\"newsletter\"],\"articleSection\":[\"Coming soon\",\"Evenements\"],\"inLanguage\":\"fr-FR\"},{\"@type\":\"WebPage\",\"@id\":\"https:\/\/welovecinema.be\/fr\/habib-et-benoit-mariage-au-festival-dangouleme\/\",\"url\":\"https:\/\/welovecinema.be\/fr\/habib-et-benoit-mariage-au-festival-dangouleme\/\",\"name\":\"\\\"Habib\\\" et Beno\u00eet Mariage au Festival d'Angoul\u00eame - We Love Cinema\",\"isPartOf\":{\"@id\":\"https:\/\/welovecinema.be\/nl\/#website\"},\"datePublished\":\"2022-08-22T07:37:23+00:00\",\"dateModified\":\"2022-08-23T09:43:09+00:00\",\"breadcrumb\":{\"@id\":\"https:\/\/welovecinema.be\/fr\/habib-et-benoit-mariage-au-festival-dangouleme\/#breadcrumb\"},\"inLanguage\":\"fr-FR\",\"potentialAction\":[{\"@type\":\"ReadAction\",\"target\":[\"https:\/\/welovecinema.be\/fr\/habib-et-benoit-mariage-au-festival-dangouleme\/\"]}]},{\"@type\":\"BreadcrumbList\",\"@id\":\"https:\/\/welovecinema.be\/fr\/habib-et-benoit-mariage-au-festival-dangouleme\/#breadcrumb\",\"itemListElement\":[{\"@type\":\"ListItem\",\"position\":1,\"name\":\"Accueil\",\"item\":\"https:\/\/welovecinema.be\/fr\/\"},{\"@type\":\"ListItem\",\"position\":2,\"name\":\"\u00ab\u00a0Habib\u00a0\u00bb et Beno\u00eet Mariage au Festival d&rsquo;Angoul\u00eame\"}]},{\"@type\":\"WebSite\",\"@id\":\"https:\/\/welovecinema.be\/nl\/#website\",\"url\":\"https:\/\/welovecinema.be\/nl\/\",\"name\":\"We Love Cinema\",\"description\":\"Toute l\u2019information du cin\u00e9ma en Belgique\",\"publisher\":{\"@id\":\"https:\/\/welovecinema.be\/nl\/#organization\"},\"potentialAction\":[{\"@type\":\"SearchAction\",\"target\":{\"@type\":\"EntryPoint\",\"urlTemplate\":\"https:\/\/welovecinema.be\/nl\/?s={search_term_string}\"},\"query-input\":\"required name=search_term_string\"}],\"inLanguage\":\"fr-FR\"},{\"@type\":\"Organization\",\"@id\":\"https:\/\/welovecinema.be\/nl\/#organization\",\"name\":\"We Love Cinema\",\"url\":\"https:\/\/welovecinema.be\/nl\/\",\"logo\":{\"@type\":\"ImageObject\",\"inLanguage\":\"fr-FR\",\"@id\":\"https:\/\/welovecinema.be\/nl\/#\/schema\/logo\/image\/\",\"url\":\"https:\/\/welovecinema.be\/wp-content\/uploads\/sites\/2\/2023\/03\/Logo-We-Love-Cinema305x128.jpg\",\"contentUrl\":\"https:\/\/welovecinema.be\/wp-content\/uploads\/sites\/2\/2023\/03\/Logo-We-Love-Cinema305x128.jpg\",\"width\":305,\"height\":128,\"caption\":\"We Love Cinema\"},\"image\":{\"@id\":\"https:\/\/welovecinema.be\/nl\/#\/schema\/logo\/image\/\"},\"sameAs\":[\"https:\/\/www.facebook.com\/welovecinema.be\",\"https:\/\/www.youtube.com\/channel\/UCX5LYGVhnKvYauW4Nta4HJA\",\"https:\/\/www.instagram.com\/welovecinema.be\/\"]},{\"@type\":\"Person\",\"@id\":\"https:\/\/welovecinema.be\/nl\/#\/schema\/person\/8084b68c6b176142d073695c654dc7cf\",\"name\":\"Aurore Engelen\",\"url\":\"https:\/\/welovecinema.be\/fr\/author\/aurore-engelen\/\"}]}<\/script>\n<!-- \/ Yoast SEO plugin. -->","yoast_head_json":{"title":"\"Habib\" et Beno\u00eet Mariage au Festival d'Angoul\u00eame - We Love Cinema","robots":{"index":"index","follow":"follow","max-snippet":"max-snippet:-1","max-image-preview":"max-image-preview:large","max-video-preview":"max-video-preview:-1"},"canonical":"https:\/\/welovecinema.be\/fr\/habib-et-benoit-mariage-au-festival-dangouleme\/","og_locale":"fr_FR","og_type":"article","og_title":"\"Habib\" et Beno\u00eet Mariage au Festival d'Angoul\u00eame - We Love Cinema","og_description":"Habib, la grande aventure, le nouveau film de Beno\u00eet Mariage (Les Convoyeurs attendent, Les Rayures du Z\u00e8bre), sera projet\u00e9 en avant-premi\u00e8re mondiale ce jeudi au Festival du Film Francophone d&rsquo;Angoul\u00eame. Habib est un jeune acteur qui encha\u00eene les petits films sans envergure. Mais son grand r\u00f4le arrive : ce sera au th\u00e9\u00e2tre, dans une adaptation &hellip;","og_url":"https:\/\/welovecinema.be\/fr\/habib-et-benoit-mariage-au-festival-dangouleme\/","og_site_name":"We Love Cinema","article_publisher":"https:\/\/www.facebook.com\/welovecinema.be","article_published_time":"2022-08-22T07:37:23+00:00","article_modified_time":"2022-08-23T09:43:09+00:00","og_image":[{"width":1948,"height":968,"url":"https:\/\/welovecinema.be\/wp-content\/uploads\/sites\/2\/2022\/08\/Habib-Benoit-Mariage.jpg","type":"image\/jpeg"}],"author":"Aurore Engelen","twitter_card":"summary_large_image","twitter_misc":{"\u00c9crit par":"Aurore Engelen","Dur\u00e9e de lecture estim\u00e9e":"1 minute"},"schema":{"@context":"https:\/\/schema.org","@graph":[{"@type":"Article","@id":"https:\/\/welovecinema.be\/fr\/habib-et-benoit-mariage-au-festival-dangouleme\/#article","isPartOf":{"@id":"https:\/\/welovecinema.be\/fr\/habib-et-benoit-mariage-au-festival-dangouleme\/"},"author":{"name":"Aurore Engelen","@id":"https:\/\/welovecinema.be\/nl\/#\/schema\/person\/8084b68c6b176142d073695c654dc7cf"},"headline":"\u00ab\u00a0Habib\u00a0\u00bb et Beno\u00eet Mariage au Festival d&rsquo;Angoul\u00eame","datePublished":"2022-08-22T07:37:23+00:00","dateModified":"2022-08-23T09:43:09+00:00","mainEntityOfPage":{"@id":"https:\/\/welovecinema.be\/fr\/habib-et-benoit-mariage-au-festival-dangouleme\/"},"wordCount":262,"publisher":{"@id":"https:\/\/welovecinema.be\/nl\/#organization"},"keywords":["Beno\u00eet Mariage","Habib","newsletter"],"articleSection":["Coming soon","Evenements"],"inLanguage":"fr-FR"},{"@type":"WebPage","@id":"https:\/\/welovecinema.be\/fr\/habib-et-benoit-mariage-au-festival-dangouleme\/","url":"https:\/\/welovecinema.be\/fr\/habib-et-benoit-mariage-au-festival-dangouleme\/","name":"\"Habib\" et Beno\u00eet Mariage au Festival d'Angoul\u00eame - We Love Cinema","isPartOf":{"@id":"https:\/\/welovecinema.be\/nl\/#website"},"datePublished":"2022-08-22T07:37:23+00:00","dateModified":"2022-08-23T09:43:09+00:00","breadcrumb":{"@id":"https:\/\/welovecinema.be\/fr\/habib-et-benoit-mariage-au-festival-dangouleme\/#breadcrumb"},"inLanguage":"fr-FR","potentialAction":[{"@type":"ReadAction","target":["https:\/\/welovecinema.be\/fr\/habib-et-benoit-mariage-au-festival-dangouleme\/"]}]},{"@type":"BreadcrumbList","@id":"https:\/\/welovecinema.be\/fr\/habib-et-benoit-mariage-au-festival-dangouleme\/#breadcrumb","itemListElement":[{"@type":"ListItem","position":1,"name":"Accueil","item":"https:\/\/welovecinema.be\/fr\/"},{"@type":"ListItem","position":2,"name":"\u00ab\u00a0Habib\u00a0\u00bb et Beno\u00eet Mariage au Festival d&rsquo;Angoul\u00eame"}]},{"@type":"WebSite","@id":"https:\/\/welovecinema.be\/nl\/#website","url":"https:\/\/welovecinema.be\/nl\/","name":"We Love Cinema","description":"Toute l\u2019information du cin\u00e9ma en Belgique","publisher":{"@id":"https:\/\/welovecinema.be\/nl\/#organization"},"potentialAction":[{"@type":"SearchAction","target":{"@type":"EntryPoint","urlTemplate":"https:\/\/welovecinema.be\/nl\/?s={search_term_string}"},"query-input":"required name=search_term_string"}],"inLanguage":"fr-FR"},{"@type":"Organization","@id":"https:\/\/welovecinema.be\/nl\/#organization","name":"We Love Cinema","url":"https:\/\/welovecinema.be\/nl\/","logo":{"@type":"ImageObject","inLanguage":"fr-FR","@id":"https:\/\/welovecinema.be\/nl\/#\/schema\/logo\/image\/","url":"https:\/\/welovecinema.be\/wp-content\/uploads\/sites\/2\/2023\/03\/Logo-We-Love-Cinema305x128.jpg","contentUrl":"https:\/\/welovecinema.be\/wp-content\/uploads\/sites\/2\/2023\/03\/Logo-We-Love-Cinema305x128.jpg","width":305,"height":128,"caption":"We Love Cinema"},"image":{"@id":"https:\/\/welovecinema.be\/nl\/#\/schema\/logo\/image\/"},"sameAs":["https:\/\/www.facebook.com\/welovecinema.be","https:\/\/www.youtube.com\/channel\/UCX5LYGVhnKvYauW4Nta4HJA","https:\/\/www.instagram.com\/welovecinema.be\/"]},{"@type":"Person","@id":"https:\/\/welovecinema.be\/nl\/#\/schema\/person\/8084b68c6b176142d073695c654dc7cf","name":"Aurore Engelen","url":"https:\/\/welovecinema.be\/fr\/author\/aurore-engelen\/"}]}},"_links":{"self":[{"href":"https:\/\/welovecinema.be\/fr\/wp-json\/wp\/v2\/posts\/246381","targetHints":{"allow":["GET"]}}],"collection":[{"href":"https:\/\/welovecinema.be\/fr\/wp-json\/wp\/v2\/posts"}],"about":[{"href":"https:\/\/welovecinema.be\/fr\/wp-json\/wp\/v2\/types\/post"}],"author":[{"embeddable":true,"href":"https:\/\/welovecinema.be\/fr\/wp-json\/wp\/v2\/users\/343"}],"replies":[{"embeddable":true,"href":"https:\/\/welovecinema.be\/fr\/wp-json\/wp\/v2\/comments?post=246381"}],"version-history":[{"count":0,"href":"https:\/\/welovecinema.be\/fr\/wp-json\/wp\/v2\/posts\/246381\/revisions"}],"wp:featuredmedia":[{"embeddable":true,"href":"https:\/\/welovecinema.be\/fr\/wp-json\/wp\/v2\/media\/246383"}],"wp:attachment":[{"href":"https:\/\/welovecinema.be\/fr\/wp-json\/wp\/v2\/media?parent=246381"}],"wp:term":[{"taxonomy":"category","embeddable":true,"href":"https:\/\/welovecinema.be\/fr\/wp-json\/wp\/v2\/categories?post=246381"},{"taxonomy":"post_tag","embeddable":true,"href":"https:\/\/welovecinema.be\/fr\/wp-json\/wp\/v2\/tags?post=246381"}],"curies":[{"name":"wp","href":"https:\/\/api.w.org\/{rel}","templated":true}]}}