{"id":246195,"date":"2022-08-08T10:00:40","date_gmt":"2022-08-08T08:00:40","guid":{"rendered":"https:\/\/www.cinevox.be\/?p=246195"},"modified":"2022-08-09T11:54:37","modified_gmt":"2022-08-09T09:54:37","slug":"limaginaire-de-cinema-de-luc-et-jean-pierre-dardenne-1ere-partie","status":"publish","type":"post","link":"https:\/\/welovecinema.be\/fr\/limaginaire-de-cinema-de-luc-et-jean-pierre-dardenne-1ere-partie\/","title":{"rendered":"L&rsquo;imaginaire de cine\u0301ma de Luc et Jean Pierre Dardenne, 1e\u0300re partie"},"content":{"rendered":"<p><strong>A l&rsquo;occasion de la derni\u00e8re capsule Cinevox, nous avons rencontr\u00e9 Luc et Jean-Pierre Dardenne, qui se sont livr\u00e9s pour nous, \u00e0 un mois de la sortie de <a href=\"https:\/\/www.cinevox.be\/fr\/tori-lokita-enfants-de-lexil\/\"><em>Tori et Lokita<\/em><\/a>, sur les films qui ont marqu\u00e9 leur imaginaire de cin\u00e9ma. Dans cette premi\u00e8re partie, retour sur les films qui les ont form\u00e9s, leurs premi\u00e8res \u00e9motions de cin\u00e9ma, et les cin\u00e9astes qui ont marqu\u00e9 leur jeunesse.<\/strong><\/p>\n","protected":false},"excerpt":{"rendered":"<p>A l&rsquo;occasion de la derni\u00e8re capsule Cinevox, nous avons rencontr\u00e9 Luc et Jean-Pierre Dardenne, qui se sont livr\u00e9s pour nous, \u00e0 un mois de la sortie de Tori et Lokita, sur les films qui ont marqu\u00e9 leur imaginaire de cin\u00e9ma. Dans cette premi\u00e8re partie, retour sur les films qui les ont form\u00e9s, leurs premi\u00e8res \u00e9motions &hellip;<\/p>\n","protected":false},"author":343,"featured_media":246196,"comment_status":"closed","ping_status":"closed","sticky":false,"template":"","format":"standard","meta":{"ngg_post_thumbnail":0,"footnotes":""},"categories":[12,1978],"tags":[2020,4187],"class_list":["post-246195","post","type-post","status-publish","format-standard","has-post-thumbnail","","category-awards","category-interviews","tag-freres-dardenne","tag-newsletter-fr"],"yoast_head":"<!-- This site is optimized with the Yoast SEO plugin v20.4 - https:\/\/yoast.com\/wordpress\/plugins\/seo\/ -->\n<title>L&#039;imaginaire de cine\u0301ma de Luc et Jean Pierre Dardenne, 1e\u0300re partie - We Love Cinema<\/title>\n<meta name=\"robots\" content=\"index, follow, max-snippet:-1, max-image-preview:large, max-video-preview:-1\" \/>\n<link rel=\"canonical\" href=\"https:\/\/welovecinema.be\/fr\/limaginaire-de-cinema-de-luc-et-jean-pierre-dardenne-1ere-partie\/\" \/>\n<meta property=\"og:locale\" content=\"fr_FR\" \/>\n<meta property=\"og:type\" content=\"article\" \/>\n<meta property=\"og:title\" content=\"L&#039;imaginaire de cine\u0301ma de Luc et Jean Pierre Dardenne, 1e\u0300re partie - We Love Cinema\" \/>\n<meta property=\"og:description\" content=\"A l&rsquo;occasion de la derni\u00e8re capsule Cinevox, nous avons rencontr\u00e9 Luc et Jean-Pierre Dardenne, qui se sont livr\u00e9s pour nous, \u00e0 un mois de la sortie de Tori et Lokita, sur les films qui ont marqu\u00e9 leur imaginaire de cin\u00e9ma. Dans cette premi\u00e8re partie, retour sur les films qui les ont form\u00e9s, leurs premi\u00e8res \u00e9motions &hellip;\" \/>\n<meta property=\"og:url\" content=\"https:\/\/welovecinema.be\/fr\/limaginaire-de-cinema-de-luc-et-jean-pierre-dardenne-1ere-partie\/\" \/>\n<meta property=\"og:site_name\" content=\"We Love Cinema\" \/>\n<meta property=\"article:publisher\" content=\"https:\/\/www.facebook.com\/welovecinema.be\" \/>\n<meta property=\"article:published_time\" content=\"2022-08-08T08:00:40+00:00\" \/>\n<meta property=\"article:modified_time\" content=\"2022-08-09T09:54:37+00:00\" \/>\n<meta property=\"og:image\" content=\"https:\/\/welovecinema.be\/wp-content\/uploads\/sites\/2\/2022\/08\/ImaginaireCinemaLucEtJeanPierreDardenne-scaled.jpg\" \/>\n\t<meta property=\"og:image:width\" content=\"2560\" \/>\n\t<meta property=\"og:image:height\" content=\"1430\" \/>\n\t<meta property=\"og:image:type\" content=\"image\/jpeg\" \/>\n<meta name=\"author\" content=\"Aurore Engelen\" \/>\n<meta name=\"twitter:card\" content=\"summary_large_image\" \/>\n<meta name=\"twitter:label1\" content=\"\u00c9crit par\" \/>\n\t<meta name=\"twitter:data1\" content=\"Aurore Engelen\" \/>\n\t<meta name=\"twitter:label2\" content=\"Dur\u00e9e de lecture estim\u00e9e\" \/>\n\t<meta name=\"twitter:data2\" content=\"1 minute\" \/>\n<script type=\"application\/ld+json\" class=\"yoast-schema-graph\">{\"@context\":\"https:\/\/schema.org\",\"@graph\":[{\"@type\":\"Article\",\"@id\":\"https:\/\/welovecinema.be\/fr\/limaginaire-de-cinema-de-luc-et-jean-pierre-dardenne-1ere-partie\/#article\",\"isPartOf\":{\"@id\":\"https:\/\/welovecinema.be\/fr\/limaginaire-de-cinema-de-luc-et-jean-pierre-dardenne-1ere-partie\/\"},\"author\":{\"name\":\"Aurore Engelen\",\"@id\":\"https:\/\/welovecinema.be\/nl\/#\/schema\/person\/8084b68c6b176142d073695c654dc7cf\"},\"headline\":\"L&rsquo;imaginaire de cine\u0301ma de Luc et Jean Pierre Dardenne, 1e\u0300re partie\",\"datePublished\":\"2022-08-08T08:00:40+00:00\",\"dateModified\":\"2022-08-09T09:54:37+00:00\",\"mainEntityOfPage\":{\"@id\":\"https:\/\/welovecinema.be\/fr\/limaginaire-de-cinema-de-luc-et-jean-pierre-dardenne-1ere-partie\/\"},\"wordCount\":87,\"publisher\":{\"@id\":\"https:\/\/welovecinema.be\/nl\/#organization\"},\"keywords\":[\"Fr\u00e8res Dardenne\",\"newsletter\"],\"articleSection\":[\"Evenements\",\"Rencontres\"],\"inLanguage\":\"fr-FR\"},{\"@type\":\"WebPage\",\"@id\":\"https:\/\/welovecinema.be\/fr\/limaginaire-de-cinema-de-luc-et-jean-pierre-dardenne-1ere-partie\/\",\"url\":\"https:\/\/welovecinema.be\/fr\/limaginaire-de-cinema-de-luc-et-jean-pierre-dardenne-1ere-partie\/\",\"name\":\"L'imaginaire de cine\u0301ma de Luc et Jean Pierre Dardenne, 1e\u0300re partie - We Love Cinema\",\"isPartOf\":{\"@id\":\"https:\/\/welovecinema.be\/nl\/#website\"},\"datePublished\":\"2022-08-08T08:00:40+00:00\",\"dateModified\":\"2022-08-09T09:54:37+00:00\",\"breadcrumb\":{\"@id\":\"https:\/\/welovecinema.be\/fr\/limaginaire-de-cinema-de-luc-et-jean-pierre-dardenne-1ere-partie\/#breadcrumb\"},\"inLanguage\":\"fr-FR\",\"potentialAction\":[{\"@type\":\"ReadAction\",\"target\":[\"https:\/\/welovecinema.be\/fr\/limaginaire-de-cinema-de-luc-et-jean-pierre-dardenne-1ere-partie\/\"]}]},{\"@type\":\"BreadcrumbList\",\"@id\":\"https:\/\/welovecinema.be\/fr\/limaginaire-de-cinema-de-luc-et-jean-pierre-dardenne-1ere-partie\/#breadcrumb\",\"itemListElement\":[{\"@type\":\"ListItem\",\"position\":1,\"name\":\"Accueil\",\"item\":\"https:\/\/welovecinema.be\/fr\/\"},{\"@type\":\"ListItem\",\"position\":2,\"name\":\"L&rsquo;imaginaire de cine\u0301ma de Luc et Jean Pierre Dardenne, 1e\u0300re partie\"}]},{\"@type\":\"WebSite\",\"@id\":\"https:\/\/welovecinema.be\/nl\/#website\",\"url\":\"https:\/\/welovecinema.be\/nl\/\",\"name\":\"We Love Cinema\",\"description\":\"Toute l\u2019information du cin\u00e9ma en Belgique\",\"publisher\":{\"@id\":\"https:\/\/welovecinema.be\/nl\/#organization\"},\"potentialAction\":[{\"@type\":\"SearchAction\",\"target\":{\"@type\":\"EntryPoint\",\"urlTemplate\":\"https:\/\/welovecinema.be\/nl\/?s={search_term_string}\"},\"query-input\":\"required name=search_term_string\"}],\"inLanguage\":\"fr-FR\"},{\"@type\":\"Organization\",\"@id\":\"https:\/\/welovecinema.be\/nl\/#organization\",\"name\":\"We Love Cinema\",\"url\":\"https:\/\/welovecinema.be\/nl\/\",\"logo\":{\"@type\":\"ImageObject\",\"inLanguage\":\"fr-FR\",\"@id\":\"https:\/\/welovecinema.be\/nl\/#\/schema\/logo\/image\/\",\"url\":\"https:\/\/welovecinema.be\/wp-content\/uploads\/sites\/2\/2023\/03\/Logo-We-Love-Cinema305x128.jpg\",\"contentUrl\":\"https:\/\/welovecinema.be\/wp-content\/uploads\/sites\/2\/2023\/03\/Logo-We-Love-Cinema305x128.jpg\",\"width\":305,\"height\":128,\"caption\":\"We Love Cinema\"},\"image\":{\"@id\":\"https:\/\/welovecinema.be\/nl\/#\/schema\/logo\/image\/\"},\"sameAs\":[\"https:\/\/www.facebook.com\/welovecinema.be\",\"https:\/\/www.youtube.com\/channel\/UCX5LYGVhnKvYauW4Nta4HJA\",\"https:\/\/www.instagram.com\/welovecinema.be\/\"]},{\"@type\":\"Person\",\"@id\":\"https:\/\/welovecinema.be\/nl\/#\/schema\/person\/8084b68c6b176142d073695c654dc7cf\",\"name\":\"Aurore Engelen\",\"url\":\"https:\/\/welovecinema.be\/fr\/author\/aurore-engelen\/\"}]}<\/script>\n<!-- \/ Yoast SEO plugin. -->","yoast_head_json":{"title":"L'imaginaire de cine\u0301ma de Luc et Jean Pierre Dardenne, 1e\u0300re partie - We Love Cinema","robots":{"index":"index","follow":"follow","max-snippet":"max-snippet:-1","max-image-preview":"max-image-preview:large","max-video-preview":"max-video-preview:-1"},"canonical":"https:\/\/welovecinema.be\/fr\/limaginaire-de-cinema-de-luc-et-jean-pierre-dardenne-1ere-partie\/","og_locale":"fr_FR","og_type":"article","og_title":"L'imaginaire de cine\u0301ma de Luc et Jean Pierre Dardenne, 1e\u0300re partie - We Love Cinema","og_description":"A l&rsquo;occasion de la derni\u00e8re capsule Cinevox, nous avons rencontr\u00e9 Luc et Jean-Pierre Dardenne, qui se sont livr\u00e9s pour nous, \u00e0 un mois de la sortie de Tori et Lokita, sur les films qui ont marqu\u00e9 leur imaginaire de cin\u00e9ma. Dans cette premi\u00e8re partie, retour sur les films qui les ont form\u00e9s, leurs premi\u00e8res \u00e9motions &hellip;","og_url":"https:\/\/welovecinema.be\/fr\/limaginaire-de-cinema-de-luc-et-jean-pierre-dardenne-1ere-partie\/","og_site_name":"We Love Cinema","article_publisher":"https:\/\/www.facebook.com\/welovecinema.be","article_published_time":"2022-08-08T08:00:40+00:00","article_modified_time":"2022-08-09T09:54:37+00:00","og_image":[{"width":2560,"height":1430,"url":"https:\/\/welovecinema.be\/wp-content\/uploads\/sites\/2\/2022\/08\/ImaginaireCinemaLucEtJeanPierreDardenne-scaled.jpg","type":"image\/jpeg"}],"author":"Aurore Engelen","twitter_card":"summary_large_image","twitter_misc":{"\u00c9crit par":"Aurore Engelen","Dur\u00e9e de lecture estim\u00e9e":"1 minute"},"schema":{"@context":"https:\/\/schema.org","@graph":[{"@type":"Article","@id":"https:\/\/welovecinema.be\/fr\/limaginaire-de-cinema-de-luc-et-jean-pierre-dardenne-1ere-partie\/#article","isPartOf":{"@id":"https:\/\/welovecinema.be\/fr\/limaginaire-de-cinema-de-luc-et-jean-pierre-dardenne-1ere-partie\/"},"author":{"name":"Aurore Engelen","@id":"https:\/\/welovecinema.be\/nl\/#\/schema\/person\/8084b68c6b176142d073695c654dc7cf"},"headline":"L&rsquo;imaginaire de cine\u0301ma de Luc et Jean Pierre Dardenne, 1e\u0300re partie","datePublished":"2022-08-08T08:00:40+00:00","dateModified":"2022-08-09T09:54:37+00:00","mainEntityOfPage":{"@id":"https:\/\/welovecinema.be\/fr\/limaginaire-de-cinema-de-luc-et-jean-pierre-dardenne-1ere-partie\/"},"wordCount":87,"publisher":{"@id":"https:\/\/welovecinema.be\/nl\/#organization"},"keywords":["Fr\u00e8res Dardenne","newsletter"],"articleSection":["Evenements","Rencontres"],"inLanguage":"fr-FR"},{"@type":"WebPage","@id":"https:\/\/welovecinema.be\/fr\/limaginaire-de-cinema-de-luc-et-jean-pierre-dardenne-1ere-partie\/","url":"https:\/\/welovecinema.be\/fr\/limaginaire-de-cinema-de-luc-et-jean-pierre-dardenne-1ere-partie\/","name":"L'imaginaire de cine\u0301ma de Luc et Jean Pierre Dardenne, 1e\u0300re partie - We Love Cinema","isPartOf":{"@id":"https:\/\/welovecinema.be\/nl\/#website"},"datePublished":"2022-08-08T08:00:40+00:00","dateModified":"2022-08-09T09:54:37+00:00","breadcrumb":{"@id":"https:\/\/welovecinema.be\/fr\/limaginaire-de-cinema-de-luc-et-jean-pierre-dardenne-1ere-partie\/#breadcrumb"},"inLanguage":"fr-FR","potentialAction":[{"@type":"ReadAction","target":["https:\/\/welovecinema.be\/fr\/limaginaire-de-cinema-de-luc-et-jean-pierre-dardenne-1ere-partie\/"]}]},{"@type":"BreadcrumbList","@id":"https:\/\/welovecinema.be\/fr\/limaginaire-de-cinema-de-luc-et-jean-pierre-dardenne-1ere-partie\/#breadcrumb","itemListElement":[{"@type":"ListItem","position":1,"name":"Accueil","item":"https:\/\/welovecinema.be\/fr\/"},{"@type":"ListItem","position":2,"name":"L&rsquo;imaginaire de cine\u0301ma de Luc et Jean Pierre Dardenne, 1e\u0300re partie"}]},{"@type":"WebSite","@id":"https:\/\/welovecinema.be\/nl\/#website","url":"https:\/\/welovecinema.be\/nl\/","name":"We Love Cinema","description":"Toute l\u2019information du cin\u00e9ma en Belgique","publisher":{"@id":"https:\/\/welovecinema.be\/nl\/#organization"},"potentialAction":[{"@type":"SearchAction","target":{"@type":"EntryPoint","urlTemplate":"https:\/\/welovecinema.be\/nl\/?s={search_term_string}"},"query-input":"required name=search_term_string"}],"inLanguage":"fr-FR"},{"@type":"Organization","@id":"https:\/\/welovecinema.be\/nl\/#organization","name":"We Love Cinema","url":"https:\/\/welovecinema.be\/nl\/","logo":{"@type":"ImageObject","inLanguage":"fr-FR","@id":"https:\/\/welovecinema.be\/nl\/#\/schema\/logo\/image\/","url":"https:\/\/welovecinema.be\/wp-content\/uploads\/sites\/2\/2023\/03\/Logo-We-Love-Cinema305x128.jpg","contentUrl":"https:\/\/welovecinema.be\/wp-content\/uploads\/sites\/2\/2023\/03\/Logo-We-Love-Cinema305x128.jpg","width":305,"height":128,"caption":"We Love Cinema"},"image":{"@id":"https:\/\/welovecinema.be\/nl\/#\/schema\/logo\/image\/"},"sameAs":["https:\/\/www.facebook.com\/welovecinema.be","https:\/\/www.youtube.com\/channel\/UCX5LYGVhnKvYauW4Nta4HJA","https:\/\/www.instagram.com\/welovecinema.be\/"]},{"@type":"Person","@id":"https:\/\/welovecinema.be\/nl\/#\/schema\/person\/8084b68c6b176142d073695c654dc7cf","name":"Aurore Engelen","url":"https:\/\/welovecinema.be\/fr\/author\/aurore-engelen\/"}]}},"_links":{"self":[{"href":"https:\/\/welovecinema.be\/fr\/wp-json\/wp\/v2\/posts\/246195","targetHints":{"allow":["GET"]}}],"collection":[{"href":"https:\/\/welovecinema.be\/fr\/wp-json\/wp\/v2\/posts"}],"about":[{"href":"https:\/\/welovecinema.be\/fr\/wp-json\/wp\/v2\/types\/post"}],"author":[{"embeddable":true,"href":"https:\/\/welovecinema.be\/fr\/wp-json\/wp\/v2\/users\/343"}],"replies":[{"embeddable":true,"href":"https:\/\/welovecinema.be\/fr\/wp-json\/wp\/v2\/comments?post=246195"}],"version-history":[{"count":0,"href":"https:\/\/welovecinema.be\/fr\/wp-json\/wp\/v2\/posts\/246195\/revisions"}],"wp:featuredmedia":[{"embeddable":true,"href":"https:\/\/welovecinema.be\/fr\/wp-json\/wp\/v2\/media\/246196"}],"wp:attachment":[{"href":"https:\/\/welovecinema.be\/fr\/wp-json\/wp\/v2\/media?parent=246195"}],"wp:term":[{"taxonomy":"category","embeddable":true,"href":"https:\/\/welovecinema.be\/fr\/wp-json\/wp\/v2\/categories?post=246195"},{"taxonomy":"post_tag","embeddable":true,"href":"https:\/\/welovecinema.be\/fr\/wp-json\/wp\/v2\/tags?post=246195"}],"curies":[{"name":"wp","href":"https:\/\/api.w.org\/{rel}","templated":true}]}}