{"id":246145,"date":"2022-07-28T16:03:44","date_gmt":"2022-07-28T14:03:44","guid":{"rendered":"https:\/\/www.cinevox.be\/?p=246145"},"modified":"2022-08-01T17:42:49","modified_gmt":"2022-08-01T15:42:49","slug":"podcast-les-rituels-damelie-van-elmbt","status":"publish","type":"post","link":"https:\/\/welovecinema.be\/fr\/podcast-les-rituels-damelie-van-elmbt\/","title":{"rendered":"#PODCAST: Les Rituels d&rsquo;Am\u00e9lie van Elmbt"},"content":{"rendered":"<p class=\"p1\"><strong>Pour ce nouvel \u00e9pisode des Rituels, rendez-vous avec cin\u00e9aste la Am\u00e9lie van Elmbt.<\/strong><\/p>\n<p class=\"p1\">Am\u00e9lie van Elmbt se fait remarquer d\u00e8s l\u2019\u00e2ge de 26 ans avec un long m\u00e9trage qu\u2019elle \u00e9crit, r\u00e9alise et produit elle-m\u00eame,<a href=\"https:\/\/www.cinevox.be\/fr\/la-tete-la-premiere-bande-annonce\/\"><em> La T\u00eate la premi\u00e8re<\/em><\/a>. Port\u00e9 par l\u2019\u00e9nergie des premi\u00e8res fois, et la gr\u00e2ce de ses jeunes interpr\u00e8tes (le com\u00e9dien belge David Murgia et la com\u00e9dien fran\u00e7aise Alice de Lencquesaing), le film est s\u00e9lectionn\u00e9 au Festival de Cannes \u00e0 l\u2019ACID.<span class=\"Apple-converted-space\">\u00a0<\/span><\/p>\n<p class=\"p1\">Elle tournera ensuite son deuxi\u00e8me long m\u00e9trage de fiction, <a href=\"https:\/\/www.cinevox.be\/fr\/drole-de-pere-lhistoire-dune-rencontre\/\"><em>Dr\u00f4le de p\u00e8re<\/em><\/a>, avec Thomas Blanchard et sa propre fille, Lina Doillon, qui lui vaudra le Prix Cinevox et le Prix de la Critique au Festival de Namur.<\/p>\n<p class=\"p1\">Tr\u00e8s active dans la lutte pour la parit\u00e9 dans le milieu cin\u00e9matographique (notamment au sein du collectif Elles font des films), elle s\u2019engage ensuite sur un projet de longue haleine, le documentaire <em><a href=\"https:\/\/www.cinevox.be\/fr\/dreaming-walls-ghost-story\/\">Dreaming Walls<\/a><\/em>, co-r\u00e9alis\u00e9 avec Maya Duverdier, portrait historique et po\u00e9tique du mythique Chelsea Hotel, s\u00e9lectionn\u00e9 \u00e0 Berlin, et coproduit par Martin Scorsese.<\/p>\n<p class=\"p1\">Elle revient pour nous sur son rapport \u00e0 l\u2019\u00e9criture, et sa soif de cin\u00e9ma.<\/p>\n<p><iframe loading=\"lazy\" src=\"https:\/\/w.soundcloud.com\/player\/?url=https%3A\/\/api.soundcloud.com\/tracks\/1313485990&amp;color=%23ff5500&amp;auto_play=false&amp;hide_related=false&amp;show_comments=true&amp;show_user=true&amp;show_reposts=false&amp;show_teaser=true&amp;visual=true\" width=\"100%\" height=\"300\" frameborder=\"no\" scrolling=\"no\"><\/iframe><\/p>\n<div style=\"font-size: 10px; color: #cccccc; line-break: anywhere; word-break: normal; overflow: hidden; white-space: nowrap; text-overflow: ellipsis; font-family: Interstate,Lucida Grande,Lucida Sans Unicode,Lucida Sans,Garuda,Verdana,Tahoma,sans-serif; font-weight: 100;\"><a style=\"color: #cccccc; text-decoration: none;\" title=\"Les Rituels_Podcast_Cinevox\" href=\"https:\/\/soundcloud.com\/les-rituels\" target=\"_blank\" rel=\"noopener\">Les Rituels_Podcast_Cinevox<\/a> \u00b7 <a style=\"color: #cccccc; text-decoration: none;\" title=\"Les Rituels d'Ame\u0301lie van Elmbt - 28 juillet 2022\" href=\"https:\/\/soundcloud.com\/les-rituels\/les-rituels-damelie-van-elmbt-28-juillet-2022\" target=\"_blank\" rel=\"noopener\">Les Rituels d&rsquo;Ame\u0301lie van Elmbt &#8211; 28 juillet 2022<\/a><\/div>\n<p>&nbsp;<\/p>\n","protected":false},"excerpt":{"rendered":"<p>Pour ce nouvel \u00e9pisode des Rituels, rendez-vous avec cin\u00e9aste la Am\u00e9lie van Elmbt. Am\u00e9lie van Elmbt se fait remarquer d\u00e8s l\u2019\u00e2ge de 26 ans avec un long m\u00e9trage qu\u2019elle \u00e9crit, r\u00e9alise et produit elle-m\u00eame, La T\u00eate la premi\u00e8re. Port\u00e9 par l\u2019\u00e9nergie des premi\u00e8res fois, et la gr\u00e2ce de ses jeunes interpr\u00e8tes (le com\u00e9dien belge David &hellip;<\/p>\n","protected":false},"author":343,"featured_media":246146,"comment_status":"closed","ping_status":"closed","sticky":false,"template":"","format":"standard","meta":{"ngg_post_thumbnail":0,"footnotes":""},"categories":[12,1978],"tags":[2737,5001,4187,5062],"class_list":["post-246145","post","type-post","status-publish","format-standard","has-post-thumbnail","","category-awards","category-interviews","tag-amelie-van-elmbt","tag-les-rituels","tag-newsletter-fr","tag-podcast"],"yoast_head":"<!-- This site is optimized with the Yoast SEO plugin v20.4 - https:\/\/yoast.com\/wordpress\/plugins\/seo\/ -->\n<title>#PODCAST: Les Rituels d&#039;Am\u00e9lie van Elmbt - We Love Cinema<\/title>\n<meta name=\"robots\" content=\"index, follow, max-snippet:-1, max-image-preview:large, max-video-preview:-1\" \/>\n<link rel=\"canonical\" href=\"https:\/\/welovecinema.be\/fr\/podcast-les-rituels-damelie-van-elmbt\/\" \/>\n<meta property=\"og:locale\" content=\"fr_FR\" \/>\n<meta property=\"og:type\" content=\"article\" \/>\n<meta property=\"og:title\" content=\"#PODCAST: Les Rituels d&#039;Am\u00e9lie van Elmbt - We Love Cinema\" \/>\n<meta property=\"og:description\" content=\"Pour ce nouvel \u00e9pisode des Rituels, rendez-vous avec cin\u00e9aste la Am\u00e9lie van Elmbt. Am\u00e9lie van Elmbt se fait remarquer d\u00e8s l\u2019\u00e2ge de 26 ans avec un long m\u00e9trage qu\u2019elle \u00e9crit, r\u00e9alise et produit elle-m\u00eame, La T\u00eate la premi\u00e8re. Port\u00e9 par l\u2019\u00e9nergie des premi\u00e8res fois, et la gr\u00e2ce de ses jeunes interpr\u00e8tes (le com\u00e9dien belge David &hellip;\" \/>\n<meta property=\"og:url\" content=\"https:\/\/welovecinema.be\/fr\/podcast-les-rituels-damelie-van-elmbt\/\" \/>\n<meta property=\"og:site_name\" content=\"We Love Cinema\" \/>\n<meta property=\"article:publisher\" content=\"https:\/\/www.facebook.com\/welovecinema.be\" \/>\n<meta property=\"article:published_time\" content=\"2022-07-28T14:03:44+00:00\" \/>\n<meta property=\"article:modified_time\" content=\"2022-08-01T15:42:49+00:00\" \/>\n<meta property=\"og:image\" content=\"https:\/\/welovecinema.be\/wp-content\/uploads\/sites\/2\/2022\/07\/LesRituels-LauraWandel-800x450.png\" \/>\n\t<meta property=\"og:image:width\" content=\"800\" \/>\n\t<meta property=\"og:image:height\" content=\"450\" \/>\n\t<meta property=\"og:image:type\" content=\"image\/png\" \/>\n<meta name=\"author\" content=\"Aurore Engelen\" \/>\n<meta name=\"twitter:card\" content=\"summary_large_image\" \/>\n<meta name=\"twitter:label1\" content=\"\u00c9crit par\" \/>\n\t<meta name=\"twitter:data1\" content=\"Aurore Engelen\" \/>\n\t<meta name=\"twitter:label2\" content=\"Dur\u00e9e de lecture estim\u00e9e\" \/>\n\t<meta name=\"twitter:data2\" content=\"1 minute\" \/>\n<script type=\"application\/ld+json\" class=\"yoast-schema-graph\">{\"@context\":\"https:\/\/schema.org\",\"@graph\":[{\"@type\":\"Article\",\"@id\":\"https:\/\/welovecinema.be\/fr\/podcast-les-rituels-damelie-van-elmbt\/#article\",\"isPartOf\":{\"@id\":\"https:\/\/welovecinema.be\/fr\/podcast-les-rituels-damelie-van-elmbt\/\"},\"author\":{\"name\":\"Aurore Engelen\",\"@id\":\"https:\/\/welovecinema.be\/nl\/#\/schema\/person\/8084b68c6b176142d073695c654dc7cf\"},\"headline\":\"#PODCAST: Les Rituels d&rsquo;Am\u00e9lie van Elmbt\",\"datePublished\":\"2022-07-28T14:03:44+00:00\",\"dateModified\":\"2022-08-01T15:42:49+00:00\",\"mainEntityOfPage\":{\"@id\":\"https:\/\/welovecinema.be\/fr\/podcast-les-rituels-damelie-van-elmbt\/\"},\"wordCount\":228,\"publisher\":{\"@id\":\"https:\/\/welovecinema.be\/nl\/#organization\"},\"keywords\":[\"Am\u00e9lie van Elmbt\",\"Les Rituels\",\"newsletter\",\"podcast\"],\"articleSection\":[\"Evenements\",\"Rencontres\"],\"inLanguage\":\"fr-FR\"},{\"@type\":\"WebPage\",\"@id\":\"https:\/\/welovecinema.be\/fr\/podcast-les-rituels-damelie-van-elmbt\/\",\"url\":\"https:\/\/welovecinema.be\/fr\/podcast-les-rituels-damelie-van-elmbt\/\",\"name\":\"#PODCAST: Les Rituels d'Am\u00e9lie van Elmbt - We Love Cinema\",\"isPartOf\":{\"@id\":\"https:\/\/welovecinema.be\/nl\/#website\"},\"datePublished\":\"2022-07-28T14:03:44+00:00\",\"dateModified\":\"2022-08-01T15:42:49+00:00\",\"breadcrumb\":{\"@id\":\"https:\/\/welovecinema.be\/fr\/podcast-les-rituels-damelie-van-elmbt\/#breadcrumb\"},\"inLanguage\":\"fr-FR\",\"potentialAction\":[{\"@type\":\"ReadAction\",\"target\":[\"https:\/\/welovecinema.be\/fr\/podcast-les-rituels-damelie-van-elmbt\/\"]}]},{\"@type\":\"BreadcrumbList\",\"@id\":\"https:\/\/welovecinema.be\/fr\/podcast-les-rituels-damelie-van-elmbt\/#breadcrumb\",\"itemListElement\":[{\"@type\":\"ListItem\",\"position\":1,\"name\":\"Accueil\",\"item\":\"https:\/\/welovecinema.be\/fr\/\"},{\"@type\":\"ListItem\",\"position\":2,\"name\":\"#PODCAST: Les Rituels d&rsquo;Am\u00e9lie van Elmbt\"}]},{\"@type\":\"WebSite\",\"@id\":\"https:\/\/welovecinema.be\/nl\/#website\",\"url\":\"https:\/\/welovecinema.be\/nl\/\",\"name\":\"We Love Cinema\",\"description\":\"Toute l\u2019information du cin\u00e9ma en Belgique\",\"publisher\":{\"@id\":\"https:\/\/welovecinema.be\/nl\/#organization\"},\"potentialAction\":[{\"@type\":\"SearchAction\",\"target\":{\"@type\":\"EntryPoint\",\"urlTemplate\":\"https:\/\/welovecinema.be\/nl\/?s={search_term_string}\"},\"query-input\":\"required name=search_term_string\"}],\"inLanguage\":\"fr-FR\"},{\"@type\":\"Organization\",\"@id\":\"https:\/\/welovecinema.be\/nl\/#organization\",\"name\":\"We Love Cinema\",\"url\":\"https:\/\/welovecinema.be\/nl\/\",\"logo\":{\"@type\":\"ImageObject\",\"inLanguage\":\"fr-FR\",\"@id\":\"https:\/\/welovecinema.be\/nl\/#\/schema\/logo\/image\/\",\"url\":\"https:\/\/welovecinema.be\/wp-content\/uploads\/sites\/2\/2023\/03\/Logo-We-Love-Cinema305x128.jpg\",\"contentUrl\":\"https:\/\/welovecinema.be\/wp-content\/uploads\/sites\/2\/2023\/03\/Logo-We-Love-Cinema305x128.jpg\",\"width\":305,\"height\":128,\"caption\":\"We Love Cinema\"},\"image\":{\"@id\":\"https:\/\/welovecinema.be\/nl\/#\/schema\/logo\/image\/\"},\"sameAs\":[\"https:\/\/www.facebook.com\/welovecinema.be\",\"https:\/\/www.youtube.com\/channel\/UCX5LYGVhnKvYauW4Nta4HJA\",\"https:\/\/www.instagram.com\/welovecinema.be\/\"]},{\"@type\":\"Person\",\"@id\":\"https:\/\/welovecinema.be\/nl\/#\/schema\/person\/8084b68c6b176142d073695c654dc7cf\",\"name\":\"Aurore Engelen\",\"url\":\"https:\/\/welovecinema.be\/fr\/author\/aurore-engelen\/\"}]}<\/script>\n<!-- \/ Yoast SEO plugin. -->","yoast_head_json":{"title":"#PODCAST: Les Rituels d'Am\u00e9lie van Elmbt - We Love Cinema","robots":{"index":"index","follow":"follow","max-snippet":"max-snippet:-1","max-image-preview":"max-image-preview:large","max-video-preview":"max-video-preview:-1"},"canonical":"https:\/\/welovecinema.be\/fr\/podcast-les-rituels-damelie-van-elmbt\/","og_locale":"fr_FR","og_type":"article","og_title":"#PODCAST: Les Rituels d'Am\u00e9lie van Elmbt - We Love Cinema","og_description":"Pour ce nouvel \u00e9pisode des Rituels, rendez-vous avec cin\u00e9aste la Am\u00e9lie van Elmbt. Am\u00e9lie van Elmbt se fait remarquer d\u00e8s l\u2019\u00e2ge de 26 ans avec un long m\u00e9trage qu\u2019elle \u00e9crit, r\u00e9alise et produit elle-m\u00eame, La T\u00eate la premi\u00e8re. Port\u00e9 par l\u2019\u00e9nergie des premi\u00e8res fois, et la gr\u00e2ce de ses jeunes interpr\u00e8tes (le com\u00e9dien belge David &hellip;","og_url":"https:\/\/welovecinema.be\/fr\/podcast-les-rituels-damelie-van-elmbt\/","og_site_name":"We Love Cinema","article_publisher":"https:\/\/www.facebook.com\/welovecinema.be","article_published_time":"2022-07-28T14:03:44+00:00","article_modified_time":"2022-08-01T15:42:49+00:00","og_image":[{"width":800,"height":450,"url":"https:\/\/welovecinema.be\/wp-content\/uploads\/sites\/2\/2022\/07\/LesRituels-LauraWandel-800x450.png","type":"image\/png"}],"author":"Aurore Engelen","twitter_card":"summary_large_image","twitter_misc":{"\u00c9crit par":"Aurore Engelen","Dur\u00e9e de lecture estim\u00e9e":"1 minute"},"schema":{"@context":"https:\/\/schema.org","@graph":[{"@type":"Article","@id":"https:\/\/welovecinema.be\/fr\/podcast-les-rituels-damelie-van-elmbt\/#article","isPartOf":{"@id":"https:\/\/welovecinema.be\/fr\/podcast-les-rituels-damelie-van-elmbt\/"},"author":{"name":"Aurore Engelen","@id":"https:\/\/welovecinema.be\/nl\/#\/schema\/person\/8084b68c6b176142d073695c654dc7cf"},"headline":"#PODCAST: Les Rituels d&rsquo;Am\u00e9lie van Elmbt","datePublished":"2022-07-28T14:03:44+00:00","dateModified":"2022-08-01T15:42:49+00:00","mainEntityOfPage":{"@id":"https:\/\/welovecinema.be\/fr\/podcast-les-rituels-damelie-van-elmbt\/"},"wordCount":228,"publisher":{"@id":"https:\/\/welovecinema.be\/nl\/#organization"},"keywords":["Am\u00e9lie van Elmbt","Les Rituels","newsletter","podcast"],"articleSection":["Evenements","Rencontres"],"inLanguage":"fr-FR"},{"@type":"WebPage","@id":"https:\/\/welovecinema.be\/fr\/podcast-les-rituels-damelie-van-elmbt\/","url":"https:\/\/welovecinema.be\/fr\/podcast-les-rituels-damelie-van-elmbt\/","name":"#PODCAST: Les Rituels d'Am\u00e9lie van Elmbt - We Love Cinema","isPartOf":{"@id":"https:\/\/welovecinema.be\/nl\/#website"},"datePublished":"2022-07-28T14:03:44+00:00","dateModified":"2022-08-01T15:42:49+00:00","breadcrumb":{"@id":"https:\/\/welovecinema.be\/fr\/podcast-les-rituels-damelie-van-elmbt\/#breadcrumb"},"inLanguage":"fr-FR","potentialAction":[{"@type":"ReadAction","target":["https:\/\/welovecinema.be\/fr\/podcast-les-rituels-damelie-van-elmbt\/"]}]},{"@type":"BreadcrumbList","@id":"https:\/\/welovecinema.be\/fr\/podcast-les-rituels-damelie-van-elmbt\/#breadcrumb","itemListElement":[{"@type":"ListItem","position":1,"name":"Accueil","item":"https:\/\/welovecinema.be\/fr\/"},{"@type":"ListItem","position":2,"name":"#PODCAST: Les Rituels d&rsquo;Am\u00e9lie van Elmbt"}]},{"@type":"WebSite","@id":"https:\/\/welovecinema.be\/nl\/#website","url":"https:\/\/welovecinema.be\/nl\/","name":"We Love Cinema","description":"Toute l\u2019information du cin\u00e9ma en Belgique","publisher":{"@id":"https:\/\/welovecinema.be\/nl\/#organization"},"potentialAction":[{"@type":"SearchAction","target":{"@type":"EntryPoint","urlTemplate":"https:\/\/welovecinema.be\/nl\/?s={search_term_string}"},"query-input":"required name=search_term_string"}],"inLanguage":"fr-FR"},{"@type":"Organization","@id":"https:\/\/welovecinema.be\/nl\/#organization","name":"We Love Cinema","url":"https:\/\/welovecinema.be\/nl\/","logo":{"@type":"ImageObject","inLanguage":"fr-FR","@id":"https:\/\/welovecinema.be\/nl\/#\/schema\/logo\/image\/","url":"https:\/\/welovecinema.be\/wp-content\/uploads\/sites\/2\/2023\/03\/Logo-We-Love-Cinema305x128.jpg","contentUrl":"https:\/\/welovecinema.be\/wp-content\/uploads\/sites\/2\/2023\/03\/Logo-We-Love-Cinema305x128.jpg","width":305,"height":128,"caption":"We Love Cinema"},"image":{"@id":"https:\/\/welovecinema.be\/nl\/#\/schema\/logo\/image\/"},"sameAs":["https:\/\/www.facebook.com\/welovecinema.be","https:\/\/www.youtube.com\/channel\/UCX5LYGVhnKvYauW4Nta4HJA","https:\/\/www.instagram.com\/welovecinema.be\/"]},{"@type":"Person","@id":"https:\/\/welovecinema.be\/nl\/#\/schema\/person\/8084b68c6b176142d073695c654dc7cf","name":"Aurore Engelen","url":"https:\/\/welovecinema.be\/fr\/author\/aurore-engelen\/"}]}},"_links":{"self":[{"href":"https:\/\/welovecinema.be\/fr\/wp-json\/wp\/v2\/posts\/246145","targetHints":{"allow":["GET"]}}],"collection":[{"href":"https:\/\/welovecinema.be\/fr\/wp-json\/wp\/v2\/posts"}],"about":[{"href":"https:\/\/welovecinema.be\/fr\/wp-json\/wp\/v2\/types\/post"}],"author":[{"embeddable":true,"href":"https:\/\/welovecinema.be\/fr\/wp-json\/wp\/v2\/users\/343"}],"replies":[{"embeddable":true,"href":"https:\/\/welovecinema.be\/fr\/wp-json\/wp\/v2\/comments?post=246145"}],"version-history":[{"count":0,"href":"https:\/\/welovecinema.be\/fr\/wp-json\/wp\/v2\/posts\/246145\/revisions"}],"wp:featuredmedia":[{"embeddable":true,"href":"https:\/\/welovecinema.be\/fr\/wp-json\/wp\/v2\/media\/246146"}],"wp:attachment":[{"href":"https:\/\/welovecinema.be\/fr\/wp-json\/wp\/v2\/media?parent=246145"}],"wp:term":[{"taxonomy":"category","embeddable":true,"href":"https:\/\/welovecinema.be\/fr\/wp-json\/wp\/v2\/categories?post=246145"},{"taxonomy":"post_tag","embeddable":true,"href":"https:\/\/welovecinema.be\/fr\/wp-json\/wp\/v2\/tags?post=246145"}],"curies":[{"name":"wp","href":"https:\/\/api.w.org\/{rel}","templated":true}]}}