{"id":245416,"date":"2022-06-08T14:29:51","date_gmt":"2022-06-08T12:29:51","guid":{"rendered":"https:\/\/www.cinevox.be\/?p=245416"},"modified":"2022-06-08T14:29:51","modified_gmt":"2022-06-08T12:29:51","slug":"sur-le-rivage-et-caline-deux-inedits-dans-tout-court","status":"publish","type":"post","link":"https:\/\/welovecinema.be\/fr\/sur-le-rivage-et-caline-deux-inedits-dans-tout-court\/","title":{"rendered":"\u00ab\u00a0Sur le rivage\u00a0\u00bb et \u00ab\u00a0Caline\u00a0\u00bb, deux in\u00e9dits dans Tout Court"},"content":{"rendered":"<p><strong>Au programme ce soir dans Tout Court, le magazine du court m\u00e9trage de La Trois, deux beaux in\u00e9dits: <em>Sur le rivage<\/em> de Camille Mol, et <em>C\u00e2line<\/em> de Margot Reumont.<\/strong><\/p>\n<hr \/>\n<h4><strong><em>Sur le rivage<\/em><\/strong> de Camille Mol<\/h4>\n<p><em>Avec Bertille Estramon, Brieuc Despontin, Nathalie Rjewsky<\/em><\/p>\n<div class=\"content gs_reveal gs_reveal_fromLeft\">\n<p>L&rsquo;\u00e9t\u00e9. Loin du tourbillon de la vie ordinaire, L\u00e9a cherche \u00e0 comprendre ce qui l&rsquo;oppose \u00e0 son plaisir.<\/p>\n<\/div>\n<div class=\"aside gs_reveal gs_reveal_fromRight\">\n<div class=\"seances\">\n<div class=\"seance\">\n<div class=\"seance_title\"><\/div>\n<\/div>\n<\/div>\n<\/div>\n<p><iframe loading=\"lazy\" title=\"Sur le Rivage \/ On the Shore - Official Trailer\" src=\"https:\/\/player.vimeo.com\/video\/592649521?dnt=1&amp;app_id=122963\" width=\"618\" height=\"348\" frameborder=\"0\" allow=\"autoplay; fullscreen; picture-in-picture; clipboard-write; encrypted-media\"><\/iframe><\/p>\n<hr \/>\n<h4><strong><em>C\u00e2line<\/em><\/strong> de Margot Reumont<\/h4>\n<p><em>Animation<\/em><\/p>\n<div class=\"wpb_text_column wpb_content_element  \">\n<div class=\"wpb_wrapper\">\n<p>A la demande de son p\u00e8re, Coline retourne dans sa chambre d\u2019enfant faire le tri dans ses affaires. Les diff\u00e9rents objets qu\u2019elle trouvera vont lui rappeler des souvenirs de son enfance. En faisant ce tri elle accepte enfin ceux dont elle ne pourra jamais se d\u00e9barrasser.<\/p>\n<\/div>\n<\/div>\n<p><iframe loading=\"lazy\" style=\"border: none; overflow: hidden;\" src=\"https:\/\/www.facebook.com\/plugins\/video.php?height=314&amp;href=https%3A%2F%2Fwww.facebook.com%2Fatelier.zorobabel%2Fvideos%2F3162919647367793%2F&amp;show_text=false&amp;width=560&amp;t=0\" width=\"560\" height=\"314\" frameborder=\"0\" scrolling=\"no\" allowfullscreen=\"allowfullscreen\"><\/iframe><\/p>\n","protected":false},"excerpt":{"rendered":"<p>Au programme ce soir dans Tout Court, le magazine du court m\u00e9trage de La Trois, deux beaux in\u00e9dits: Sur le rivage de Camille Mol, et C\u00e2line de Margot Reumont. Sur le rivage de Camille Mol Avec Bertille Estramon, Brieuc Despontin, Nathalie Rjewsky L&rsquo;\u00e9t\u00e9. Loin du tourbillon de la vie ordinaire, L\u00e9a cherche \u00e0 comprendre ce &hellip;<\/p>\n","protected":false},"author":343,"featured_media":245419,"comment_status":"closed","ping_status":"closed","sticky":false,"template":"","format":"standard","meta":{"ngg_post_thumbnail":0,"footnotes":""},"categories":[14],"tags":[1895,4187],"class_list":["post-245416","post","type-post","status-publish","format-standard","has-post-thumbnail","","category-home-cinema","tag-court-metrage","tag-newsletter-fr"],"yoast_head":"<!-- This site is optimized with the Yoast SEO plugin v20.4 - https:\/\/yoast.com\/wordpress\/plugins\/seo\/ -->\n<title>&quot;Sur le rivage&quot; et &quot;Caline&quot;, deux in\u00e9dits dans Tout Court - We Love Cinema<\/title>\n<meta name=\"robots\" content=\"index, follow, max-snippet:-1, max-image-preview:large, max-video-preview:-1\" \/>\n<link rel=\"canonical\" href=\"https:\/\/welovecinema.be\/fr\/sur-le-rivage-et-caline-deux-inedits-dans-tout-court\/\" \/>\n<meta property=\"og:locale\" content=\"fr_FR\" \/>\n<meta property=\"og:type\" content=\"article\" \/>\n<meta property=\"og:title\" content=\"&quot;Sur le rivage&quot; et &quot;Caline&quot;, deux in\u00e9dits dans Tout Court - We Love Cinema\" \/>\n<meta property=\"og:description\" content=\"Au programme ce soir dans Tout Court, le magazine du court m\u00e9trage de La Trois, deux beaux in\u00e9dits: Sur le rivage de Camille Mol, et C\u00e2line de Margot Reumont. Sur le rivage de Camille Mol Avec Bertille Estramon, Brieuc Despontin, Nathalie Rjewsky L&rsquo;\u00e9t\u00e9. Loin du tourbillon de la vie ordinaire, L\u00e9a cherche \u00e0 comprendre ce &hellip;\" \/>\n<meta property=\"og:url\" content=\"https:\/\/welovecinema.be\/fr\/sur-le-rivage-et-caline-deux-inedits-dans-tout-court\/\" \/>\n<meta property=\"og:site_name\" content=\"We Love Cinema\" \/>\n<meta property=\"article:publisher\" content=\"https:\/\/www.facebook.com\/welovecinema.be\" \/>\n<meta property=\"article:published_time\" content=\"2022-06-08T12:29:51+00:00\" \/>\n<meta property=\"og:image\" content=\"https:\/\/welovecinema.be\/wp-content\/uploads\/sites\/2\/2022\/06\/FotoJet.jpg\" \/>\n\t<meta property=\"og:image:width\" content=\"1200\" \/>\n\t<meta property=\"og:image:height\" content=\"600\" \/>\n\t<meta property=\"og:image:type\" content=\"image\/jpeg\" \/>\n<meta name=\"author\" content=\"Aurore Engelen\" \/>\n<meta name=\"twitter:card\" content=\"summary_large_image\" \/>\n<meta name=\"twitter:label1\" content=\"\u00c9crit par\" \/>\n\t<meta name=\"twitter:data1\" content=\"Aurore Engelen\" \/>\n\t<meta name=\"twitter:label2\" content=\"Dur\u00e9e de lecture estim\u00e9e\" \/>\n\t<meta name=\"twitter:data2\" content=\"1 minute\" \/>\n<script type=\"application\/ld+json\" class=\"yoast-schema-graph\">{\"@context\":\"https:\/\/schema.org\",\"@graph\":[{\"@type\":\"Article\",\"@id\":\"https:\/\/welovecinema.be\/fr\/sur-le-rivage-et-caline-deux-inedits-dans-tout-court\/#article\",\"isPartOf\":{\"@id\":\"https:\/\/welovecinema.be\/fr\/sur-le-rivage-et-caline-deux-inedits-dans-tout-court\/\"},\"author\":{\"name\":\"Aurore Engelen\",\"@id\":\"https:\/\/welovecinema.be\/nl\/#\/schema\/person\/8084b68c6b176142d073695c654dc7cf\"},\"headline\":\"\u00ab\u00a0Sur le rivage\u00a0\u00bb et \u00ab\u00a0Caline\u00a0\u00bb, deux in\u00e9dits dans Tout Court\",\"datePublished\":\"2022-06-08T12:29:51+00:00\",\"dateModified\":\"2022-06-08T12:29:51+00:00\",\"mainEntityOfPage\":{\"@id\":\"https:\/\/welovecinema.be\/fr\/sur-le-rivage-et-caline-deux-inedits-dans-tout-court\/\"},\"wordCount\":135,\"publisher\":{\"@id\":\"https:\/\/welovecinema.be\/nl\/#organization\"},\"keywords\":[\"Court m\u00e9trage\",\"newsletter\"],\"articleSection\":[\"Plateau t\u00e9l\u00e9\"],\"inLanguage\":\"fr-FR\"},{\"@type\":\"WebPage\",\"@id\":\"https:\/\/welovecinema.be\/fr\/sur-le-rivage-et-caline-deux-inedits-dans-tout-court\/\",\"url\":\"https:\/\/welovecinema.be\/fr\/sur-le-rivage-et-caline-deux-inedits-dans-tout-court\/\",\"name\":\"\\\"Sur le rivage\\\" et \\\"Caline\\\", deux in\u00e9dits dans Tout Court - We Love Cinema\",\"isPartOf\":{\"@id\":\"https:\/\/welovecinema.be\/nl\/#website\"},\"datePublished\":\"2022-06-08T12:29:51+00:00\",\"dateModified\":\"2022-06-08T12:29:51+00:00\",\"breadcrumb\":{\"@id\":\"https:\/\/welovecinema.be\/fr\/sur-le-rivage-et-caline-deux-inedits-dans-tout-court\/#breadcrumb\"},\"inLanguage\":\"fr-FR\",\"potentialAction\":[{\"@type\":\"ReadAction\",\"target\":[\"https:\/\/welovecinema.be\/fr\/sur-le-rivage-et-caline-deux-inedits-dans-tout-court\/\"]}]},{\"@type\":\"BreadcrumbList\",\"@id\":\"https:\/\/welovecinema.be\/fr\/sur-le-rivage-et-caline-deux-inedits-dans-tout-court\/#breadcrumb\",\"itemListElement\":[{\"@type\":\"ListItem\",\"position\":1,\"name\":\"Accueil\",\"item\":\"https:\/\/welovecinema.be\/fr\/\"},{\"@type\":\"ListItem\",\"position\":2,\"name\":\"\u00ab\u00a0Sur le rivage\u00a0\u00bb et \u00ab\u00a0Caline\u00a0\u00bb, deux in\u00e9dits dans Tout Court\"}]},{\"@type\":\"WebSite\",\"@id\":\"https:\/\/welovecinema.be\/nl\/#website\",\"url\":\"https:\/\/welovecinema.be\/nl\/\",\"name\":\"We Love Cinema\",\"description\":\"Toute l\u2019information du cin\u00e9ma en Belgique\",\"publisher\":{\"@id\":\"https:\/\/welovecinema.be\/nl\/#organization\"},\"potentialAction\":[{\"@type\":\"SearchAction\",\"target\":{\"@type\":\"EntryPoint\",\"urlTemplate\":\"https:\/\/welovecinema.be\/nl\/?s={search_term_string}\"},\"query-input\":\"required name=search_term_string\"}],\"inLanguage\":\"fr-FR\"},{\"@type\":\"Organization\",\"@id\":\"https:\/\/welovecinema.be\/nl\/#organization\",\"name\":\"We Love Cinema\",\"url\":\"https:\/\/welovecinema.be\/nl\/\",\"logo\":{\"@type\":\"ImageObject\",\"inLanguage\":\"fr-FR\",\"@id\":\"https:\/\/welovecinema.be\/nl\/#\/schema\/logo\/image\/\",\"url\":\"https:\/\/welovecinema.be\/wp-content\/uploads\/sites\/2\/2023\/03\/Logo-We-Love-Cinema305x128.jpg\",\"contentUrl\":\"https:\/\/welovecinema.be\/wp-content\/uploads\/sites\/2\/2023\/03\/Logo-We-Love-Cinema305x128.jpg\",\"width\":305,\"height\":128,\"caption\":\"We Love Cinema\"},\"image\":{\"@id\":\"https:\/\/welovecinema.be\/nl\/#\/schema\/logo\/image\/\"},\"sameAs\":[\"https:\/\/www.facebook.com\/welovecinema.be\",\"https:\/\/www.youtube.com\/channel\/UCX5LYGVhnKvYauW4Nta4HJA\",\"https:\/\/www.instagram.com\/welovecinema.be\/\"]},{\"@type\":\"Person\",\"@id\":\"https:\/\/welovecinema.be\/nl\/#\/schema\/person\/8084b68c6b176142d073695c654dc7cf\",\"name\":\"Aurore Engelen\",\"url\":\"https:\/\/welovecinema.be\/fr\/author\/aurore-engelen\/\"}]}<\/script>\n<!-- \/ Yoast SEO plugin. -->","yoast_head_json":{"title":"\"Sur le rivage\" et \"Caline\", deux in\u00e9dits dans Tout Court - We Love Cinema","robots":{"index":"index","follow":"follow","max-snippet":"max-snippet:-1","max-image-preview":"max-image-preview:large","max-video-preview":"max-video-preview:-1"},"canonical":"https:\/\/welovecinema.be\/fr\/sur-le-rivage-et-caline-deux-inedits-dans-tout-court\/","og_locale":"fr_FR","og_type":"article","og_title":"\"Sur le rivage\" et \"Caline\", deux in\u00e9dits dans Tout Court - We Love Cinema","og_description":"Au programme ce soir dans Tout Court, le magazine du court m\u00e9trage de La Trois, deux beaux in\u00e9dits: Sur le rivage de Camille Mol, et C\u00e2line de Margot Reumont. Sur le rivage de Camille Mol Avec Bertille Estramon, Brieuc Despontin, Nathalie Rjewsky L&rsquo;\u00e9t\u00e9. Loin du tourbillon de la vie ordinaire, L\u00e9a cherche \u00e0 comprendre ce &hellip;","og_url":"https:\/\/welovecinema.be\/fr\/sur-le-rivage-et-caline-deux-inedits-dans-tout-court\/","og_site_name":"We Love Cinema","article_publisher":"https:\/\/www.facebook.com\/welovecinema.be","article_published_time":"2022-06-08T12:29:51+00:00","og_image":[{"width":1200,"height":600,"url":"https:\/\/welovecinema.be\/wp-content\/uploads\/sites\/2\/2022\/06\/FotoJet.jpg","type":"image\/jpeg"}],"author":"Aurore Engelen","twitter_card":"summary_large_image","twitter_misc":{"\u00c9crit par":"Aurore Engelen","Dur\u00e9e de lecture estim\u00e9e":"1 minute"},"schema":{"@context":"https:\/\/schema.org","@graph":[{"@type":"Article","@id":"https:\/\/welovecinema.be\/fr\/sur-le-rivage-et-caline-deux-inedits-dans-tout-court\/#article","isPartOf":{"@id":"https:\/\/welovecinema.be\/fr\/sur-le-rivage-et-caline-deux-inedits-dans-tout-court\/"},"author":{"name":"Aurore Engelen","@id":"https:\/\/welovecinema.be\/nl\/#\/schema\/person\/8084b68c6b176142d073695c654dc7cf"},"headline":"\u00ab\u00a0Sur le rivage\u00a0\u00bb et \u00ab\u00a0Caline\u00a0\u00bb, deux in\u00e9dits dans Tout Court","datePublished":"2022-06-08T12:29:51+00:00","dateModified":"2022-06-08T12:29:51+00:00","mainEntityOfPage":{"@id":"https:\/\/welovecinema.be\/fr\/sur-le-rivage-et-caline-deux-inedits-dans-tout-court\/"},"wordCount":135,"publisher":{"@id":"https:\/\/welovecinema.be\/nl\/#organization"},"keywords":["Court m\u00e9trage","newsletter"],"articleSection":["Plateau t\u00e9l\u00e9"],"inLanguage":"fr-FR"},{"@type":"WebPage","@id":"https:\/\/welovecinema.be\/fr\/sur-le-rivage-et-caline-deux-inedits-dans-tout-court\/","url":"https:\/\/welovecinema.be\/fr\/sur-le-rivage-et-caline-deux-inedits-dans-tout-court\/","name":"\"Sur le rivage\" et \"Caline\", deux in\u00e9dits dans Tout Court - We Love Cinema","isPartOf":{"@id":"https:\/\/welovecinema.be\/nl\/#website"},"datePublished":"2022-06-08T12:29:51+00:00","dateModified":"2022-06-08T12:29:51+00:00","breadcrumb":{"@id":"https:\/\/welovecinema.be\/fr\/sur-le-rivage-et-caline-deux-inedits-dans-tout-court\/#breadcrumb"},"inLanguage":"fr-FR","potentialAction":[{"@type":"ReadAction","target":["https:\/\/welovecinema.be\/fr\/sur-le-rivage-et-caline-deux-inedits-dans-tout-court\/"]}]},{"@type":"BreadcrumbList","@id":"https:\/\/welovecinema.be\/fr\/sur-le-rivage-et-caline-deux-inedits-dans-tout-court\/#breadcrumb","itemListElement":[{"@type":"ListItem","position":1,"name":"Accueil","item":"https:\/\/welovecinema.be\/fr\/"},{"@type":"ListItem","position":2,"name":"\u00ab\u00a0Sur le rivage\u00a0\u00bb et \u00ab\u00a0Caline\u00a0\u00bb, deux in\u00e9dits dans Tout Court"}]},{"@type":"WebSite","@id":"https:\/\/welovecinema.be\/nl\/#website","url":"https:\/\/welovecinema.be\/nl\/","name":"We Love Cinema","description":"Toute l\u2019information du cin\u00e9ma en Belgique","publisher":{"@id":"https:\/\/welovecinema.be\/nl\/#organization"},"potentialAction":[{"@type":"SearchAction","target":{"@type":"EntryPoint","urlTemplate":"https:\/\/welovecinema.be\/nl\/?s={search_term_string}"},"query-input":"required name=search_term_string"}],"inLanguage":"fr-FR"},{"@type":"Organization","@id":"https:\/\/welovecinema.be\/nl\/#organization","name":"We Love Cinema","url":"https:\/\/welovecinema.be\/nl\/","logo":{"@type":"ImageObject","inLanguage":"fr-FR","@id":"https:\/\/welovecinema.be\/nl\/#\/schema\/logo\/image\/","url":"https:\/\/welovecinema.be\/wp-content\/uploads\/sites\/2\/2023\/03\/Logo-We-Love-Cinema305x128.jpg","contentUrl":"https:\/\/welovecinema.be\/wp-content\/uploads\/sites\/2\/2023\/03\/Logo-We-Love-Cinema305x128.jpg","width":305,"height":128,"caption":"We Love Cinema"},"image":{"@id":"https:\/\/welovecinema.be\/nl\/#\/schema\/logo\/image\/"},"sameAs":["https:\/\/www.facebook.com\/welovecinema.be","https:\/\/www.youtube.com\/channel\/UCX5LYGVhnKvYauW4Nta4HJA","https:\/\/www.instagram.com\/welovecinema.be\/"]},{"@type":"Person","@id":"https:\/\/welovecinema.be\/nl\/#\/schema\/person\/8084b68c6b176142d073695c654dc7cf","name":"Aurore Engelen","url":"https:\/\/welovecinema.be\/fr\/author\/aurore-engelen\/"}]}},"_links":{"self":[{"href":"https:\/\/welovecinema.be\/fr\/wp-json\/wp\/v2\/posts\/245416","targetHints":{"allow":["GET"]}}],"collection":[{"href":"https:\/\/welovecinema.be\/fr\/wp-json\/wp\/v2\/posts"}],"about":[{"href":"https:\/\/welovecinema.be\/fr\/wp-json\/wp\/v2\/types\/post"}],"author":[{"embeddable":true,"href":"https:\/\/welovecinema.be\/fr\/wp-json\/wp\/v2\/users\/343"}],"replies":[{"embeddable":true,"href":"https:\/\/welovecinema.be\/fr\/wp-json\/wp\/v2\/comments?post=245416"}],"version-history":[{"count":0,"href":"https:\/\/welovecinema.be\/fr\/wp-json\/wp\/v2\/posts\/245416\/revisions"}],"wp:featuredmedia":[{"embeddable":true,"href":"https:\/\/welovecinema.be\/fr\/wp-json\/wp\/v2\/media\/245419"}],"wp:attachment":[{"href":"https:\/\/welovecinema.be\/fr\/wp-json\/wp\/v2\/media?parent=245416"}],"wp:term":[{"taxonomy":"category","embeddable":true,"href":"https:\/\/welovecinema.be\/fr\/wp-json\/wp\/v2\/categories?post=245416"},{"taxonomy":"post_tag","embeddable":true,"href":"https:\/\/welovecinema.be\/fr\/wp-json\/wp\/v2\/tags?post=245416"}],"curies":[{"name":"wp","href":"https:\/\/api.w.org\/{rel}","templated":true}]}}