{"id":245392,"date":"2022-06-08T09:18:34","date_gmt":"2022-06-08T07:18:34","guid":{"rendered":"https:\/\/www.cinevox.be\/?p=245392"},"modified":"2022-06-08T21:16:49","modified_gmt":"2022-06-08T19:16:49","slug":"champagne-pour-stephane-de-groodt-2","status":"publish","type":"post","link":"https:\/\/welovecinema.be\/fr\/champagne-pour-stephane-de-groodt-2\/","title":{"rendered":"St\u00e9phane de Groodt \u00e0 l&rsquo;affiche de \u00ab\u00a0Champagne!\u00a0\u00bb"},"content":{"rendered":"<p><strong>Le com\u00e9dien belge est au coeur de <em>Champagne<\/em>, com\u00e9die chorale de Nicolas Vanier qui sort ce mercredi en Belgique.<\/strong><\/p>\n<p>Les week-ends entre amis, forc\u00e9ment, c&rsquo;est plein de rires et de larmes, de complicit\u00e9 et de conflits, de souvenirs et de projets, de vieilles anecdotes et de nouvelles blagues. Alors quand en plus, \u00e7a se passe dans un domaine viticole o\u00f9 l&rsquo;alcool coule \u00e0 flots, autant dire que l&rsquo;\u00e9bri\u00e9t\u00e9 aidant, tout est multipli\u00e9 par deux.<\/p>\n<p>Jean, Patrick, Joanna, Romane et Guillaume se connaissent maintenant depuis plus de 30 ans. Leurs mariages et leurs enfants n&rsquo;ont pas r\u00e9ussi \u00e0 les \u00e9loigner et justement, ce week-end, la bande de cinquantenaires se retrouve en Champagne pour l&rsquo;enterrement de vie de gar\u00e7on de Patrick, le dernier c\u00e9libataire de la bande. Mais la future \u00e9pouse, arriv\u00e9e \u00e0 l&rsquo;improviste, ne semble pas faire l&rsquo;unanimit\u00e9&#8230; Dans ce sublime vignoble, au fil des fous rires, des engueulades et des r\u00e9conciliations, les tensions rejaillissent&#8230; car en amiti\u00e9, tout le monde trinque !<\/p>\n<p><img loading=\"lazy\" decoding=\"async\" class=\"alignnone size-large wp-image-245398\" src=\"https:\/\/www.cinevox.be\/wp-content\/uploads\/sites\/2\/2022\/06\/0876763.jpg-r_1920_1080-f_jpg-q_x-xxyxx-800x534.jpg\" alt=\"\" width=\"618\" height=\"413\" srcset=\"https:\/\/welovecinema.be\/wp-content\/uploads\/sites\/2\/2022\/06\/0876763.jpg-r_1920_1080-f_jpg-q_x-xxyxx-800x534.jpg 800w, https:\/\/welovecinema.be\/wp-content\/uploads\/sites\/2\/2022\/06\/0876763.jpg-r_1920_1080-f_jpg-q_x-xxyxx-405x270.jpg 405w, https:\/\/welovecinema.be\/wp-content\/uploads\/sites\/2\/2022\/06\/0876763.jpg-r_1920_1080-f_jpg-q_x-xxyxx-768x512.jpg 768w, https:\/\/welovecinema.be\/wp-content\/uploads\/sites\/2\/2022\/06\/0876763.jpg-r_1920_1080-f_jpg-q_x-xxyxx-1536x1024.jpg 1536w, https:\/\/welovecinema.be\/wp-content\/uploads\/sites\/2\/2022\/06\/0876763.jpg-r_1920_1080-f_jpg-q_x-xxyxx-110x75.jpg 110w, https:\/\/welovecinema.be\/wp-content\/uploads\/sites\/2\/2022\/06\/0876763.jpg-r_1920_1080-f_jpg-q_x-xxyxx.jpg 1600w\" sizes=\"auto, (max-width: 618px) 100vw, 618px\" \/><\/p>\n<p>Patrick, c&rsquo;est St\u00e9phane de Groodt, celui qui vient gripper cette m\u00e9canique amicale bien huil\u00e9e en important un corps \u00e9tranger &#8211; celui de sa future \u00e9pouse, qui non contente de ne rien partager avec sa bande d&rsquo;ami (tout juste Patrick), n&rsquo;a ni le m\u00eame \u00e2ge, ni les m\u00eames r\u00e9f\u00e9rences, ni le m\u00eame bagage culturel. Et si toustes les ami\u00b7es se retrouvent pour la rejeter, cette intrusion va mettre en lumi\u00e8re les failles qui traversent le groupe.<\/p>\n<p>Le com\u00e9dien belge est particuli\u00e8rement \u00e0 l&rsquo;aise dans cet exercice choral, o\u00f9 il retrouve d&rsquo;ailleurs de vieux amis, Elsa Zylberstein, avec laquelle il partageait d\u00e9j\u00e0 l&rsquo;affiche de<em> Tout nous sourit<\/em>, ou Fran\u00e7ois-Xavier Demaison avec lequel il partageait celle de <em>Connect\u00e9s<\/em>.<\/p>\n<p>&nbsp;<\/p>\n","protected":false},"excerpt":{"rendered":"<p>Le com\u00e9dien belge est au coeur de Champagne, com\u00e9die chorale de Nicolas Vanier qui sort ce mercredi en Belgique. Les week-ends entre amis, forc\u00e9ment, c&rsquo;est plein de rires et de larmes, de complicit\u00e9 et de conflits, de souvenirs et de projets, de vieilles anecdotes et de nouvelles blagues. Alors quand en plus, \u00e7a se passe &hellip;<\/p>\n","protected":false},"author":343,"featured_media":245393,"comment_status":"closed","ping_status":"closed","sticky":false,"template":"","format":"standard","meta":{"ngg_post_thumbnail":0,"footnotes":""},"categories":[10],"tags":[4187,2704],"class_list":["post-245392","post","type-post","status-publish","format-standard","has-post-thumbnail","","category-a-l-affiche","tag-newsletter-fr","tag-stephane-de-groodt"],"yoast_head":"<!-- This site is optimized with the Yoast SEO plugin v20.4 - https:\/\/yoast.com\/wordpress\/plugins\/seo\/ -->\n<title>St\u00e9phane de Groodt \u00e0 l&#039;affiche de &quot;Champagne!&quot; - We Love Cinema<\/title>\n<meta name=\"robots\" content=\"index, follow, max-snippet:-1, max-image-preview:large, max-video-preview:-1\" \/>\n<link rel=\"canonical\" href=\"https:\/\/welovecinema.be\/fr\/champagne-pour-stephane-de-groodt-2\/\" \/>\n<meta property=\"og:locale\" content=\"fr_FR\" \/>\n<meta property=\"og:type\" content=\"article\" \/>\n<meta property=\"og:title\" content=\"St\u00e9phane de Groodt \u00e0 l&#039;affiche de &quot;Champagne!&quot; - We Love Cinema\" \/>\n<meta property=\"og:description\" content=\"Le com\u00e9dien belge est au coeur de Champagne, com\u00e9die chorale de Nicolas Vanier qui sort ce mercredi en Belgique. Les week-ends entre amis, forc\u00e9ment, c&rsquo;est plein de rires et de larmes, de complicit\u00e9 et de conflits, de souvenirs et de projets, de vieilles anecdotes et de nouvelles blagues. Alors quand en plus, \u00e7a se passe &hellip;\" \/>\n<meta property=\"og:url\" content=\"https:\/\/welovecinema.be\/fr\/champagne-pour-stephane-de-groodt-2\/\" \/>\n<meta property=\"og:site_name\" content=\"We Love Cinema\" \/>\n<meta property=\"article:publisher\" content=\"https:\/\/www.facebook.com\/welovecinema.be\" \/>\n<meta property=\"article:published_time\" content=\"2022-06-08T07:18:34+00:00\" \/>\n<meta property=\"article:modified_time\" content=\"2022-06-08T19:16:49+00:00\" \/>\n<meta property=\"og:image\" content=\"https:\/\/welovecinema.be\/wp-content\/uploads\/sites\/2\/2022\/06\/0950083.jpg-r_1920_1080-f_jpg-q_x-xxyxx.jpg\" \/>\n\t<meta property=\"og:image:width\" content=\"1600\" \/>\n\t<meta property=\"og:image:height\" content=\"1067\" \/>\n\t<meta property=\"og:image:type\" content=\"image\/jpeg\" \/>\n<meta name=\"author\" content=\"Aurore Engelen\" \/>\n<meta name=\"twitter:card\" content=\"summary_large_image\" \/>\n<meta name=\"twitter:label1\" content=\"\u00c9crit par\" \/>\n\t<meta name=\"twitter:data1\" content=\"Aurore Engelen\" \/>\n\t<meta name=\"twitter:label2\" content=\"Dur\u00e9e de lecture estim\u00e9e\" \/>\n\t<meta name=\"twitter:data2\" content=\"1 minute\" \/>\n<script type=\"application\/ld+json\" class=\"yoast-schema-graph\">{\"@context\":\"https:\/\/schema.org\",\"@graph\":[{\"@type\":\"Article\",\"@id\":\"https:\/\/welovecinema.be\/fr\/champagne-pour-stephane-de-groodt-2\/#article\",\"isPartOf\":{\"@id\":\"https:\/\/welovecinema.be\/fr\/champagne-pour-stephane-de-groodt-2\/\"},\"author\":{\"name\":\"Aurore Engelen\",\"@id\":\"https:\/\/welovecinema.be\/nl\/#\/schema\/person\/8084b68c6b176142d073695c654dc7cf\"},\"headline\":\"St\u00e9phane de Groodt \u00e0 l&rsquo;affiche de \u00ab\u00a0Champagne!\u00a0\u00bb\",\"datePublished\":\"2022-06-08T07:18:34+00:00\",\"dateModified\":\"2022-06-08T19:16:49+00:00\",\"mainEntityOfPage\":{\"@id\":\"https:\/\/welovecinema.be\/fr\/champagne-pour-stephane-de-groodt-2\/\"},\"wordCount\":317,\"publisher\":{\"@id\":\"https:\/\/welovecinema.be\/nl\/#organization\"},\"keywords\":[\"newsletter\",\"St\u00e9phane de Groodt\"],\"articleSection\":[\"A l'affiche\"],\"inLanguage\":\"fr-FR\"},{\"@type\":\"WebPage\",\"@id\":\"https:\/\/welovecinema.be\/fr\/champagne-pour-stephane-de-groodt-2\/\",\"url\":\"https:\/\/welovecinema.be\/fr\/champagne-pour-stephane-de-groodt-2\/\",\"name\":\"St\u00e9phane de Groodt \u00e0 l'affiche de \\\"Champagne!\\\" - We Love Cinema\",\"isPartOf\":{\"@id\":\"https:\/\/welovecinema.be\/nl\/#website\"},\"datePublished\":\"2022-06-08T07:18:34+00:00\",\"dateModified\":\"2022-06-08T19:16:49+00:00\",\"breadcrumb\":{\"@id\":\"https:\/\/welovecinema.be\/fr\/champagne-pour-stephane-de-groodt-2\/#breadcrumb\"},\"inLanguage\":\"fr-FR\",\"potentialAction\":[{\"@type\":\"ReadAction\",\"target\":[\"https:\/\/welovecinema.be\/fr\/champagne-pour-stephane-de-groodt-2\/\"]}]},{\"@type\":\"BreadcrumbList\",\"@id\":\"https:\/\/welovecinema.be\/fr\/champagne-pour-stephane-de-groodt-2\/#breadcrumb\",\"itemListElement\":[{\"@type\":\"ListItem\",\"position\":1,\"name\":\"Accueil\",\"item\":\"https:\/\/welovecinema.be\/fr\/\"},{\"@type\":\"ListItem\",\"position\":2,\"name\":\"St\u00e9phane de Groodt \u00e0 l&rsquo;affiche de \u00ab\u00a0Champagne!\u00a0\u00bb\"}]},{\"@type\":\"WebSite\",\"@id\":\"https:\/\/welovecinema.be\/nl\/#website\",\"url\":\"https:\/\/welovecinema.be\/nl\/\",\"name\":\"We Love Cinema\",\"description\":\"Toute l\u2019information du cin\u00e9ma en Belgique\",\"publisher\":{\"@id\":\"https:\/\/welovecinema.be\/nl\/#organization\"},\"potentialAction\":[{\"@type\":\"SearchAction\",\"target\":{\"@type\":\"EntryPoint\",\"urlTemplate\":\"https:\/\/welovecinema.be\/nl\/?s={search_term_string}\"},\"query-input\":\"required name=search_term_string\"}],\"inLanguage\":\"fr-FR\"},{\"@type\":\"Organization\",\"@id\":\"https:\/\/welovecinema.be\/nl\/#organization\",\"name\":\"We Love Cinema\",\"url\":\"https:\/\/welovecinema.be\/nl\/\",\"logo\":{\"@type\":\"ImageObject\",\"inLanguage\":\"fr-FR\",\"@id\":\"https:\/\/welovecinema.be\/nl\/#\/schema\/logo\/image\/\",\"url\":\"https:\/\/welovecinema.be\/wp-content\/uploads\/sites\/2\/2023\/03\/Logo-We-Love-Cinema305x128.jpg\",\"contentUrl\":\"https:\/\/welovecinema.be\/wp-content\/uploads\/sites\/2\/2023\/03\/Logo-We-Love-Cinema305x128.jpg\",\"width\":305,\"height\":128,\"caption\":\"We Love Cinema\"},\"image\":{\"@id\":\"https:\/\/welovecinema.be\/nl\/#\/schema\/logo\/image\/\"},\"sameAs\":[\"https:\/\/www.facebook.com\/welovecinema.be\",\"https:\/\/www.youtube.com\/channel\/UCX5LYGVhnKvYauW4Nta4HJA\",\"https:\/\/www.instagram.com\/welovecinema.be\/\"]},{\"@type\":\"Person\",\"@id\":\"https:\/\/welovecinema.be\/nl\/#\/schema\/person\/8084b68c6b176142d073695c654dc7cf\",\"name\":\"Aurore Engelen\",\"url\":\"https:\/\/welovecinema.be\/fr\/author\/aurore-engelen\/\"}]}<\/script>\n<!-- \/ Yoast SEO plugin. -->","yoast_head_json":{"title":"St\u00e9phane de Groodt \u00e0 l'affiche de \"Champagne!\" - We Love Cinema","robots":{"index":"index","follow":"follow","max-snippet":"max-snippet:-1","max-image-preview":"max-image-preview:large","max-video-preview":"max-video-preview:-1"},"canonical":"https:\/\/welovecinema.be\/fr\/champagne-pour-stephane-de-groodt-2\/","og_locale":"fr_FR","og_type":"article","og_title":"St\u00e9phane de Groodt \u00e0 l'affiche de \"Champagne!\" - We Love Cinema","og_description":"Le com\u00e9dien belge est au coeur de Champagne, com\u00e9die chorale de Nicolas Vanier qui sort ce mercredi en Belgique. Les week-ends entre amis, forc\u00e9ment, c&rsquo;est plein de rires et de larmes, de complicit\u00e9 et de conflits, de souvenirs et de projets, de vieilles anecdotes et de nouvelles blagues. Alors quand en plus, \u00e7a se passe &hellip;","og_url":"https:\/\/welovecinema.be\/fr\/champagne-pour-stephane-de-groodt-2\/","og_site_name":"We Love Cinema","article_publisher":"https:\/\/www.facebook.com\/welovecinema.be","article_published_time":"2022-06-08T07:18:34+00:00","article_modified_time":"2022-06-08T19:16:49+00:00","og_image":[{"width":1600,"height":1067,"url":"https:\/\/welovecinema.be\/wp-content\/uploads\/sites\/2\/2022\/06\/0950083.jpg-r_1920_1080-f_jpg-q_x-xxyxx.jpg","type":"image\/jpeg"}],"author":"Aurore Engelen","twitter_card":"summary_large_image","twitter_misc":{"\u00c9crit par":"Aurore Engelen","Dur\u00e9e de lecture estim\u00e9e":"1 minute"},"schema":{"@context":"https:\/\/schema.org","@graph":[{"@type":"Article","@id":"https:\/\/welovecinema.be\/fr\/champagne-pour-stephane-de-groodt-2\/#article","isPartOf":{"@id":"https:\/\/welovecinema.be\/fr\/champagne-pour-stephane-de-groodt-2\/"},"author":{"name":"Aurore Engelen","@id":"https:\/\/welovecinema.be\/nl\/#\/schema\/person\/8084b68c6b176142d073695c654dc7cf"},"headline":"St\u00e9phane de Groodt \u00e0 l&rsquo;affiche de \u00ab\u00a0Champagne!\u00a0\u00bb","datePublished":"2022-06-08T07:18:34+00:00","dateModified":"2022-06-08T19:16:49+00:00","mainEntityOfPage":{"@id":"https:\/\/welovecinema.be\/fr\/champagne-pour-stephane-de-groodt-2\/"},"wordCount":317,"publisher":{"@id":"https:\/\/welovecinema.be\/nl\/#organization"},"keywords":["newsletter","St\u00e9phane de Groodt"],"articleSection":["A l'affiche"],"inLanguage":"fr-FR"},{"@type":"WebPage","@id":"https:\/\/welovecinema.be\/fr\/champagne-pour-stephane-de-groodt-2\/","url":"https:\/\/welovecinema.be\/fr\/champagne-pour-stephane-de-groodt-2\/","name":"St\u00e9phane de Groodt \u00e0 l'affiche de \"Champagne!\" - We Love Cinema","isPartOf":{"@id":"https:\/\/welovecinema.be\/nl\/#website"},"datePublished":"2022-06-08T07:18:34+00:00","dateModified":"2022-06-08T19:16:49+00:00","breadcrumb":{"@id":"https:\/\/welovecinema.be\/fr\/champagne-pour-stephane-de-groodt-2\/#breadcrumb"},"inLanguage":"fr-FR","potentialAction":[{"@type":"ReadAction","target":["https:\/\/welovecinema.be\/fr\/champagne-pour-stephane-de-groodt-2\/"]}]},{"@type":"BreadcrumbList","@id":"https:\/\/welovecinema.be\/fr\/champagne-pour-stephane-de-groodt-2\/#breadcrumb","itemListElement":[{"@type":"ListItem","position":1,"name":"Accueil","item":"https:\/\/welovecinema.be\/fr\/"},{"@type":"ListItem","position":2,"name":"St\u00e9phane de Groodt \u00e0 l&rsquo;affiche de \u00ab\u00a0Champagne!\u00a0\u00bb"}]},{"@type":"WebSite","@id":"https:\/\/welovecinema.be\/nl\/#website","url":"https:\/\/welovecinema.be\/nl\/","name":"We Love Cinema","description":"Toute l\u2019information du cin\u00e9ma en Belgique","publisher":{"@id":"https:\/\/welovecinema.be\/nl\/#organization"},"potentialAction":[{"@type":"SearchAction","target":{"@type":"EntryPoint","urlTemplate":"https:\/\/welovecinema.be\/nl\/?s={search_term_string}"},"query-input":"required name=search_term_string"}],"inLanguage":"fr-FR"},{"@type":"Organization","@id":"https:\/\/welovecinema.be\/nl\/#organization","name":"We Love Cinema","url":"https:\/\/welovecinema.be\/nl\/","logo":{"@type":"ImageObject","inLanguage":"fr-FR","@id":"https:\/\/welovecinema.be\/nl\/#\/schema\/logo\/image\/","url":"https:\/\/welovecinema.be\/wp-content\/uploads\/sites\/2\/2023\/03\/Logo-We-Love-Cinema305x128.jpg","contentUrl":"https:\/\/welovecinema.be\/wp-content\/uploads\/sites\/2\/2023\/03\/Logo-We-Love-Cinema305x128.jpg","width":305,"height":128,"caption":"We Love Cinema"},"image":{"@id":"https:\/\/welovecinema.be\/nl\/#\/schema\/logo\/image\/"},"sameAs":["https:\/\/www.facebook.com\/welovecinema.be","https:\/\/www.youtube.com\/channel\/UCX5LYGVhnKvYauW4Nta4HJA","https:\/\/www.instagram.com\/welovecinema.be\/"]},{"@type":"Person","@id":"https:\/\/welovecinema.be\/nl\/#\/schema\/person\/8084b68c6b176142d073695c654dc7cf","name":"Aurore Engelen","url":"https:\/\/welovecinema.be\/fr\/author\/aurore-engelen\/"}]}},"_links":{"self":[{"href":"https:\/\/welovecinema.be\/fr\/wp-json\/wp\/v2\/posts\/245392","targetHints":{"allow":["GET"]}}],"collection":[{"href":"https:\/\/welovecinema.be\/fr\/wp-json\/wp\/v2\/posts"}],"about":[{"href":"https:\/\/welovecinema.be\/fr\/wp-json\/wp\/v2\/types\/post"}],"author":[{"embeddable":true,"href":"https:\/\/welovecinema.be\/fr\/wp-json\/wp\/v2\/users\/343"}],"replies":[{"embeddable":true,"href":"https:\/\/welovecinema.be\/fr\/wp-json\/wp\/v2\/comments?post=245392"}],"version-history":[{"count":0,"href":"https:\/\/welovecinema.be\/fr\/wp-json\/wp\/v2\/posts\/245392\/revisions"}],"wp:featuredmedia":[{"embeddable":true,"href":"https:\/\/welovecinema.be\/fr\/wp-json\/wp\/v2\/media\/245393"}],"wp:attachment":[{"href":"https:\/\/welovecinema.be\/fr\/wp-json\/wp\/v2\/media?parent=245392"}],"wp:term":[{"taxonomy":"category","embeddable":true,"href":"https:\/\/welovecinema.be\/fr\/wp-json\/wp\/v2\/categories?post=245392"},{"taxonomy":"post_tag","embeddable":true,"href":"https:\/\/welovecinema.be\/fr\/wp-json\/wp\/v2\/tags?post=245392"}],"curies":[{"name":"wp","href":"https:\/\/api.w.org\/{rel}","templated":true}]}}