{"id":244590,"date":"2022-04-23T21:52:21","date_gmt":"2022-04-23T19:52:21","guid":{"rendered":"https:\/\/www.cinevox.be\/?p=244590"},"modified":"2022-04-25T12:33:37","modified_gmt":"2022-04-25T10:33:37","slug":"arno-comedien-magnetique-ok","status":"publish","type":"post","link":"https:\/\/welovecinema.be\/fr\/arno-comedien-magnetique-ok\/","title":{"rendered":"Arno, com\u00e9dien magn\u00e9tique"},"content":{"rendered":"<p><strong>On le savait malade, Arno est d\u00e9c\u00e9d\u00e9 ce samedi 23 avril. On le savait, mais c&rsquo;est quand m\u00eame un choc, et c&rsquo;est toute la Belgique qui se sent un peu orpheline. Arno a berc\u00e9 nos nuits blanches, nos soir\u00e9es endiabl\u00e9es et nos \u00e9t\u00e9s, mais il a aussi hant\u00e9 nos salles obscures. Il a notamment \u00e9t\u00e9 le h\u00e9ros de deux films belges forts et qu&rsquo;il fera bon revoir: <em>Komma<\/em> de Martine Doyen (2006) et <em>Prejudice<\/em> d&rsquo;Antoine Cuypers (2015). Deux r\u00f4les intenses, qui auront impr\u00e9gn\u00e9 \u00e0 jamais nos r\u00e9tines, et nourrit nos imaginaires de cin\u00e9ma.<\/strong><\/p>\n<p>Dans <em>Komma<\/em>, Arno joue un revenant. Le film d\u00e9bute dans un souffle, sur son visage, scrut\u00e9 en gros plan. Un visage sous un drap, un drap dans une morgue. Apr\u00e8s une soir\u00e9e qu&rsquo;il faudra surement mieux oublier, il se r\u00e9veille parmi les morts.<\/p>\n<p class=\"p1\"><i>Komma<\/i> est un \u00e9crin \u00e0 la hauteur de l\u2019alter ego de cin\u00e9ma d\u2019Arno. C\u2019est l&rsquo;histoire d&rsquo;une renaissance, celle d\u2019un mythomane fatigu\u00e9 mais chez qui brille encore une petite lueur d\u2019espoir, qui va croiser le chemin d\u2019une femme amn\u00e9sique, incarn\u00e9e par Val\u00e9rie Lema\u00eetre (co-autrice du film), \u00e0 qui il va \u00e9crire des souvenirs et en passant, une histoire d\u2019amour. Deux \u00e2mes errantes sans m\u00e9moire qui s\u2019\u00e9chappent au pays des r\u00eaves, dans des paysages incongrus de conte de f\u00e9e, mais un conte de f\u00e9e un peu absurde et savamment m\u00e9lancolique.<span class=\"Apple-converted-space\">\u00a0<\/span><\/p>\n<p>Le film, premier long m\u00e9trage de Martine Doyen, eut les honneurs de Cannes. Le com\u00e9dien chanteur y accompagna la r\u00e9alisatrice, aussi d\u00e9cal\u00e9 sur la Croisette qu&rsquo;\u00e0 sa place sur le grand \u00e9cran. En 2017 d&rsquo;ailleurs, on le retrouvera dans les premiers plans du documentaire d&rsquo;Henri de Gerlache, <em>La Belge histoire du Festival de Cannes<\/em>. Il arpente la plage d&rsquo;Ostende, qui un temps fut pressenti pour accueillir un grand festival de cin\u00e9ma juste apr\u00e8s la deuxi\u00e8me guerre, plage du Nord, et plage de coeur du chanteur flamand, qui y livre avec l\u2019\u00e9conomie de mots qu\u2019on lui conna\u00eet sa vision du cin\u00e9ma belge.<\/p>\n<p>Arno l&rsquo;a dit et r\u00e9p\u00e9t\u00e9, <em>\u00ab\u00a0travailler pour un\u00b7e autre, c&rsquo;est comme une th\u00e9rapie\u00a0\u00bb.<\/em> Une fa\u00e7on peut-\u00eatre de se mettre en vacances de son personnage de rocker, de se laisser r\u00e9interpr\u00e9ter, r\u00e9-imaginer par d&rsquo;autres, pour habiter d&rsquo;autres r\u00e9cits.<\/p>\n<figure id=\"attachment_244593\" aria-describedby=\"caption-attachment-244593\" style=\"width: 618px\" class=\"wp-caption alignnone\"><img loading=\"lazy\" decoding=\"async\" class=\"size-large wp-image-244593\" src=\"https:\/\/www.cinevox.be\/wp-content\/uploads\/sites\/2\/2022\/04\/1386993_backdrop_scale_1280xauto-800x338.jpeg\" alt=\"A-New-Old-Story\" width=\"618\" height=\"261\" srcset=\"https:\/\/welovecinema.be\/wp-content\/uploads\/sites\/2\/2022\/04\/1386993_backdrop_scale_1280xauto-800x338.jpeg 800w, https:\/\/welovecinema.be\/wp-content\/uploads\/sites\/2\/2022\/04\/1386993_backdrop_scale_1280xauto-480x203.jpeg 480w, https:\/\/welovecinema.be\/wp-content\/uploads\/sites\/2\/2022\/04\/1386993_backdrop_scale_1280xauto-768x325.jpeg 768w, https:\/\/welovecinema.be\/wp-content\/uploads\/sites\/2\/2022\/04\/1386993_backdrop_scale_1280xauto.jpeg 1280w\" sizes=\"auto, (max-width: 618px) 100vw, 618px\" \/><figcaption id=\"caption-attachment-244593\" class=\"wp-caption-text\">Dans \u00ab\u00a0A New Old Story\u00a0\u00bb avec Sofia Leboutte<\/figcaption><\/figure>\n<p>Quelques ann\u00e9es plus tard, il r\u00e9pond pr\u00e9sent \u00e0 l&rsquo;appel d&rsquo;un jeune r\u00e9alisateur, Antoine Cuypers, qui le r\u00eave dans son court m\u00e9trage, <em>A New Old Story<\/em>. Il lui confie le r\u00f4le d&rsquo;un s\u00e9ducteur un peu us\u00e9 par la vie, un po\u00e8te amoureux d\u00e9chir\u00e9 par une violence pass\u00e9e, mais capable de rejouer mot pour mot, 40 ans plus tard, la seule sc\u00e8ne d\u2019amour qui compte pour lui.<span class=\"Apple-converted-space\">\u00a0<\/span><\/p>\n<p>Il retrouve Antoine Cuypers quelques ann\u00e9es plus tard dans son premier long m\u00e9trage, <em>Prejudice<\/em>. Il y tient un r\u00f4le que l&rsquo;on pourrait croire \u00e0 contre-emploi, mais finalement pas si \u00e9loign\u00e9 de lui, celui d&rsquo;un p\u00e8re aimant mais taciturne, de peu de mots, mais souvent les bons. Celui qui \u00e9coute et qui entend son grand fils, un fils diff\u00e9rent incompris par tous. Il embrasse et aime son \u00e9tranget\u00e9. Il est l\u00e0, et forme un couple d\u00e9tonnant avec Nathalie Baye, o\u00f9 souffle le chaud et le froid, et o\u00f9 contre toute attente, il est le chaud. Le cin\u00e9aste filme son dos, sa nuque, ses cheveux gris. Si Arno, on le sait bien s\u00fbr, c&rsquo;est une voix, c&rsquo;est aussi un corps, un corps de cin\u00e9ma.<\/p>\n<figure id=\"attachment_244595\" aria-describedby=\"caption-attachment-244595\" style=\"width: 720px\" class=\"wp-caption alignnone\"><img loading=\"lazy\" decoding=\"async\" class=\"size-full wp-image-244595\" src=\"https:\/\/www.cinevox.be\/wp-content\/uploads\/sites\/2\/2022\/04\/1315795c31200718d9faf433e0347c084faa2cbd.jpeg\" alt=\"Arno-Prejudice\" width=\"720\" height=\"360\" srcset=\"https:\/\/welovecinema.be\/wp-content\/uploads\/sites\/2\/2022\/04\/1315795c31200718d9faf433e0347c084faa2cbd.jpeg 720w, https:\/\/welovecinema.be\/wp-content\/uploads\/sites\/2\/2022\/04\/1315795c31200718d9faf433e0347c084faa2cbd-480x240.jpeg 480w, https:\/\/welovecinema.be\/wp-content\/uploads\/sites\/2\/2022\/04\/1315795c31200718d9faf433e0347c084faa2cbd-660x330.jpeg 660w\" sizes=\"auto, (max-width: 720px) 100vw, 720px\" \/><figcaption id=\"caption-attachment-244595\" class=\"wp-caption-text\">Dans \u00ab\u00a0Prejudice\u00a0\u00bb avec Nathalie Baye<\/figcaption><\/figure>\n<p>Il est \u00e0 la fois insaisissable, et en m\u00eame temps incroyablement proche. Dans <em>J&rsquo;ai toujours r\u00eav\u00e9 d&rsquo;\u00eatre un gangster<\/em>, il est l&rsquo;anti-dandy, le rocker nonchalant, irr\u00e9sistiblement vo\u00fbt\u00e9. Samuel Benchetrit semble s&rsquo;\u00eatre joyeusement amus\u00e9 \u00e0 le mettre en sc\u00e8ne dans un duo\/ duel d&rsquo;anthologie, face \u00e0 Alain Bashung, deux oiseaux nocturnes en plein concours de crooners. Une fa\u00e7on de se jouer des caricatures, d&rsquo;atomiser les clich\u00e9s.<\/p>\n<p>Un sens de l&rsquo;autod\u00e9rision d\u00e9j\u00e0 pr\u00e9sent d&rsquo;ailleurs, forc\u00e9ment, dans <em>Camping Cosmos<\/em> de Jan Bucquoy, o\u00f9 il joue un ma\u00eetre-nageur\/ moniteur de hula-hoop, en mode <em>Alerte \u00e0 la Mer du Nord<\/em>, qui se paye le luxe d&rsquo;\u00e9conduire Jan Decleir. Evidemment chez Jan Bucquoy, on ne fait pas les choses \u00e0 moiti\u00e9.<\/p>\n<figure id=\"attachment_244597\" aria-describedby=\"caption-attachment-244597\" style=\"width: 600px\" class=\"wp-caption alignnone\"><img loading=\"lazy\" decoding=\"async\" class=\"size-full wp-image-244597\" src=\"https:\/\/www.cinevox.be\/wp-content\/uploads\/sites\/2\/2022\/04\/cc5d72c575236e54365c9991e9acce1e.jpeg\" alt=\"\" width=\"600\" height=\"400\" srcset=\"https:\/\/welovecinema.be\/wp-content\/uploads\/sites\/2\/2022\/04\/cc5d72c575236e54365c9991e9acce1e.jpeg 600w, https:\/\/welovecinema.be\/wp-content\/uploads\/sites\/2\/2022\/04\/cc5d72c575236e54365c9991e9acce1e-405x270.jpeg 405w\" sizes=\"auto, (max-width: 600px) 100vw, 600px\" \/><figcaption id=\"caption-attachment-244597\" class=\"wp-caption-text\">Dans \u00ab\u00a0J\u2019ai toujours r\u00eav\u00e9 d\u2019\u00eatre un gangster\u00a0\u00bb avec Alain Bashung<\/figcaption><\/figure>\n<p>A travers de rares mais pr\u00e9cieux r\u00f4les (on retiendra aussi d&rsquo;ailleurs <em>Surveiller les tortues<\/em> d&rsquo;In\u00e8s Rabadan), Arno a d\u00e9montr\u00e9 \u00e0 son aise qu&rsquo;il avait l&rsquo;\u00e9toffe d&rsquo;un acteur, un grand. On n&rsquo;oubliera pas non plus qu&rsquo;en 2008, il offrit un morceau \u00e0 une jeune r\u00e9alisateur qui ne se voyait pas clore son film r\u00e9solument bruxellois sans la voix du patron. Arno signait alors le g\u00e9n\u00e9rique de fin des <em>Barons<\/em> de Nabil Ben Yadir.<\/p>\n<figure id=\"attachment_244605\" aria-describedby=\"caption-attachment-244605\" style=\"width: 749px\" class=\"wp-caption alignnone\"><img loading=\"lazy\" decoding=\"async\" class=\"size-full wp-image-244605\" src=\"https:\/\/www.cinevox.be\/wp-content\/uploads\/sites\/2\/2022\/04\/surveiller-les-tortues-749x421-1.jpeg\" alt=\"\" width=\"749\" height=\"421\" srcset=\"https:\/\/welovecinema.be\/wp-content\/uploads\/sites\/2\/2022\/04\/surveiller-les-tortues-749x421-1.jpeg 749w, https:\/\/welovecinema.be\/wp-content\/uploads\/sites\/2\/2022\/04\/surveiller-les-tortues-749x421-1-480x270.jpeg 480w, https:\/\/welovecinema.be\/wp-content\/uploads\/sites\/2\/2022\/04\/surveiller-les-tortues-749x421-1-200x113.jpeg 200w, https:\/\/welovecinema.be\/wp-content\/uploads\/sites\/2\/2022\/04\/surveiller-les-tortues-749x421-1-599x337.jpeg 599w\" sizes=\"auto, (max-width: 749px) 100vw, 749px\" \/><figcaption id=\"caption-attachment-244605\" class=\"wp-caption-text\">\u00ab\u00a0Surveiller les tortues\u00a0\u00bb d&rsquo;In\u00e8s Rabadan<\/figcaption><\/figure>\n<p>En mars dernier, le Festival du Film d&rsquo;Ostende venait ancrer dans le marbre cette carri\u00e8re parall\u00e8le, lui d\u00e9cernant un Lifetime Achievement Award, et une \u00e9toile sur son Walk of Fame.<\/p>\n<p>Arno manquera aux Belges, \u00e0 la Belgique et au monde, il manquera \u00e0 la musique, et il manquera aussi au cin\u00e9ma.<\/p>\n","protected":false},"excerpt":{"rendered":"<p>On le savait malade, Arno est d\u00e9c\u00e9d\u00e9 ce samedi 23 avril. On le savait, mais c&rsquo;est quand m\u00eame un choc, et c&rsquo;est toute la Belgique qui se sent un peu orpheline. Arno a berc\u00e9 nos nuits blanches, nos soir\u00e9es endiabl\u00e9es et nos \u00e9t\u00e9s, mais il a aussi hant\u00e9 nos salles obscures. Il a notamment \u00e9t\u00e9 &hellip;<\/p>\n","protected":false},"author":343,"featured_media":244600,"comment_status":"closed","ping_status":"closed","sticky":false,"template":"","format":"standard","meta":{"ngg_post_thumbnail":0,"footnotes":""},"categories":[12],"tags":[6757,4187],"class_list":["post-244590","post","type-post","status-publish","format-standard","has-post-thumbnail","","category-awards","tag-arno-2","tag-newsletter-fr"],"yoast_head":"<!-- This site is optimized with the Yoast SEO plugin v20.4 - https:\/\/yoast.com\/wordpress\/plugins\/seo\/ -->\n<title>Arno, com\u00e9dien magn\u00e9tique - We Love Cinema<\/title>\n<meta name=\"robots\" content=\"index, follow, max-snippet:-1, max-image-preview:large, max-video-preview:-1\" \/>\n<link rel=\"canonical\" href=\"https:\/\/welovecinema.be\/fr\/arno-comedien-magnetique-ok\/\" \/>\n<meta property=\"og:locale\" content=\"fr_FR\" \/>\n<meta property=\"og:type\" content=\"article\" \/>\n<meta property=\"og:title\" content=\"Arno, com\u00e9dien magn\u00e9tique - We Love Cinema\" \/>\n<meta property=\"og:description\" content=\"On le savait malade, Arno est d\u00e9c\u00e9d\u00e9 ce samedi 23 avril. On le savait, mais c&rsquo;est quand m\u00eame un choc, et c&rsquo;est toute la Belgique qui se sent un peu orpheline. Arno a berc\u00e9 nos nuits blanches, nos soir\u00e9es endiabl\u00e9es et nos \u00e9t\u00e9s, mais il a aussi hant\u00e9 nos salles obscures. Il a notamment \u00e9t\u00e9 &hellip;\" \/>\n<meta property=\"og:url\" content=\"https:\/\/welovecinema.be\/fr\/arno-comedien-magnetique-ok\/\" \/>\n<meta property=\"og:site_name\" content=\"We Love Cinema\" \/>\n<meta property=\"article:publisher\" content=\"https:\/\/www.facebook.com\/welovecinema.be\" \/>\n<meta property=\"article:published_time\" content=\"2022-04-23T19:52:21+00:00\" \/>\n<meta property=\"article:modified_time\" content=\"2022-04-25T10:33:37+00:00\" \/>\n<meta property=\"og:image\" content=\"https:\/\/welovecinema.be\/wp-content\/uploads\/sites\/2\/2022\/04\/image004-1.jpg\" \/>\n\t<meta property=\"og:image:width\" content=\"600\" \/>\n\t<meta property=\"og:image:height\" content=\"323\" \/>\n\t<meta property=\"og:image:type\" content=\"image\/jpeg\" \/>\n<meta name=\"author\" content=\"Aurore Engelen\" \/>\n<meta name=\"twitter:card\" content=\"summary_large_image\" \/>\n<meta name=\"twitter:label1\" content=\"\u00c9crit par\" \/>\n\t<meta name=\"twitter:data1\" content=\"Aurore Engelen\" \/>\n\t<meta name=\"twitter:label2\" content=\"Dur\u00e9e de lecture estim\u00e9e\" \/>\n\t<meta name=\"twitter:data2\" content=\"5 minutes\" \/>\n<script type=\"application\/ld+json\" class=\"yoast-schema-graph\">{\"@context\":\"https:\/\/schema.org\",\"@graph\":[{\"@type\":\"Article\",\"@id\":\"https:\/\/welovecinema.be\/fr\/arno-comedien-magnetique-ok\/#article\",\"isPartOf\":{\"@id\":\"https:\/\/welovecinema.be\/fr\/arno-comedien-magnetique-ok\/\"},\"author\":{\"name\":\"Aurore Engelen\",\"@id\":\"https:\/\/welovecinema.be\/nl\/#\/schema\/person\/8084b68c6b176142d073695c654dc7cf\"},\"headline\":\"Arno, com\u00e9dien magn\u00e9tique\",\"datePublished\":\"2022-04-23T19:52:21+00:00\",\"dateModified\":\"2022-04-25T10:33:37+00:00\",\"mainEntityOfPage\":{\"@id\":\"https:\/\/welovecinema.be\/fr\/arno-comedien-magnetique-ok\/\"},\"wordCount\":971,\"publisher\":{\"@id\":\"https:\/\/welovecinema.be\/nl\/#organization\"},\"keywords\":[\"Arno\",\"newsletter\"],\"articleSection\":[\"Evenements\"],\"inLanguage\":\"fr-FR\"},{\"@type\":\"WebPage\",\"@id\":\"https:\/\/welovecinema.be\/fr\/arno-comedien-magnetique-ok\/\",\"url\":\"https:\/\/welovecinema.be\/fr\/arno-comedien-magnetique-ok\/\",\"name\":\"Arno, com\u00e9dien magn\u00e9tique - We Love Cinema\",\"isPartOf\":{\"@id\":\"https:\/\/welovecinema.be\/nl\/#website\"},\"datePublished\":\"2022-04-23T19:52:21+00:00\",\"dateModified\":\"2022-04-25T10:33:37+00:00\",\"breadcrumb\":{\"@id\":\"https:\/\/welovecinema.be\/fr\/arno-comedien-magnetique-ok\/#breadcrumb\"},\"inLanguage\":\"fr-FR\",\"potentialAction\":[{\"@type\":\"ReadAction\",\"target\":[\"https:\/\/welovecinema.be\/fr\/arno-comedien-magnetique-ok\/\"]}]},{\"@type\":\"BreadcrumbList\",\"@id\":\"https:\/\/welovecinema.be\/fr\/arno-comedien-magnetique-ok\/#breadcrumb\",\"itemListElement\":[{\"@type\":\"ListItem\",\"position\":1,\"name\":\"Accueil\",\"item\":\"https:\/\/welovecinema.be\/fr\/\"},{\"@type\":\"ListItem\",\"position\":2,\"name\":\"Arno, com\u00e9dien magn\u00e9tique\"}]},{\"@type\":\"WebSite\",\"@id\":\"https:\/\/welovecinema.be\/nl\/#website\",\"url\":\"https:\/\/welovecinema.be\/nl\/\",\"name\":\"We Love Cinema\",\"description\":\"Toute l\u2019information du cin\u00e9ma en Belgique\",\"publisher\":{\"@id\":\"https:\/\/welovecinema.be\/nl\/#organization\"},\"potentialAction\":[{\"@type\":\"SearchAction\",\"target\":{\"@type\":\"EntryPoint\",\"urlTemplate\":\"https:\/\/welovecinema.be\/nl\/?s={search_term_string}\"},\"query-input\":\"required name=search_term_string\"}],\"inLanguage\":\"fr-FR\"},{\"@type\":\"Organization\",\"@id\":\"https:\/\/welovecinema.be\/nl\/#organization\",\"name\":\"We Love Cinema\",\"url\":\"https:\/\/welovecinema.be\/nl\/\",\"logo\":{\"@type\":\"ImageObject\",\"inLanguage\":\"fr-FR\",\"@id\":\"https:\/\/welovecinema.be\/nl\/#\/schema\/logo\/image\/\",\"url\":\"https:\/\/welovecinema.be\/wp-content\/uploads\/sites\/2\/2023\/03\/Logo-We-Love-Cinema305x128.jpg\",\"contentUrl\":\"https:\/\/welovecinema.be\/wp-content\/uploads\/sites\/2\/2023\/03\/Logo-We-Love-Cinema305x128.jpg\",\"width\":305,\"height\":128,\"caption\":\"We Love Cinema\"},\"image\":{\"@id\":\"https:\/\/welovecinema.be\/nl\/#\/schema\/logo\/image\/\"},\"sameAs\":[\"https:\/\/www.facebook.com\/welovecinema.be\",\"https:\/\/www.youtube.com\/channel\/UCX5LYGVhnKvYauW4Nta4HJA\",\"https:\/\/www.instagram.com\/welovecinema.be\/\"]},{\"@type\":\"Person\",\"@id\":\"https:\/\/welovecinema.be\/nl\/#\/schema\/person\/8084b68c6b176142d073695c654dc7cf\",\"name\":\"Aurore Engelen\",\"url\":\"https:\/\/welovecinema.be\/fr\/author\/aurore-engelen\/\"}]}<\/script>\n<!-- \/ Yoast SEO plugin. -->","yoast_head_json":{"title":"Arno, com\u00e9dien magn\u00e9tique - We Love Cinema","robots":{"index":"index","follow":"follow","max-snippet":"max-snippet:-1","max-image-preview":"max-image-preview:large","max-video-preview":"max-video-preview:-1"},"canonical":"https:\/\/welovecinema.be\/fr\/arno-comedien-magnetique-ok\/","og_locale":"fr_FR","og_type":"article","og_title":"Arno, com\u00e9dien magn\u00e9tique - We Love Cinema","og_description":"On le savait malade, Arno est d\u00e9c\u00e9d\u00e9 ce samedi 23 avril. On le savait, mais c&rsquo;est quand m\u00eame un choc, et c&rsquo;est toute la Belgique qui se sent un peu orpheline. Arno a berc\u00e9 nos nuits blanches, nos soir\u00e9es endiabl\u00e9es et nos \u00e9t\u00e9s, mais il a aussi hant\u00e9 nos salles obscures. Il a notamment \u00e9t\u00e9 &hellip;","og_url":"https:\/\/welovecinema.be\/fr\/arno-comedien-magnetique-ok\/","og_site_name":"We Love Cinema","article_publisher":"https:\/\/www.facebook.com\/welovecinema.be","article_published_time":"2022-04-23T19:52:21+00:00","article_modified_time":"2022-04-25T10:33:37+00:00","og_image":[{"width":600,"height":323,"url":"https:\/\/welovecinema.be\/wp-content\/uploads\/sites\/2\/2022\/04\/image004-1.jpg","type":"image\/jpeg"}],"author":"Aurore Engelen","twitter_card":"summary_large_image","twitter_misc":{"\u00c9crit par":"Aurore Engelen","Dur\u00e9e de lecture estim\u00e9e":"5 minutes"},"schema":{"@context":"https:\/\/schema.org","@graph":[{"@type":"Article","@id":"https:\/\/welovecinema.be\/fr\/arno-comedien-magnetique-ok\/#article","isPartOf":{"@id":"https:\/\/welovecinema.be\/fr\/arno-comedien-magnetique-ok\/"},"author":{"name":"Aurore Engelen","@id":"https:\/\/welovecinema.be\/nl\/#\/schema\/person\/8084b68c6b176142d073695c654dc7cf"},"headline":"Arno, com\u00e9dien magn\u00e9tique","datePublished":"2022-04-23T19:52:21+00:00","dateModified":"2022-04-25T10:33:37+00:00","mainEntityOfPage":{"@id":"https:\/\/welovecinema.be\/fr\/arno-comedien-magnetique-ok\/"},"wordCount":971,"publisher":{"@id":"https:\/\/welovecinema.be\/nl\/#organization"},"keywords":["Arno","newsletter"],"articleSection":["Evenements"],"inLanguage":"fr-FR"},{"@type":"WebPage","@id":"https:\/\/welovecinema.be\/fr\/arno-comedien-magnetique-ok\/","url":"https:\/\/welovecinema.be\/fr\/arno-comedien-magnetique-ok\/","name":"Arno, com\u00e9dien magn\u00e9tique - We Love Cinema","isPartOf":{"@id":"https:\/\/welovecinema.be\/nl\/#website"},"datePublished":"2022-04-23T19:52:21+00:00","dateModified":"2022-04-25T10:33:37+00:00","breadcrumb":{"@id":"https:\/\/welovecinema.be\/fr\/arno-comedien-magnetique-ok\/#breadcrumb"},"inLanguage":"fr-FR","potentialAction":[{"@type":"ReadAction","target":["https:\/\/welovecinema.be\/fr\/arno-comedien-magnetique-ok\/"]}]},{"@type":"BreadcrumbList","@id":"https:\/\/welovecinema.be\/fr\/arno-comedien-magnetique-ok\/#breadcrumb","itemListElement":[{"@type":"ListItem","position":1,"name":"Accueil","item":"https:\/\/welovecinema.be\/fr\/"},{"@type":"ListItem","position":2,"name":"Arno, com\u00e9dien magn\u00e9tique"}]},{"@type":"WebSite","@id":"https:\/\/welovecinema.be\/nl\/#website","url":"https:\/\/welovecinema.be\/nl\/","name":"We Love Cinema","description":"Toute l\u2019information du cin\u00e9ma en Belgique","publisher":{"@id":"https:\/\/welovecinema.be\/nl\/#organization"},"potentialAction":[{"@type":"SearchAction","target":{"@type":"EntryPoint","urlTemplate":"https:\/\/welovecinema.be\/nl\/?s={search_term_string}"},"query-input":"required name=search_term_string"}],"inLanguage":"fr-FR"},{"@type":"Organization","@id":"https:\/\/welovecinema.be\/nl\/#organization","name":"We Love Cinema","url":"https:\/\/welovecinema.be\/nl\/","logo":{"@type":"ImageObject","inLanguage":"fr-FR","@id":"https:\/\/welovecinema.be\/nl\/#\/schema\/logo\/image\/","url":"https:\/\/welovecinema.be\/wp-content\/uploads\/sites\/2\/2023\/03\/Logo-We-Love-Cinema305x128.jpg","contentUrl":"https:\/\/welovecinema.be\/wp-content\/uploads\/sites\/2\/2023\/03\/Logo-We-Love-Cinema305x128.jpg","width":305,"height":128,"caption":"We Love Cinema"},"image":{"@id":"https:\/\/welovecinema.be\/nl\/#\/schema\/logo\/image\/"},"sameAs":["https:\/\/www.facebook.com\/welovecinema.be","https:\/\/www.youtube.com\/channel\/UCX5LYGVhnKvYauW4Nta4HJA","https:\/\/www.instagram.com\/welovecinema.be\/"]},{"@type":"Person","@id":"https:\/\/welovecinema.be\/nl\/#\/schema\/person\/8084b68c6b176142d073695c654dc7cf","name":"Aurore Engelen","url":"https:\/\/welovecinema.be\/fr\/author\/aurore-engelen\/"}]}},"_links":{"self":[{"href":"https:\/\/welovecinema.be\/fr\/wp-json\/wp\/v2\/posts\/244590","targetHints":{"allow":["GET"]}}],"collection":[{"href":"https:\/\/welovecinema.be\/fr\/wp-json\/wp\/v2\/posts"}],"about":[{"href":"https:\/\/welovecinema.be\/fr\/wp-json\/wp\/v2\/types\/post"}],"author":[{"embeddable":true,"href":"https:\/\/welovecinema.be\/fr\/wp-json\/wp\/v2\/users\/343"}],"replies":[{"embeddable":true,"href":"https:\/\/welovecinema.be\/fr\/wp-json\/wp\/v2\/comments?post=244590"}],"version-history":[{"count":0,"href":"https:\/\/welovecinema.be\/fr\/wp-json\/wp\/v2\/posts\/244590\/revisions"}],"wp:featuredmedia":[{"embeddable":true,"href":"https:\/\/welovecinema.be\/fr\/wp-json\/wp\/v2\/media\/244600"}],"wp:attachment":[{"href":"https:\/\/welovecinema.be\/fr\/wp-json\/wp\/v2\/media?parent=244590"}],"wp:term":[{"taxonomy":"category","embeddable":true,"href":"https:\/\/welovecinema.be\/fr\/wp-json\/wp\/v2\/categories?post=244590"},{"taxonomy":"post_tag","embeddable":true,"href":"https:\/\/welovecinema.be\/fr\/wp-json\/wp\/v2\/tags?post=244590"}],"curies":[{"name":"wp","href":"https:\/\/api.w.org\/{rel}","templated":true}]}}