{"id":244377,"date":"2022-04-13T11:38:03","date_gmt":"2022-04-13T09:38:03","guid":{"rendered":"https:\/\/www.cinevox.be\/?p=244377"},"modified":"2022-04-14T09:51:45","modified_gmt":"2022-04-14T07:51:45","slug":"sur-le-tournage-de-les-tortues-de-david-lambert","status":"publish","type":"post","link":"https:\/\/welovecinema.be\/fr\/sur-le-tournage-de-les-tortues-de-david-lambert\/","title":{"rendered":"Sur le tournage de&#8230; \u00ab\u00a0Les Tortues\u00a0\u00bb de David Lambert"},"content":{"rendered":"<p><strong>Rendez-vous sur le tournage du nouveau film de David Lambert, <em>Les Tortues<\/em>, avec Olivier Gourmet et Dave Johns.<\/strong><\/p>\n<p>Bruxelles, avril 2022. Le printemps est enfin l\u00e0, alors qu&rsquo;on ne l&rsquo;esp\u00e9rait plus. Dans la cour de l&rsquo;Hospice Pacheco, un petit air de sakura, les cerisiers sont en fleurs. On retrouve \u00e0 la pause d\u00e9jeuner l&rsquo;\u00e9quipe du nouveau film de David Lambert, <em>Les Tortues<\/em>, en tournage depuis une semaine. Au loin, on entend parler anglais: <em>\u00ab\u00a0Would you like to eat now or later, Dave?\u00a0\u00bb\u00a0<\/em><\/p>\n<figure id=\"attachment_244380\" aria-describedby=\"caption-attachment-244380\" style=\"width: 412px\" class=\"wp-caption alignnone\"><img loading=\"lazy\" decoding=\"async\" class=\"wp-image-244380 \" src=\"https:\/\/www.cinevox.be\/wp-content\/uploads\/sites\/2\/2022\/04\/Dave-Johns-Cinevox-800x600.jpg\" alt=\"Dave-Johns-Cinevox\" width=\"412\" height=\"309\" srcset=\"https:\/\/welovecinema.be\/wp-content\/uploads\/sites\/2\/2022\/04\/Dave-Johns-Cinevox-800x600.jpg 800w, https:\/\/welovecinema.be\/wp-content\/uploads\/sites\/2\/2022\/04\/Dave-Johns-Cinevox-360x270.jpg 360w, https:\/\/welovecinema.be\/wp-content\/uploads\/sites\/2\/2022\/04\/Dave-Johns-Cinevox-768x576.jpg 768w, https:\/\/welovecinema.be\/wp-content\/uploads\/sites\/2\/2022\/04\/Dave-Johns-Cinevox-1536x1152.jpg 1536w, https:\/\/welovecinema.be\/wp-content\/uploads\/sites\/2\/2022\/04\/Dave-Johns-Cinevox-2048x1536.jpg 2048w\" sizes=\"auto, (max-width: 412px) 100vw, 412px\" \/><figcaption id=\"caption-attachment-244380\" class=\"wp-caption-text\">Dave Johns<\/figcaption><\/figure>\n<p>Dave, c&rsquo;est Dave Johns. <em>\u00ab\u00a0You know that I don&rsquo;t speak French,<\/em> nous dit-il, <em>I&rsquo;ve learned my lines, but I can&rsquo;t speak French\u00a0\u00bb<\/em>. Who cares, on fera l&rsquo;interview en anglais. Dave Johns est un acteur britannique, un com\u00e9dien de stand-up souvent vu \u00e0 la t\u00e9l\u00e9 anglaise, mais r\u00e9v\u00e9l\u00e9 au monde entier par son inoubliable performance dans le r\u00f4le titre de <em>I, Daniel Blake<\/em> de Ken Loach. Aujourd&rsquo;hui, Dave est aussi l&rsquo;une des tortues de David Lambert. L&rsquo;autre, c&rsquo;est Olivier Gourmet. Avec un plaisir malicieux de cin\u00e9phile, le cin\u00e9aste orchestre la rencontre du menuisier en qu\u00eate d&rsquo;un emploi imagin\u00e9 par Ken Loach, et du chef de chantier sans scrupule de <em>La Promesse<\/em>, mis en sc\u00e8ne par les fr\u00e8res Dardenne. Mais l\u00e0 o\u00f9 le plaisir de cin\u00e9phile devient vraiment r\u00e9jouissant, c&rsquo;est qu&rsquo;il choisit de les d\u00e9territorialiser, de les emmener dans son univers.<\/p>\n<figure id=\"attachment_244382\" aria-describedby=\"caption-attachment-244382\" style=\"width: 415px\" class=\"wp-caption alignnone\"><img loading=\"lazy\" decoding=\"async\" class=\"wp-image-244382 \" src=\"https:\/\/www.cinevox.be\/wp-content\/uploads\/sites\/2\/2022\/04\/Olivier-Gourmet-Cinevox-800x600.jpg\" alt=\"Olivier-Gourmet-Cinevox\" width=\"415\" height=\"311\" srcset=\"https:\/\/welovecinema.be\/wp-content\/uploads\/sites\/2\/2022\/04\/Olivier-Gourmet-Cinevox-800x600.jpg 800w, https:\/\/welovecinema.be\/wp-content\/uploads\/sites\/2\/2022\/04\/Olivier-Gourmet-Cinevox-360x270.jpg 360w, https:\/\/welovecinema.be\/wp-content\/uploads\/sites\/2\/2022\/04\/Olivier-Gourmet-Cinevox-768x576.jpg 768w, https:\/\/welovecinema.be\/wp-content\/uploads\/sites\/2\/2022\/04\/Olivier-Gourmet-Cinevox-1536x1152.jpg 1536w, https:\/\/welovecinema.be\/wp-content\/uploads\/sites\/2\/2022\/04\/Olivier-Gourmet-Cinevox-2048x1536.jpg 2048w\" sizes=\"auto, (max-width: 415px) 100vw, 415px\" \/><figcaption id=\"caption-attachment-244382\" class=\"wp-caption-text\">Olivier Gourmet<\/figcaption><\/figure>\n<p>D&rsquo;o\u00f9 vient l&rsquo;envie justement, de mettre en sc\u00e8ne ces tortues? <em>\u00ab\u00a0Je crois que j&rsquo;avais tout simplement envie de filmer deux hommes d\u2019un certain \u00e2ge,<\/em> nous explique David Lambert. <em>Un vieux couple gay. Ce sont des personnages tr\u00e8s touchants, et tr\u00e8s peu exploit\u00e9s en fiction. Et puis je voulais aussi faire un vrai film sur la lassitude, le d\u00e9samour, mais faire que ce soit comique. Donc, je me suis dit que j\u2019allais faire une com\u00e9die de remariage. Avec l&rsquo;un des amoureux\u00a0 qui tiendrait le r\u00f4le traditionnel de Katherine Hepburn, et l\u2019autre celui de Spencer Tracy. Je me suis dit que j\u2019allais faire \u00e7a, mais avec Daniel Blake et Olivier Gourmet (rires).\u00a0\u00bb<\/em><\/p>\n<p><em>Les Tortues<\/em>, ce sont Thom et Henri. Le premier, un expatri\u00e9 anglais plut\u00f4t flamboyant, est antiquaire, il vivote tant bien que mal en vendant ses trouvailles Place du Jeu de Balle. Le deuxi\u00e8me, ex-policier, vient d&rsquo;\u00eatre mis \u00e0 la retraite. Ce changement radical de paradigme va mettre \u00e0 mal son couple. Enferm\u00e9 toute la journ\u00e9e \u00e0 la maison, lui qui a v\u00e9cu de tension et d&rsquo;adr\u00e9naline, il peine \u00e0 se reconnecter avec lui-m\u00eame, et avec son homme. Avec ce changement de cap, \u00ab\u00a0<em>c\u2019est l\u00e0 que le couple vacille,<\/em> confirme le r\u00e9alisateur, <em>dans ce d\u00e9s\u00e9quilibre. C\u2019est un moment charni\u00e8re tr\u00e8s mal n\u00e9goci\u00e9 par le couple. Un moment de bascule, comme l&rsquo;arriv\u00e9e d&rsquo;un premier enfant, c\u2019est un moment dangereux pour un couple.\u00a0\u00bb<\/em><\/p>\n<p><img loading=\"lazy\" decoding=\"async\" class=\"alignnone wp-image-244384\" src=\"https:\/\/www.cinevox.be\/wp-content\/uploads\/sites\/2\/2022\/04\/Tournage-Les-Tortues-Bis-800x600.jpg\" alt=\"\" width=\"436\" height=\"327\" srcset=\"https:\/\/welovecinema.be\/wp-content\/uploads\/sites\/2\/2022\/04\/Tournage-Les-Tortues-Bis-800x600.jpg 800w, https:\/\/welovecinema.be\/wp-content\/uploads\/sites\/2\/2022\/04\/Tournage-Les-Tortues-Bis-360x270.jpg 360w, https:\/\/welovecinema.be\/wp-content\/uploads\/sites\/2\/2022\/04\/Tournage-Les-Tortues-Bis-768x576.jpg 768w, https:\/\/welovecinema.be\/wp-content\/uploads\/sites\/2\/2022\/04\/Tournage-Les-Tortues-Bis-1536x1152.jpg 1536w, https:\/\/welovecinema.be\/wp-content\/uploads\/sites\/2\/2022\/04\/Tournage-Les-Tortues-Bis-2048x1536.jpg 2048w\" sizes=\"auto, (max-width: 436px) 100vw, 436px\" \/><\/p>\n<p>Un moment charni\u00e8re certes, mais un moment souvent invisibilis\u00e9 au cin\u00e9ma, tout comme ces personnages de vieux amoureux gays. <em>\u00ab\u00a0Il y a quelque chose de tr\u00e8s \u00e9trange dans notre rapport au 3e \u00e2ge, notre soci\u00e9t\u00e9 est tr\u00e8s jeuniste,<\/em> continue David Lambert. <em>Encore plus si on l&rsquo;observe sous le prisme du film gay. Certes, il y a <\/em>Les Invisibles<em> de Lifshitz, et le film d\u2019Ira Sachs, <\/em>Love is Strange<em>, mais sinon&#8230; Je voulais aussi des personnages tr\u00e8s normaux, qui habitent dans les Marolles, pas sp\u00e9cialement bourgeois. Pas des artistes. On filme beaucoup des gens de classes tr\u00e8s \u00e9lev\u00e9es au cin\u00e9ma. L\u00e0, c\u2019est un flic \u00e0 la retraite, avec une carri\u00e8re basique, et un mec qui vivote Place du Jeu de Balle.\u00a0\u00bb<\/em><\/p>\n<p>Au-del\u00e0 de cet ancrage purement bruxellois (<em>\u00ab\u00a0J&rsquo;aime le c\u00f4t\u00e9 multiculturel de Bruxelles, ses airs de Tour de Babel, son rapport d\u00e9complex\u00e9 aux nombreuses langues qu&rsquo;on y entend\u00a0\u00bb<\/em>), Thom et Henri s&rsquo;inscrivent aussi dans une histoire, celle des diff\u00e9rentes luttes pour les droits des personnes LGBTQIA+ qui ont marqu\u00e9 ces derni\u00e8res d\u00e9cennies. <em>\u00ab\u00a0Ces deux hommes ont travers\u00e9 beaucoup de p\u00e9riodes, de luttes. Ils ont travers\u00e9 le SIDA, et ils y ont surv\u00e9cu, ils ont travers\u00e9 35 ans de lutte et se retrouvent dans une soci\u00e9t\u00e9 assez \u00e9trange pour eux. Ils sont un peu amers peut-\u00eatre et jaloux des jeunes g\u00e9n\u00e9rations et de leur aisance, ils sont en d\u00e9calage. Il ont d\u00fb se battre pour obtenir des droits, et notamment le mariage. Mais quand on a lutt\u00e9 pour se marier, est-ce qu\u2019on a le droit de divorcer? Bon, on verra si ce couple l\u00e0 divorce ou pas, mais il en a le droit. En filigrane, on pose aussi la question: pourquoi les couples homosexuels se sont sentis oblig\u00e9s d\u2019imiter les institutions h\u00e9t\u00e9rosexuelles? Pourquoi ces revendications-l\u00e0?\u00a0\u00bb<\/em><\/p>\n<p>Une crise de couple qui soul\u00e8ve des questions soci\u00e9tales et culturelles profondes. Mais quel sera le ton du film? On a parl\u00e9 des com\u00e9dies du remariage de Katherine Hepburn et Spencer Tracy (<em>La Femme de l&rsquo;ann\u00e9e, Madame porte la culotte<\/em>), mais qu&rsquo;en est-il des autres influences du r\u00e9alisateur? <em>\u00ab\u00a0Il y a des emprunts \u00e0 la com\u00e9die romantique, \u00e0 la com\u00e9die de remariage, ou \u00e0 des films comme <\/em>Le Chat <em>avec Signoret et Gabin, <\/em>La Guerre des Roses<em>, que des films qui ne concernaient que des couples h\u00e9t\u00e9ro. Mais c\u2019est avant tout un film d\u2019amour en fait, trait\u00e9 \u00e0 la fois de mani\u00e8re tragique, tendre et comique. Avec des situations parfois absurdes, un humour d\u00e9cal\u00e9. Ce n\u2019est pas une com\u00e9die genre Christian Clavier, mais j\u2019ai envie de faire rire le public, qu\u2019il soit dans la vie des personnages, partagent avec eux les grands moments de rire, et de larmes. C\u2019est un film l\u00e9ger, avec ses moments durs et ses moments de lumi\u00e8re.\u00a0\u00bb<\/em><span class=\"Apple-converted-space\">\u00a0<\/span><\/p>\n<figure id=\"attachment_244386\" aria-describedby=\"caption-attachment-244386\" style=\"width: 457px\" class=\"wp-caption alignnone\"><img loading=\"lazy\" decoding=\"async\" class=\" wp-image-244386\" src=\"https:\/\/www.cinevox.be\/wp-content\/uploads\/sites\/2\/2022\/04\/LesTortues-800x600.jpg\" alt=\"\" width=\"457\" height=\"342\" srcset=\"https:\/\/welovecinema.be\/wp-content\/uploads\/sites\/2\/2022\/04\/LesTortues-800x600.jpg 800w, https:\/\/welovecinema.be\/wp-content\/uploads\/sites\/2\/2022\/04\/LesTortues-360x270.jpg 360w, https:\/\/welovecinema.be\/wp-content\/uploads\/sites\/2\/2022\/04\/LesTortues-768x576.jpg 768w, https:\/\/welovecinema.be\/wp-content\/uploads\/sites\/2\/2022\/04\/LesTortues-1536x1152.jpg 1536w, https:\/\/welovecinema.be\/wp-content\/uploads\/sites\/2\/2022\/04\/LesTortues-2048x1536.jpg 2048w\" sizes=\"auto, (max-width: 457px) 100vw, 457px\" \/><figcaption id=\"caption-attachment-244386\" class=\"wp-caption-text\">Mascotte non-officielle crois\u00e9e sur le plateau<\/figcaption><\/figure>\n<p>Retour sur les com\u00e9diens. <em>\u00ab\u00a0J\u2019aime bien l\u2019id\u00e9e de faire une com\u00e9die romantique sur un vieux couple gay,<\/em> nous confie Olivier Gourmet, peu bavard certes, comme \u00e0 son habitude, mais d\u00e9licieusement enthousiaste. <em>C\u2019est charmant et nouveau, c&rsquo;est frais.\u00a0\u00bb<\/em> C&rsquo;est d&rsquo;ailleurs l&rsquo;id\u00e9e de le voir dans une com\u00e9die, alors qu&rsquo;il l&rsquo;avait d\u00e9couvert dans le r\u00f4le sombre et intense de Roger dans <em>La Promesse<\/em>, qui a incit\u00e9 David Lambert \u00e0 contacter Olivier Gourmet, l&rsquo;envie de le voir retrouver une certaine forme de l\u00e9g\u00e8ret\u00e9, qu&rsquo;il lui avait d\u00e9j\u00e0 trouv\u00e9e dans <em>Le Pont des Arts<\/em> d&rsquo;Eug\u00e8ne Green.<\/p>\n<p>Pour Dave Johns, il y avait Daniel Blake, bien s\u00fbr, mais aussi l&rsquo;envie de travailler avec un com\u00e9dien de stand-up, qui a <em>\u00ab\u00a0une approche \u00e9motionnelle tr\u00e8s directe et tr\u00e8s rapide que je trouvais tr\u00e8s pr\u00e9cieuse.\u00a0\u00bb<\/em> Le com\u00e9dien anglais lui se r\u00e9jouit de ce duo improbable avec Olivier Gourmet (<em>\u00ab\u00a0Je ne parle pas fran\u00e7ais, il ne parle pas forc\u00e9ment tr\u00e8s bien anglais, mais on se retrouve, c&rsquo;est une super collaboration, on s&rsquo;amuse beaucoup\u00a0\u00bb<\/em>), et vante les qualit\u00e9s du sc\u00e9nario. <em>\u00ab\u00a0Le texte de David est formidable, ses mots sont tr\u00e8s justes, tr\u00e8s honn\u00eates. C&rsquo;est tr\u00e8s fort, sans \u00eatre trop sentimental. C&rsquo;est du pain b\u00e9ni pour un com\u00e9dien, un texte de cette qualit\u00e9.\u00a0\u00bb<\/em><\/p>\n<p>Avant de retrouver sur le plateau, on a quand m\u00eame une derni\u00e8re question. Pourquoi les tortues? <em>\u00ab\u00a0Parce qu&rsquo;elles ont une carapace, et que ce sont des animaux qui traversent le temps.\u00a0\u00bb<\/em> On a h\u00e2te maintenant de les d\u00e9couvrir sur grand \u00e9cran.<\/p>\n<p>&nbsp;<\/p>\n","protected":false},"excerpt":{"rendered":"<p>Rendez-vous sur le tournage du nouveau film de David Lambert, Les Tortues, avec Olivier Gourmet et Dave Johns. Bruxelles, avril 2022. Le printemps est enfin l\u00e0, alors qu&rsquo;on ne l&rsquo;esp\u00e9rait plus. Dans la cour de l&rsquo;Hospice Pacheco, un petit air de sakura, les cerisiers sont en fleurs. On retrouve \u00e0 la pause d\u00e9jeuner l&rsquo;\u00e9quipe du &hellip;<\/p>\n","protected":false},"author":343,"featured_media":244378,"comment_status":"closed","ping_status":"closed","sticky":false,"template":"","format":"standard","meta":{"ngg_post_thumbnail":0,"footnotes":""},"categories":[11],"tags":[1912,6719,4187,5048],"class_list":["post-244377","post","type-post","status-publish","format-standard","has-post-thumbnail","","category-tournages","tag-david-lambert","tag-les-tortues","tag-newsletter-fr","tag-olivier-gourmet-2"],"yoast_head":"<!-- This site is optimized with the Yoast SEO plugin v20.4 - https:\/\/yoast.com\/wordpress\/plugins\/seo\/ -->\n<title>Sur le tournage de... &quot;Les Tortues&quot; de David Lambert - We Love Cinema<\/title>\n<meta name=\"robots\" content=\"index, follow, max-snippet:-1, max-image-preview:large, max-video-preview:-1\" \/>\n<link rel=\"canonical\" href=\"https:\/\/welovecinema.be\/fr\/sur-le-tournage-de-les-tortues-de-david-lambert\/\" \/>\n<meta property=\"og:locale\" content=\"fr_FR\" \/>\n<meta property=\"og:type\" content=\"article\" \/>\n<meta property=\"og:title\" content=\"Sur le tournage de... &quot;Les Tortues&quot; de David Lambert - We Love Cinema\" \/>\n<meta property=\"og:description\" content=\"Rendez-vous sur le tournage du nouveau film de David Lambert, Les Tortues, avec Olivier Gourmet et Dave Johns. Bruxelles, avril 2022. Le printemps est enfin l\u00e0, alors qu&rsquo;on ne l&rsquo;esp\u00e9rait plus. Dans la cour de l&rsquo;Hospice Pacheco, un petit air de sakura, les cerisiers sont en fleurs. On retrouve \u00e0 la pause d\u00e9jeuner l&rsquo;\u00e9quipe du &hellip;\" \/>\n<meta property=\"og:url\" content=\"https:\/\/welovecinema.be\/fr\/sur-le-tournage-de-les-tortues-de-david-lambert\/\" \/>\n<meta property=\"og:site_name\" content=\"We Love Cinema\" \/>\n<meta property=\"article:publisher\" content=\"https:\/\/www.facebook.com\/welovecinema.be\" \/>\n<meta property=\"article:published_time\" content=\"2022-04-13T09:38:03+00:00\" \/>\n<meta property=\"article:modified_time\" content=\"2022-04-14T07:51:45+00:00\" \/>\n<meta property=\"og:image\" content=\"https:\/\/welovecinema.be\/wp-content\/uploads\/sites\/2\/2022\/04\/Clap-Les-Tortues-Cinevox-scaled.jpg\" \/>\n\t<meta property=\"og:image:width\" content=\"2560\" \/>\n\t<meta property=\"og:image:height\" content=\"1920\" \/>\n\t<meta property=\"og:image:type\" content=\"image\/jpeg\" \/>\n<meta name=\"author\" content=\"Aurore Engelen\" \/>\n<meta name=\"twitter:card\" content=\"summary_large_image\" \/>\n<meta name=\"twitter:label1\" content=\"\u00c9crit par\" \/>\n\t<meta name=\"twitter:data1\" content=\"Aurore Engelen\" \/>\n\t<meta name=\"twitter:label2\" content=\"Dur\u00e9e de lecture estim\u00e9e\" \/>\n\t<meta name=\"twitter:data2\" content=\"6 minutes\" \/>\n<script type=\"application\/ld+json\" class=\"yoast-schema-graph\">{\"@context\":\"https:\/\/schema.org\",\"@graph\":[{\"@type\":\"Article\",\"@id\":\"https:\/\/welovecinema.be\/fr\/sur-le-tournage-de-les-tortues-de-david-lambert\/#article\",\"isPartOf\":{\"@id\":\"https:\/\/welovecinema.be\/fr\/sur-le-tournage-de-les-tortues-de-david-lambert\/\"},\"author\":{\"name\":\"Aurore Engelen\",\"@id\":\"https:\/\/welovecinema.be\/nl\/#\/schema\/person\/8084b68c6b176142d073695c654dc7cf\"},\"headline\":\"Sur le tournage de&#8230; \u00ab\u00a0Les Tortues\u00a0\u00bb de David Lambert\",\"datePublished\":\"2022-04-13T09:38:03+00:00\",\"dateModified\":\"2022-04-14T07:51:45+00:00\",\"mainEntityOfPage\":{\"@id\":\"https:\/\/welovecinema.be\/fr\/sur-le-tournage-de-les-tortues-de-david-lambert\/\"},\"wordCount\":1351,\"publisher\":{\"@id\":\"https:\/\/welovecinema.be\/nl\/#organization\"},\"keywords\":[\"David Lambert\",\"Les Tortues\",\"newsletter\",\"Olivier Gourmet\"],\"articleSection\":[\"Tournages\"],\"inLanguage\":\"fr-FR\"},{\"@type\":\"WebPage\",\"@id\":\"https:\/\/welovecinema.be\/fr\/sur-le-tournage-de-les-tortues-de-david-lambert\/\",\"url\":\"https:\/\/welovecinema.be\/fr\/sur-le-tournage-de-les-tortues-de-david-lambert\/\",\"name\":\"Sur le tournage de... \\\"Les Tortues\\\" de David Lambert - We Love Cinema\",\"isPartOf\":{\"@id\":\"https:\/\/welovecinema.be\/nl\/#website\"},\"datePublished\":\"2022-04-13T09:38:03+00:00\",\"dateModified\":\"2022-04-14T07:51:45+00:00\",\"breadcrumb\":{\"@id\":\"https:\/\/welovecinema.be\/fr\/sur-le-tournage-de-les-tortues-de-david-lambert\/#breadcrumb\"},\"inLanguage\":\"fr-FR\",\"potentialAction\":[{\"@type\":\"ReadAction\",\"target\":[\"https:\/\/welovecinema.be\/fr\/sur-le-tournage-de-les-tortues-de-david-lambert\/\"]}]},{\"@type\":\"BreadcrumbList\",\"@id\":\"https:\/\/welovecinema.be\/fr\/sur-le-tournage-de-les-tortues-de-david-lambert\/#breadcrumb\",\"itemListElement\":[{\"@type\":\"ListItem\",\"position\":1,\"name\":\"Accueil\",\"item\":\"https:\/\/welovecinema.be\/fr\/\"},{\"@type\":\"ListItem\",\"position\":2,\"name\":\"Sur le tournage de&#8230; \u00ab\u00a0Les Tortues\u00a0\u00bb de David Lambert\"}]},{\"@type\":\"WebSite\",\"@id\":\"https:\/\/welovecinema.be\/nl\/#website\",\"url\":\"https:\/\/welovecinema.be\/nl\/\",\"name\":\"We Love Cinema\",\"description\":\"Toute l\u2019information du cin\u00e9ma en Belgique\",\"publisher\":{\"@id\":\"https:\/\/welovecinema.be\/nl\/#organization\"},\"potentialAction\":[{\"@type\":\"SearchAction\",\"target\":{\"@type\":\"EntryPoint\",\"urlTemplate\":\"https:\/\/welovecinema.be\/nl\/?s={search_term_string}\"},\"query-input\":\"required name=search_term_string\"}],\"inLanguage\":\"fr-FR\"},{\"@type\":\"Organization\",\"@id\":\"https:\/\/welovecinema.be\/nl\/#organization\",\"name\":\"We Love Cinema\",\"url\":\"https:\/\/welovecinema.be\/nl\/\",\"logo\":{\"@type\":\"ImageObject\",\"inLanguage\":\"fr-FR\",\"@id\":\"https:\/\/welovecinema.be\/nl\/#\/schema\/logo\/image\/\",\"url\":\"https:\/\/welovecinema.be\/wp-content\/uploads\/sites\/2\/2023\/03\/Logo-We-Love-Cinema305x128.jpg\",\"contentUrl\":\"https:\/\/welovecinema.be\/wp-content\/uploads\/sites\/2\/2023\/03\/Logo-We-Love-Cinema305x128.jpg\",\"width\":305,\"height\":128,\"caption\":\"We Love Cinema\"},\"image\":{\"@id\":\"https:\/\/welovecinema.be\/nl\/#\/schema\/logo\/image\/\"},\"sameAs\":[\"https:\/\/www.facebook.com\/welovecinema.be\",\"https:\/\/www.youtube.com\/channel\/UCX5LYGVhnKvYauW4Nta4HJA\",\"https:\/\/www.instagram.com\/welovecinema.be\/\"]},{\"@type\":\"Person\",\"@id\":\"https:\/\/welovecinema.be\/nl\/#\/schema\/person\/8084b68c6b176142d073695c654dc7cf\",\"name\":\"Aurore Engelen\",\"url\":\"https:\/\/welovecinema.be\/fr\/author\/aurore-engelen\/\"}]}<\/script>\n<!-- \/ Yoast SEO plugin. -->","yoast_head_json":{"title":"Sur le tournage de... \"Les Tortues\" de David Lambert - We Love Cinema","robots":{"index":"index","follow":"follow","max-snippet":"max-snippet:-1","max-image-preview":"max-image-preview:large","max-video-preview":"max-video-preview:-1"},"canonical":"https:\/\/welovecinema.be\/fr\/sur-le-tournage-de-les-tortues-de-david-lambert\/","og_locale":"fr_FR","og_type":"article","og_title":"Sur le tournage de... \"Les Tortues\" de David Lambert - We Love Cinema","og_description":"Rendez-vous sur le tournage du nouveau film de David Lambert, Les Tortues, avec Olivier Gourmet et Dave Johns. Bruxelles, avril 2022. Le printemps est enfin l\u00e0, alors qu&rsquo;on ne l&rsquo;esp\u00e9rait plus. Dans la cour de l&rsquo;Hospice Pacheco, un petit air de sakura, les cerisiers sont en fleurs. On retrouve \u00e0 la pause d\u00e9jeuner l&rsquo;\u00e9quipe du &hellip;","og_url":"https:\/\/welovecinema.be\/fr\/sur-le-tournage-de-les-tortues-de-david-lambert\/","og_site_name":"We Love Cinema","article_publisher":"https:\/\/www.facebook.com\/welovecinema.be","article_published_time":"2022-04-13T09:38:03+00:00","article_modified_time":"2022-04-14T07:51:45+00:00","og_image":[{"width":2560,"height":1920,"url":"https:\/\/welovecinema.be\/wp-content\/uploads\/sites\/2\/2022\/04\/Clap-Les-Tortues-Cinevox-scaled.jpg","type":"image\/jpeg"}],"author":"Aurore Engelen","twitter_card":"summary_large_image","twitter_misc":{"\u00c9crit par":"Aurore Engelen","Dur\u00e9e de lecture estim\u00e9e":"6 minutes"},"schema":{"@context":"https:\/\/schema.org","@graph":[{"@type":"Article","@id":"https:\/\/welovecinema.be\/fr\/sur-le-tournage-de-les-tortues-de-david-lambert\/#article","isPartOf":{"@id":"https:\/\/welovecinema.be\/fr\/sur-le-tournage-de-les-tortues-de-david-lambert\/"},"author":{"name":"Aurore Engelen","@id":"https:\/\/welovecinema.be\/nl\/#\/schema\/person\/8084b68c6b176142d073695c654dc7cf"},"headline":"Sur le tournage de&#8230; \u00ab\u00a0Les Tortues\u00a0\u00bb de David Lambert","datePublished":"2022-04-13T09:38:03+00:00","dateModified":"2022-04-14T07:51:45+00:00","mainEntityOfPage":{"@id":"https:\/\/welovecinema.be\/fr\/sur-le-tournage-de-les-tortues-de-david-lambert\/"},"wordCount":1351,"publisher":{"@id":"https:\/\/welovecinema.be\/nl\/#organization"},"keywords":["David Lambert","Les Tortues","newsletter","Olivier Gourmet"],"articleSection":["Tournages"],"inLanguage":"fr-FR"},{"@type":"WebPage","@id":"https:\/\/welovecinema.be\/fr\/sur-le-tournage-de-les-tortues-de-david-lambert\/","url":"https:\/\/welovecinema.be\/fr\/sur-le-tournage-de-les-tortues-de-david-lambert\/","name":"Sur le tournage de... \"Les Tortues\" de David Lambert - We Love Cinema","isPartOf":{"@id":"https:\/\/welovecinema.be\/nl\/#website"},"datePublished":"2022-04-13T09:38:03+00:00","dateModified":"2022-04-14T07:51:45+00:00","breadcrumb":{"@id":"https:\/\/welovecinema.be\/fr\/sur-le-tournage-de-les-tortues-de-david-lambert\/#breadcrumb"},"inLanguage":"fr-FR","potentialAction":[{"@type":"ReadAction","target":["https:\/\/welovecinema.be\/fr\/sur-le-tournage-de-les-tortues-de-david-lambert\/"]}]},{"@type":"BreadcrumbList","@id":"https:\/\/welovecinema.be\/fr\/sur-le-tournage-de-les-tortues-de-david-lambert\/#breadcrumb","itemListElement":[{"@type":"ListItem","position":1,"name":"Accueil","item":"https:\/\/welovecinema.be\/fr\/"},{"@type":"ListItem","position":2,"name":"Sur le tournage de&#8230; \u00ab\u00a0Les Tortues\u00a0\u00bb de David Lambert"}]},{"@type":"WebSite","@id":"https:\/\/welovecinema.be\/nl\/#website","url":"https:\/\/welovecinema.be\/nl\/","name":"We Love Cinema","description":"Toute l\u2019information du cin\u00e9ma en Belgique","publisher":{"@id":"https:\/\/welovecinema.be\/nl\/#organization"},"potentialAction":[{"@type":"SearchAction","target":{"@type":"EntryPoint","urlTemplate":"https:\/\/welovecinema.be\/nl\/?s={search_term_string}"},"query-input":"required name=search_term_string"}],"inLanguage":"fr-FR"},{"@type":"Organization","@id":"https:\/\/welovecinema.be\/nl\/#organization","name":"We Love Cinema","url":"https:\/\/welovecinema.be\/nl\/","logo":{"@type":"ImageObject","inLanguage":"fr-FR","@id":"https:\/\/welovecinema.be\/nl\/#\/schema\/logo\/image\/","url":"https:\/\/welovecinema.be\/wp-content\/uploads\/sites\/2\/2023\/03\/Logo-We-Love-Cinema305x128.jpg","contentUrl":"https:\/\/welovecinema.be\/wp-content\/uploads\/sites\/2\/2023\/03\/Logo-We-Love-Cinema305x128.jpg","width":305,"height":128,"caption":"We Love Cinema"},"image":{"@id":"https:\/\/welovecinema.be\/nl\/#\/schema\/logo\/image\/"},"sameAs":["https:\/\/www.facebook.com\/welovecinema.be","https:\/\/www.youtube.com\/channel\/UCX5LYGVhnKvYauW4Nta4HJA","https:\/\/www.instagram.com\/welovecinema.be\/"]},{"@type":"Person","@id":"https:\/\/welovecinema.be\/nl\/#\/schema\/person\/8084b68c6b176142d073695c654dc7cf","name":"Aurore Engelen","url":"https:\/\/welovecinema.be\/fr\/author\/aurore-engelen\/"}]}},"_links":{"self":[{"href":"https:\/\/welovecinema.be\/fr\/wp-json\/wp\/v2\/posts\/244377","targetHints":{"allow":["GET"]}}],"collection":[{"href":"https:\/\/welovecinema.be\/fr\/wp-json\/wp\/v2\/posts"}],"about":[{"href":"https:\/\/welovecinema.be\/fr\/wp-json\/wp\/v2\/types\/post"}],"author":[{"embeddable":true,"href":"https:\/\/welovecinema.be\/fr\/wp-json\/wp\/v2\/users\/343"}],"replies":[{"embeddable":true,"href":"https:\/\/welovecinema.be\/fr\/wp-json\/wp\/v2\/comments?post=244377"}],"version-history":[{"count":0,"href":"https:\/\/welovecinema.be\/fr\/wp-json\/wp\/v2\/posts\/244377\/revisions"}],"wp:featuredmedia":[{"embeddable":true,"href":"https:\/\/welovecinema.be\/fr\/wp-json\/wp\/v2\/media\/244378"}],"wp:attachment":[{"href":"https:\/\/welovecinema.be\/fr\/wp-json\/wp\/v2\/media?parent=244377"}],"wp:term":[{"taxonomy":"category","embeddable":true,"href":"https:\/\/welovecinema.be\/fr\/wp-json\/wp\/v2\/categories?post=244377"},{"taxonomy":"post_tag","embeddable":true,"href":"https:\/\/welovecinema.be\/fr\/wp-json\/wp\/v2\/tags?post=244377"}],"curies":[{"name":"wp","href":"https:\/\/api.w.org\/{rel}","templated":true}]}}