{"id":243444,"date":"2022-02-24T11:36:59","date_gmt":"2022-02-24T10:36:59","guid":{"rendered":"https:\/\/www.cinevox.be\/?p=243444"},"modified":"2022-02-24T19:19:15","modified_gmt":"2022-02-24T18:19:15","slug":"bande-annonce-inexorable-de-fabrice-du-welz","status":"publish","type":"post","link":"https:\/\/welovecinema.be\/fr\/bande-annonce-inexorable-de-fabrice-du-welz\/","title":{"rendered":"Bande-annonce: \u00ab\u00a0Inexorable\u00a0\u00bb de Fabrice du Welz"},"content":{"rendered":"<p><strong>D\u00e9couvrez la bande-annonce du dernier film de Fabrice du Welz, <em>Inexorable<\/em>, avec Beno\u00eet Poelvoorde, M\u00e9lanie Doutey et Alba Gaia Bellugi.<\/strong><\/p>\n<p>\u00c0 la mort de son p\u00e8re, \u00e9diteur c\u00e9l\u00e8bre, Jeanne Drahi emm\u00e9nage dans la demeure familiale en compagnie de son mari, Marcel Bellmer, \u00e9crivain \u00e0 succ\u00e8s, et de leur fille. Mais une \u00e9trange jeune fille, Gloria, va s\u2019immiscer dans la vie de la famille et bouleverser l\u2019ordre des choses&#8230;<\/p>\n<p>Sortie Belgique le 20 avril!<\/p>\n<p>&nbsp;<\/p>\n","protected":false},"excerpt":{"rendered":"<p>D\u00e9couvrez la bande-annonce du dernier film de Fabrice du Welz, Inexorable, avec Beno\u00eet Poelvoorde, M\u00e9lanie Doutey et Alba Gaia Bellugi. \u00c0 la mort de son p\u00e8re, \u00e9diteur c\u00e9l\u00e8bre, Jeanne Drahi emm\u00e9nage dans la demeure familiale en compagnie de son mari, Marcel Bellmer, \u00e9crivain \u00e0 succ\u00e8s, et de leur fille. Mais une \u00e9trange jeune fille, Gloria, &hellip;<\/p>\n","protected":false},"author":343,"featured_media":243445,"comment_status":"closed","ping_status":"closed","sticky":false,"template":"","format":"standard","meta":{"ngg_post_thumbnail":0,"footnotes":""},"categories":[53],"tags":[4387,4658,4187],"class_list":["post-243444","post","type-post","status-publish","format-standard","has-post-thumbnail","","category-coming-soon","tag-fabrice-du-welz-2","tag-inexorable","tag-newsletter-fr"],"yoast_head":"<!-- This site is optimized with the Yoast SEO plugin v20.4 - https:\/\/yoast.com\/wordpress\/plugins\/seo\/ -->\n<title>Bande-annonce: &quot;Inexorable&quot; de Fabrice du Welz - We Love Cinema<\/title>\n<meta name=\"robots\" content=\"index, follow, max-snippet:-1, max-image-preview:large, max-video-preview:-1\" \/>\n<link rel=\"canonical\" href=\"https:\/\/welovecinema.be\/fr\/bande-annonce-inexorable-de-fabrice-du-welz\/\" \/>\n<meta property=\"og:locale\" content=\"fr_FR\" \/>\n<meta property=\"og:type\" content=\"article\" \/>\n<meta property=\"og:title\" content=\"Bande-annonce: &quot;Inexorable&quot; de Fabrice du Welz - We Love Cinema\" \/>\n<meta property=\"og:description\" content=\"D\u00e9couvrez la bande-annonce du dernier film de Fabrice du Welz, Inexorable, avec Beno\u00eet Poelvoorde, M\u00e9lanie Doutey et Alba Gaia Bellugi. \u00c0 la mort de son p\u00e8re, \u00e9diteur c\u00e9l\u00e8bre, Jeanne Drahi emm\u00e9nage dans la demeure familiale en compagnie de son mari, Marcel Bellmer, \u00e9crivain \u00e0 succ\u00e8s, et de leur fille. Mais une \u00e9trange jeune fille, Gloria, &hellip;\" \/>\n<meta property=\"og:url\" content=\"https:\/\/welovecinema.be\/fr\/bande-annonce-inexorable-de-fabrice-du-welz\/\" \/>\n<meta property=\"og:site_name\" content=\"We Love Cinema\" \/>\n<meta property=\"article:publisher\" content=\"https:\/\/www.facebook.com\/welovecinema.be\" \/>\n<meta property=\"article:published_time\" content=\"2022-02-24T10:36:59+00:00\" \/>\n<meta property=\"article:modified_time\" content=\"2022-02-24T18:19:15+00:00\" \/>\n<meta property=\"og:image\" content=\"https:\/\/welovecinema.be\/wp-content\/uploads\/sites\/2\/2022\/02\/Capture-de\u0301cran-2022-02-24-a\u0300-11.08.38.png\" \/>\n\t<meta property=\"og:image:width\" content=\"5090\" \/>\n\t<meta property=\"og:image:height\" content=\"2118\" \/>\n\t<meta property=\"og:image:type\" content=\"image\/png\" \/>\n<meta name=\"author\" content=\"Aurore Engelen\" \/>\n<meta name=\"twitter:card\" content=\"summary_large_image\" \/>\n<meta name=\"twitter:label1\" content=\"\u00c9crit par\" \/>\n\t<meta name=\"twitter:data1\" content=\"Aurore Engelen\" \/>\n<script type=\"application\/ld+json\" class=\"yoast-schema-graph\">{\"@context\":\"https:\/\/schema.org\",\"@graph\":[{\"@type\":\"Article\",\"@id\":\"https:\/\/welovecinema.be\/fr\/bande-annonce-inexorable-de-fabrice-du-welz\/#article\",\"isPartOf\":{\"@id\":\"https:\/\/welovecinema.be\/fr\/bande-annonce-inexorable-de-fabrice-du-welz\/\"},\"author\":{\"name\":\"Aurore Engelen\",\"@id\":\"https:\/\/welovecinema.be\/nl\/#\/schema\/person\/8084b68c6b176142d073695c654dc7cf\"},\"headline\":\"Bande-annonce: \u00ab\u00a0Inexorable\u00a0\u00bb de Fabrice du Welz\",\"datePublished\":\"2022-02-24T10:36:59+00:00\",\"dateModified\":\"2022-02-24T18:19:15+00:00\",\"mainEntityOfPage\":{\"@id\":\"https:\/\/welovecinema.be\/fr\/bande-annonce-inexorable-de-fabrice-du-welz\/\"},\"wordCount\":87,\"publisher\":{\"@id\":\"https:\/\/welovecinema.be\/nl\/#organization\"},\"keywords\":[\"Fabrice Du Welz\",\"Inexorable\",\"newsletter\"],\"articleSection\":[\"Coming soon\"],\"inLanguage\":\"fr-FR\"},{\"@type\":\"WebPage\",\"@id\":\"https:\/\/welovecinema.be\/fr\/bande-annonce-inexorable-de-fabrice-du-welz\/\",\"url\":\"https:\/\/welovecinema.be\/fr\/bande-annonce-inexorable-de-fabrice-du-welz\/\",\"name\":\"Bande-annonce: \\\"Inexorable\\\" de Fabrice du Welz - We Love Cinema\",\"isPartOf\":{\"@id\":\"https:\/\/welovecinema.be\/nl\/#website\"},\"datePublished\":\"2022-02-24T10:36:59+00:00\",\"dateModified\":\"2022-02-24T18:19:15+00:00\",\"breadcrumb\":{\"@id\":\"https:\/\/welovecinema.be\/fr\/bande-annonce-inexorable-de-fabrice-du-welz\/#breadcrumb\"},\"inLanguage\":\"fr-FR\",\"potentialAction\":[{\"@type\":\"ReadAction\",\"target\":[\"https:\/\/welovecinema.be\/fr\/bande-annonce-inexorable-de-fabrice-du-welz\/\"]}]},{\"@type\":\"BreadcrumbList\",\"@id\":\"https:\/\/welovecinema.be\/fr\/bande-annonce-inexorable-de-fabrice-du-welz\/#breadcrumb\",\"itemListElement\":[{\"@type\":\"ListItem\",\"position\":1,\"name\":\"Accueil\",\"item\":\"https:\/\/welovecinema.be\/fr\/\"},{\"@type\":\"ListItem\",\"position\":2,\"name\":\"Bande-annonce: \u00ab\u00a0Inexorable\u00a0\u00bb de Fabrice du Welz\"}]},{\"@type\":\"WebSite\",\"@id\":\"https:\/\/welovecinema.be\/nl\/#website\",\"url\":\"https:\/\/welovecinema.be\/nl\/\",\"name\":\"We Love Cinema\",\"description\":\"Toute l\u2019information du cin\u00e9ma en Belgique\",\"publisher\":{\"@id\":\"https:\/\/welovecinema.be\/nl\/#organization\"},\"potentialAction\":[{\"@type\":\"SearchAction\",\"target\":{\"@type\":\"EntryPoint\",\"urlTemplate\":\"https:\/\/welovecinema.be\/nl\/?s={search_term_string}\"},\"query-input\":\"required name=search_term_string\"}],\"inLanguage\":\"fr-FR\"},{\"@type\":\"Organization\",\"@id\":\"https:\/\/welovecinema.be\/nl\/#organization\",\"name\":\"We Love Cinema\",\"url\":\"https:\/\/welovecinema.be\/nl\/\",\"logo\":{\"@type\":\"ImageObject\",\"inLanguage\":\"fr-FR\",\"@id\":\"https:\/\/welovecinema.be\/nl\/#\/schema\/logo\/image\/\",\"url\":\"https:\/\/welovecinema.be\/wp-content\/uploads\/sites\/2\/2023\/03\/Logo-We-Love-Cinema305x128.jpg\",\"contentUrl\":\"https:\/\/welovecinema.be\/wp-content\/uploads\/sites\/2\/2023\/03\/Logo-We-Love-Cinema305x128.jpg\",\"width\":305,\"height\":128,\"caption\":\"We Love Cinema\"},\"image\":{\"@id\":\"https:\/\/welovecinema.be\/nl\/#\/schema\/logo\/image\/\"},\"sameAs\":[\"https:\/\/www.facebook.com\/welovecinema.be\",\"https:\/\/www.youtube.com\/channel\/UCX5LYGVhnKvYauW4Nta4HJA\",\"https:\/\/www.instagram.com\/welovecinema.be\/\"]},{\"@type\":\"Person\",\"@id\":\"https:\/\/welovecinema.be\/nl\/#\/schema\/person\/8084b68c6b176142d073695c654dc7cf\",\"name\":\"Aurore Engelen\",\"url\":\"https:\/\/welovecinema.be\/fr\/author\/aurore-engelen\/\"}]}<\/script>\n<!-- \/ Yoast SEO plugin. -->","yoast_head_json":{"title":"Bande-annonce: \"Inexorable\" de Fabrice du Welz - We Love Cinema","robots":{"index":"index","follow":"follow","max-snippet":"max-snippet:-1","max-image-preview":"max-image-preview:large","max-video-preview":"max-video-preview:-1"},"canonical":"https:\/\/welovecinema.be\/fr\/bande-annonce-inexorable-de-fabrice-du-welz\/","og_locale":"fr_FR","og_type":"article","og_title":"Bande-annonce: \"Inexorable\" de Fabrice du Welz - We Love Cinema","og_description":"D\u00e9couvrez la bande-annonce du dernier film de Fabrice du Welz, Inexorable, avec Beno\u00eet Poelvoorde, M\u00e9lanie Doutey et Alba Gaia Bellugi. \u00c0 la mort de son p\u00e8re, \u00e9diteur c\u00e9l\u00e8bre, Jeanne Drahi emm\u00e9nage dans la demeure familiale en compagnie de son mari, Marcel Bellmer, \u00e9crivain \u00e0 succ\u00e8s, et de leur fille. Mais une \u00e9trange jeune fille, Gloria, &hellip;","og_url":"https:\/\/welovecinema.be\/fr\/bande-annonce-inexorable-de-fabrice-du-welz\/","og_site_name":"We Love Cinema","article_publisher":"https:\/\/www.facebook.com\/welovecinema.be","article_published_time":"2022-02-24T10:36:59+00:00","article_modified_time":"2022-02-24T18:19:15+00:00","og_image":[{"width":5090,"height":2118,"url":"https:\/\/welovecinema.be\/wp-content\/uploads\/sites\/2\/2022\/02\/Capture-de\u0301cran-2022-02-24-a\u0300-11.08.38.png","type":"image\/png"}],"author":"Aurore Engelen","twitter_card":"summary_large_image","twitter_misc":{"\u00c9crit par":"Aurore Engelen"},"schema":{"@context":"https:\/\/schema.org","@graph":[{"@type":"Article","@id":"https:\/\/welovecinema.be\/fr\/bande-annonce-inexorable-de-fabrice-du-welz\/#article","isPartOf":{"@id":"https:\/\/welovecinema.be\/fr\/bande-annonce-inexorable-de-fabrice-du-welz\/"},"author":{"name":"Aurore Engelen","@id":"https:\/\/welovecinema.be\/nl\/#\/schema\/person\/8084b68c6b176142d073695c654dc7cf"},"headline":"Bande-annonce: \u00ab\u00a0Inexorable\u00a0\u00bb de Fabrice du Welz","datePublished":"2022-02-24T10:36:59+00:00","dateModified":"2022-02-24T18:19:15+00:00","mainEntityOfPage":{"@id":"https:\/\/welovecinema.be\/fr\/bande-annonce-inexorable-de-fabrice-du-welz\/"},"wordCount":87,"publisher":{"@id":"https:\/\/welovecinema.be\/nl\/#organization"},"keywords":["Fabrice Du Welz","Inexorable","newsletter"],"articleSection":["Coming soon"],"inLanguage":"fr-FR"},{"@type":"WebPage","@id":"https:\/\/welovecinema.be\/fr\/bande-annonce-inexorable-de-fabrice-du-welz\/","url":"https:\/\/welovecinema.be\/fr\/bande-annonce-inexorable-de-fabrice-du-welz\/","name":"Bande-annonce: \"Inexorable\" de Fabrice du Welz - We Love Cinema","isPartOf":{"@id":"https:\/\/welovecinema.be\/nl\/#website"},"datePublished":"2022-02-24T10:36:59+00:00","dateModified":"2022-02-24T18:19:15+00:00","breadcrumb":{"@id":"https:\/\/welovecinema.be\/fr\/bande-annonce-inexorable-de-fabrice-du-welz\/#breadcrumb"},"inLanguage":"fr-FR","potentialAction":[{"@type":"ReadAction","target":["https:\/\/welovecinema.be\/fr\/bande-annonce-inexorable-de-fabrice-du-welz\/"]}]},{"@type":"BreadcrumbList","@id":"https:\/\/welovecinema.be\/fr\/bande-annonce-inexorable-de-fabrice-du-welz\/#breadcrumb","itemListElement":[{"@type":"ListItem","position":1,"name":"Accueil","item":"https:\/\/welovecinema.be\/fr\/"},{"@type":"ListItem","position":2,"name":"Bande-annonce: \u00ab\u00a0Inexorable\u00a0\u00bb de Fabrice du Welz"}]},{"@type":"WebSite","@id":"https:\/\/welovecinema.be\/nl\/#website","url":"https:\/\/welovecinema.be\/nl\/","name":"We Love Cinema","description":"Toute l\u2019information du cin\u00e9ma en Belgique","publisher":{"@id":"https:\/\/welovecinema.be\/nl\/#organization"},"potentialAction":[{"@type":"SearchAction","target":{"@type":"EntryPoint","urlTemplate":"https:\/\/welovecinema.be\/nl\/?s={search_term_string}"},"query-input":"required name=search_term_string"}],"inLanguage":"fr-FR"},{"@type":"Organization","@id":"https:\/\/welovecinema.be\/nl\/#organization","name":"We Love Cinema","url":"https:\/\/welovecinema.be\/nl\/","logo":{"@type":"ImageObject","inLanguage":"fr-FR","@id":"https:\/\/welovecinema.be\/nl\/#\/schema\/logo\/image\/","url":"https:\/\/welovecinema.be\/wp-content\/uploads\/sites\/2\/2023\/03\/Logo-We-Love-Cinema305x128.jpg","contentUrl":"https:\/\/welovecinema.be\/wp-content\/uploads\/sites\/2\/2023\/03\/Logo-We-Love-Cinema305x128.jpg","width":305,"height":128,"caption":"We Love Cinema"},"image":{"@id":"https:\/\/welovecinema.be\/nl\/#\/schema\/logo\/image\/"},"sameAs":["https:\/\/www.facebook.com\/welovecinema.be","https:\/\/www.youtube.com\/channel\/UCX5LYGVhnKvYauW4Nta4HJA","https:\/\/www.instagram.com\/welovecinema.be\/"]},{"@type":"Person","@id":"https:\/\/welovecinema.be\/nl\/#\/schema\/person\/8084b68c6b176142d073695c654dc7cf","name":"Aurore Engelen","url":"https:\/\/welovecinema.be\/fr\/author\/aurore-engelen\/"}]}},"_links":{"self":[{"href":"https:\/\/welovecinema.be\/fr\/wp-json\/wp\/v2\/posts\/243444","targetHints":{"allow":["GET"]}}],"collection":[{"href":"https:\/\/welovecinema.be\/fr\/wp-json\/wp\/v2\/posts"}],"about":[{"href":"https:\/\/welovecinema.be\/fr\/wp-json\/wp\/v2\/types\/post"}],"author":[{"embeddable":true,"href":"https:\/\/welovecinema.be\/fr\/wp-json\/wp\/v2\/users\/343"}],"replies":[{"embeddable":true,"href":"https:\/\/welovecinema.be\/fr\/wp-json\/wp\/v2\/comments?post=243444"}],"version-history":[{"count":0,"href":"https:\/\/welovecinema.be\/fr\/wp-json\/wp\/v2\/posts\/243444\/revisions"}],"wp:featuredmedia":[{"embeddable":true,"href":"https:\/\/welovecinema.be\/fr\/wp-json\/wp\/v2\/media\/243445"}],"wp:attachment":[{"href":"https:\/\/welovecinema.be\/fr\/wp-json\/wp\/v2\/media?parent=243444"}],"wp:term":[{"taxonomy":"category","embeddable":true,"href":"https:\/\/welovecinema.be\/fr\/wp-json\/wp\/v2\/categories?post=243444"},{"taxonomy":"post_tag","embeddable":true,"href":"https:\/\/welovecinema.be\/fr\/wp-json\/wp\/v2\/tags?post=243444"}],"curies":[{"name":"wp","href":"https:\/\/api.w.org\/{rel}","templated":true}]}}