{"id":243108,"date":"2022-02-11T11:54:35","date_gmt":"2022-02-11T10:54:35","guid":{"rendered":"https:\/\/www.cinevox.be\/?p=243108"},"modified":"2022-02-11T11:57:32","modified_gmt":"2022-02-11T10:57:32","slug":"rencontre-avec-melissa-diarra-et-salome-richard-heroines-de-pandore","status":"publish","type":"post","link":"https:\/\/welovecinema.be\/fr\/rencontre-avec-melissa-diarra-et-salome-richard-heroines-de-pandore\/","title":{"rendered":"Rencontre avec M\u00e9lissa Diarra et Salom\u00e9 Richard, h\u00e9ro\u00efnes de \u00ab\u00a0Pandore\u00a0\u00bb"},"content":{"rendered":"<p><strong>Rencontre avec les com\u00e9diennes belges M\u00e9lissa Diarra et Salom\u00e9 Richard, h\u00e9ro\u00efnes de <em>Pandore<\/em>.<\/strong><\/p>\n<p>Elles sont au coeur de la r\u00e9ussite de cette toute nouvelle s\u00e9rie belge (dont on vous parle <a href=\"https:\/\/www.cinevox.be\/fr\/pandore-coleres-en-serie\/\">ici),<\/a> qui sera diffus\u00e9e d\u00e8s dimanche soir sur la RTBF, \u00e0 binge-watcher sur Auvio d\u00e8s le 12.02 et sur Salto d\u00e8s le 18.02. Leurs personnages, Sacha Hamzaoui et Ludivine Gilson, portent des luttes et des questionnements qui entrent redoutablement en r\u00e9sonance avec leur \u00e9poque. Elles nous parlent de cette s\u00e9rie haletante, hyper-contemporaine, et r\u00e9solument f\u00e9ministe.<\/p>\n","protected":false},"excerpt":{"rendered":"<p>Rencontre avec les com\u00e9diennes belges M\u00e9lissa Diarra et Salom\u00e9 Richard, h\u00e9ro\u00efnes de Pandore. Elles sont au coeur de la r\u00e9ussite de cette toute nouvelle s\u00e9rie belge (dont on vous parle ici), qui sera diffus\u00e9e d\u00e8s dimanche soir sur la RTBF, \u00e0 binge-watcher sur Auvio d\u00e8s le 12.02 et sur Salto d\u00e8s le 18.02. Leurs personnages, &hellip;<\/p>\n","protected":false},"author":343,"featured_media":243109,"comment_status":"closed","ping_status":"closed","sticky":false,"template":"","format":"standard","meta":{"ngg_post_thumbnail":0,"footnotes":""},"categories":[1978],"tags":[6645,4187,2987,2536],"class_list":["post-243108","post","type-post","status-publish","format-standard","has-post-thumbnail","","category-interviews","tag-melissa-diarra","tag-newsletter-fr","tag-pandore","tag-salome-richard"],"yoast_head":"<!-- This site is optimized with the Yoast SEO plugin v20.4 - https:\/\/yoast.com\/wordpress\/plugins\/seo\/ -->\n<title>Rencontre avec M\u00e9lissa Diarra et Salom\u00e9 Richard, h\u00e9ro\u00efnes de &quot;Pandore&quot; - We Love Cinema<\/title>\n<meta name=\"robots\" content=\"index, follow, max-snippet:-1, max-image-preview:large, max-video-preview:-1\" \/>\n<link rel=\"canonical\" href=\"https:\/\/welovecinema.be\/fr\/rencontre-avec-melissa-diarra-et-salome-richard-heroines-de-pandore\/\" \/>\n<meta property=\"og:locale\" content=\"fr_FR\" \/>\n<meta property=\"og:type\" content=\"article\" \/>\n<meta property=\"og:title\" content=\"Rencontre avec M\u00e9lissa Diarra et Salom\u00e9 Richard, h\u00e9ro\u00efnes de &quot;Pandore&quot; - We Love Cinema\" \/>\n<meta property=\"og:description\" content=\"Rencontre avec les com\u00e9diennes belges M\u00e9lissa Diarra et Salom\u00e9 Richard, h\u00e9ro\u00efnes de Pandore. Elles sont au coeur de la r\u00e9ussite de cette toute nouvelle s\u00e9rie belge (dont on vous parle ici), qui sera diffus\u00e9e d\u00e8s dimanche soir sur la RTBF, \u00e0 binge-watcher sur Auvio d\u00e8s le 12.02 et sur Salto d\u00e8s le 18.02. Leurs personnages, &hellip;\" \/>\n<meta property=\"og:url\" content=\"https:\/\/welovecinema.be\/fr\/rencontre-avec-melissa-diarra-et-salome-richard-heroines-de-pandore\/\" \/>\n<meta property=\"og:site_name\" content=\"We Love Cinema\" \/>\n<meta property=\"article:publisher\" content=\"https:\/\/www.facebook.com\/welovecinema.be\" \/>\n<meta property=\"article:published_time\" content=\"2022-02-11T10:54:35+00:00\" \/>\n<meta property=\"article:modified_time\" content=\"2022-02-11T10:57:32+00:00\" \/>\n<meta property=\"og:image\" content=\"https:\/\/welovecinema.be\/wp-content\/uploads\/sites\/2\/2022\/02\/MelissaDiarraSalomeRichard-scaled.jpg\" \/>\n\t<meta property=\"og:image:width\" content=\"2560\" \/>\n\t<meta property=\"og:image:height\" content=\"1920\" \/>\n\t<meta property=\"og:image:type\" content=\"image\/jpeg\" \/>\n<meta name=\"author\" content=\"Aurore Engelen\" \/>\n<meta name=\"twitter:card\" content=\"summary_large_image\" \/>\n<meta name=\"twitter:label1\" content=\"\u00c9crit par\" \/>\n\t<meta name=\"twitter:data1\" content=\"Aurore Engelen\" \/>\n\t<meta name=\"twitter:label2\" content=\"Dur\u00e9e de lecture estim\u00e9e\" \/>\n\t<meta name=\"twitter:data2\" content=\"1 minute\" \/>\n<script type=\"application\/ld+json\" class=\"yoast-schema-graph\">{\"@context\":\"https:\/\/schema.org\",\"@graph\":[{\"@type\":\"Article\",\"@id\":\"https:\/\/welovecinema.be\/fr\/rencontre-avec-melissa-diarra-et-salome-richard-heroines-de-pandore\/#article\",\"isPartOf\":{\"@id\":\"https:\/\/welovecinema.be\/fr\/rencontre-avec-melissa-diarra-et-salome-richard-heroines-de-pandore\/\"},\"author\":{\"name\":\"Aurore Engelen\",\"@id\":\"https:\/\/welovecinema.be\/nl\/#\/schema\/person\/8084b68c6b176142d073695c654dc7cf\"},\"headline\":\"Rencontre avec M\u00e9lissa Diarra et Salom\u00e9 Richard, h\u00e9ro\u00efnes de \u00ab\u00a0Pandore\u00a0\u00bb\",\"datePublished\":\"2022-02-11T10:54:35+00:00\",\"dateModified\":\"2022-02-11T10:57:32+00:00\",\"mainEntityOfPage\":{\"@id\":\"https:\/\/welovecinema.be\/fr\/rencontre-avec-melissa-diarra-et-salome-richard-heroines-de-pandore\/\"},\"wordCount\":109,\"publisher\":{\"@id\":\"https:\/\/welovecinema.be\/nl\/#organization\"},\"keywords\":[\"M\u00e9lissa Diarra\",\"newsletter\",\"pandore\",\"Salom\u00e9 Richard\"],\"articleSection\":[\"Rencontres\"],\"inLanguage\":\"fr-FR\"},{\"@type\":\"WebPage\",\"@id\":\"https:\/\/welovecinema.be\/fr\/rencontre-avec-melissa-diarra-et-salome-richard-heroines-de-pandore\/\",\"url\":\"https:\/\/welovecinema.be\/fr\/rencontre-avec-melissa-diarra-et-salome-richard-heroines-de-pandore\/\",\"name\":\"Rencontre avec M\u00e9lissa Diarra et Salom\u00e9 Richard, h\u00e9ro\u00efnes de \\\"Pandore\\\" - We Love Cinema\",\"isPartOf\":{\"@id\":\"https:\/\/welovecinema.be\/nl\/#website\"},\"datePublished\":\"2022-02-11T10:54:35+00:00\",\"dateModified\":\"2022-02-11T10:57:32+00:00\",\"breadcrumb\":{\"@id\":\"https:\/\/welovecinema.be\/fr\/rencontre-avec-melissa-diarra-et-salome-richard-heroines-de-pandore\/#breadcrumb\"},\"inLanguage\":\"fr-FR\",\"potentialAction\":[{\"@type\":\"ReadAction\",\"target\":[\"https:\/\/welovecinema.be\/fr\/rencontre-avec-melissa-diarra-et-salome-richard-heroines-de-pandore\/\"]}]},{\"@type\":\"BreadcrumbList\",\"@id\":\"https:\/\/welovecinema.be\/fr\/rencontre-avec-melissa-diarra-et-salome-richard-heroines-de-pandore\/#breadcrumb\",\"itemListElement\":[{\"@type\":\"ListItem\",\"position\":1,\"name\":\"Accueil\",\"item\":\"https:\/\/welovecinema.be\/fr\/\"},{\"@type\":\"ListItem\",\"position\":2,\"name\":\"Rencontre avec M\u00e9lissa Diarra et Salom\u00e9 Richard, h\u00e9ro\u00efnes de \u00ab\u00a0Pandore\u00a0\u00bb\"}]},{\"@type\":\"WebSite\",\"@id\":\"https:\/\/welovecinema.be\/nl\/#website\",\"url\":\"https:\/\/welovecinema.be\/nl\/\",\"name\":\"We Love Cinema\",\"description\":\"Toute l\u2019information du cin\u00e9ma en Belgique\",\"publisher\":{\"@id\":\"https:\/\/welovecinema.be\/nl\/#organization\"},\"potentialAction\":[{\"@type\":\"SearchAction\",\"target\":{\"@type\":\"EntryPoint\",\"urlTemplate\":\"https:\/\/welovecinema.be\/nl\/?s={search_term_string}\"},\"query-input\":\"required name=search_term_string\"}],\"inLanguage\":\"fr-FR\"},{\"@type\":\"Organization\",\"@id\":\"https:\/\/welovecinema.be\/nl\/#organization\",\"name\":\"We Love Cinema\",\"url\":\"https:\/\/welovecinema.be\/nl\/\",\"logo\":{\"@type\":\"ImageObject\",\"inLanguage\":\"fr-FR\",\"@id\":\"https:\/\/welovecinema.be\/nl\/#\/schema\/logo\/image\/\",\"url\":\"https:\/\/welovecinema.be\/wp-content\/uploads\/sites\/2\/2023\/03\/Logo-We-Love-Cinema305x128.jpg\",\"contentUrl\":\"https:\/\/welovecinema.be\/wp-content\/uploads\/sites\/2\/2023\/03\/Logo-We-Love-Cinema305x128.jpg\",\"width\":305,\"height\":128,\"caption\":\"We Love Cinema\"},\"image\":{\"@id\":\"https:\/\/welovecinema.be\/nl\/#\/schema\/logo\/image\/\"},\"sameAs\":[\"https:\/\/www.facebook.com\/welovecinema.be\",\"https:\/\/www.youtube.com\/channel\/UCX5LYGVhnKvYauW4Nta4HJA\",\"https:\/\/www.instagram.com\/welovecinema.be\/\"]},{\"@type\":\"Person\",\"@id\":\"https:\/\/welovecinema.be\/nl\/#\/schema\/person\/8084b68c6b176142d073695c654dc7cf\",\"name\":\"Aurore Engelen\",\"url\":\"https:\/\/welovecinema.be\/fr\/author\/aurore-engelen\/\"}]}<\/script>\n<!-- \/ Yoast SEO plugin. -->","yoast_head_json":{"title":"Rencontre avec M\u00e9lissa Diarra et Salom\u00e9 Richard, h\u00e9ro\u00efnes de \"Pandore\" - We Love Cinema","robots":{"index":"index","follow":"follow","max-snippet":"max-snippet:-1","max-image-preview":"max-image-preview:large","max-video-preview":"max-video-preview:-1"},"canonical":"https:\/\/welovecinema.be\/fr\/rencontre-avec-melissa-diarra-et-salome-richard-heroines-de-pandore\/","og_locale":"fr_FR","og_type":"article","og_title":"Rencontre avec M\u00e9lissa Diarra et Salom\u00e9 Richard, h\u00e9ro\u00efnes de \"Pandore\" - We Love Cinema","og_description":"Rencontre avec les com\u00e9diennes belges M\u00e9lissa Diarra et Salom\u00e9 Richard, h\u00e9ro\u00efnes de Pandore. Elles sont au coeur de la r\u00e9ussite de cette toute nouvelle s\u00e9rie belge (dont on vous parle ici), qui sera diffus\u00e9e d\u00e8s dimanche soir sur la RTBF, \u00e0 binge-watcher sur Auvio d\u00e8s le 12.02 et sur Salto d\u00e8s le 18.02. Leurs personnages, &hellip;","og_url":"https:\/\/welovecinema.be\/fr\/rencontre-avec-melissa-diarra-et-salome-richard-heroines-de-pandore\/","og_site_name":"We Love Cinema","article_publisher":"https:\/\/www.facebook.com\/welovecinema.be","article_published_time":"2022-02-11T10:54:35+00:00","article_modified_time":"2022-02-11T10:57:32+00:00","og_image":[{"width":2560,"height":1920,"url":"https:\/\/welovecinema.be\/wp-content\/uploads\/sites\/2\/2022\/02\/MelissaDiarraSalomeRichard-scaled.jpg","type":"image\/jpeg"}],"author":"Aurore Engelen","twitter_card":"summary_large_image","twitter_misc":{"\u00c9crit par":"Aurore Engelen","Dur\u00e9e de lecture estim\u00e9e":"1 minute"},"schema":{"@context":"https:\/\/schema.org","@graph":[{"@type":"Article","@id":"https:\/\/welovecinema.be\/fr\/rencontre-avec-melissa-diarra-et-salome-richard-heroines-de-pandore\/#article","isPartOf":{"@id":"https:\/\/welovecinema.be\/fr\/rencontre-avec-melissa-diarra-et-salome-richard-heroines-de-pandore\/"},"author":{"name":"Aurore Engelen","@id":"https:\/\/welovecinema.be\/nl\/#\/schema\/person\/8084b68c6b176142d073695c654dc7cf"},"headline":"Rencontre avec M\u00e9lissa Diarra et Salom\u00e9 Richard, h\u00e9ro\u00efnes de \u00ab\u00a0Pandore\u00a0\u00bb","datePublished":"2022-02-11T10:54:35+00:00","dateModified":"2022-02-11T10:57:32+00:00","mainEntityOfPage":{"@id":"https:\/\/welovecinema.be\/fr\/rencontre-avec-melissa-diarra-et-salome-richard-heroines-de-pandore\/"},"wordCount":109,"publisher":{"@id":"https:\/\/welovecinema.be\/nl\/#organization"},"keywords":["M\u00e9lissa Diarra","newsletter","pandore","Salom\u00e9 Richard"],"articleSection":["Rencontres"],"inLanguage":"fr-FR"},{"@type":"WebPage","@id":"https:\/\/welovecinema.be\/fr\/rencontre-avec-melissa-diarra-et-salome-richard-heroines-de-pandore\/","url":"https:\/\/welovecinema.be\/fr\/rencontre-avec-melissa-diarra-et-salome-richard-heroines-de-pandore\/","name":"Rencontre avec M\u00e9lissa Diarra et Salom\u00e9 Richard, h\u00e9ro\u00efnes de \"Pandore\" - We Love Cinema","isPartOf":{"@id":"https:\/\/welovecinema.be\/nl\/#website"},"datePublished":"2022-02-11T10:54:35+00:00","dateModified":"2022-02-11T10:57:32+00:00","breadcrumb":{"@id":"https:\/\/welovecinema.be\/fr\/rencontre-avec-melissa-diarra-et-salome-richard-heroines-de-pandore\/#breadcrumb"},"inLanguage":"fr-FR","potentialAction":[{"@type":"ReadAction","target":["https:\/\/welovecinema.be\/fr\/rencontre-avec-melissa-diarra-et-salome-richard-heroines-de-pandore\/"]}]},{"@type":"BreadcrumbList","@id":"https:\/\/welovecinema.be\/fr\/rencontre-avec-melissa-diarra-et-salome-richard-heroines-de-pandore\/#breadcrumb","itemListElement":[{"@type":"ListItem","position":1,"name":"Accueil","item":"https:\/\/welovecinema.be\/fr\/"},{"@type":"ListItem","position":2,"name":"Rencontre avec M\u00e9lissa Diarra et Salom\u00e9 Richard, h\u00e9ro\u00efnes de \u00ab\u00a0Pandore\u00a0\u00bb"}]},{"@type":"WebSite","@id":"https:\/\/welovecinema.be\/nl\/#website","url":"https:\/\/welovecinema.be\/nl\/","name":"We Love Cinema","description":"Toute l\u2019information du cin\u00e9ma en Belgique","publisher":{"@id":"https:\/\/welovecinema.be\/nl\/#organization"},"potentialAction":[{"@type":"SearchAction","target":{"@type":"EntryPoint","urlTemplate":"https:\/\/welovecinema.be\/nl\/?s={search_term_string}"},"query-input":"required name=search_term_string"}],"inLanguage":"fr-FR"},{"@type":"Organization","@id":"https:\/\/welovecinema.be\/nl\/#organization","name":"We Love Cinema","url":"https:\/\/welovecinema.be\/nl\/","logo":{"@type":"ImageObject","inLanguage":"fr-FR","@id":"https:\/\/welovecinema.be\/nl\/#\/schema\/logo\/image\/","url":"https:\/\/welovecinema.be\/wp-content\/uploads\/sites\/2\/2023\/03\/Logo-We-Love-Cinema305x128.jpg","contentUrl":"https:\/\/welovecinema.be\/wp-content\/uploads\/sites\/2\/2023\/03\/Logo-We-Love-Cinema305x128.jpg","width":305,"height":128,"caption":"We Love Cinema"},"image":{"@id":"https:\/\/welovecinema.be\/nl\/#\/schema\/logo\/image\/"},"sameAs":["https:\/\/www.facebook.com\/welovecinema.be","https:\/\/www.youtube.com\/channel\/UCX5LYGVhnKvYauW4Nta4HJA","https:\/\/www.instagram.com\/welovecinema.be\/"]},{"@type":"Person","@id":"https:\/\/welovecinema.be\/nl\/#\/schema\/person\/8084b68c6b176142d073695c654dc7cf","name":"Aurore Engelen","url":"https:\/\/welovecinema.be\/fr\/author\/aurore-engelen\/"}]}},"_links":{"self":[{"href":"https:\/\/welovecinema.be\/fr\/wp-json\/wp\/v2\/posts\/243108","targetHints":{"allow":["GET"]}}],"collection":[{"href":"https:\/\/welovecinema.be\/fr\/wp-json\/wp\/v2\/posts"}],"about":[{"href":"https:\/\/welovecinema.be\/fr\/wp-json\/wp\/v2\/types\/post"}],"author":[{"embeddable":true,"href":"https:\/\/welovecinema.be\/fr\/wp-json\/wp\/v2\/users\/343"}],"replies":[{"embeddable":true,"href":"https:\/\/welovecinema.be\/fr\/wp-json\/wp\/v2\/comments?post=243108"}],"version-history":[{"count":0,"href":"https:\/\/welovecinema.be\/fr\/wp-json\/wp\/v2\/posts\/243108\/revisions"}],"wp:featuredmedia":[{"embeddable":true,"href":"https:\/\/welovecinema.be\/fr\/wp-json\/wp\/v2\/media\/243109"}],"wp:attachment":[{"href":"https:\/\/welovecinema.be\/fr\/wp-json\/wp\/v2\/media?parent=243108"}],"wp:term":[{"taxonomy":"category","embeddable":true,"href":"https:\/\/welovecinema.be\/fr\/wp-json\/wp\/v2\/categories?post=243108"},{"taxonomy":"post_tag","embeddable":true,"href":"https:\/\/welovecinema.be\/fr\/wp-json\/wp\/v2\/tags?post=243108"}],"curies":[{"name":"wp","href":"https:\/\/api.w.org\/{rel}","templated":true}]}}