{"id":243102,"date":"2022-02-11T09:47:23","date_gmt":"2022-02-11T08:47:23","guid":{"rendered":"https:\/\/www.cinevox.be\/?p=243102"},"modified":"2022-02-11T09:47:23","modified_gmt":"2022-02-11T08:47:23","slug":"benoit-poelvoorde-et-emmanuelle-devos-chez-joachim-lafosse","status":"publish","type":"post","link":"https:\/\/welovecinema.be\/fr\/benoit-poelvoorde-et-emmanuelle-devos-chez-joachim-lafosse\/","title":{"rendered":"Beno\u00eet Poelvoorde et Emmanuelle Devos chez Joachim Lafosse"},"content":{"rendered":"<p><strong><em>Le Film Fran\u00e7ais<\/em> d\u00e9voilait hier l&rsquo;all\u00e9chant casting du prochain film de Joachim Lafosse, <em>Un silence<\/em>.<\/strong><\/p>\n<p>Alors que le cin\u00e9aste belge sera l&rsquo;un des h\u00e9ros de la 11e C\u00e9r\u00e9monie des Magritte du Cin\u00e9ma qui se d\u00e9roulera demain soir, o\u00f9 son dernier film, <a href=\"https:\/\/www.cinevox.be\/fr\/les-intranquilles-lamour-en-convalescence\/\"><em>Les Intranquilles<\/em><\/a>, est nomm\u00e9 \u00e0 6 reprises, notamment dans les cat\u00e9gories Meilleur film, Meilleure r\u00e9alisation et Meilleur sc\u00e9nario, il travaille d\u00e9j\u00e0 activement sur son prochain film, <em>Un silence<\/em>, qui devrait se tourner \u00e0 la fin de l&rsquo;\u00e9t\u00e9, pour une sortie en 2023.<\/p>\n<p>Si le myst\u00e8re plane sur le sujet du film, on conna\u00eet d\u00e9sormais ses deux h\u00e9ros. Joachim Lafosse travaillera pour la premi\u00e8re fois avec son compatriote Beno\u00eet Poelvoorde, qui d\u00e9cid\u00e9ment n&rsquo;en finit plus de surprendre, se tournant vers un cin\u00e9ma intense et \u00e2pre lui permettant de d\u00e9voiler une facette de sa personnalit\u00e9 d&rsquo;acteur qu&rsquo;on lui conna\u00eet moins. Lui aussi sera en lice samedi soir aux Magritte pour le Prix du Meilleur acteur dans un second r\u00f4le pour sa performance dans un film d&rsquo;un autre cin\u00e9aste belge prestigieux, Fabrice du Welz, <em>Adoration<\/em>. Il sera \u00e9galement \u00e0 l&rsquo;affiche en avril prochain du nouveau film de Du Welz, <em>Inexorable<\/em>, o\u00f9 il tient le r\u00f4le d&rsquo;un h\u00e9ros sombre et tortur\u00e9, pleinement myst\u00e9rieux. C&rsquo;est peu dire qu&rsquo;on a h\u00e2te de le d\u00e9couvrir dans l&rsquo;univers de Joachim Lafosse, un cin\u00e9ma de l&rsquo;intime qui creuse en profondeur les tourments de l&rsquo;\u00e2me humaine.<\/p>\n<figure id=\"attachment_240882\" aria-describedby=\"caption-attachment-240882\" style=\"width: 618px\" class=\"wp-caption alignnone\"><img loading=\"lazy\" decoding=\"async\" class=\"size-large wp-image-240882\" src=\"https:\/\/www.cinevox.be\/wp-content\/uploads\/sites\/2\/2021\/10\/inexorable-800x532.jpeg\" alt=\"\" width=\"618\" height=\"411\" srcset=\"https:\/\/welovecinema.be\/wp-content\/uploads\/sites\/2\/2021\/10\/inexorable-800x532.jpeg 800w, https:\/\/welovecinema.be\/wp-content\/uploads\/sites\/2\/2021\/10\/inexorable-406x270.jpeg 406w, https:\/\/welovecinema.be\/wp-content\/uploads\/sites\/2\/2021\/10\/inexorable-768x510.jpeg 768w, https:\/\/welovecinema.be\/wp-content\/uploads\/sites\/2\/2021\/10\/inexorable-310x205.jpeg 310w, https:\/\/welovecinema.be\/wp-content\/uploads\/sites\/2\/2021\/10\/inexorable.jpeg 1023w\" sizes=\"auto, (max-width: 618px) 100vw, 618px\" \/><figcaption id=\"caption-attachment-240882\" class=\"wp-caption-text\">Beno\u00eet Poelvoorde dans \u00ab\u00a0Inexorable\u00a0\u00bb de Fabrice du Welz<\/figcaption><\/figure>\n<p>Face \u00e0 lui, on retrouvera l&rsquo;exceptionnelle com\u00e9dienne fran\u00e7aise Emmanuelle Devos, que l&rsquo;on a vue r\u00e9cemment dans <em>Tromperie<\/em> d&rsquo;Arnaud Desplechin, <em>Mes jours de gloire<\/em> d&rsquo;Antoine de Bary ou <em>Amin<\/em> de Philippe Faucon, actuellement \u00e0 l&rsquo;affiche en France du film de Claire Simon, <em>Vous ne d\u00e9sirez que moi<\/em>. C&rsquo;est la troisi\u00e8me fois que la com\u00e9dienne tourne avec un\u00b7e cin\u00e9aste belge, apr\u00e8s Fr\u00e9d\u00e9ric Fonteyne (<em>La Femme de Gilles<\/em> en 2003) et Fien Troch (<em>Unspoken<\/em> en 2008).<\/p>\n<figure id=\"attachment_243105\" aria-describedby=\"caption-attachment-243105\" style=\"width: 500px\" class=\"wp-caption alignnone\"><img loading=\"lazy\" decoding=\"async\" class=\"size-full wp-image-243105\" src=\"https:\/\/www.cinevox.be\/wp-content\/uploads\/sites\/2\/2022\/02\/19056847.jpg-r_1280_720-f_jpg-q_x-xxyxx.jpg\" alt=\"\" width=\"500\" height=\"330\" srcset=\"https:\/\/welovecinema.be\/wp-content\/uploads\/sites\/2\/2022\/02\/19056847.jpg-r_1280_720-f_jpg-q_x-xxyxx.jpg 500w, https:\/\/welovecinema.be\/wp-content\/uploads\/sites\/2\/2022\/02\/19056847.jpg-r_1280_720-f_jpg-q_x-xxyxx-409x270.jpg 409w, https:\/\/welovecinema.be\/wp-content\/uploads\/sites\/2\/2022\/02\/19056847.jpg-r_1280_720-f_jpg-q_x-xxyxx-310x205.jpg 310w\" sizes=\"auto, (max-width: 500px) 100vw, 500px\" \/><figcaption id=\"caption-attachment-243105\" class=\"wp-caption-text\">Emmanuelle Devos dans \u00ab\u00a0Unspoken\u00a0\u00bb de Fien Troch<\/figcaption><\/figure>\n<p>De quoi sera fait ce nouveau projet, Joachim Lafosse continuera-t-il dans une veine tr\u00e8s intimiste comme <em>L&rsquo;Economie du Couple<\/em> ou <em>Les Intranquilles<\/em>, ou bien se penchera-t-il sur un fait de soci\u00e9t\u00e9 comme dans <em>A perdre la raison<\/em> ou <em>Les Chevaliers Blancs<\/em>? On sait juste que le film sera \u00e0 nouveau produit par Stenola Productions (\u00e0 l&rsquo;oeuvre pour <em>Les Intranquilles<\/em>), et que le sc\u00e9nario a \u00e9t\u00e9 co-\u00e9crit avec Thomas Van Zuylen, qui avait d\u00e9j\u00e0 contribu\u00e9 aux sc\u00e9narios de<em> L&rsquo;Economie du Couple, Continuer<\/em> et <em>Les Chevaliers Blancs<\/em>, avec de nombreuses collaborations, notamment celle de l&rsquo;autrice fran\u00e7aise Sarah Chiche (<em>Saturne, Les Ent\u00e9n\u00e9br\u00e9s<\/em>).<\/p>\n","protected":false},"excerpt":{"rendered":"<p>Le Film Fran\u00e7ais d\u00e9voilait hier l&rsquo;all\u00e9chant casting du prochain film de Joachim Lafosse, Un silence. Alors que le cin\u00e9aste belge sera l&rsquo;un des h\u00e9ros de la 11e C\u00e9r\u00e9monie des Magritte du Cin\u00e9ma qui se d\u00e9roulera demain soir, o\u00f9 son dernier film, Les Intranquilles, est nomm\u00e9 \u00e0 6 reprises, notamment dans les cat\u00e9gories Meilleur film, Meilleure &hellip;<\/p>\n","protected":false},"author":343,"featured_media":243103,"comment_status":"closed","ping_status":"closed","sticky":false,"template":"","format":"standard","meta":{"ngg_post_thumbnail":0,"footnotes":""},"categories":[12],"tags":[4014,4006,4187],"class_list":["post-243102","post","type-post","status-publish","format-standard","has-post-thumbnail","","category-awards","tag-benoit-poelvoorde-2","tag-joachim-lafosse-2","tag-newsletter-fr"],"yoast_head":"<!-- This site is optimized with the Yoast SEO plugin v20.4 - https:\/\/yoast.com\/wordpress\/plugins\/seo\/ -->\n<title>Beno\u00eet Poelvoorde et Emmanuelle Devos chez Joachim Lafosse - We Love Cinema<\/title>\n<meta name=\"robots\" content=\"index, follow, max-snippet:-1, max-image-preview:large, max-video-preview:-1\" \/>\n<link rel=\"canonical\" href=\"https:\/\/welovecinema.be\/fr\/benoit-poelvoorde-et-emmanuelle-devos-chez-joachim-lafosse\/\" \/>\n<meta property=\"og:locale\" content=\"fr_FR\" \/>\n<meta property=\"og:type\" content=\"article\" \/>\n<meta property=\"og:title\" content=\"Beno\u00eet Poelvoorde et Emmanuelle Devos chez Joachim Lafosse - We Love Cinema\" \/>\n<meta property=\"og:description\" content=\"Le Film Fran\u00e7ais d\u00e9voilait hier l&rsquo;all\u00e9chant casting du prochain film de Joachim Lafosse, Un silence. Alors que le cin\u00e9aste belge sera l&rsquo;un des h\u00e9ros de la 11e C\u00e9r\u00e9monie des Magritte du Cin\u00e9ma qui se d\u00e9roulera demain soir, o\u00f9 son dernier film, Les Intranquilles, est nomm\u00e9 \u00e0 6 reprises, notamment dans les cat\u00e9gories Meilleur film, Meilleure &hellip;\" \/>\n<meta property=\"og:url\" content=\"https:\/\/welovecinema.be\/fr\/benoit-poelvoorde-et-emmanuelle-devos-chez-joachim-lafosse\/\" \/>\n<meta property=\"og:site_name\" content=\"We Love Cinema\" \/>\n<meta property=\"article:publisher\" content=\"https:\/\/www.facebook.com\/welovecinema.be\" \/>\n<meta property=\"article:published_time\" content=\"2022-02-11T08:47:23+00:00\" \/>\n<meta property=\"og:image\" content=\"https:\/\/welovecinema.be\/wp-content\/uploads\/sites\/2\/2022\/02\/Sans-titre.png\" \/>\n\t<meta property=\"og:image:width\" content=\"1200\" \/>\n\t<meta property=\"og:image:height\" content=\"600\" \/>\n\t<meta property=\"og:image:type\" content=\"image\/png\" \/>\n<meta name=\"author\" content=\"Aurore Engelen\" \/>\n<meta name=\"twitter:card\" content=\"summary_large_image\" \/>\n<meta name=\"twitter:label1\" content=\"\u00c9crit par\" \/>\n\t<meta name=\"twitter:data1\" content=\"Aurore Engelen\" \/>\n\t<meta name=\"twitter:label2\" content=\"Dur\u00e9e de lecture estim\u00e9e\" \/>\n\t<meta name=\"twitter:data2\" content=\"2 minutes\" \/>\n<script type=\"application\/ld+json\" class=\"yoast-schema-graph\">{\"@context\":\"https:\/\/schema.org\",\"@graph\":[{\"@type\":\"Article\",\"@id\":\"https:\/\/welovecinema.be\/fr\/benoit-poelvoorde-et-emmanuelle-devos-chez-joachim-lafosse\/#article\",\"isPartOf\":{\"@id\":\"https:\/\/welovecinema.be\/fr\/benoit-poelvoorde-et-emmanuelle-devos-chez-joachim-lafosse\/\"},\"author\":{\"name\":\"Aurore Engelen\",\"@id\":\"https:\/\/welovecinema.be\/nl\/#\/schema\/person\/8084b68c6b176142d073695c654dc7cf\"},\"headline\":\"Beno\u00eet Poelvoorde et Emmanuelle Devos chez Joachim Lafosse\",\"datePublished\":\"2022-02-11T08:47:23+00:00\",\"dateModified\":\"2022-02-11T08:47:23+00:00\",\"mainEntityOfPage\":{\"@id\":\"https:\/\/welovecinema.be\/fr\/benoit-poelvoorde-et-emmanuelle-devos-chez-joachim-lafosse\/\"},\"wordCount\":504,\"publisher\":{\"@id\":\"https:\/\/welovecinema.be\/nl\/#organization\"},\"keywords\":[\"Benoit Poelvoorde\",\"Joachim Lafosse\",\"newsletter\"],\"articleSection\":[\"Evenements\"],\"inLanguage\":\"fr-FR\"},{\"@type\":\"WebPage\",\"@id\":\"https:\/\/welovecinema.be\/fr\/benoit-poelvoorde-et-emmanuelle-devos-chez-joachim-lafosse\/\",\"url\":\"https:\/\/welovecinema.be\/fr\/benoit-poelvoorde-et-emmanuelle-devos-chez-joachim-lafosse\/\",\"name\":\"Beno\u00eet Poelvoorde et Emmanuelle Devos chez Joachim Lafosse - We Love Cinema\",\"isPartOf\":{\"@id\":\"https:\/\/welovecinema.be\/nl\/#website\"},\"datePublished\":\"2022-02-11T08:47:23+00:00\",\"dateModified\":\"2022-02-11T08:47:23+00:00\",\"breadcrumb\":{\"@id\":\"https:\/\/welovecinema.be\/fr\/benoit-poelvoorde-et-emmanuelle-devos-chez-joachim-lafosse\/#breadcrumb\"},\"inLanguage\":\"fr-FR\",\"potentialAction\":[{\"@type\":\"ReadAction\",\"target\":[\"https:\/\/welovecinema.be\/fr\/benoit-poelvoorde-et-emmanuelle-devos-chez-joachim-lafosse\/\"]}]},{\"@type\":\"BreadcrumbList\",\"@id\":\"https:\/\/welovecinema.be\/fr\/benoit-poelvoorde-et-emmanuelle-devos-chez-joachim-lafosse\/#breadcrumb\",\"itemListElement\":[{\"@type\":\"ListItem\",\"position\":1,\"name\":\"Accueil\",\"item\":\"https:\/\/welovecinema.be\/fr\/\"},{\"@type\":\"ListItem\",\"position\":2,\"name\":\"Beno\u00eet Poelvoorde et Emmanuelle Devos chez Joachim Lafosse\"}]},{\"@type\":\"WebSite\",\"@id\":\"https:\/\/welovecinema.be\/nl\/#website\",\"url\":\"https:\/\/welovecinema.be\/nl\/\",\"name\":\"We Love Cinema\",\"description\":\"Toute l\u2019information du cin\u00e9ma en Belgique\",\"publisher\":{\"@id\":\"https:\/\/welovecinema.be\/nl\/#organization\"},\"potentialAction\":[{\"@type\":\"SearchAction\",\"target\":{\"@type\":\"EntryPoint\",\"urlTemplate\":\"https:\/\/welovecinema.be\/nl\/?s={search_term_string}\"},\"query-input\":\"required name=search_term_string\"}],\"inLanguage\":\"fr-FR\"},{\"@type\":\"Organization\",\"@id\":\"https:\/\/welovecinema.be\/nl\/#organization\",\"name\":\"We Love Cinema\",\"url\":\"https:\/\/welovecinema.be\/nl\/\",\"logo\":{\"@type\":\"ImageObject\",\"inLanguage\":\"fr-FR\",\"@id\":\"https:\/\/welovecinema.be\/nl\/#\/schema\/logo\/image\/\",\"url\":\"https:\/\/welovecinema.be\/wp-content\/uploads\/sites\/2\/2023\/03\/Logo-We-Love-Cinema305x128.jpg\",\"contentUrl\":\"https:\/\/welovecinema.be\/wp-content\/uploads\/sites\/2\/2023\/03\/Logo-We-Love-Cinema305x128.jpg\",\"width\":305,\"height\":128,\"caption\":\"We Love Cinema\"},\"image\":{\"@id\":\"https:\/\/welovecinema.be\/nl\/#\/schema\/logo\/image\/\"},\"sameAs\":[\"https:\/\/www.facebook.com\/welovecinema.be\",\"https:\/\/www.youtube.com\/channel\/UCX5LYGVhnKvYauW4Nta4HJA\",\"https:\/\/www.instagram.com\/welovecinema.be\/\"]},{\"@type\":\"Person\",\"@id\":\"https:\/\/welovecinema.be\/nl\/#\/schema\/person\/8084b68c6b176142d073695c654dc7cf\",\"name\":\"Aurore Engelen\",\"url\":\"https:\/\/welovecinema.be\/fr\/author\/aurore-engelen\/\"}]}<\/script>\n<!-- \/ Yoast SEO plugin. -->","yoast_head_json":{"title":"Beno\u00eet Poelvoorde et Emmanuelle Devos chez Joachim Lafosse - We Love Cinema","robots":{"index":"index","follow":"follow","max-snippet":"max-snippet:-1","max-image-preview":"max-image-preview:large","max-video-preview":"max-video-preview:-1"},"canonical":"https:\/\/welovecinema.be\/fr\/benoit-poelvoorde-et-emmanuelle-devos-chez-joachim-lafosse\/","og_locale":"fr_FR","og_type":"article","og_title":"Beno\u00eet Poelvoorde et Emmanuelle Devos chez Joachim Lafosse - We Love Cinema","og_description":"Le Film Fran\u00e7ais d\u00e9voilait hier l&rsquo;all\u00e9chant casting du prochain film de Joachim Lafosse, Un silence. Alors que le cin\u00e9aste belge sera l&rsquo;un des h\u00e9ros de la 11e C\u00e9r\u00e9monie des Magritte du Cin\u00e9ma qui se d\u00e9roulera demain soir, o\u00f9 son dernier film, Les Intranquilles, est nomm\u00e9 \u00e0 6 reprises, notamment dans les cat\u00e9gories Meilleur film, Meilleure &hellip;","og_url":"https:\/\/welovecinema.be\/fr\/benoit-poelvoorde-et-emmanuelle-devos-chez-joachim-lafosse\/","og_site_name":"We Love Cinema","article_publisher":"https:\/\/www.facebook.com\/welovecinema.be","article_published_time":"2022-02-11T08:47:23+00:00","og_image":[{"width":1200,"height":600,"url":"https:\/\/welovecinema.be\/wp-content\/uploads\/sites\/2\/2022\/02\/Sans-titre.png","type":"image\/png"}],"author":"Aurore Engelen","twitter_card":"summary_large_image","twitter_misc":{"\u00c9crit par":"Aurore Engelen","Dur\u00e9e de lecture estim\u00e9e":"2 minutes"},"schema":{"@context":"https:\/\/schema.org","@graph":[{"@type":"Article","@id":"https:\/\/welovecinema.be\/fr\/benoit-poelvoorde-et-emmanuelle-devos-chez-joachim-lafosse\/#article","isPartOf":{"@id":"https:\/\/welovecinema.be\/fr\/benoit-poelvoorde-et-emmanuelle-devos-chez-joachim-lafosse\/"},"author":{"name":"Aurore Engelen","@id":"https:\/\/welovecinema.be\/nl\/#\/schema\/person\/8084b68c6b176142d073695c654dc7cf"},"headline":"Beno\u00eet Poelvoorde et Emmanuelle Devos chez Joachim Lafosse","datePublished":"2022-02-11T08:47:23+00:00","dateModified":"2022-02-11T08:47:23+00:00","mainEntityOfPage":{"@id":"https:\/\/welovecinema.be\/fr\/benoit-poelvoorde-et-emmanuelle-devos-chez-joachim-lafosse\/"},"wordCount":504,"publisher":{"@id":"https:\/\/welovecinema.be\/nl\/#organization"},"keywords":["Benoit Poelvoorde","Joachim Lafosse","newsletter"],"articleSection":["Evenements"],"inLanguage":"fr-FR"},{"@type":"WebPage","@id":"https:\/\/welovecinema.be\/fr\/benoit-poelvoorde-et-emmanuelle-devos-chez-joachim-lafosse\/","url":"https:\/\/welovecinema.be\/fr\/benoit-poelvoorde-et-emmanuelle-devos-chez-joachim-lafosse\/","name":"Beno\u00eet Poelvoorde et Emmanuelle Devos chez Joachim Lafosse - We Love Cinema","isPartOf":{"@id":"https:\/\/welovecinema.be\/nl\/#website"},"datePublished":"2022-02-11T08:47:23+00:00","dateModified":"2022-02-11T08:47:23+00:00","breadcrumb":{"@id":"https:\/\/welovecinema.be\/fr\/benoit-poelvoorde-et-emmanuelle-devos-chez-joachim-lafosse\/#breadcrumb"},"inLanguage":"fr-FR","potentialAction":[{"@type":"ReadAction","target":["https:\/\/welovecinema.be\/fr\/benoit-poelvoorde-et-emmanuelle-devos-chez-joachim-lafosse\/"]}]},{"@type":"BreadcrumbList","@id":"https:\/\/welovecinema.be\/fr\/benoit-poelvoorde-et-emmanuelle-devos-chez-joachim-lafosse\/#breadcrumb","itemListElement":[{"@type":"ListItem","position":1,"name":"Accueil","item":"https:\/\/welovecinema.be\/fr\/"},{"@type":"ListItem","position":2,"name":"Beno\u00eet Poelvoorde et Emmanuelle Devos chez Joachim Lafosse"}]},{"@type":"WebSite","@id":"https:\/\/welovecinema.be\/nl\/#website","url":"https:\/\/welovecinema.be\/nl\/","name":"We Love Cinema","description":"Toute l\u2019information du cin\u00e9ma en Belgique","publisher":{"@id":"https:\/\/welovecinema.be\/nl\/#organization"},"potentialAction":[{"@type":"SearchAction","target":{"@type":"EntryPoint","urlTemplate":"https:\/\/welovecinema.be\/nl\/?s={search_term_string}"},"query-input":"required name=search_term_string"}],"inLanguage":"fr-FR"},{"@type":"Organization","@id":"https:\/\/welovecinema.be\/nl\/#organization","name":"We Love Cinema","url":"https:\/\/welovecinema.be\/nl\/","logo":{"@type":"ImageObject","inLanguage":"fr-FR","@id":"https:\/\/welovecinema.be\/nl\/#\/schema\/logo\/image\/","url":"https:\/\/welovecinema.be\/wp-content\/uploads\/sites\/2\/2023\/03\/Logo-We-Love-Cinema305x128.jpg","contentUrl":"https:\/\/welovecinema.be\/wp-content\/uploads\/sites\/2\/2023\/03\/Logo-We-Love-Cinema305x128.jpg","width":305,"height":128,"caption":"We Love Cinema"},"image":{"@id":"https:\/\/welovecinema.be\/nl\/#\/schema\/logo\/image\/"},"sameAs":["https:\/\/www.facebook.com\/welovecinema.be","https:\/\/www.youtube.com\/channel\/UCX5LYGVhnKvYauW4Nta4HJA","https:\/\/www.instagram.com\/welovecinema.be\/"]},{"@type":"Person","@id":"https:\/\/welovecinema.be\/nl\/#\/schema\/person\/8084b68c6b176142d073695c654dc7cf","name":"Aurore Engelen","url":"https:\/\/welovecinema.be\/fr\/author\/aurore-engelen\/"}]}},"_links":{"self":[{"href":"https:\/\/welovecinema.be\/fr\/wp-json\/wp\/v2\/posts\/243102","targetHints":{"allow":["GET"]}}],"collection":[{"href":"https:\/\/welovecinema.be\/fr\/wp-json\/wp\/v2\/posts"}],"about":[{"href":"https:\/\/welovecinema.be\/fr\/wp-json\/wp\/v2\/types\/post"}],"author":[{"embeddable":true,"href":"https:\/\/welovecinema.be\/fr\/wp-json\/wp\/v2\/users\/343"}],"replies":[{"embeddable":true,"href":"https:\/\/welovecinema.be\/fr\/wp-json\/wp\/v2\/comments?post=243102"}],"version-history":[{"count":0,"href":"https:\/\/welovecinema.be\/fr\/wp-json\/wp\/v2\/posts\/243102\/revisions"}],"wp:featuredmedia":[{"embeddable":true,"href":"https:\/\/welovecinema.be\/fr\/wp-json\/wp\/v2\/media\/243103"}],"wp:attachment":[{"href":"https:\/\/welovecinema.be\/fr\/wp-json\/wp\/v2\/media?parent=243102"}],"wp:term":[{"taxonomy":"category","embeddable":true,"href":"https:\/\/welovecinema.be\/fr\/wp-json\/wp\/v2\/categories?post=243102"},{"taxonomy":"post_tag","embeddable":true,"href":"https:\/\/welovecinema.be\/fr\/wp-json\/wp\/v2\/tags?post=243102"}],"curies":[{"name":"wp","href":"https:\/\/api.w.org\/{rel}","templated":true}]}}