{"id":242782,"date":"2022-01-25T20:39:36","date_gmt":"2022-01-25T19:39:36","guid":{"rendered":"https:\/\/www.cinevox.be\/?p=242782"},"modified":"2022-01-26T10:09:45","modified_gmt":"2022-01-26T09:09:45","slug":"lempire-du-silence-et-animals-primes-au-ramdam","status":"publish","type":"post","link":"https:\/\/welovecinema.be\/fr\/lempire-du-silence-et-animals-primes-au-ramdam\/","title":{"rendered":"\u00ab\u00a0L&rsquo;Empire du Silence\u00a0\u00bb et \u00ab\u00a0Animals\u00a0\u00bb prim\u00e9s au Ramdam"},"content":{"rendered":"<p><strong>La 12e \u00e9dition du\u00a0Tournai Ramdam Festival, le festival du film qui d\u00e9range s&rsquo;est achev\u00e9e ce soir avec la projection de Simone, le voyage d&rsquo;un si\u00e8cle, le biopic d&rsquo;Olivier Dahan consacr\u00e9 \u00e0 Simone Veil, et l&rsquo;annonce de son palmar\u00e8s.<\/strong><\/p>\n<p><em>L&rsquo;Empire du Silence<\/em>, le dernier film de Thierry Michel (on vous en parle <a href=\"https:\/\/www.cinevox.be\/fr\/lempire-du-silence-la-guerre-qui-ne-dit-pas-son-nom\/\">ici<\/a>) actuellement en salle a fait forte impression, puisqu&rsquo;il a remport\u00e9 deux prix: le Prix du Public du Meilleur documentaire, et le Prix de la critique et de la presse.<\/p>\n<p>De son c\u00f4t\u00e9, <a href=\"https:\/\/www.cinevox.be\/fr\/nabil-ben-yadir-aux-origines-danimals\/\"><em>Animals<\/em><\/a>, le nouveau film choc de Nabil Ben Yadir qui sortira le 9 mars prochain a remport\u00e9 le Prix du Public de la fiction la plus d\u00e9rangeante.<\/p>\n<p>Notons enfin que <a href=\"https:\/\/www.cinevox.be\/fr\/michiel-blanchart-sam-raimi-youre-dead-helen\/\"><em>T&rsquo;es morte H\u00e9l\u00e8ne<\/em> <\/a>de Michiel Blanchart a re\u00e7u le Prix du Meilleur court m\u00e9trage belge.<\/p>\n<p>&nbsp;<\/p>\n","protected":false},"excerpt":{"rendered":"<p>La 12e \u00e9dition du\u00a0Tournai Ramdam Festival, le festival du film qui d\u00e9range s&rsquo;est achev\u00e9e ce soir avec la projection de Simone, le voyage d&rsquo;un si\u00e8cle, le biopic d&rsquo;Olivier Dahan consacr\u00e9 \u00e0 Simone Veil, et l&rsquo;annonce de son palmar\u00e8s. L&rsquo;Empire du Silence, le dernier film de Thierry Michel (on vous en parle ici) actuellement en salle &hellip;<\/p>\n","protected":false},"author":343,"featured_media":242783,"comment_status":"closed","ping_status":"closed","sticky":false,"template":"","format":"standard","meta":{"ngg_post_thumbnail":0,"footnotes":""},"categories":[1923,12],"tags":[4187],"class_list":["post-242782","post","type-post","status-publish","format-standard","has-post-thumbnail","","category-en-bref","category-awards","tag-newsletter-fr"],"yoast_head":"<!-- This site is optimized with the Yoast SEO plugin v20.4 - https:\/\/yoast.com\/wordpress\/plugins\/seo\/ -->\n<title>&quot;L&#039;Empire du Silence&quot; et &quot;Animals&quot; prim\u00e9s au Ramdam - We Love Cinema<\/title>\n<meta name=\"robots\" content=\"index, follow, max-snippet:-1, max-image-preview:large, max-video-preview:-1\" \/>\n<link rel=\"canonical\" href=\"https:\/\/welovecinema.be\/fr\/lempire-du-silence-et-animals-primes-au-ramdam\/\" \/>\n<meta property=\"og:locale\" content=\"fr_FR\" \/>\n<meta property=\"og:type\" content=\"article\" \/>\n<meta property=\"og:title\" content=\"&quot;L&#039;Empire du Silence&quot; et &quot;Animals&quot; prim\u00e9s au Ramdam - We Love Cinema\" \/>\n<meta property=\"og:description\" content=\"La 12e \u00e9dition du\u00a0Tournai Ramdam Festival, le festival du film qui d\u00e9range s&rsquo;est achev\u00e9e ce soir avec la projection de Simone, le voyage d&rsquo;un si\u00e8cle, le biopic d&rsquo;Olivier Dahan consacr\u00e9 \u00e0 Simone Veil, et l&rsquo;annonce de son palmar\u00e8s. L&rsquo;Empire du Silence, le dernier film de Thierry Michel (on vous en parle ici) actuellement en salle &hellip;\" \/>\n<meta property=\"og:url\" content=\"https:\/\/welovecinema.be\/fr\/lempire-du-silence-et-animals-primes-au-ramdam\/\" \/>\n<meta property=\"og:site_name\" content=\"We Love Cinema\" \/>\n<meta property=\"article:publisher\" content=\"https:\/\/www.facebook.com\/welovecinema.be\" \/>\n<meta property=\"article:published_time\" content=\"2022-01-25T19:39:36+00:00\" \/>\n<meta property=\"article:modified_time\" content=\"2022-01-26T09:09:45+00:00\" \/>\n<meta property=\"og:image\" content=\"https:\/\/welovecinema.be\/wp-content\/uploads\/sites\/2\/2022\/01\/FotoJet.jpg\" \/>\n\t<meta property=\"og:image:width\" content=\"1200\" \/>\n\t<meta property=\"og:image:height\" content=\"600\" \/>\n\t<meta property=\"og:image:type\" content=\"image\/jpeg\" \/>\n<meta name=\"author\" content=\"Aurore Engelen\" \/>\n<meta name=\"twitter:card\" content=\"summary_large_image\" \/>\n<meta name=\"twitter:label1\" content=\"\u00c9crit par\" \/>\n\t<meta name=\"twitter:data1\" content=\"Aurore Engelen\" \/>\n\t<meta name=\"twitter:label2\" content=\"Dur\u00e9e de lecture estim\u00e9e\" \/>\n\t<meta name=\"twitter:data2\" content=\"1 minute\" \/>\n<script type=\"application\/ld+json\" class=\"yoast-schema-graph\">{\"@context\":\"https:\/\/schema.org\",\"@graph\":[{\"@type\":\"Article\",\"@id\":\"https:\/\/welovecinema.be\/fr\/lempire-du-silence-et-animals-primes-au-ramdam\/#article\",\"isPartOf\":{\"@id\":\"https:\/\/welovecinema.be\/fr\/lempire-du-silence-et-animals-primes-au-ramdam\/\"},\"author\":{\"name\":\"Aurore Engelen\",\"@id\":\"https:\/\/welovecinema.be\/nl\/#\/schema\/person\/8084b68c6b176142d073695c654dc7cf\"},\"headline\":\"\u00ab\u00a0L&rsquo;Empire du Silence\u00a0\u00bb et \u00ab\u00a0Animals\u00a0\u00bb prim\u00e9s au Ramdam\",\"datePublished\":\"2022-01-25T19:39:36+00:00\",\"dateModified\":\"2022-01-26T09:09:45+00:00\",\"mainEntityOfPage\":{\"@id\":\"https:\/\/welovecinema.be\/fr\/lempire-du-silence-et-animals-primes-au-ramdam\/\"},\"wordCount\":156,\"publisher\":{\"@id\":\"https:\/\/welovecinema.be\/nl\/#organization\"},\"keywords\":[\"newsletter\"],\"articleSection\":[\"En bref\",\"Evenements\"],\"inLanguage\":\"fr-FR\"},{\"@type\":\"WebPage\",\"@id\":\"https:\/\/welovecinema.be\/fr\/lempire-du-silence-et-animals-primes-au-ramdam\/\",\"url\":\"https:\/\/welovecinema.be\/fr\/lempire-du-silence-et-animals-primes-au-ramdam\/\",\"name\":\"\\\"L'Empire du Silence\\\" et \\\"Animals\\\" prim\u00e9s au Ramdam - We Love Cinema\",\"isPartOf\":{\"@id\":\"https:\/\/welovecinema.be\/nl\/#website\"},\"datePublished\":\"2022-01-25T19:39:36+00:00\",\"dateModified\":\"2022-01-26T09:09:45+00:00\",\"breadcrumb\":{\"@id\":\"https:\/\/welovecinema.be\/fr\/lempire-du-silence-et-animals-primes-au-ramdam\/#breadcrumb\"},\"inLanguage\":\"fr-FR\",\"potentialAction\":[{\"@type\":\"ReadAction\",\"target\":[\"https:\/\/welovecinema.be\/fr\/lempire-du-silence-et-animals-primes-au-ramdam\/\"]}]},{\"@type\":\"BreadcrumbList\",\"@id\":\"https:\/\/welovecinema.be\/fr\/lempire-du-silence-et-animals-primes-au-ramdam\/#breadcrumb\",\"itemListElement\":[{\"@type\":\"ListItem\",\"position\":1,\"name\":\"Accueil\",\"item\":\"https:\/\/welovecinema.be\/fr\/\"},{\"@type\":\"ListItem\",\"position\":2,\"name\":\"\u00ab\u00a0L&rsquo;Empire du Silence\u00a0\u00bb et \u00ab\u00a0Animals\u00a0\u00bb prim\u00e9s au Ramdam\"}]},{\"@type\":\"WebSite\",\"@id\":\"https:\/\/welovecinema.be\/nl\/#website\",\"url\":\"https:\/\/welovecinema.be\/nl\/\",\"name\":\"We Love Cinema\",\"description\":\"Toute l\u2019information du cin\u00e9ma en Belgique\",\"publisher\":{\"@id\":\"https:\/\/welovecinema.be\/nl\/#organization\"},\"potentialAction\":[{\"@type\":\"SearchAction\",\"target\":{\"@type\":\"EntryPoint\",\"urlTemplate\":\"https:\/\/welovecinema.be\/nl\/?s={search_term_string}\"},\"query-input\":\"required name=search_term_string\"}],\"inLanguage\":\"fr-FR\"},{\"@type\":\"Organization\",\"@id\":\"https:\/\/welovecinema.be\/nl\/#organization\",\"name\":\"We Love Cinema\",\"url\":\"https:\/\/welovecinema.be\/nl\/\",\"logo\":{\"@type\":\"ImageObject\",\"inLanguage\":\"fr-FR\",\"@id\":\"https:\/\/welovecinema.be\/nl\/#\/schema\/logo\/image\/\",\"url\":\"https:\/\/welovecinema.be\/wp-content\/uploads\/sites\/2\/2023\/03\/Logo-We-Love-Cinema305x128.jpg\",\"contentUrl\":\"https:\/\/welovecinema.be\/wp-content\/uploads\/sites\/2\/2023\/03\/Logo-We-Love-Cinema305x128.jpg\",\"width\":305,\"height\":128,\"caption\":\"We Love Cinema\"},\"image\":{\"@id\":\"https:\/\/welovecinema.be\/nl\/#\/schema\/logo\/image\/\"},\"sameAs\":[\"https:\/\/www.facebook.com\/welovecinema.be\",\"https:\/\/www.youtube.com\/channel\/UCX5LYGVhnKvYauW4Nta4HJA\",\"https:\/\/www.instagram.com\/welovecinema.be\/\"]},{\"@type\":\"Person\",\"@id\":\"https:\/\/welovecinema.be\/nl\/#\/schema\/person\/8084b68c6b176142d073695c654dc7cf\",\"name\":\"Aurore Engelen\",\"url\":\"https:\/\/welovecinema.be\/fr\/author\/aurore-engelen\/\"}]}<\/script>\n<!-- \/ Yoast SEO plugin. -->","yoast_head_json":{"title":"\"L'Empire du Silence\" et \"Animals\" prim\u00e9s au Ramdam - We Love Cinema","robots":{"index":"index","follow":"follow","max-snippet":"max-snippet:-1","max-image-preview":"max-image-preview:large","max-video-preview":"max-video-preview:-1"},"canonical":"https:\/\/welovecinema.be\/fr\/lempire-du-silence-et-animals-primes-au-ramdam\/","og_locale":"fr_FR","og_type":"article","og_title":"\"L'Empire du Silence\" et \"Animals\" prim\u00e9s au Ramdam - We Love Cinema","og_description":"La 12e \u00e9dition du\u00a0Tournai Ramdam Festival, le festival du film qui d\u00e9range s&rsquo;est achev\u00e9e ce soir avec la projection de Simone, le voyage d&rsquo;un si\u00e8cle, le biopic d&rsquo;Olivier Dahan consacr\u00e9 \u00e0 Simone Veil, et l&rsquo;annonce de son palmar\u00e8s. L&rsquo;Empire du Silence, le dernier film de Thierry Michel (on vous en parle ici) actuellement en salle &hellip;","og_url":"https:\/\/welovecinema.be\/fr\/lempire-du-silence-et-animals-primes-au-ramdam\/","og_site_name":"We Love Cinema","article_publisher":"https:\/\/www.facebook.com\/welovecinema.be","article_published_time":"2022-01-25T19:39:36+00:00","article_modified_time":"2022-01-26T09:09:45+00:00","og_image":[{"width":1200,"height":600,"url":"https:\/\/welovecinema.be\/wp-content\/uploads\/sites\/2\/2022\/01\/FotoJet.jpg","type":"image\/jpeg"}],"author":"Aurore Engelen","twitter_card":"summary_large_image","twitter_misc":{"\u00c9crit par":"Aurore Engelen","Dur\u00e9e de lecture estim\u00e9e":"1 minute"},"schema":{"@context":"https:\/\/schema.org","@graph":[{"@type":"Article","@id":"https:\/\/welovecinema.be\/fr\/lempire-du-silence-et-animals-primes-au-ramdam\/#article","isPartOf":{"@id":"https:\/\/welovecinema.be\/fr\/lempire-du-silence-et-animals-primes-au-ramdam\/"},"author":{"name":"Aurore Engelen","@id":"https:\/\/welovecinema.be\/nl\/#\/schema\/person\/8084b68c6b176142d073695c654dc7cf"},"headline":"\u00ab\u00a0L&rsquo;Empire du Silence\u00a0\u00bb et \u00ab\u00a0Animals\u00a0\u00bb prim\u00e9s au Ramdam","datePublished":"2022-01-25T19:39:36+00:00","dateModified":"2022-01-26T09:09:45+00:00","mainEntityOfPage":{"@id":"https:\/\/welovecinema.be\/fr\/lempire-du-silence-et-animals-primes-au-ramdam\/"},"wordCount":156,"publisher":{"@id":"https:\/\/welovecinema.be\/nl\/#organization"},"keywords":["newsletter"],"articleSection":["En bref","Evenements"],"inLanguage":"fr-FR"},{"@type":"WebPage","@id":"https:\/\/welovecinema.be\/fr\/lempire-du-silence-et-animals-primes-au-ramdam\/","url":"https:\/\/welovecinema.be\/fr\/lempire-du-silence-et-animals-primes-au-ramdam\/","name":"\"L'Empire du Silence\" et \"Animals\" prim\u00e9s au Ramdam - We Love Cinema","isPartOf":{"@id":"https:\/\/welovecinema.be\/nl\/#website"},"datePublished":"2022-01-25T19:39:36+00:00","dateModified":"2022-01-26T09:09:45+00:00","breadcrumb":{"@id":"https:\/\/welovecinema.be\/fr\/lempire-du-silence-et-animals-primes-au-ramdam\/#breadcrumb"},"inLanguage":"fr-FR","potentialAction":[{"@type":"ReadAction","target":["https:\/\/welovecinema.be\/fr\/lempire-du-silence-et-animals-primes-au-ramdam\/"]}]},{"@type":"BreadcrumbList","@id":"https:\/\/welovecinema.be\/fr\/lempire-du-silence-et-animals-primes-au-ramdam\/#breadcrumb","itemListElement":[{"@type":"ListItem","position":1,"name":"Accueil","item":"https:\/\/welovecinema.be\/fr\/"},{"@type":"ListItem","position":2,"name":"\u00ab\u00a0L&rsquo;Empire du Silence\u00a0\u00bb et \u00ab\u00a0Animals\u00a0\u00bb prim\u00e9s au Ramdam"}]},{"@type":"WebSite","@id":"https:\/\/welovecinema.be\/nl\/#website","url":"https:\/\/welovecinema.be\/nl\/","name":"We Love Cinema","description":"Toute l\u2019information du cin\u00e9ma en Belgique","publisher":{"@id":"https:\/\/welovecinema.be\/nl\/#organization"},"potentialAction":[{"@type":"SearchAction","target":{"@type":"EntryPoint","urlTemplate":"https:\/\/welovecinema.be\/nl\/?s={search_term_string}"},"query-input":"required name=search_term_string"}],"inLanguage":"fr-FR"},{"@type":"Organization","@id":"https:\/\/welovecinema.be\/nl\/#organization","name":"We Love Cinema","url":"https:\/\/welovecinema.be\/nl\/","logo":{"@type":"ImageObject","inLanguage":"fr-FR","@id":"https:\/\/welovecinema.be\/nl\/#\/schema\/logo\/image\/","url":"https:\/\/welovecinema.be\/wp-content\/uploads\/sites\/2\/2023\/03\/Logo-We-Love-Cinema305x128.jpg","contentUrl":"https:\/\/welovecinema.be\/wp-content\/uploads\/sites\/2\/2023\/03\/Logo-We-Love-Cinema305x128.jpg","width":305,"height":128,"caption":"We Love Cinema"},"image":{"@id":"https:\/\/welovecinema.be\/nl\/#\/schema\/logo\/image\/"},"sameAs":["https:\/\/www.facebook.com\/welovecinema.be","https:\/\/www.youtube.com\/channel\/UCX5LYGVhnKvYauW4Nta4HJA","https:\/\/www.instagram.com\/welovecinema.be\/"]},{"@type":"Person","@id":"https:\/\/welovecinema.be\/nl\/#\/schema\/person\/8084b68c6b176142d073695c654dc7cf","name":"Aurore Engelen","url":"https:\/\/welovecinema.be\/fr\/author\/aurore-engelen\/"}]}},"_links":{"self":[{"href":"https:\/\/welovecinema.be\/fr\/wp-json\/wp\/v2\/posts\/242782","targetHints":{"allow":["GET"]}}],"collection":[{"href":"https:\/\/welovecinema.be\/fr\/wp-json\/wp\/v2\/posts"}],"about":[{"href":"https:\/\/welovecinema.be\/fr\/wp-json\/wp\/v2\/types\/post"}],"author":[{"embeddable":true,"href":"https:\/\/welovecinema.be\/fr\/wp-json\/wp\/v2\/users\/343"}],"replies":[{"embeddable":true,"href":"https:\/\/welovecinema.be\/fr\/wp-json\/wp\/v2\/comments?post=242782"}],"version-history":[{"count":0,"href":"https:\/\/welovecinema.be\/fr\/wp-json\/wp\/v2\/posts\/242782\/revisions"}],"wp:featuredmedia":[{"embeddable":true,"href":"https:\/\/welovecinema.be\/fr\/wp-json\/wp\/v2\/media\/242783"}],"wp:attachment":[{"href":"https:\/\/welovecinema.be\/fr\/wp-json\/wp\/v2\/media?parent=242782"}],"wp:term":[{"taxonomy":"category","embeddable":true,"href":"https:\/\/welovecinema.be\/fr\/wp-json\/wp\/v2\/categories?post=242782"},{"taxonomy":"post_tag","embeddable":true,"href":"https:\/\/welovecinema.be\/fr\/wp-json\/wp\/v2\/tags?post=242782"}],"curies":[{"name":"wp","href":"https:\/\/api.w.org\/{rel}","templated":true}]}}