{"id":242568,"date":"2022-01-13T09:29:04","date_gmt":"2022-01-13T08:29:04","guid":{"rendered":"https:\/\/www.cinevox.be\/?p=242568"},"modified":"2022-01-14T11:59:44","modified_gmt":"2022-01-14T10:59:44","slug":"podcast-les-rituels-de-laura-wandel","status":"publish","type":"post","link":"https:\/\/welovecinema.be\/fr\/podcast-les-rituels-de-laura-wandel\/","title":{"rendered":"#PODCAST: Les Rituels de Laura Wandel"},"content":{"rendered":"<p><strong>\u00ab\u00a0L&rsquo;id\u00e9al, c&rsquo;est dans une biblioth\u00e8que, face \u00e0 un mur\u00a0\u00bb. C&rsquo;est ainsi qu&rsquo;aime \u00e9crire Laura Wandel&#8230;<\/strong><\/p>\n<p>Remarqu\u00e9e en 2014 avec son court m\u00e9trage <em>Les Corps \u00c9trangers<\/em> s\u00e9lection en Comp\u00e9tition au Festival de Cannes, <a href=\"https:\/\/www.cinevox.be\/fr\/laura-wandel-deplacer-le-point-de-vue-a-la-hauteur-de-lenfant\/\">Laura Wandel<\/a> a pris le temps de laisser venir son premier long m\u00e9trage.<br \/>\nGrand bien lui en a pris, puisque <a href=\"https:\/\/www.cinevox.be\/fr\/un-monde-lecole-a-hauteur-denfant\/\"><em>Un monde<\/em><\/a>, film murement r\u00e9fl\u00e9chi, r\u00eav\u00e9 et imagin\u00e9 \u00e9tait pr\u00e9sent\u00e9 en juillet dernier au Festival de Cannes, dans la section Un certain regard. Le film parcourt depuis avec un immense succ\u00e8s les festivals. Il fait partie des 9 finalistes pour l&rsquo;Oscar du Meilleur film \u00e9tranger, et comptabilise pas moins de 10 nominations pour la 11e \u00e9dition des Magritte du Cin\u00e9ma, qui auront lieu en f\u00e9vrier prochain. Un d\u00e9but de carri\u00e8re tonitruant, en attendant la suite, qui s&rsquo;\u00e9crira au sein de la R\u00e9sidence de la Cin\u00e9fondation&#8230;<\/p>\n<p><iframe loading=\"lazy\" src=\"https:\/\/w.soundcloud.com\/player\/?url=https%3A\/\/api.soundcloud.com\/tracks\/1195549189&amp;color=%23ff5500&amp;auto_play=false&amp;hide_related=false&amp;show_comments=true&amp;show_user=true&amp;show_reposts=false&amp;show_teaser=true&amp;visual=true\" width=\"100%\" height=\"300\" frameborder=\"no\" scrolling=\"no\"><\/iframe><\/p>\n<div style=\"font-size: 10px; color: #cccccc; line-break: anywhere; word-break: normal; overflow: hidden; white-space: nowrap; text-overflow: ellipsis; font-family: Interstate,Lucida Grande,Lucida Sans Unicode,Lucida Sans,Garuda,Verdana,Tahoma,sans-serif; font-weight: 100;\"><a style=\"color: #cccccc; text-decoration: none;\" title=\"Les Rituels_Podcast_Cinevox\" href=\"https:\/\/soundcloud.com\/les-rituels\" target=\"_blank\" rel=\"noopener\">Les Rituels_Podcast_Cinevox<\/a> \u00b7 <a style=\"color: #cccccc; text-decoration: none;\" title=\"Les Rituels de Laura Wandel - 13 janvier 2022\" href=\"https:\/\/soundcloud.com\/les-rituels\/les-rituels-de-laura-wandel-13-janvier-2022\" target=\"_blank\" rel=\"noopener\">Les Rituels de Laura Wandel &#8211; 13 janvier 2022<\/a><\/div>\n<p>&nbsp;<\/p>\n","protected":false},"excerpt":{"rendered":"<p>\u00ab\u00a0L&rsquo;id\u00e9al, c&rsquo;est dans une biblioth\u00e8que, face \u00e0 un mur\u00a0\u00bb. C&rsquo;est ainsi qu&rsquo;aime \u00e9crire Laura Wandel&#8230; Remarqu\u00e9e en 2014 avec son court m\u00e9trage Les Corps \u00c9trangers s\u00e9lection en Comp\u00e9tition au Festival de Cannes, Laura Wandel a pris le temps de laisser venir son premier long m\u00e9trage. Grand bien lui en a pris, puisque Un monde, film &hellip;<\/p>\n","protected":false},"author":343,"featured_media":242569,"comment_status":"closed","ping_status":"closed","sticky":false,"template":"","format":"standard","meta":{"ngg_post_thumbnail":0,"footnotes":""},"categories":[1978],"tags":[2496,5001,4187,5062],"class_list":["post-242568","post","type-post","status-publish","format-standard","has-post-thumbnail","","category-interviews","tag-laura-wandel","tag-les-rituels","tag-newsletter-fr","tag-podcast"],"yoast_head":"<!-- This site is optimized with the Yoast SEO plugin v20.4 - https:\/\/yoast.com\/wordpress\/plugins\/seo\/ -->\n<title>#PODCAST: Les Rituels de Laura Wandel - We Love Cinema<\/title>\n<meta name=\"robots\" content=\"index, follow, max-snippet:-1, max-image-preview:large, max-video-preview:-1\" \/>\n<link rel=\"canonical\" href=\"https:\/\/welovecinema.be\/fr\/podcast-les-rituels-de-laura-wandel\/\" \/>\n<meta property=\"og:locale\" content=\"fr_FR\" \/>\n<meta property=\"og:type\" content=\"article\" \/>\n<meta property=\"og:title\" content=\"#PODCAST: Les Rituels de Laura Wandel - We Love Cinema\" \/>\n<meta property=\"og:description\" content=\"\u00ab\u00a0L&rsquo;id\u00e9al, c&rsquo;est dans une biblioth\u00e8que, face \u00e0 un mur\u00a0\u00bb. C&rsquo;est ainsi qu&rsquo;aime \u00e9crire Laura Wandel&#8230; Remarqu\u00e9e en 2014 avec son court m\u00e9trage Les Corps \u00c9trangers s\u00e9lection en Comp\u00e9tition au Festival de Cannes, Laura Wandel a pris le temps de laisser venir son premier long m\u00e9trage. Grand bien lui en a pris, puisque Un monde, film &hellip;\" \/>\n<meta property=\"og:url\" content=\"https:\/\/welovecinema.be\/fr\/podcast-les-rituels-de-laura-wandel\/\" \/>\n<meta property=\"og:site_name\" content=\"We Love Cinema\" \/>\n<meta property=\"article:publisher\" content=\"https:\/\/www.facebook.com\/welovecinema.be\" \/>\n<meta property=\"article:published_time\" content=\"2022-01-13T08:29:04+00:00\" \/>\n<meta property=\"article:modified_time\" content=\"2022-01-14T10:59:44+00:00\" \/>\n<meta property=\"og:image\" content=\"https:\/\/welovecinema.be\/wp-content\/uploads\/sites\/2\/2022\/01\/LesRituels-LauraWandel-800x450.png\" \/>\n\t<meta property=\"og:image:width\" content=\"800\" \/>\n\t<meta property=\"og:image:height\" content=\"450\" \/>\n\t<meta property=\"og:image:type\" content=\"image\/png\" \/>\n<meta name=\"author\" content=\"Aurore Engelen\" \/>\n<meta name=\"twitter:card\" content=\"summary_large_image\" \/>\n<meta name=\"twitter:label1\" content=\"\u00c9crit par\" \/>\n\t<meta name=\"twitter:data1\" content=\"Aurore Engelen\" \/>\n\t<meta name=\"twitter:label2\" content=\"Dur\u00e9e de lecture estim\u00e9e\" \/>\n\t<meta name=\"twitter:data2\" content=\"1 minute\" \/>\n<script type=\"application\/ld+json\" class=\"yoast-schema-graph\">{\"@context\":\"https:\/\/schema.org\",\"@graph\":[{\"@type\":\"Article\",\"@id\":\"https:\/\/welovecinema.be\/fr\/podcast-les-rituels-de-laura-wandel\/#article\",\"isPartOf\":{\"@id\":\"https:\/\/welovecinema.be\/fr\/podcast-les-rituels-de-laura-wandel\/\"},\"author\":{\"name\":\"Aurore Engelen\",\"@id\":\"https:\/\/welovecinema.be\/nl\/#\/schema\/person\/8084b68c6b176142d073695c654dc7cf\"},\"headline\":\"#PODCAST: Les Rituels de Laura Wandel\",\"datePublished\":\"2022-01-13T08:29:04+00:00\",\"dateModified\":\"2022-01-14T10:59:44+00:00\",\"mainEntityOfPage\":{\"@id\":\"https:\/\/welovecinema.be\/fr\/podcast-les-rituels-de-laura-wandel\/\"},\"wordCount\":175,\"publisher\":{\"@id\":\"https:\/\/welovecinema.be\/nl\/#organization\"},\"keywords\":[\"Laura Wandel\",\"Les Rituels\",\"newsletter\",\"podcast\"],\"articleSection\":[\"Rencontres\"],\"inLanguage\":\"fr-FR\"},{\"@type\":\"WebPage\",\"@id\":\"https:\/\/welovecinema.be\/fr\/podcast-les-rituels-de-laura-wandel\/\",\"url\":\"https:\/\/welovecinema.be\/fr\/podcast-les-rituels-de-laura-wandel\/\",\"name\":\"#PODCAST: Les Rituels de Laura Wandel - We Love Cinema\",\"isPartOf\":{\"@id\":\"https:\/\/welovecinema.be\/nl\/#website\"},\"datePublished\":\"2022-01-13T08:29:04+00:00\",\"dateModified\":\"2022-01-14T10:59:44+00:00\",\"breadcrumb\":{\"@id\":\"https:\/\/welovecinema.be\/fr\/podcast-les-rituels-de-laura-wandel\/#breadcrumb\"},\"inLanguage\":\"fr-FR\",\"potentialAction\":[{\"@type\":\"ReadAction\",\"target\":[\"https:\/\/welovecinema.be\/fr\/podcast-les-rituels-de-laura-wandel\/\"]}]},{\"@type\":\"BreadcrumbList\",\"@id\":\"https:\/\/welovecinema.be\/fr\/podcast-les-rituels-de-laura-wandel\/#breadcrumb\",\"itemListElement\":[{\"@type\":\"ListItem\",\"position\":1,\"name\":\"Accueil\",\"item\":\"https:\/\/welovecinema.be\/fr\/\"},{\"@type\":\"ListItem\",\"position\":2,\"name\":\"#PODCAST: Les Rituels de Laura Wandel\"}]},{\"@type\":\"WebSite\",\"@id\":\"https:\/\/welovecinema.be\/nl\/#website\",\"url\":\"https:\/\/welovecinema.be\/nl\/\",\"name\":\"We Love Cinema\",\"description\":\"Toute l\u2019information du cin\u00e9ma en Belgique\",\"publisher\":{\"@id\":\"https:\/\/welovecinema.be\/nl\/#organization\"},\"potentialAction\":[{\"@type\":\"SearchAction\",\"target\":{\"@type\":\"EntryPoint\",\"urlTemplate\":\"https:\/\/welovecinema.be\/nl\/?s={search_term_string}\"},\"query-input\":\"required name=search_term_string\"}],\"inLanguage\":\"fr-FR\"},{\"@type\":\"Organization\",\"@id\":\"https:\/\/welovecinema.be\/nl\/#organization\",\"name\":\"We Love Cinema\",\"url\":\"https:\/\/welovecinema.be\/nl\/\",\"logo\":{\"@type\":\"ImageObject\",\"inLanguage\":\"fr-FR\",\"@id\":\"https:\/\/welovecinema.be\/nl\/#\/schema\/logo\/image\/\",\"url\":\"https:\/\/welovecinema.be\/wp-content\/uploads\/sites\/2\/2023\/03\/Logo-We-Love-Cinema305x128.jpg\",\"contentUrl\":\"https:\/\/welovecinema.be\/wp-content\/uploads\/sites\/2\/2023\/03\/Logo-We-Love-Cinema305x128.jpg\",\"width\":305,\"height\":128,\"caption\":\"We Love Cinema\"},\"image\":{\"@id\":\"https:\/\/welovecinema.be\/nl\/#\/schema\/logo\/image\/\"},\"sameAs\":[\"https:\/\/www.facebook.com\/welovecinema.be\",\"https:\/\/www.youtube.com\/channel\/UCX5LYGVhnKvYauW4Nta4HJA\",\"https:\/\/www.instagram.com\/welovecinema.be\/\"]},{\"@type\":\"Person\",\"@id\":\"https:\/\/welovecinema.be\/nl\/#\/schema\/person\/8084b68c6b176142d073695c654dc7cf\",\"name\":\"Aurore Engelen\",\"url\":\"https:\/\/welovecinema.be\/fr\/author\/aurore-engelen\/\"}]}<\/script>\n<!-- \/ Yoast SEO plugin. -->","yoast_head_json":{"title":"#PODCAST: Les Rituels de Laura Wandel - We Love Cinema","robots":{"index":"index","follow":"follow","max-snippet":"max-snippet:-1","max-image-preview":"max-image-preview:large","max-video-preview":"max-video-preview:-1"},"canonical":"https:\/\/welovecinema.be\/fr\/podcast-les-rituels-de-laura-wandel\/","og_locale":"fr_FR","og_type":"article","og_title":"#PODCAST: Les Rituels de Laura Wandel - We Love Cinema","og_description":"\u00ab\u00a0L&rsquo;id\u00e9al, c&rsquo;est dans une biblioth\u00e8que, face \u00e0 un mur\u00a0\u00bb. C&rsquo;est ainsi qu&rsquo;aime \u00e9crire Laura Wandel&#8230; Remarqu\u00e9e en 2014 avec son court m\u00e9trage Les Corps \u00c9trangers s\u00e9lection en Comp\u00e9tition au Festival de Cannes, Laura Wandel a pris le temps de laisser venir son premier long m\u00e9trage. Grand bien lui en a pris, puisque Un monde, film &hellip;","og_url":"https:\/\/welovecinema.be\/fr\/podcast-les-rituels-de-laura-wandel\/","og_site_name":"We Love Cinema","article_publisher":"https:\/\/www.facebook.com\/welovecinema.be","article_published_time":"2022-01-13T08:29:04+00:00","article_modified_time":"2022-01-14T10:59:44+00:00","og_image":[{"width":800,"height":450,"url":"https:\/\/welovecinema.be\/wp-content\/uploads\/sites\/2\/2022\/01\/LesRituels-LauraWandel-800x450.png","type":"image\/png"}],"author":"Aurore Engelen","twitter_card":"summary_large_image","twitter_misc":{"\u00c9crit par":"Aurore Engelen","Dur\u00e9e de lecture estim\u00e9e":"1 minute"},"schema":{"@context":"https:\/\/schema.org","@graph":[{"@type":"Article","@id":"https:\/\/welovecinema.be\/fr\/podcast-les-rituels-de-laura-wandel\/#article","isPartOf":{"@id":"https:\/\/welovecinema.be\/fr\/podcast-les-rituels-de-laura-wandel\/"},"author":{"name":"Aurore Engelen","@id":"https:\/\/welovecinema.be\/nl\/#\/schema\/person\/8084b68c6b176142d073695c654dc7cf"},"headline":"#PODCAST: Les Rituels de Laura Wandel","datePublished":"2022-01-13T08:29:04+00:00","dateModified":"2022-01-14T10:59:44+00:00","mainEntityOfPage":{"@id":"https:\/\/welovecinema.be\/fr\/podcast-les-rituels-de-laura-wandel\/"},"wordCount":175,"publisher":{"@id":"https:\/\/welovecinema.be\/nl\/#organization"},"keywords":["Laura Wandel","Les Rituels","newsletter","podcast"],"articleSection":["Rencontres"],"inLanguage":"fr-FR"},{"@type":"WebPage","@id":"https:\/\/welovecinema.be\/fr\/podcast-les-rituels-de-laura-wandel\/","url":"https:\/\/welovecinema.be\/fr\/podcast-les-rituels-de-laura-wandel\/","name":"#PODCAST: Les Rituels de Laura Wandel - We Love Cinema","isPartOf":{"@id":"https:\/\/welovecinema.be\/nl\/#website"},"datePublished":"2022-01-13T08:29:04+00:00","dateModified":"2022-01-14T10:59:44+00:00","breadcrumb":{"@id":"https:\/\/welovecinema.be\/fr\/podcast-les-rituels-de-laura-wandel\/#breadcrumb"},"inLanguage":"fr-FR","potentialAction":[{"@type":"ReadAction","target":["https:\/\/welovecinema.be\/fr\/podcast-les-rituels-de-laura-wandel\/"]}]},{"@type":"BreadcrumbList","@id":"https:\/\/welovecinema.be\/fr\/podcast-les-rituels-de-laura-wandel\/#breadcrumb","itemListElement":[{"@type":"ListItem","position":1,"name":"Accueil","item":"https:\/\/welovecinema.be\/fr\/"},{"@type":"ListItem","position":2,"name":"#PODCAST: Les Rituels de Laura Wandel"}]},{"@type":"WebSite","@id":"https:\/\/welovecinema.be\/nl\/#website","url":"https:\/\/welovecinema.be\/nl\/","name":"We Love Cinema","description":"Toute l\u2019information du cin\u00e9ma en Belgique","publisher":{"@id":"https:\/\/welovecinema.be\/nl\/#organization"},"potentialAction":[{"@type":"SearchAction","target":{"@type":"EntryPoint","urlTemplate":"https:\/\/welovecinema.be\/nl\/?s={search_term_string}"},"query-input":"required name=search_term_string"}],"inLanguage":"fr-FR"},{"@type":"Organization","@id":"https:\/\/welovecinema.be\/nl\/#organization","name":"We Love Cinema","url":"https:\/\/welovecinema.be\/nl\/","logo":{"@type":"ImageObject","inLanguage":"fr-FR","@id":"https:\/\/welovecinema.be\/nl\/#\/schema\/logo\/image\/","url":"https:\/\/welovecinema.be\/wp-content\/uploads\/sites\/2\/2023\/03\/Logo-We-Love-Cinema305x128.jpg","contentUrl":"https:\/\/welovecinema.be\/wp-content\/uploads\/sites\/2\/2023\/03\/Logo-We-Love-Cinema305x128.jpg","width":305,"height":128,"caption":"We Love Cinema"},"image":{"@id":"https:\/\/welovecinema.be\/nl\/#\/schema\/logo\/image\/"},"sameAs":["https:\/\/www.facebook.com\/welovecinema.be","https:\/\/www.youtube.com\/channel\/UCX5LYGVhnKvYauW4Nta4HJA","https:\/\/www.instagram.com\/welovecinema.be\/"]},{"@type":"Person","@id":"https:\/\/welovecinema.be\/nl\/#\/schema\/person\/8084b68c6b176142d073695c654dc7cf","name":"Aurore Engelen","url":"https:\/\/welovecinema.be\/fr\/author\/aurore-engelen\/"}]}},"_links":{"self":[{"href":"https:\/\/welovecinema.be\/fr\/wp-json\/wp\/v2\/posts\/242568","targetHints":{"allow":["GET"]}}],"collection":[{"href":"https:\/\/welovecinema.be\/fr\/wp-json\/wp\/v2\/posts"}],"about":[{"href":"https:\/\/welovecinema.be\/fr\/wp-json\/wp\/v2\/types\/post"}],"author":[{"embeddable":true,"href":"https:\/\/welovecinema.be\/fr\/wp-json\/wp\/v2\/users\/343"}],"replies":[{"embeddable":true,"href":"https:\/\/welovecinema.be\/fr\/wp-json\/wp\/v2\/comments?post=242568"}],"version-history":[{"count":0,"href":"https:\/\/welovecinema.be\/fr\/wp-json\/wp\/v2\/posts\/242568\/revisions"}],"wp:featuredmedia":[{"embeddable":true,"href":"https:\/\/welovecinema.be\/fr\/wp-json\/wp\/v2\/media\/242569"}],"wp:attachment":[{"href":"https:\/\/welovecinema.be\/fr\/wp-json\/wp\/v2\/media?parent=242568"}],"wp:term":[{"taxonomy":"category","embeddable":true,"href":"https:\/\/welovecinema.be\/fr\/wp-json\/wp\/v2\/categories?post=242568"},{"taxonomy":"post_tag","embeddable":true,"href":"https:\/\/welovecinema.be\/fr\/wp-json\/wp\/v2\/tags?post=242568"}],"curies":[{"name":"wp","href":"https:\/\/api.w.org\/{rel}","templated":true}]}}