{"id":240765,"date":"2021-10-18T09:34:16","date_gmt":"2021-10-18T07:34:16","guid":{"rendered":"https:\/\/www.cinevox.be\/?p=240765"},"modified":"2021-10-19T10:38:55","modified_gmt":"2021-10-19T08:38:55","slug":"un-monde-lecole-a-hauteur-denfant","status":"publish","type":"post","link":"https:\/\/welovecinema.be\/fr\/un-monde-lecole-a-hauteur-denfant\/","title":{"rendered":"\u00ab\u00a0Un monde\u00a0\u00bb: l&rsquo;\u00e9cole \u00e0 hauteur d&rsquo;enfant"},"content":{"rendered":"<p><strong>Avec son premier long m\u00e9trage, <em>Un monde<\/em>, Laura Wandel offre une immersion aussi puissante que bouleversante dans la vie de Nora, 6 ans, l\u00e2ch\u00e9e dans le grand bain de la grande \u00e9cole, et t\u00e9moin, \u00e0 sa hauteur, du champ de bataille que peut \u00eatre une cour de r\u00e9cr\u00e9ation.<\/strong><\/p>\n<p>D\u00e8s le premier plan, la tension est palpable, presque physiquement ressentie. On est avec Nora, derri\u00e8re elle. On pleure avec elle, on redoute cette premi\u00e8re journ\u00e9e \u00e0 la grande \u00e9cole, on la craint. Les encouragements des adultes, prodigu\u00e9s de si haut, dans une autre stratosph\u00e8re, sont comme un bruit de fond, \u00e0 peine apaisant.<\/p>\n<p>Nora voit son fr\u00e8re, Abel, bien d\u00e9cid\u00e9 \u00e0 affronter la journ\u00e9e. Alors elle le suit, elle prend sur elle. Elle avance envers et contre tous, avec courage et d\u00e9termination. Disons-le d\u00e9j\u00e0. Nora est incarn\u00e9e par la jeune Maya Vanderbeque, r\u00e9v\u00e9lation cin\u00e9matographique \u00e9blouissante, dont l&rsquo;\u00e9nergie qui emporte tout sur son passage rappelle celle d&rsquo;Emilie Dequenne dans Rosetta, le \u00ab\u00a0petit taureau\u00a0\u00bb dont parlait Jean-Pierre Dardenne.<\/p>\n<p><img loading=\"lazy\" decoding=\"async\" class=\"alignnone size-large wp-image-239428\" src=\"https:\/\/www.cinevox.be\/wp-content\/uploads\/sites\/2\/2021\/08\/Capture-de\u0301cran-2021-08-17-a\u0300-11.16.35-800x446.png\" alt=\"Un-Monde-Laura-Wandel\" width=\"618\" height=\"345\" srcset=\"https:\/\/welovecinema.be\/wp-content\/uploads\/sites\/2\/2021\/08\/Capture-de\u0301cran-2021-08-17-a\u0300-11.16.35-800x446.png 800w, https:\/\/welovecinema.be\/wp-content\/uploads\/sites\/2\/2021\/08\/Capture-de\u0301cran-2021-08-17-a\u0300-11.16.35-480x267.png 480w, https:\/\/welovecinema.be\/wp-content\/uploads\/sites\/2\/2021\/08\/Capture-de\u0301cran-2021-08-17-a\u0300-11.16.35-200x113.png 200w, https:\/\/welovecinema.be\/wp-content\/uploads\/sites\/2\/2021\/08\/Capture-de\u0301cran-2021-08-17-a\u0300-11.16.35-768x428.png 768w, https:\/\/welovecinema.be\/wp-content\/uploads\/sites\/2\/2021\/08\/Capture-de\u0301cran-2021-08-17-a\u0300-11.16.35-1536x856.png 1536w, https:\/\/welovecinema.be\/wp-content\/uploads\/sites\/2\/2021\/08\/Capture-de\u0301cran-2021-08-17-a\u0300-11.16.35-2048x1141.png 2048w\" sizes=\"auto, (max-width: 618px) 100vw, 618px\" \/><\/p>\n<p>Car il va en falloir du courage \u00e0 Nora pour trouver sa place dans cette micro-soci\u00e9t\u00e9 impitoyable qu&rsquo;est l&rsquo;\u00e9cole. D&rsquo;autant que d\u00e8s les premiers jours, elle est t\u00e9moin du traitement r\u00e9serv\u00e9 \u00e0 son fr\u00e8re, violemment harcel\u00e9 par une bande de grands, hors du regard des adultes. Nora est perdue, elle h\u00e9site, se battre, s&rsquo;interposer, partir en croisade. Elle veut agir, mais son fr\u00e8re lui impose un douloureux pacte de silence.<\/p>\n<p>C&rsquo;est \u00e0 un v\u00e9ritable jeu de r\u00f4le que nous convie Laura Wandel avec ce premier long m\u00e9trage. Pendant un peu plus d&rsquo;une heure, on se met \u00e0 la place de Nora. On exp\u00e9rimente son malaise, son vertige, son combat quotidien pour d\u00e9coder les r\u00e8gles tacites de cette petite soci\u00e9t\u00e9, de ce petit monde, un autre monde. Un monde que l&rsquo;on avait peut-\u00eatre oubli\u00e9, devenu adulte, mais qui ressurgit par flash alors qu&rsquo;on revit avec Nora ces moments d\u00e9terminants dans la construction d&rsquo;une personnalit\u00e9.<\/p>\n<p><img loading=\"lazy\" decoding=\"async\" class=\"alignnone size-large wp-image-239424\" src=\"https:\/\/www.cinevox.be\/wp-content\/uploads\/sites\/2\/2021\/08\/Un-Monde-Laura-Wandel-800x432.jpeg\" alt=\"Un-Monde-Laura-Wandel\" width=\"618\" height=\"334\" srcset=\"https:\/\/welovecinema.be\/wp-content\/uploads\/sites\/2\/2021\/08\/Un-Monde-Laura-Wandel-800x432.jpeg 800w, https:\/\/welovecinema.be\/wp-content\/uploads\/sites\/2\/2021\/08\/Un-Monde-Laura-Wandel-480x259.jpeg 480w, https:\/\/welovecinema.be\/wp-content\/uploads\/sites\/2\/2021\/08\/Un-Monde-Laura-Wandel-768x415.jpeg 768w, https:\/\/welovecinema.be\/wp-content\/uploads\/sites\/2\/2021\/08\/Un-Monde-Laura-Wandel.jpeg 1250w\" sizes=\"auto, (max-width: 618px) 100vw, 618px\" \/><\/p>\n<p>La mise en sc\u00e8ne, remarquable, toujours au plus pr\u00e8s de Nora, nous fait ressentir la perte de rep\u00e8res totale de la petite fille, souvent en qu\u00eate de son \u00e9quilibre, litt\u00e9ralement (sur la poutre, dans la cour) et m\u00e9taphoriquement. On vit avec elle une hyper-sollicitation des sens, notamment de l&rsquo;ou\u00efe, dans le brouhaha permanent de la cour ou de la cantine. On se souvient avec elle des cours de piscine, on la rejoint dans sa bulle sous l&rsquo;eau, paradoxale apn\u00e9e qui lui permet de reprendre son souffle, de couper le lien avec l&rsquo;ext\u00e9rieur pour prendre le recul n\u00e9cessaire pour affronter la situation.<\/p>\n<p><em>Un monde<\/em> dresse aussi le portrait d\u00e9chirant d&rsquo;une fratrie, nouant et d\u00e9nouant le lien qui unit Maya \u00e0 son fr\u00e8re Abel, un lien visc\u00e9ral mis \u00e0 mal par l&rsquo;\u00e9cosyst\u00e8me scolaire, o\u00f9 les loyaut\u00e9s sont sans cesse remises en question par le d\u00e9sir br\u00fblant qu&rsquo;a chacun de s&rsquo;int\u00e9grer, co\u00fbte que co\u00fbte. Face \u00e0 l&rsquo;extraordinaire Maya Vandebeque qui joue Nora, le jeune G\u00fcnter Duret am\u00e8ne au personnage d&rsquo;Abel une sensibilit\u00e9 folle qui \u00e9pouse \u00e0 merveille les contradictions de son personnage, un petit gar\u00e7on qui doit faire face, avec les faibles outils dont il dispose, \u00e0 une construction de soi \u00e0 travers les codes d&rsquo;une masculinit\u00e9 toxique d\u00e9j\u00e0 bien pr\u00e9sente d\u00e8s l&rsquo;enfance.<\/p>\n<p><img loading=\"lazy\" decoding=\"async\" class=\"alignnone size-large wp-image-240816\" src=\"https:\/\/www.cinevox.be\/wp-content\/uploads\/sites\/2\/2021\/10\/Un-Monde_1-800x432.jpg\" alt=\"\" width=\"618\" height=\"334\" srcset=\"https:\/\/welovecinema.be\/wp-content\/uploads\/sites\/2\/2021\/10\/Un-Monde_1-800x432.jpg 800w, https:\/\/welovecinema.be\/wp-content\/uploads\/sites\/2\/2021\/10\/Un-Monde_1-480x259.jpg 480w, https:\/\/welovecinema.be\/wp-content\/uploads\/sites\/2\/2021\/10\/Un-Monde_1-768x415.jpg 768w, https:\/\/welovecinema.be\/wp-content\/uploads\/sites\/2\/2021\/10\/Un-Monde_1-1536x830.jpg 1536w, https:\/\/welovecinema.be\/wp-content\/uploads\/sites\/2\/2021\/10\/Un-Monde_1-2048x1107.jpg 2048w\" sizes=\"auto, (max-width: 618px) 100vw, 618px\" \/><\/p>\n<p>Dans cette jungle qu&rsquo;est l&rsquo;\u00e9cole, les adultes sont l\u00e0, en surplomb parfois, en p\u00e9riph\u00e9rie souvent, de temps \u00e0 autres un genou \u00e0 terre, \u00e0 hauteur des enfants. On retiendra notamment les pr\u00e9sences br\u00e8ves mais intenses de Karim Leklou, dans le r\u00f4le du p\u00e8re de Nora et Abel, et de Laura Verlinden dans celui de l&rsquo;institutrice.<\/p>\n<p>On voit, boulevers\u00e9, tout ce qui \u00e9chappe au regard des adultes, faute d&rsquo;\u00eatre port\u00e9 \u00e0 la bonne hauteur. La concentration du point de vue, et la cr\u00e9ation d&rsquo;un hors champ physique et symbolique fort font de <em>Un monde<\/em> un huis clos \u00e9touffant, au coeur de l&rsquo;\u00e9cole. Un film \u00e0 voir absolument, pour se souvenir parfois, mais surtout pour peut-\u00eatre changer la mani\u00e8re dont on s&rsquo;adresse aux enfants, et se souvenir qu&rsquo;\u00e0 leur hauteur, l&rsquo;\u00e9cole est un champ de bataille.<\/p>\n<p>&nbsp;<\/p>\n","protected":false},"excerpt":{"rendered":"<p>Avec son premier long m\u00e9trage, Un monde, Laura Wandel offre une immersion aussi puissante que bouleversante dans la vie de Nora, 6 ans, l\u00e2ch\u00e9e dans le grand bain de la grande \u00e9cole, et t\u00e9moin, \u00e0 sa hauteur, du champ de bataille que peut \u00eatre une cour de r\u00e9cr\u00e9ation. D\u00e8s le premier plan, la tension est &hellip;<\/p>\n","protected":false},"author":343,"featured_media":240818,"comment_status":"closed","ping_status":"closed","sticky":false,"template":"","format":"standard","meta":{"ngg_post_thumbnail":0,"footnotes":""},"categories":[10,53],"tags":[2496,4187,6285],"class_list":["post-240765","post","type-post","status-publish","format-standard","has-post-thumbnail","","category-a-l-affiche","category-coming-soon","tag-laura-wandel","tag-newsletter-fr","tag-un-monde"],"yoast_head":"<!-- This site is optimized with the Yoast SEO plugin v20.4 - https:\/\/yoast.com\/wordpress\/plugins\/seo\/ -->\n<title>&quot;Un monde&quot;: l&#039;\u00e9cole \u00e0 hauteur d&#039;enfant - We Love Cinema<\/title>\n<meta name=\"robots\" content=\"index, follow, max-snippet:-1, max-image-preview:large, max-video-preview:-1\" \/>\n<link rel=\"canonical\" href=\"https:\/\/welovecinema.be\/fr\/un-monde-lecole-a-hauteur-denfant\/\" \/>\n<meta property=\"og:locale\" content=\"fr_FR\" \/>\n<meta property=\"og:type\" content=\"article\" \/>\n<meta property=\"og:title\" content=\"&quot;Un monde&quot;: l&#039;\u00e9cole \u00e0 hauteur d&#039;enfant - We Love Cinema\" \/>\n<meta property=\"og:description\" content=\"Avec son premier long m\u00e9trage, Un monde, Laura Wandel offre une immersion aussi puissante que bouleversante dans la vie de Nora, 6 ans, l\u00e2ch\u00e9e dans le grand bain de la grande \u00e9cole, et t\u00e9moin, \u00e0 sa hauteur, du champ de bataille que peut \u00eatre une cour de r\u00e9cr\u00e9ation. D\u00e8s le premier plan, la tension est &hellip;\" \/>\n<meta property=\"og:url\" content=\"https:\/\/welovecinema.be\/fr\/un-monde-lecole-a-hauteur-denfant\/\" \/>\n<meta property=\"og:site_name\" content=\"We Love Cinema\" \/>\n<meta property=\"article:publisher\" content=\"https:\/\/www.facebook.com\/welovecinema.be\" \/>\n<meta property=\"article:published_time\" content=\"2021-10-18T07:34:16+00:00\" \/>\n<meta property=\"article:modified_time\" content=\"2021-10-19T08:38:55+00:00\" \/>\n<meta property=\"og:image\" content=\"https:\/\/welovecinema.be\/wp-content\/uploads\/sites\/2\/2021\/10\/UnMonde_4.jpg\" \/>\n\t<meta property=\"og:image:width\" content=\"1998\" \/>\n\t<meta property=\"og:image:height\" content=\"1080\" \/>\n\t<meta property=\"og:image:type\" content=\"image\/jpeg\" \/>\n<meta name=\"author\" content=\"Aurore Engelen\" \/>\n<meta name=\"twitter:card\" content=\"summary_large_image\" \/>\n<meta name=\"twitter:label1\" content=\"\u00c9crit par\" \/>\n\t<meta name=\"twitter:data1\" content=\"Aurore Engelen\" \/>\n\t<meta name=\"twitter:label2\" content=\"Dur\u00e9e de lecture estim\u00e9e\" \/>\n\t<meta name=\"twitter:data2\" content=\"4 minutes\" \/>\n<script type=\"application\/ld+json\" class=\"yoast-schema-graph\">{\"@context\":\"https:\/\/schema.org\",\"@graph\":[{\"@type\":\"Article\",\"@id\":\"https:\/\/welovecinema.be\/fr\/un-monde-lecole-a-hauteur-denfant\/#article\",\"isPartOf\":{\"@id\":\"https:\/\/welovecinema.be\/fr\/un-monde-lecole-a-hauteur-denfant\/\"},\"author\":{\"name\":\"Aurore Engelen\",\"@id\":\"https:\/\/welovecinema.be\/nl\/#\/schema\/person\/8084b68c6b176142d073695c654dc7cf\"},\"headline\":\"\u00ab\u00a0Un monde\u00a0\u00bb: l&rsquo;\u00e9cole \u00e0 hauteur d&rsquo;enfant\",\"datePublished\":\"2021-10-18T07:34:16+00:00\",\"dateModified\":\"2021-10-19T08:38:55+00:00\",\"mainEntityOfPage\":{\"@id\":\"https:\/\/welovecinema.be\/fr\/un-monde-lecole-a-hauteur-denfant\/\"},\"wordCount\":753,\"publisher\":{\"@id\":\"https:\/\/welovecinema.be\/nl\/#organization\"},\"keywords\":[\"Laura Wandel\",\"newsletter\",\"Un monde\"],\"articleSection\":[\"A l'affiche\",\"Coming soon\"],\"inLanguage\":\"fr-FR\"},{\"@type\":\"WebPage\",\"@id\":\"https:\/\/welovecinema.be\/fr\/un-monde-lecole-a-hauteur-denfant\/\",\"url\":\"https:\/\/welovecinema.be\/fr\/un-monde-lecole-a-hauteur-denfant\/\",\"name\":\"\\\"Un monde\\\": l'\u00e9cole \u00e0 hauteur d'enfant - We Love Cinema\",\"isPartOf\":{\"@id\":\"https:\/\/welovecinema.be\/nl\/#website\"},\"datePublished\":\"2021-10-18T07:34:16+00:00\",\"dateModified\":\"2021-10-19T08:38:55+00:00\",\"breadcrumb\":{\"@id\":\"https:\/\/welovecinema.be\/fr\/un-monde-lecole-a-hauteur-denfant\/#breadcrumb\"},\"inLanguage\":\"fr-FR\",\"potentialAction\":[{\"@type\":\"ReadAction\",\"target\":[\"https:\/\/welovecinema.be\/fr\/un-monde-lecole-a-hauteur-denfant\/\"]}]},{\"@type\":\"BreadcrumbList\",\"@id\":\"https:\/\/welovecinema.be\/fr\/un-monde-lecole-a-hauteur-denfant\/#breadcrumb\",\"itemListElement\":[{\"@type\":\"ListItem\",\"position\":1,\"name\":\"Accueil\",\"item\":\"https:\/\/welovecinema.be\/fr\/\"},{\"@type\":\"ListItem\",\"position\":2,\"name\":\"\u00ab\u00a0Un monde\u00a0\u00bb: l&rsquo;\u00e9cole \u00e0 hauteur d&rsquo;enfant\"}]},{\"@type\":\"WebSite\",\"@id\":\"https:\/\/welovecinema.be\/nl\/#website\",\"url\":\"https:\/\/welovecinema.be\/nl\/\",\"name\":\"We Love Cinema\",\"description\":\"Toute l\u2019information du cin\u00e9ma en Belgique\",\"publisher\":{\"@id\":\"https:\/\/welovecinema.be\/nl\/#organization\"},\"potentialAction\":[{\"@type\":\"SearchAction\",\"target\":{\"@type\":\"EntryPoint\",\"urlTemplate\":\"https:\/\/welovecinema.be\/nl\/?s={search_term_string}\"},\"query-input\":\"required name=search_term_string\"}],\"inLanguage\":\"fr-FR\"},{\"@type\":\"Organization\",\"@id\":\"https:\/\/welovecinema.be\/nl\/#organization\",\"name\":\"We Love Cinema\",\"url\":\"https:\/\/welovecinema.be\/nl\/\",\"logo\":{\"@type\":\"ImageObject\",\"inLanguage\":\"fr-FR\",\"@id\":\"https:\/\/welovecinema.be\/nl\/#\/schema\/logo\/image\/\",\"url\":\"https:\/\/welovecinema.be\/wp-content\/uploads\/sites\/2\/2023\/03\/Logo-We-Love-Cinema305x128.jpg\",\"contentUrl\":\"https:\/\/welovecinema.be\/wp-content\/uploads\/sites\/2\/2023\/03\/Logo-We-Love-Cinema305x128.jpg\",\"width\":305,\"height\":128,\"caption\":\"We Love Cinema\"},\"image\":{\"@id\":\"https:\/\/welovecinema.be\/nl\/#\/schema\/logo\/image\/\"},\"sameAs\":[\"https:\/\/www.facebook.com\/welovecinema.be\",\"https:\/\/www.youtube.com\/channel\/UCX5LYGVhnKvYauW4Nta4HJA\",\"https:\/\/www.instagram.com\/welovecinema.be\/\"]},{\"@type\":\"Person\",\"@id\":\"https:\/\/welovecinema.be\/nl\/#\/schema\/person\/8084b68c6b176142d073695c654dc7cf\",\"name\":\"Aurore Engelen\",\"url\":\"https:\/\/welovecinema.be\/fr\/author\/aurore-engelen\/\"}]}<\/script>\n<!-- \/ Yoast SEO plugin. -->","yoast_head_json":{"title":"\"Un monde\": l'\u00e9cole \u00e0 hauteur d'enfant - We Love Cinema","robots":{"index":"index","follow":"follow","max-snippet":"max-snippet:-1","max-image-preview":"max-image-preview:large","max-video-preview":"max-video-preview:-1"},"canonical":"https:\/\/welovecinema.be\/fr\/un-monde-lecole-a-hauteur-denfant\/","og_locale":"fr_FR","og_type":"article","og_title":"\"Un monde\": l'\u00e9cole \u00e0 hauteur d'enfant - We Love Cinema","og_description":"Avec son premier long m\u00e9trage, Un monde, Laura Wandel offre une immersion aussi puissante que bouleversante dans la vie de Nora, 6 ans, l\u00e2ch\u00e9e dans le grand bain de la grande \u00e9cole, et t\u00e9moin, \u00e0 sa hauteur, du champ de bataille que peut \u00eatre une cour de r\u00e9cr\u00e9ation. D\u00e8s le premier plan, la tension est &hellip;","og_url":"https:\/\/welovecinema.be\/fr\/un-monde-lecole-a-hauteur-denfant\/","og_site_name":"We Love Cinema","article_publisher":"https:\/\/www.facebook.com\/welovecinema.be","article_published_time":"2021-10-18T07:34:16+00:00","article_modified_time":"2021-10-19T08:38:55+00:00","og_image":[{"width":1998,"height":1080,"url":"https:\/\/welovecinema.be\/wp-content\/uploads\/sites\/2\/2021\/10\/UnMonde_4.jpg","type":"image\/jpeg"}],"author":"Aurore Engelen","twitter_card":"summary_large_image","twitter_misc":{"\u00c9crit par":"Aurore Engelen","Dur\u00e9e de lecture estim\u00e9e":"4 minutes"},"schema":{"@context":"https:\/\/schema.org","@graph":[{"@type":"Article","@id":"https:\/\/welovecinema.be\/fr\/un-monde-lecole-a-hauteur-denfant\/#article","isPartOf":{"@id":"https:\/\/welovecinema.be\/fr\/un-monde-lecole-a-hauteur-denfant\/"},"author":{"name":"Aurore Engelen","@id":"https:\/\/welovecinema.be\/nl\/#\/schema\/person\/8084b68c6b176142d073695c654dc7cf"},"headline":"\u00ab\u00a0Un monde\u00a0\u00bb: l&rsquo;\u00e9cole \u00e0 hauteur d&rsquo;enfant","datePublished":"2021-10-18T07:34:16+00:00","dateModified":"2021-10-19T08:38:55+00:00","mainEntityOfPage":{"@id":"https:\/\/welovecinema.be\/fr\/un-monde-lecole-a-hauteur-denfant\/"},"wordCount":753,"publisher":{"@id":"https:\/\/welovecinema.be\/nl\/#organization"},"keywords":["Laura Wandel","newsletter","Un monde"],"articleSection":["A l'affiche","Coming soon"],"inLanguage":"fr-FR"},{"@type":"WebPage","@id":"https:\/\/welovecinema.be\/fr\/un-monde-lecole-a-hauteur-denfant\/","url":"https:\/\/welovecinema.be\/fr\/un-monde-lecole-a-hauteur-denfant\/","name":"\"Un monde\": l'\u00e9cole \u00e0 hauteur d'enfant - We Love Cinema","isPartOf":{"@id":"https:\/\/welovecinema.be\/nl\/#website"},"datePublished":"2021-10-18T07:34:16+00:00","dateModified":"2021-10-19T08:38:55+00:00","breadcrumb":{"@id":"https:\/\/welovecinema.be\/fr\/un-monde-lecole-a-hauteur-denfant\/#breadcrumb"},"inLanguage":"fr-FR","potentialAction":[{"@type":"ReadAction","target":["https:\/\/welovecinema.be\/fr\/un-monde-lecole-a-hauteur-denfant\/"]}]},{"@type":"BreadcrumbList","@id":"https:\/\/welovecinema.be\/fr\/un-monde-lecole-a-hauteur-denfant\/#breadcrumb","itemListElement":[{"@type":"ListItem","position":1,"name":"Accueil","item":"https:\/\/welovecinema.be\/fr\/"},{"@type":"ListItem","position":2,"name":"\u00ab\u00a0Un monde\u00a0\u00bb: l&rsquo;\u00e9cole \u00e0 hauteur d&rsquo;enfant"}]},{"@type":"WebSite","@id":"https:\/\/welovecinema.be\/nl\/#website","url":"https:\/\/welovecinema.be\/nl\/","name":"We Love Cinema","description":"Toute l\u2019information du cin\u00e9ma en Belgique","publisher":{"@id":"https:\/\/welovecinema.be\/nl\/#organization"},"potentialAction":[{"@type":"SearchAction","target":{"@type":"EntryPoint","urlTemplate":"https:\/\/welovecinema.be\/nl\/?s={search_term_string}"},"query-input":"required name=search_term_string"}],"inLanguage":"fr-FR"},{"@type":"Organization","@id":"https:\/\/welovecinema.be\/nl\/#organization","name":"We Love Cinema","url":"https:\/\/welovecinema.be\/nl\/","logo":{"@type":"ImageObject","inLanguage":"fr-FR","@id":"https:\/\/welovecinema.be\/nl\/#\/schema\/logo\/image\/","url":"https:\/\/welovecinema.be\/wp-content\/uploads\/sites\/2\/2023\/03\/Logo-We-Love-Cinema305x128.jpg","contentUrl":"https:\/\/welovecinema.be\/wp-content\/uploads\/sites\/2\/2023\/03\/Logo-We-Love-Cinema305x128.jpg","width":305,"height":128,"caption":"We Love Cinema"},"image":{"@id":"https:\/\/welovecinema.be\/nl\/#\/schema\/logo\/image\/"},"sameAs":["https:\/\/www.facebook.com\/welovecinema.be","https:\/\/www.youtube.com\/channel\/UCX5LYGVhnKvYauW4Nta4HJA","https:\/\/www.instagram.com\/welovecinema.be\/"]},{"@type":"Person","@id":"https:\/\/welovecinema.be\/nl\/#\/schema\/person\/8084b68c6b176142d073695c654dc7cf","name":"Aurore Engelen","url":"https:\/\/welovecinema.be\/fr\/author\/aurore-engelen\/"}]}},"_links":{"self":[{"href":"https:\/\/welovecinema.be\/fr\/wp-json\/wp\/v2\/posts\/240765","targetHints":{"allow":["GET"]}}],"collection":[{"href":"https:\/\/welovecinema.be\/fr\/wp-json\/wp\/v2\/posts"}],"about":[{"href":"https:\/\/welovecinema.be\/fr\/wp-json\/wp\/v2\/types\/post"}],"author":[{"embeddable":true,"href":"https:\/\/welovecinema.be\/fr\/wp-json\/wp\/v2\/users\/343"}],"replies":[{"embeddable":true,"href":"https:\/\/welovecinema.be\/fr\/wp-json\/wp\/v2\/comments?post=240765"}],"version-history":[{"count":0,"href":"https:\/\/welovecinema.be\/fr\/wp-json\/wp\/v2\/posts\/240765\/revisions"}],"wp:featuredmedia":[{"embeddable":true,"href":"https:\/\/welovecinema.be\/fr\/wp-json\/wp\/v2\/media\/240818"}],"wp:attachment":[{"href":"https:\/\/welovecinema.be\/fr\/wp-json\/wp\/v2\/media?parent=240765"}],"wp:term":[{"taxonomy":"category","embeddable":true,"href":"https:\/\/welovecinema.be\/fr\/wp-json\/wp\/v2\/categories?post=240765"},{"taxonomy":"post_tag","embeddable":true,"href":"https:\/\/welovecinema.be\/fr\/wp-json\/wp\/v2\/tags?post=240765"}],"curies":[{"name":"wp","href":"https:\/\/api.w.org\/{rel}","templated":true}]}}