{"id":240245,"date":"2021-09-22T13:26:19","date_gmt":"2021-09-22T11:26:19","guid":{"rendered":"https:\/\/www.cinevox.be\/?p=240245"},"modified":"2021-09-23T08:23:36","modified_gmt":"2021-09-23T06:23:36","slug":"serieux-programme-belge-au-festival-de-gand","status":"publish","type":"post","link":"https:\/\/welovecinema.be\/fr\/serieux-programme-belge-au-festival-de-gand\/","title":{"rendered":"S\u00e9rieux programme belge au Festival de Gand"},"content":{"rendered":"<p><strong>Le Film Festival Gent vient d&rsquo;annoncer le copieux programme de sa 48e \u00e9dition, qui s&rsquo;annonce riche en premi\u00e8res internationales (d&rsquo;<em>Annette<\/em> \u00e0 <em>The French Dispatch<\/em>, en passant par <em>Madres Paralelas<\/em> ou <em>Spencer<\/em>), mais aussi en premi\u00e8res de films belges d&rsquo;envergure.<\/strong><\/p>\n<p>On d\u00e9couvrira donc en Comp\u00e9tition <em>Inexorable<\/em>, le nouveau film de Fabrice Du Welz, avec Beno\u00eet Poelvoorde et Alba Bellugi, sur lequel on a h\u00e2te de lever le voile. Egalement en lice, le tr\u00e8s percutant premier long m\u00e9trage de Laura Wandel, <em>Un monde<\/em>, Prix Fipresci de la section Un certain regard \u00e0 Cannes.<\/p>\n<figure id=\"attachment_226878\" aria-describedby=\"caption-attachment-226878\" style=\"width: 618px\" class=\"wp-caption alignnone\"><img loading=\"lazy\" decoding=\"async\" class=\"wp-image-226878 size-large\" src=\"https:\/\/www.cinevox.be\/wp-content\/uploads\/sites\/2\/2020\/02\/laruche-c-Lara-Gasparotto-800x534.jpg\" alt=\"la-ruche-Lara-Gasparotto\" width=\"618\" height=\"413\" srcset=\"https:\/\/welovecinema.be\/wp-content\/uploads\/sites\/2\/2020\/02\/laruche-c-Lara-Gasparotto-800x534.jpg 800w, https:\/\/welovecinema.be\/wp-content\/uploads\/sites\/2\/2020\/02\/laruche-c-Lara-Gasparotto-405x270.jpg 405w, https:\/\/welovecinema.be\/wp-content\/uploads\/sites\/2\/2020\/02\/laruche-c-Lara-Gasparotto-768x513.jpg 768w, https:\/\/welovecinema.be\/wp-content\/uploads\/sites\/2\/2020\/02\/laruche-c-Lara-Gasparotto-1536x1025.jpg 1536w, https:\/\/welovecinema.be\/wp-content\/uploads\/sites\/2\/2020\/02\/laruche-c-Lara-Gasparotto-2048x1367.jpg 2048w, https:\/\/welovecinema.be\/wp-content\/uploads\/sites\/2\/2020\/02\/laruche-c-Lara-Gasparotto-110x75.jpg 110w\" sizes=\"auto, (max-width: 618px) 100vw, 618px\" \/><figcaption id=\"caption-attachment-226878\" class=\"wp-caption-text\">\u00ab\u00a0La Ruche\u00a0\u00bb de Christophe Hermans<\/figcaption><\/figure>\n<p>En S\u00e9lection, on retrouvera un autre premier long m\u00e9trage de fiction,<em> La Ruche<\/em>, de Christophe Hermans, dont on connait les documentaires, avec un casting all\u00e9chant: Ludivine Sagnier, entour\u00e9e de Mara Taquin et Sophie Breyer.<\/p>\n<p>Projet\u00e9 en avant-premi\u00e8re belge, <em>Animals<\/em> de Nabil Ben Yadir, dont tout le monde semble s&rsquo;accorder \u00e0 dire que cet un v\u00e9ritable film choc, qui va au coeur de la violence.<\/p>\n<figure id=\"attachment_240250\" aria-describedby=\"caption-attachment-240250\" style=\"width: 756px\" class=\"wp-caption alignnone\"><img loading=\"lazy\" decoding=\"async\" class=\"size-full wp-image-240250\" src=\"https:\/\/www.cinevox.be\/wp-content\/uploads\/sites\/2\/2021\/09\/Capture-de\u0301cran-2021-09-22-a\u0300-13.24.41.png\" alt=\"Animals-Nabil-Ben-Yadir\" width=\"756\" height=\"530\" srcset=\"https:\/\/welovecinema.be\/wp-content\/uploads\/sites\/2\/2021\/09\/Capture-de\u0301cran-2021-09-22-a\u0300-13.24.41.png 756w, https:\/\/welovecinema.be\/wp-content\/uploads\/sites\/2\/2021\/09\/Capture-de\u0301cran-2021-09-22-a\u0300-13.24.41-385x270.png 385w\" sizes=\"auto, (max-width: 756px) 100vw, 756px\" \/><figcaption id=\"caption-attachment-240250\" class=\"wp-caption-text\">Soufiane Chilah dans \u00ab\u00a0Animals\u00a0\u00bb<\/figcaption><\/figure>\n<p>Le festival programmera aussi <em>La Civil<\/em> de Theodora Mihai, d\u00e9couvert \u00e0 Cannes, <em>Cool Abdoul<\/em> de Jonas Baeckeland, avec Nabil Mallat, <em>Dealer<\/em>, le premier long m\u00e9trage du com\u00e9dien flamand Jeroen Perceval, mais aussi<em> Juste un mouvement<\/em>, le passionnant documentaire de Vincent Meesen, et<em> Space Boy,<\/em> le rafraichissant film familial d&rsquo;Olivier Pairoux, avec Basile Grunberger et Yannick Renier, dont on reparlera tr\u00e8s bient\u00f4t!<\/p>\n<p>Un programme charg\u00e9 donc, et plein de promesses! L&rsquo;int\u00e9gralit\u00e9 du programme est disponible sur <a href=\"https:\/\/www.filmfestival.be\/nl\">le site du festival<\/a>.<\/p>\n","protected":false},"excerpt":{"rendered":"<p>Le Film Festival Gent vient d&rsquo;annoncer le copieux programme de sa 48e \u00e9dition, qui s&rsquo;annonce riche en premi\u00e8res internationales (d&rsquo;Annette \u00e0 The French Dispatch, en passant par Madres Paralelas ou Spencer), mais aussi en premi\u00e8res de films belges d&rsquo;envergure. On d\u00e9couvrira donc en Comp\u00e9tition Inexorable, le nouveau film de Fabrice Du Welz, avec Beno\u00eet Poelvoorde &hellip;<\/p>\n","protected":false},"author":343,"featured_media":240246,"comment_status":"closed","ping_status":"closed","sticky":false,"template":"","format":"standard","meta":{"ngg_post_thumbnail":0,"footnotes":""},"categories":[53,12],"tags":[4187],"class_list":["post-240245","post","type-post","status-publish","format-standard","has-post-thumbnail","","category-coming-soon","category-awards","tag-newsletter-fr"],"yoast_head":"<!-- This site is optimized with the Yoast SEO plugin v20.4 - https:\/\/yoast.com\/wordpress\/plugins\/seo\/ -->\n<title>S\u00e9rieux programme belge au Festival de Gand - We Love Cinema<\/title>\n<meta name=\"robots\" content=\"index, follow, max-snippet:-1, max-image-preview:large, max-video-preview:-1\" \/>\n<link rel=\"canonical\" href=\"https:\/\/welovecinema.be\/fr\/serieux-programme-belge-au-festival-de-gand\/\" \/>\n<meta property=\"og:locale\" content=\"fr_FR\" \/>\n<meta property=\"og:type\" content=\"article\" \/>\n<meta property=\"og:title\" content=\"S\u00e9rieux programme belge au Festival de Gand - We Love Cinema\" \/>\n<meta property=\"og:description\" content=\"Le Film Festival Gent vient d&rsquo;annoncer le copieux programme de sa 48e \u00e9dition, qui s&rsquo;annonce riche en premi\u00e8res internationales (d&rsquo;Annette \u00e0 The French Dispatch, en passant par Madres Paralelas ou Spencer), mais aussi en premi\u00e8res de films belges d&rsquo;envergure. On d\u00e9couvrira donc en Comp\u00e9tition Inexorable, le nouveau film de Fabrice Du Welz, avec Beno\u00eet Poelvoorde &hellip;\" \/>\n<meta property=\"og:url\" content=\"https:\/\/welovecinema.be\/fr\/serieux-programme-belge-au-festival-de-gand\/\" \/>\n<meta property=\"og:site_name\" content=\"We Love Cinema\" \/>\n<meta property=\"article:publisher\" content=\"https:\/\/www.facebook.com\/welovecinema.be\" \/>\n<meta property=\"article:published_time\" content=\"2021-09-22T11:26:19+00:00\" \/>\n<meta property=\"article:modified_time\" content=\"2021-09-23T06:23:36+00:00\" \/>\n<meta property=\"og:image\" content=\"https:\/\/welovecinema.be\/wp-content\/uploads\/sites\/2\/2021\/09\/FilmFestGent.jpg\" \/>\n\t<meta property=\"og:image:width\" content=\"806\" \/>\n\t<meta property=\"og:image:height\" content=\"453\" \/>\n\t<meta property=\"og:image:type\" content=\"image\/jpeg\" \/>\n<meta name=\"author\" content=\"Aurore Engelen\" \/>\n<meta name=\"twitter:card\" content=\"summary_large_image\" \/>\n<meta name=\"twitter:label1\" content=\"\u00c9crit par\" \/>\n\t<meta name=\"twitter:data1\" content=\"Aurore Engelen\" \/>\n\t<meta name=\"twitter:label2\" content=\"Dur\u00e9e de lecture estim\u00e9e\" \/>\n\t<meta name=\"twitter:data2\" content=\"2 minutes\" \/>\n<script type=\"application\/ld+json\" class=\"yoast-schema-graph\">{\"@context\":\"https:\/\/schema.org\",\"@graph\":[{\"@type\":\"Article\",\"@id\":\"https:\/\/welovecinema.be\/fr\/serieux-programme-belge-au-festival-de-gand\/#article\",\"isPartOf\":{\"@id\":\"https:\/\/welovecinema.be\/fr\/serieux-programme-belge-au-festival-de-gand\/\"},\"author\":{\"name\":\"Aurore Engelen\",\"@id\":\"https:\/\/welovecinema.be\/nl\/#\/schema\/person\/8084b68c6b176142d073695c654dc7cf\"},\"headline\":\"S\u00e9rieux programme belge au Festival de Gand\",\"datePublished\":\"2021-09-22T11:26:19+00:00\",\"dateModified\":\"2021-09-23T06:23:36+00:00\",\"mainEntityOfPage\":{\"@id\":\"https:\/\/welovecinema.be\/fr\/serieux-programme-belge-au-festival-de-gand\/\"},\"wordCount\":288,\"publisher\":{\"@id\":\"https:\/\/welovecinema.be\/nl\/#organization\"},\"keywords\":[\"newsletter\"],\"articleSection\":[\"Coming soon\",\"Evenements\"],\"inLanguage\":\"fr-FR\"},{\"@type\":\"WebPage\",\"@id\":\"https:\/\/welovecinema.be\/fr\/serieux-programme-belge-au-festival-de-gand\/\",\"url\":\"https:\/\/welovecinema.be\/fr\/serieux-programme-belge-au-festival-de-gand\/\",\"name\":\"S\u00e9rieux programme belge au Festival de Gand - We Love Cinema\",\"isPartOf\":{\"@id\":\"https:\/\/welovecinema.be\/nl\/#website\"},\"datePublished\":\"2021-09-22T11:26:19+00:00\",\"dateModified\":\"2021-09-23T06:23:36+00:00\",\"breadcrumb\":{\"@id\":\"https:\/\/welovecinema.be\/fr\/serieux-programme-belge-au-festival-de-gand\/#breadcrumb\"},\"inLanguage\":\"fr-FR\",\"potentialAction\":[{\"@type\":\"ReadAction\",\"target\":[\"https:\/\/welovecinema.be\/fr\/serieux-programme-belge-au-festival-de-gand\/\"]}]},{\"@type\":\"BreadcrumbList\",\"@id\":\"https:\/\/welovecinema.be\/fr\/serieux-programme-belge-au-festival-de-gand\/#breadcrumb\",\"itemListElement\":[{\"@type\":\"ListItem\",\"position\":1,\"name\":\"Accueil\",\"item\":\"https:\/\/welovecinema.be\/fr\/\"},{\"@type\":\"ListItem\",\"position\":2,\"name\":\"S\u00e9rieux programme belge au Festival de Gand\"}]},{\"@type\":\"WebSite\",\"@id\":\"https:\/\/welovecinema.be\/nl\/#website\",\"url\":\"https:\/\/welovecinema.be\/nl\/\",\"name\":\"We Love Cinema\",\"description\":\"Toute l\u2019information du cin\u00e9ma en Belgique\",\"publisher\":{\"@id\":\"https:\/\/welovecinema.be\/nl\/#organization\"},\"potentialAction\":[{\"@type\":\"SearchAction\",\"target\":{\"@type\":\"EntryPoint\",\"urlTemplate\":\"https:\/\/welovecinema.be\/nl\/?s={search_term_string}\"},\"query-input\":\"required name=search_term_string\"}],\"inLanguage\":\"fr-FR\"},{\"@type\":\"Organization\",\"@id\":\"https:\/\/welovecinema.be\/nl\/#organization\",\"name\":\"We Love Cinema\",\"url\":\"https:\/\/welovecinema.be\/nl\/\",\"logo\":{\"@type\":\"ImageObject\",\"inLanguage\":\"fr-FR\",\"@id\":\"https:\/\/welovecinema.be\/nl\/#\/schema\/logo\/image\/\",\"url\":\"https:\/\/welovecinema.be\/wp-content\/uploads\/sites\/2\/2023\/03\/Logo-We-Love-Cinema305x128.jpg\",\"contentUrl\":\"https:\/\/welovecinema.be\/wp-content\/uploads\/sites\/2\/2023\/03\/Logo-We-Love-Cinema305x128.jpg\",\"width\":305,\"height\":128,\"caption\":\"We Love Cinema\"},\"image\":{\"@id\":\"https:\/\/welovecinema.be\/nl\/#\/schema\/logo\/image\/\"},\"sameAs\":[\"https:\/\/www.facebook.com\/welovecinema.be\",\"https:\/\/www.youtube.com\/channel\/UCX5LYGVhnKvYauW4Nta4HJA\",\"https:\/\/www.instagram.com\/welovecinema.be\/\"]},{\"@type\":\"Person\",\"@id\":\"https:\/\/welovecinema.be\/nl\/#\/schema\/person\/8084b68c6b176142d073695c654dc7cf\",\"name\":\"Aurore Engelen\",\"url\":\"https:\/\/welovecinema.be\/fr\/author\/aurore-engelen\/\"}]}<\/script>\n<!-- \/ Yoast SEO plugin. -->","yoast_head_json":{"title":"S\u00e9rieux programme belge au Festival de Gand - We Love Cinema","robots":{"index":"index","follow":"follow","max-snippet":"max-snippet:-1","max-image-preview":"max-image-preview:large","max-video-preview":"max-video-preview:-1"},"canonical":"https:\/\/welovecinema.be\/fr\/serieux-programme-belge-au-festival-de-gand\/","og_locale":"fr_FR","og_type":"article","og_title":"S\u00e9rieux programme belge au Festival de Gand - We Love Cinema","og_description":"Le Film Festival Gent vient d&rsquo;annoncer le copieux programme de sa 48e \u00e9dition, qui s&rsquo;annonce riche en premi\u00e8res internationales (d&rsquo;Annette \u00e0 The French Dispatch, en passant par Madres Paralelas ou Spencer), mais aussi en premi\u00e8res de films belges d&rsquo;envergure. On d\u00e9couvrira donc en Comp\u00e9tition Inexorable, le nouveau film de Fabrice Du Welz, avec Beno\u00eet Poelvoorde &hellip;","og_url":"https:\/\/welovecinema.be\/fr\/serieux-programme-belge-au-festival-de-gand\/","og_site_name":"We Love Cinema","article_publisher":"https:\/\/www.facebook.com\/welovecinema.be","article_published_time":"2021-09-22T11:26:19+00:00","article_modified_time":"2021-09-23T06:23:36+00:00","og_image":[{"width":806,"height":453,"url":"https:\/\/welovecinema.be\/wp-content\/uploads\/sites\/2\/2021\/09\/FilmFestGent.jpg","type":"image\/jpeg"}],"author":"Aurore Engelen","twitter_card":"summary_large_image","twitter_misc":{"\u00c9crit par":"Aurore Engelen","Dur\u00e9e de lecture estim\u00e9e":"2 minutes"},"schema":{"@context":"https:\/\/schema.org","@graph":[{"@type":"Article","@id":"https:\/\/welovecinema.be\/fr\/serieux-programme-belge-au-festival-de-gand\/#article","isPartOf":{"@id":"https:\/\/welovecinema.be\/fr\/serieux-programme-belge-au-festival-de-gand\/"},"author":{"name":"Aurore Engelen","@id":"https:\/\/welovecinema.be\/nl\/#\/schema\/person\/8084b68c6b176142d073695c654dc7cf"},"headline":"S\u00e9rieux programme belge au Festival de Gand","datePublished":"2021-09-22T11:26:19+00:00","dateModified":"2021-09-23T06:23:36+00:00","mainEntityOfPage":{"@id":"https:\/\/welovecinema.be\/fr\/serieux-programme-belge-au-festival-de-gand\/"},"wordCount":288,"publisher":{"@id":"https:\/\/welovecinema.be\/nl\/#organization"},"keywords":["newsletter"],"articleSection":["Coming soon","Evenements"],"inLanguage":"fr-FR"},{"@type":"WebPage","@id":"https:\/\/welovecinema.be\/fr\/serieux-programme-belge-au-festival-de-gand\/","url":"https:\/\/welovecinema.be\/fr\/serieux-programme-belge-au-festival-de-gand\/","name":"S\u00e9rieux programme belge au Festival de Gand - We Love Cinema","isPartOf":{"@id":"https:\/\/welovecinema.be\/nl\/#website"},"datePublished":"2021-09-22T11:26:19+00:00","dateModified":"2021-09-23T06:23:36+00:00","breadcrumb":{"@id":"https:\/\/welovecinema.be\/fr\/serieux-programme-belge-au-festival-de-gand\/#breadcrumb"},"inLanguage":"fr-FR","potentialAction":[{"@type":"ReadAction","target":["https:\/\/welovecinema.be\/fr\/serieux-programme-belge-au-festival-de-gand\/"]}]},{"@type":"BreadcrumbList","@id":"https:\/\/welovecinema.be\/fr\/serieux-programme-belge-au-festival-de-gand\/#breadcrumb","itemListElement":[{"@type":"ListItem","position":1,"name":"Accueil","item":"https:\/\/welovecinema.be\/fr\/"},{"@type":"ListItem","position":2,"name":"S\u00e9rieux programme belge au Festival de Gand"}]},{"@type":"WebSite","@id":"https:\/\/welovecinema.be\/nl\/#website","url":"https:\/\/welovecinema.be\/nl\/","name":"We Love Cinema","description":"Toute l\u2019information du cin\u00e9ma en Belgique","publisher":{"@id":"https:\/\/welovecinema.be\/nl\/#organization"},"potentialAction":[{"@type":"SearchAction","target":{"@type":"EntryPoint","urlTemplate":"https:\/\/welovecinema.be\/nl\/?s={search_term_string}"},"query-input":"required name=search_term_string"}],"inLanguage":"fr-FR"},{"@type":"Organization","@id":"https:\/\/welovecinema.be\/nl\/#organization","name":"We Love Cinema","url":"https:\/\/welovecinema.be\/nl\/","logo":{"@type":"ImageObject","inLanguage":"fr-FR","@id":"https:\/\/welovecinema.be\/nl\/#\/schema\/logo\/image\/","url":"https:\/\/welovecinema.be\/wp-content\/uploads\/sites\/2\/2023\/03\/Logo-We-Love-Cinema305x128.jpg","contentUrl":"https:\/\/welovecinema.be\/wp-content\/uploads\/sites\/2\/2023\/03\/Logo-We-Love-Cinema305x128.jpg","width":305,"height":128,"caption":"We Love Cinema"},"image":{"@id":"https:\/\/welovecinema.be\/nl\/#\/schema\/logo\/image\/"},"sameAs":["https:\/\/www.facebook.com\/welovecinema.be","https:\/\/www.youtube.com\/channel\/UCX5LYGVhnKvYauW4Nta4HJA","https:\/\/www.instagram.com\/welovecinema.be\/"]},{"@type":"Person","@id":"https:\/\/welovecinema.be\/nl\/#\/schema\/person\/8084b68c6b176142d073695c654dc7cf","name":"Aurore Engelen","url":"https:\/\/welovecinema.be\/fr\/author\/aurore-engelen\/"}]}},"_links":{"self":[{"href":"https:\/\/welovecinema.be\/fr\/wp-json\/wp\/v2\/posts\/240245","targetHints":{"allow":["GET"]}}],"collection":[{"href":"https:\/\/welovecinema.be\/fr\/wp-json\/wp\/v2\/posts"}],"about":[{"href":"https:\/\/welovecinema.be\/fr\/wp-json\/wp\/v2\/types\/post"}],"author":[{"embeddable":true,"href":"https:\/\/welovecinema.be\/fr\/wp-json\/wp\/v2\/users\/343"}],"replies":[{"embeddable":true,"href":"https:\/\/welovecinema.be\/fr\/wp-json\/wp\/v2\/comments?post=240245"}],"version-history":[{"count":0,"href":"https:\/\/welovecinema.be\/fr\/wp-json\/wp\/v2\/posts\/240245\/revisions"}],"wp:featuredmedia":[{"embeddable":true,"href":"https:\/\/welovecinema.be\/fr\/wp-json\/wp\/v2\/media\/240246"}],"wp:attachment":[{"href":"https:\/\/welovecinema.be\/fr\/wp-json\/wp\/v2\/media?parent=240245"}],"wp:term":[{"taxonomy":"category","embeddable":true,"href":"https:\/\/welovecinema.be\/fr\/wp-json\/wp\/v2\/categories?post=240245"},{"taxonomy":"post_tag","embeddable":true,"href":"https:\/\/welovecinema.be\/fr\/wp-json\/wp\/v2\/tags?post=240245"}],"curies":[{"name":"wp","href":"https:\/\/api.w.org\/{rel}","templated":true}]}}