{"id":240091,"date":"2021-09-11T20:22:31","date_gmt":"2021-09-11T18:22:31","guid":{"rendered":"https:\/\/www.cinevox.be\/?p=240091"},"modified":"2021-09-13T10:31:18","modified_gmt":"2021-09-13T08:31:18","slug":"kom-hier-dat-ik-u-kus-prix-cinevox-du-briff-2021","status":"publish","type":"post","link":"https:\/\/welovecinema.be\/fr\/kom-hier-dat-ik-u-kus-prix-cinevox-du-briff-2021\/","title":{"rendered":"\u00ab\u00a0Kom Hier Dat Ik U Kus\u00a0\u00bb Prix Cinevox du BRIFF 2021!"},"content":{"rendered":"<p><strong><em>Kom Hier Dat Ik U Kus <\/em>de Sabine Lubbe Bakker &amp; Niels Van Koevorden s&rsquo;est vu attribu\u00e9 le premier Prix Cinevox remis dans le cadre du Brussels International Film Festival.<\/strong><\/p>\n<p>Sabine Lubbe Bakker et Niels van Koevorden signent avec leur premier long m\u00e9trage de fiction le portrait en creux d\u2019une femme trop conciliante, condamn\u00e9e par sa gentillesse et son souci des autres \u00e0 une existence dans l\u2019ombre de ceux qu\u2019elle aime. Nous vous en parlions <a href=\"https:\/\/www.cinevox.be\/fr\/kom-hier-dat-ik-u-kus-la-discrete\/\">ici<\/a>. Le film sortira le 17 novembre prochain en Belgique, et b\u00e9n\u00e9ficiera notamment d&rsquo;une semaine d&rsquo;exploitation \u00e0 l&rsquo;UGC!<\/p>\n<p>Mais voyons plut\u00f4t ce que notre jury en a pens\u00e9&#8230;<\/p>\n<p>Pour Colette Sodoyez, \u00ab\u00a0<em>Kom Hier Dat Ik U Kus<\/em> est un film remarquablement interpr\u00e9t\u00e9. ON y suit l&rsquo;histoire de Mona sans pouvoir d\u00e9crocher nos yeux de l&rsquo;\u00e9cran. Les com\u00e9diennes Olivia Landuyt et Tanya Zabarylo donnent \u00e0 Mona une humanit\u00e9 et une. sensibilit\u00e9 rares. La charge \u00e9motionnelle que les autres personnages imposent est parfois suffocante. Les acteurs nous emm\u00e8nent dans les m\u00e9andres du mal-\u00eatre psychologique que nous traversons tous de mani\u00e8re plus ou moins forte. La direction d&rsquo;acteur, l&rsquo;\u00e9mouvant trajet de chaque personnage, les sc\u00e8nes de crise, de lutte contre soi-m\u00eame nous offrent un film qui donne \u00e0 r\u00e9fl\u00e9chir sur la place que nous devons laisser (ou pas) aux personnes toxiques qui traversent notre vie.\u00a0\u00bb<\/p>\n<p><img loading=\"lazy\" decoding=\"async\" class=\"alignnone size-large wp-image-239890\" src=\"https:\/\/www.cinevox.be\/wp-content\/uploads\/sites\/2\/2021\/09\/e6f53dac-5162-47b6-a7e5-0889cef7c277-1920x1080-1-800x450.jpeg\" alt=\"Kom-Hier-Dat-Ik-U-Kus\" width=\"618\" height=\"348\" srcset=\"https:\/\/welovecinema.be\/wp-content\/uploads\/sites\/2\/2021\/09\/e6f53dac-5162-47b6-a7e5-0889cef7c277-1920x1080-1-800x450.jpeg 800w, https:\/\/welovecinema.be\/wp-content\/uploads\/sites\/2\/2021\/09\/e6f53dac-5162-47b6-a7e5-0889cef7c277-1920x1080-1-480x270.jpeg 480w, https:\/\/welovecinema.be\/wp-content\/uploads\/sites\/2\/2021\/09\/e6f53dac-5162-47b6-a7e5-0889cef7c277-1920x1080-1-200x113.jpeg 200w, https:\/\/welovecinema.be\/wp-content\/uploads\/sites\/2\/2021\/09\/e6f53dac-5162-47b6-a7e5-0889cef7c277-1920x1080-1-768x432.jpeg 768w, https:\/\/welovecinema.be\/wp-content\/uploads\/sites\/2\/2021\/09\/e6f53dac-5162-47b6-a7e5-0889cef7c277-1920x1080-1-1536x864.jpeg 1536w, https:\/\/welovecinema.be\/wp-content\/uploads\/sites\/2\/2021\/09\/e6f53dac-5162-47b6-a7e5-0889cef7c277-1920x1080-1-599x337.jpeg 599w, https:\/\/welovecinema.be\/wp-content\/uploads\/sites\/2\/2021\/09\/e6f53dac-5162-47b6-a7e5-0889cef7c277-1920x1080-1.jpeg 1920w\" sizes=\"auto, (max-width: 618px) 100vw, 618px\" \/><\/p>\n<p>Pour Andr\u00e9 Pasquasy, c&rsquo;est \u00ab\u00a0la claque carr\u00e9ment\u2026. Alors que l\u2019on s\u2019attend \u00e0 suivre la vie de Mona (sublime Tanya Zabarylo) dans un film social conventionnel, l\u2019histoire et le sc\u00e9nario (tr\u00e8s travaill\u00e9s) vont nous plonger dans un drame qui nous retourne carr\u00e9ment \u00e0 180 degr\u00e9s ! Le jeu des acteurs est juste, l\u2019\u00e9motion est palpable au fil des minutes et on pourrait se retrouver dans la peau de Mona carr\u00e9ment ! Dans des situations banales de la vie de tous les jours, on vit des moments de stress d&rsquo;une rare intensit\u00e9. Nous sommes \u00e0 la limite de la rupture mais on tient car cette \u00e9volution de la jeune fille au fil des ann\u00e9es nous remplit d\u2019admiration tellement elle continue \u00e0 subir, subir et subir \u2026. Que ce soit dans sa vie affective, sa famille et ses loisirs, rien n\u2019est simple ! Est-elle assez forte pour g\u00e9rer tous ces moments extr\u00eamement intense sur le plan \u00e9motionnel ? Ou bien va-t-elle craquer ? Tout ce qu\u2019elle vit est bien r\u00e9el \u2026. La complexit\u00e9 des relations humaines rend encore plus ce malaise entre les membres de la famille. Mais n\u2019est-ce pas finalement un r\u00e9sum\u00e9 de notre v\u00e9cu (avec des situations semblables \u00e0 ce que chacun d\u2019entre-nous a connu ?) ? Posez la question est un peu y r\u00e9pondre\u2026. Du cin\u00e9ma de haut niveau.\u00a0\u00bb<\/p>\n<p><img loading=\"lazy\" decoding=\"async\" class=\"alignnone size-large wp-image-239888\" src=\"https:\/\/www.cinevox.be\/wp-content\/uploads\/sites\/2\/2021\/09\/4f3ad357-0721-4e3a-b550-cede2e0eb10c-1920x1080-1-800x450.jpeg\" alt=\"\" width=\"618\" height=\"348\" srcset=\"https:\/\/welovecinema.be\/wp-content\/uploads\/sites\/2\/2021\/09\/4f3ad357-0721-4e3a-b550-cede2e0eb10c-1920x1080-1-800x450.jpeg 800w, https:\/\/welovecinema.be\/wp-content\/uploads\/sites\/2\/2021\/09\/4f3ad357-0721-4e3a-b550-cede2e0eb10c-1920x1080-1-480x270.jpeg 480w, https:\/\/welovecinema.be\/wp-content\/uploads\/sites\/2\/2021\/09\/4f3ad357-0721-4e3a-b550-cede2e0eb10c-1920x1080-1-200x113.jpeg 200w, https:\/\/welovecinema.be\/wp-content\/uploads\/sites\/2\/2021\/09\/4f3ad357-0721-4e3a-b550-cede2e0eb10c-1920x1080-1-768x432.jpeg 768w, https:\/\/welovecinema.be\/wp-content\/uploads\/sites\/2\/2021\/09\/4f3ad357-0721-4e3a-b550-cede2e0eb10c-1920x1080-1-1536x864.jpeg 1536w, https:\/\/welovecinema.be\/wp-content\/uploads\/sites\/2\/2021\/09\/4f3ad357-0721-4e3a-b550-cede2e0eb10c-1920x1080-1-599x337.jpeg 599w, https:\/\/welovecinema.be\/wp-content\/uploads\/sites\/2\/2021\/09\/4f3ad357-0721-4e3a-b550-cede2e0eb10c-1920x1080-1.jpeg 1920w\" sizes=\"auto, (max-width: 618px) 100vw, 618px\" \/><\/p>\n<p>Enfin voici comment Vincent Legros voit le film: \u00ab\u00a0Depuis sa plus tendre enfance, Mona semble vou\u00e9e \u00e0 subir les figures impos\u00e9es de tous ce qu\u2019elle vit au sein ou en dehors de son cercle familial\u2026 Ses faibles espoirs d\u2019autre chose seront vite d\u00e9\u00e7us et le mutisme restera la seule armure qui la prot\u00e8ge face \u00e0 ces \u00eatres fragiles, \u00e9gocentr\u00e9s, v\u00e9n\u00e9neux\u2026 Derri\u00e8re la cam\u00e9ra, le duo form\u00e9 par Sabine Lubbe Bakker et Niels van Koevorden nous entraine aux confins de l\u2019intime\u2026 celui de Mona, dont les postures, les regards et les mots, mais plus encore les silences, nous accompagnent, nous oppressent, nous \u00e9meuvent\u2026 Un grand film port\u00e9 par un sc\u00e9nario cisel\u00e9, une mise en sc\u00e8ne m\u00e9tronomique et les compositions magistrales des com\u00e9diennes et com\u00e9diens, \u00e0 commencer par Olivia Landuyt et Tanya Zabarylo, dont les performances dans la peau de Mona (jeune et adulte) sont tout simplement bouleversantes\u2026\u00a0\u00bb<\/p>\n","protected":false},"excerpt":{"rendered":"<p>Kom Hier Dat Ik U Kus de Sabine Lubbe Bakker &amp; Niels Van Koevorden s&rsquo;est vu attribu\u00e9 le premier Prix Cinevox remis dans le cadre du Brussels International Film Festival. Sabine Lubbe Bakker et Niels van Koevorden signent avec leur premier long m\u00e9trage de fiction le portrait en creux d\u2019une femme trop conciliante, condamn\u00e9e par &hellip;<\/p>\n","protected":false},"author":343,"featured_media":231345,"comment_status":"closed","ping_status":"closed","sticky":false,"template":"","format":"standard","meta":{"ngg_post_thumbnail":0,"footnotes":""},"categories":[12],"tags":[6467,4187,2457],"class_list":["post-240091","post","type-post","status-publish","format-standard","has-post-thumbnail","","category-awards","tag-kom-hier-dat-ik-u-kus-2","tag-newsletter-fr","tag-prix-cinevox"],"yoast_head":"<!-- This site is optimized with the Yoast SEO plugin v20.4 - https:\/\/yoast.com\/wordpress\/plugins\/seo\/ -->\n<title>&quot;Kom Hier Dat Ik U Kus&quot; Prix Cinevox du BRIFF 2021! - We Love Cinema<\/title>\n<meta name=\"robots\" content=\"index, follow, max-snippet:-1, max-image-preview:large, max-video-preview:-1\" \/>\n<link rel=\"canonical\" href=\"https:\/\/welovecinema.be\/fr\/kom-hier-dat-ik-u-kus-prix-cinevox-du-briff-2021\/\" \/>\n<meta property=\"og:locale\" content=\"fr_FR\" \/>\n<meta property=\"og:type\" content=\"article\" \/>\n<meta property=\"og:title\" content=\"&quot;Kom Hier Dat Ik U Kus&quot; Prix Cinevox du BRIFF 2021! - We Love Cinema\" \/>\n<meta property=\"og:description\" content=\"Kom Hier Dat Ik U Kus de Sabine Lubbe Bakker &amp; Niels Van Koevorden s&rsquo;est vu attribu\u00e9 le premier Prix Cinevox remis dans le cadre du Brussels International Film Festival. Sabine Lubbe Bakker et Niels van Koevorden signent avec leur premier long m\u00e9trage de fiction le portrait en creux d\u2019une femme trop conciliante, condamn\u00e9e par &hellip;\" \/>\n<meta property=\"og:url\" content=\"https:\/\/welovecinema.be\/fr\/kom-hier-dat-ik-u-kus-prix-cinevox-du-briff-2021\/\" \/>\n<meta property=\"og:site_name\" content=\"We Love Cinema\" \/>\n<meta property=\"article:publisher\" content=\"https:\/\/www.facebook.com\/welovecinema.be\" \/>\n<meta property=\"article:published_time\" content=\"2021-09-11T18:22:31+00:00\" \/>\n<meta property=\"article:modified_time\" content=\"2021-09-13T08:31:18+00:00\" \/>\n<meta property=\"og:image\" content=\"https:\/\/welovecinema.be\/wp-content\/uploads\/sites\/2\/2020\/09\/komhierdatikukus-still11.jpg\" \/>\n\t<meta property=\"og:image:width\" content=\"2560\" \/>\n\t<meta property=\"og:image:height\" content=\"1384\" \/>\n\t<meta property=\"og:image:type\" content=\"image\/jpeg\" \/>\n<meta name=\"author\" content=\"Aurore Engelen\" \/>\n<meta name=\"twitter:card\" content=\"summary_large_image\" \/>\n<meta name=\"twitter:label1\" content=\"\u00c9crit par\" \/>\n\t<meta name=\"twitter:data1\" content=\"Aurore Engelen\" \/>\n\t<meta name=\"twitter:label2\" content=\"Dur\u00e9e de lecture estim\u00e9e\" \/>\n\t<meta name=\"twitter:data2\" content=\"3 minutes\" \/>\n<script type=\"application\/ld+json\" class=\"yoast-schema-graph\">{\"@context\":\"https:\/\/schema.org\",\"@graph\":[{\"@type\":\"Article\",\"@id\":\"https:\/\/welovecinema.be\/fr\/kom-hier-dat-ik-u-kus-prix-cinevox-du-briff-2021\/#article\",\"isPartOf\":{\"@id\":\"https:\/\/welovecinema.be\/fr\/kom-hier-dat-ik-u-kus-prix-cinevox-du-briff-2021\/\"},\"author\":{\"name\":\"Aurore Engelen\",\"@id\":\"https:\/\/welovecinema.be\/nl\/#\/schema\/person\/8084b68c6b176142d073695c654dc7cf\"},\"headline\":\"\u00ab\u00a0Kom Hier Dat Ik U Kus\u00a0\u00bb Prix Cinevox du BRIFF 2021!\",\"datePublished\":\"2021-09-11T18:22:31+00:00\",\"dateModified\":\"2021-09-13T08:31:18+00:00\",\"mainEntityOfPage\":{\"@id\":\"https:\/\/welovecinema.be\/fr\/kom-hier-dat-ik-u-kus-prix-cinevox-du-briff-2021\/\"},\"wordCount\":639,\"publisher\":{\"@id\":\"https:\/\/welovecinema.be\/nl\/#organization\"},\"keywords\":[\"kom hier dat ik u kus\",\"newsletter\",\"Prix Cinevox\"],\"articleSection\":[\"Evenements\"],\"inLanguage\":\"fr-FR\"},{\"@type\":\"WebPage\",\"@id\":\"https:\/\/welovecinema.be\/fr\/kom-hier-dat-ik-u-kus-prix-cinevox-du-briff-2021\/\",\"url\":\"https:\/\/welovecinema.be\/fr\/kom-hier-dat-ik-u-kus-prix-cinevox-du-briff-2021\/\",\"name\":\"\\\"Kom Hier Dat Ik U Kus\\\" Prix Cinevox du BRIFF 2021! - We Love Cinema\",\"isPartOf\":{\"@id\":\"https:\/\/welovecinema.be\/nl\/#website\"},\"datePublished\":\"2021-09-11T18:22:31+00:00\",\"dateModified\":\"2021-09-13T08:31:18+00:00\",\"breadcrumb\":{\"@id\":\"https:\/\/welovecinema.be\/fr\/kom-hier-dat-ik-u-kus-prix-cinevox-du-briff-2021\/#breadcrumb\"},\"inLanguage\":\"fr-FR\",\"potentialAction\":[{\"@type\":\"ReadAction\",\"target\":[\"https:\/\/welovecinema.be\/fr\/kom-hier-dat-ik-u-kus-prix-cinevox-du-briff-2021\/\"]}]},{\"@type\":\"BreadcrumbList\",\"@id\":\"https:\/\/welovecinema.be\/fr\/kom-hier-dat-ik-u-kus-prix-cinevox-du-briff-2021\/#breadcrumb\",\"itemListElement\":[{\"@type\":\"ListItem\",\"position\":1,\"name\":\"Accueil\",\"item\":\"https:\/\/welovecinema.be\/fr\/\"},{\"@type\":\"ListItem\",\"position\":2,\"name\":\"\u00ab\u00a0Kom Hier Dat Ik U Kus\u00a0\u00bb Prix Cinevox du BRIFF 2021!\"}]},{\"@type\":\"WebSite\",\"@id\":\"https:\/\/welovecinema.be\/nl\/#website\",\"url\":\"https:\/\/welovecinema.be\/nl\/\",\"name\":\"We Love Cinema\",\"description\":\"Toute l\u2019information du cin\u00e9ma en Belgique\",\"publisher\":{\"@id\":\"https:\/\/welovecinema.be\/nl\/#organization\"},\"potentialAction\":[{\"@type\":\"SearchAction\",\"target\":{\"@type\":\"EntryPoint\",\"urlTemplate\":\"https:\/\/welovecinema.be\/nl\/?s={search_term_string}\"},\"query-input\":\"required name=search_term_string\"}],\"inLanguage\":\"fr-FR\"},{\"@type\":\"Organization\",\"@id\":\"https:\/\/welovecinema.be\/nl\/#organization\",\"name\":\"We Love Cinema\",\"url\":\"https:\/\/welovecinema.be\/nl\/\",\"logo\":{\"@type\":\"ImageObject\",\"inLanguage\":\"fr-FR\",\"@id\":\"https:\/\/welovecinema.be\/nl\/#\/schema\/logo\/image\/\",\"url\":\"https:\/\/welovecinema.be\/wp-content\/uploads\/sites\/2\/2023\/03\/Logo-We-Love-Cinema305x128.jpg\",\"contentUrl\":\"https:\/\/welovecinema.be\/wp-content\/uploads\/sites\/2\/2023\/03\/Logo-We-Love-Cinema305x128.jpg\",\"width\":305,\"height\":128,\"caption\":\"We Love Cinema\"},\"image\":{\"@id\":\"https:\/\/welovecinema.be\/nl\/#\/schema\/logo\/image\/\"},\"sameAs\":[\"https:\/\/www.facebook.com\/welovecinema.be\",\"https:\/\/www.youtube.com\/channel\/UCX5LYGVhnKvYauW4Nta4HJA\",\"https:\/\/www.instagram.com\/welovecinema.be\/\"]},{\"@type\":\"Person\",\"@id\":\"https:\/\/welovecinema.be\/nl\/#\/schema\/person\/8084b68c6b176142d073695c654dc7cf\",\"name\":\"Aurore Engelen\",\"url\":\"https:\/\/welovecinema.be\/fr\/author\/aurore-engelen\/\"}]}<\/script>\n<!-- \/ Yoast SEO plugin. -->","yoast_head_json":{"title":"\"Kom Hier Dat Ik U Kus\" Prix Cinevox du BRIFF 2021! - We Love Cinema","robots":{"index":"index","follow":"follow","max-snippet":"max-snippet:-1","max-image-preview":"max-image-preview:large","max-video-preview":"max-video-preview:-1"},"canonical":"https:\/\/welovecinema.be\/fr\/kom-hier-dat-ik-u-kus-prix-cinevox-du-briff-2021\/","og_locale":"fr_FR","og_type":"article","og_title":"\"Kom Hier Dat Ik U Kus\" Prix Cinevox du BRIFF 2021! - We Love Cinema","og_description":"Kom Hier Dat Ik U Kus de Sabine Lubbe Bakker &amp; Niels Van Koevorden s&rsquo;est vu attribu\u00e9 le premier Prix Cinevox remis dans le cadre du Brussels International Film Festival. Sabine Lubbe Bakker et Niels van Koevorden signent avec leur premier long m\u00e9trage de fiction le portrait en creux d\u2019une femme trop conciliante, condamn\u00e9e par &hellip;","og_url":"https:\/\/welovecinema.be\/fr\/kom-hier-dat-ik-u-kus-prix-cinevox-du-briff-2021\/","og_site_name":"We Love Cinema","article_publisher":"https:\/\/www.facebook.com\/welovecinema.be","article_published_time":"2021-09-11T18:22:31+00:00","article_modified_time":"2021-09-13T08:31:18+00:00","og_image":[{"width":2560,"height":1384,"url":"https:\/\/welovecinema.be\/wp-content\/uploads\/sites\/2\/2020\/09\/komhierdatikukus-still11.jpg","type":"image\/jpeg"}],"author":"Aurore Engelen","twitter_card":"summary_large_image","twitter_misc":{"\u00c9crit par":"Aurore Engelen","Dur\u00e9e de lecture estim\u00e9e":"3 minutes"},"schema":{"@context":"https:\/\/schema.org","@graph":[{"@type":"Article","@id":"https:\/\/welovecinema.be\/fr\/kom-hier-dat-ik-u-kus-prix-cinevox-du-briff-2021\/#article","isPartOf":{"@id":"https:\/\/welovecinema.be\/fr\/kom-hier-dat-ik-u-kus-prix-cinevox-du-briff-2021\/"},"author":{"name":"Aurore Engelen","@id":"https:\/\/welovecinema.be\/nl\/#\/schema\/person\/8084b68c6b176142d073695c654dc7cf"},"headline":"\u00ab\u00a0Kom Hier Dat Ik U Kus\u00a0\u00bb Prix Cinevox du BRIFF 2021!","datePublished":"2021-09-11T18:22:31+00:00","dateModified":"2021-09-13T08:31:18+00:00","mainEntityOfPage":{"@id":"https:\/\/welovecinema.be\/fr\/kom-hier-dat-ik-u-kus-prix-cinevox-du-briff-2021\/"},"wordCount":639,"publisher":{"@id":"https:\/\/welovecinema.be\/nl\/#organization"},"keywords":["kom hier dat ik u kus","newsletter","Prix Cinevox"],"articleSection":["Evenements"],"inLanguage":"fr-FR"},{"@type":"WebPage","@id":"https:\/\/welovecinema.be\/fr\/kom-hier-dat-ik-u-kus-prix-cinevox-du-briff-2021\/","url":"https:\/\/welovecinema.be\/fr\/kom-hier-dat-ik-u-kus-prix-cinevox-du-briff-2021\/","name":"\"Kom Hier Dat Ik U Kus\" Prix Cinevox du BRIFF 2021! - We Love Cinema","isPartOf":{"@id":"https:\/\/welovecinema.be\/nl\/#website"},"datePublished":"2021-09-11T18:22:31+00:00","dateModified":"2021-09-13T08:31:18+00:00","breadcrumb":{"@id":"https:\/\/welovecinema.be\/fr\/kom-hier-dat-ik-u-kus-prix-cinevox-du-briff-2021\/#breadcrumb"},"inLanguage":"fr-FR","potentialAction":[{"@type":"ReadAction","target":["https:\/\/welovecinema.be\/fr\/kom-hier-dat-ik-u-kus-prix-cinevox-du-briff-2021\/"]}]},{"@type":"BreadcrumbList","@id":"https:\/\/welovecinema.be\/fr\/kom-hier-dat-ik-u-kus-prix-cinevox-du-briff-2021\/#breadcrumb","itemListElement":[{"@type":"ListItem","position":1,"name":"Accueil","item":"https:\/\/welovecinema.be\/fr\/"},{"@type":"ListItem","position":2,"name":"\u00ab\u00a0Kom Hier Dat Ik U Kus\u00a0\u00bb Prix Cinevox du BRIFF 2021!"}]},{"@type":"WebSite","@id":"https:\/\/welovecinema.be\/nl\/#website","url":"https:\/\/welovecinema.be\/nl\/","name":"We Love Cinema","description":"Toute l\u2019information du cin\u00e9ma en Belgique","publisher":{"@id":"https:\/\/welovecinema.be\/nl\/#organization"},"potentialAction":[{"@type":"SearchAction","target":{"@type":"EntryPoint","urlTemplate":"https:\/\/welovecinema.be\/nl\/?s={search_term_string}"},"query-input":"required name=search_term_string"}],"inLanguage":"fr-FR"},{"@type":"Organization","@id":"https:\/\/welovecinema.be\/nl\/#organization","name":"We Love Cinema","url":"https:\/\/welovecinema.be\/nl\/","logo":{"@type":"ImageObject","inLanguage":"fr-FR","@id":"https:\/\/welovecinema.be\/nl\/#\/schema\/logo\/image\/","url":"https:\/\/welovecinema.be\/wp-content\/uploads\/sites\/2\/2023\/03\/Logo-We-Love-Cinema305x128.jpg","contentUrl":"https:\/\/welovecinema.be\/wp-content\/uploads\/sites\/2\/2023\/03\/Logo-We-Love-Cinema305x128.jpg","width":305,"height":128,"caption":"We Love Cinema"},"image":{"@id":"https:\/\/welovecinema.be\/nl\/#\/schema\/logo\/image\/"},"sameAs":["https:\/\/www.facebook.com\/welovecinema.be","https:\/\/www.youtube.com\/channel\/UCX5LYGVhnKvYauW4Nta4HJA","https:\/\/www.instagram.com\/welovecinema.be\/"]},{"@type":"Person","@id":"https:\/\/welovecinema.be\/nl\/#\/schema\/person\/8084b68c6b176142d073695c654dc7cf","name":"Aurore Engelen","url":"https:\/\/welovecinema.be\/fr\/author\/aurore-engelen\/"}]}},"_links":{"self":[{"href":"https:\/\/welovecinema.be\/fr\/wp-json\/wp\/v2\/posts\/240091","targetHints":{"allow":["GET"]}}],"collection":[{"href":"https:\/\/welovecinema.be\/fr\/wp-json\/wp\/v2\/posts"}],"about":[{"href":"https:\/\/welovecinema.be\/fr\/wp-json\/wp\/v2\/types\/post"}],"author":[{"embeddable":true,"href":"https:\/\/welovecinema.be\/fr\/wp-json\/wp\/v2\/users\/343"}],"replies":[{"embeddable":true,"href":"https:\/\/welovecinema.be\/fr\/wp-json\/wp\/v2\/comments?post=240091"}],"version-history":[{"count":0,"href":"https:\/\/welovecinema.be\/fr\/wp-json\/wp\/v2\/posts\/240091\/revisions"}],"wp:featuredmedia":[{"embeddable":true,"href":"https:\/\/welovecinema.be\/fr\/wp-json\/wp\/v2\/media\/231345"}],"wp:attachment":[{"href":"https:\/\/welovecinema.be\/fr\/wp-json\/wp\/v2\/media?parent=240091"}],"wp:term":[{"taxonomy":"category","embeddable":true,"href":"https:\/\/welovecinema.be\/fr\/wp-json\/wp\/v2\/categories?post=240091"},{"taxonomy":"post_tag","embeddable":true,"href":"https:\/\/welovecinema.be\/fr\/wp-json\/wp\/v2\/tags?post=240091"}],"curies":[{"name":"wp","href":"https:\/\/api.w.org\/{rel}","templated":true}]}}