{"id":239899,"date":"2021-09-05T21:27:38","date_gmt":"2021-09-05T19:27:38","guid":{"rendered":"https:\/\/www.cinevox.be\/?p=239899"},"modified":"2021-09-06T11:11:12","modified_gmt":"2021-09-06T09:11:12","slug":"so-we-live-et-titan-grands-prix-au-brussels-short","status":"publish","type":"post","link":"https:\/\/welovecinema.be\/fr\/so-we-live-et-titan-grands-prix-au-brussels-short\/","title":{"rendered":"\u00ab\u00a0So We Live\u00a0\u00bb et \u00ab\u00a0Titan\u00a0\u00bb, Grands Prix au Brussels Short!"},"content":{"rendered":"<p><strong>Le Brussels Short Film Festival s&rsquo;est achev\u00e9 ce soir avec l&rsquo;annonce de son riche palmar\u00e8s. Deux films belges se sont particuli\u00e8rement distingu\u00e9s: <em>So We Live<\/em> de Rand Abou Fakher, Grand Prix de la Comp\u00e9tition Internationale, et <em>Titan<\/em> de Val\u00e9ry Carnoy, Grand Prix de la Comp\u00e9tition Nationale.\u00a0<\/strong><\/p>\n<div class=\"information-blocks\">\n<div class=\"row\">\n<div class=\"col-sm-12\">\n<p><em>So We Live<\/em> de Rand Abou Fakher d\u00e9crit le quotidien d&rsquo;une famille vivant dans un pays d\u00e9chir\u00e9 par la guerre passe ce qui semble \u00eatre une soir\u00e9e normale ensemble. Leurs conversations oscillent entre les questions courantes de la vie quotidienne et la survie. Cette situation ambigu\u00eb met en \u00e9vidence les maux qui nous emp\u00eachent de prendre le temps pour acquis et de profiter de la vie.<\/p>\n<p>La jeune r\u00e9alisatrice d&rsquo;origine syrienne install\u00e9e \u00e0 Bruxelles depuis 2015 a remport\u00e9 le prestigieux Grand Prix de la Comp\u00e9tition Nationale, se qualifiant ainsi \u00e9galement pour la course aux Oscars.<\/p>\n<figure id=\"attachment_239902\" aria-describedby=\"caption-attachment-239902\" style=\"width: 619px\" class=\"wp-caption alignnone\"><img loading=\"lazy\" decoding=\"async\" class=\" wp-image-239902\" src=\"https:\/\/www.cinevox.be\/wp-content\/uploads\/sites\/2\/2021\/09\/SoWeLive.jpeg\" alt=\"\" width=\"619\" height=\"348\" srcset=\"https:\/\/welovecinema.be\/wp-content\/uploads\/sites\/2\/2021\/09\/SoWeLive.jpeg 740w, https:\/\/welovecinema.be\/wp-content\/uploads\/sites\/2\/2021\/09\/SoWeLive-480x270.jpeg 480w, https:\/\/welovecinema.be\/wp-content\/uploads\/sites\/2\/2021\/09\/SoWeLive-200x113.jpeg 200w, https:\/\/welovecinema.be\/wp-content\/uploads\/sites\/2\/2021\/09\/SoWeLive-599x337.jpeg 599w\" sizes=\"auto, (max-width: 619px) 100vw, 619px\" \/><figcaption id=\"caption-attachment-239902\" class=\"wp-caption-text\">\u00ab\u00a0So We Live\u00a0\u00bb de Rand Abou Fakher<\/figcaption><\/figure>\n<p><em>Titan<\/em> de Val\u00e9ry Carnoy embo\u00eete le pas de Nathan, un jeune gar\u00e7on de treize ans qui s\u2019appr\u00eate \u00e0 retrouver la bande de son nouvel ami Malik pour participer \u00e0 un \u00e9trange rituel. Le filma d\u00e9j\u00e0 re\u00e7u le Prix du Meilleur film lors du dernier Festival de Mons. Le Grand Prix de la Comp\u00e9tition Nationale remport\u00e9 par le film lui permet \u00e9galement de participer \u00e0 la course aux Oscars!<\/p>\n<figure id=\"attachment_239906\" aria-describedby=\"caption-attachment-239906\" style=\"width: 618px\" class=\"wp-caption alignnone\"><img loading=\"lazy\" decoding=\"async\" class=\"size-large wp-image-239906\" src=\"https:\/\/www.cinevox.be\/wp-content\/uploads\/sites\/2\/2021\/09\/TITAN_-1920x800-1-800x333.jpeg\" alt=\"\" width=\"618\" height=\"257\" srcset=\"https:\/\/welovecinema.be\/wp-content\/uploads\/sites\/2\/2021\/09\/TITAN_-1920x800-1-800x333.jpeg 800w, https:\/\/welovecinema.be\/wp-content\/uploads\/sites\/2\/2021\/09\/TITAN_-1920x800-1-480x200.jpeg 480w, https:\/\/welovecinema.be\/wp-content\/uploads\/sites\/2\/2021\/09\/TITAN_-1920x800-1-768x320.jpeg 768w, https:\/\/welovecinema.be\/wp-content\/uploads\/sites\/2\/2021\/09\/TITAN_-1920x800-1-1536x640.jpeg 1536w, https:\/\/welovecinema.be\/wp-content\/uploads\/sites\/2\/2021\/09\/TITAN_-1920x800-1.jpeg 1920w\" sizes=\"auto, (max-width: 618px) 100vw, 618px\" \/><figcaption id=\"caption-attachment-239906\" class=\"wp-caption-text\">\u00ab\u00a0Titan\u00a0\u00bb de Val\u00e9ry Carnoy<\/figcaption><\/figure>\n<p>De nombreux autres prix \u00e9t\u00e9 remis dans le cadre de la Comp\u00e9tition Nationale, dont voici le d\u00e9tail:<\/p>\n<p><strong>Prix de la F\u00e9d\u00e9ration Wallonie-Bruxelles<\/strong><\/p>\n<ul>\n<li><strong><em>Abada<\/em><\/strong> de Jean-Beno\u00eet Ugeux<\/li>\n<\/ul>\n<p><strong>Prix de la Meilleure actrice<\/strong><\/p>\n<ul>\n<li><strong>Sofie Decleir<\/strong> dans <em>Mia<\/em> de Christina Vandekerckhove<\/li>\n<\/ul>\n<p><strong>Prix du Meilleur acteur<\/strong><\/p>\n<ul>\n<li><strong>Victor Polster &amp; Ruik Verheye<\/strong> dans<em> Easter Eggs<\/em> de Nicolas Keppens<\/li>\n<\/ul>\n<p><strong>Mention sp\u00e9ciale du Jury<\/strong><\/p>\n<ul>\n<li><strong><em>Nuits sans sommeil<\/em><\/strong> de Jeremy van der Haegen<\/li>\n<\/ul>\n<figure id=\"attachment_236698\" aria-describedby=\"caption-attachment-236698\" style=\"width: 618px\" class=\"wp-caption alignnone\"><img loading=\"lazy\" decoding=\"async\" class=\"wp-image-236698 size-large\" src=\"https:\/\/www.cinevox.be\/wp-content\/uploads\/sites\/2\/2021\/04\/abada-800x548.jpeg\" alt=\"\" width=\"618\" height=\"423\" srcset=\"https:\/\/welovecinema.be\/wp-content\/uploads\/sites\/2\/2021\/04\/abada-800x548.jpeg 800w, https:\/\/welovecinema.be\/wp-content\/uploads\/sites\/2\/2021\/04\/abada-394x270.jpeg 394w, https:\/\/welovecinema.be\/wp-content\/uploads\/sites\/2\/2021\/04\/abada-768x526.jpeg 768w, https:\/\/welovecinema.be\/wp-content\/uploads\/sites\/2\/2021\/04\/abada-110x75.jpeg 110w, https:\/\/welovecinema.be\/wp-content\/uploads\/sites\/2\/2021\/04\/abada.jpeg 1023w\" sizes=\"auto, (max-width: 618px) 100vw, 618px\" \/><figcaption id=\"caption-attachment-236698\" class=\"wp-caption-text\">\u00ab\u00a0Abada\u00a0\u00bb de Jean-Beno\u00eet Ugeux<\/figcaption><\/figure>\n<p><strong>Prix du public<\/strong><\/p>\n<ul>\n<li><strong><em>Spr\u00f6tch<\/em><\/strong> de Xavier Seron<\/li>\n<\/ul>\n<p><strong>Prix de la Critique UPCB\/ UCC<\/strong><\/p>\n<ul>\n<li><em><strong>Ligie<\/strong><\/em> d&rsquo;Aline Magrez<\/li>\n<\/ul>\n<figure id=\"attachment_239908\" aria-describedby=\"caption-attachment-239908\" style=\"width: 512px\" class=\"wp-caption alignnone\"><img loading=\"lazy\" decoding=\"async\" class=\"size-full wp-image-239908\" src=\"https:\/\/www.cinevox.be\/wp-content\/uploads\/sites\/2\/2021\/09\/Ligie.jpeg\" alt=\"\" width=\"512\" height=\"202\" srcset=\"https:\/\/welovecinema.be\/wp-content\/uploads\/sites\/2\/2021\/09\/Ligie.jpeg 512w, https:\/\/welovecinema.be\/wp-content\/uploads\/sites\/2\/2021\/09\/Ligie-480x189.jpeg 480w\" sizes=\"auto, (max-width: 512px) 100vw, 512px\" \/><figcaption id=\"caption-attachment-239908\" class=\"wp-caption-text\">\u00ab\u00a0Ligie\u00a0\u00bb de Aline Magrez<\/figcaption><\/figure>\n<p><strong>Prix RTBF La Trois<\/strong><\/p>\n<ul>\n<li><strong><em>Se battre encore<\/em> <\/strong>d&rsquo;Arthur Lecouturier<\/li>\n<\/ul>\n<p><strong>Prix Be TV<\/strong><\/p>\n<ul>\n<li><strong><em>Blue Star<\/em> <\/strong>de Fran\u00e7ois Vacarisas<\/li>\n<\/ul>\n<p><strong>Prix du regard citoyen<\/strong><\/p>\n<ul>\n<li><em><strong>Beau monde<\/strong><\/em> de Hans Vennetelbosch<\/li>\n<\/ul>\n<p>&nbsp;<\/p>\n<p>On notera enfin que dans la Comp\u00e9tition Next Generation, consacr\u00e9e aux films d&rsquo;\u00e9cole, le film <em>Que no me roben los suenos<\/em> de Zoe Brichau a remport\u00e9 le Prix de la F\u00e9d\u00e9ration Wallonie Bruxelles, tandis que <em>Chienne<\/em> de Bertille Estramon a remport\u00e9 le Prix du public.<\/p>\n<p>&nbsp;<\/p>\n<\/div>\n<\/div>\n<\/div>\n<div class=\"information-blocks\">\n<div class=\"row\">\n<div class=\"col-sm-12\"><\/div>\n<\/div>\n<\/div>\n","protected":false},"excerpt":{"rendered":"<p>Le Brussels Short Film Festival s&rsquo;est achev\u00e9 ce soir avec l&rsquo;annonce de son riche palmar\u00e8s. Deux films belges se sont particuli\u00e8rement distingu\u00e9s: So We Live de Rand Abou Fakher, Grand Prix de la Comp\u00e9tition Internationale, et Titan de Val\u00e9ry Carnoy, Grand Prix de la Comp\u00e9tition Nationale.\u00a0 So We Live de Rand Abou Fakher d\u00e9crit le &hellip;<\/p>\n","protected":false},"author":343,"featured_media":239900,"comment_status":"closed","ping_status":"closed","sticky":false,"template":"","format":"standard","meta":{"ngg_post_thumbnail":0,"footnotes":""},"categories":[12],"tags":[4187],"class_list":["post-239899","post","type-post","status-publish","format-standard","has-post-thumbnail","","category-awards","tag-newsletter-fr"],"yoast_head":"<!-- This site is optimized with the Yoast SEO plugin v20.4 - https:\/\/yoast.com\/wordpress\/plugins\/seo\/ -->\n<title>&quot;So We Live&quot; et &quot;Titan&quot;, Grands Prix au Brussels Short! - We Love Cinema<\/title>\n<meta name=\"robots\" content=\"index, follow, max-snippet:-1, max-image-preview:large, max-video-preview:-1\" \/>\n<link rel=\"canonical\" href=\"https:\/\/welovecinema.be\/fr\/so-we-live-et-titan-grands-prix-au-brussels-short\/\" \/>\n<meta property=\"og:locale\" content=\"fr_FR\" \/>\n<meta property=\"og:type\" content=\"article\" \/>\n<meta property=\"og:title\" content=\"&quot;So We Live&quot; et &quot;Titan&quot;, Grands Prix au Brussels Short! - We Love Cinema\" \/>\n<meta property=\"og:description\" content=\"Le Brussels Short Film Festival s&rsquo;est achev\u00e9 ce soir avec l&rsquo;annonce de son riche palmar\u00e8s. Deux films belges se sont particuli\u00e8rement distingu\u00e9s: So We Live de Rand Abou Fakher, Grand Prix de la Comp\u00e9tition Internationale, et Titan de Val\u00e9ry Carnoy, Grand Prix de la Comp\u00e9tition Nationale.\u00a0 So We Live de Rand Abou Fakher d\u00e9crit le &hellip;\" \/>\n<meta property=\"og:url\" content=\"https:\/\/welovecinema.be\/fr\/so-we-live-et-titan-grands-prix-au-brussels-short\/\" \/>\n<meta property=\"og:site_name\" content=\"We Love Cinema\" \/>\n<meta property=\"article:publisher\" content=\"https:\/\/www.facebook.com\/welovecinema.be\" \/>\n<meta property=\"article:published_time\" content=\"2021-09-05T19:27:38+00:00\" \/>\n<meta property=\"article:modified_time\" content=\"2021-09-06T09:11:12+00:00\" \/>\n<meta property=\"og:image\" content=\"https:\/\/welovecinema.be\/wp-content\/uploads\/sites\/2\/2021\/09\/FotoJet.jpg\" \/>\n\t<meta property=\"og:image:width\" content=\"1200\" \/>\n\t<meta property=\"og:image:height\" content=\"600\" \/>\n\t<meta property=\"og:image:type\" content=\"image\/jpeg\" \/>\n<meta name=\"author\" content=\"Aurore Engelen\" \/>\n<meta name=\"twitter:card\" content=\"summary_large_image\" \/>\n<meta name=\"twitter:label1\" content=\"\u00c9crit par\" \/>\n\t<meta name=\"twitter:data1\" content=\"Aurore Engelen\" \/>\n\t<meta name=\"twitter:label2\" content=\"Dur\u00e9e de lecture estim\u00e9e\" \/>\n\t<meta name=\"twitter:data2\" content=\"3 minutes\" \/>\n<script type=\"application\/ld+json\" class=\"yoast-schema-graph\">{\"@context\":\"https:\/\/schema.org\",\"@graph\":[{\"@type\":\"Article\",\"@id\":\"https:\/\/welovecinema.be\/fr\/so-we-live-et-titan-grands-prix-au-brussels-short\/#article\",\"isPartOf\":{\"@id\":\"https:\/\/welovecinema.be\/fr\/so-we-live-et-titan-grands-prix-au-brussels-short\/\"},\"author\":{\"name\":\"Aurore Engelen\",\"@id\":\"https:\/\/welovecinema.be\/nl\/#\/schema\/person\/8084b68c6b176142d073695c654dc7cf\"},\"headline\":\"\u00ab\u00a0So We Live\u00a0\u00bb et \u00ab\u00a0Titan\u00a0\u00bb, Grands Prix au Brussels Short!\",\"datePublished\":\"2021-09-05T19:27:38+00:00\",\"dateModified\":\"2021-09-06T09:11:12+00:00\",\"mainEntityOfPage\":{\"@id\":\"https:\/\/welovecinema.be\/fr\/so-we-live-et-titan-grands-prix-au-brussels-short\/\"},\"wordCount\":457,\"publisher\":{\"@id\":\"https:\/\/welovecinema.be\/nl\/#organization\"},\"keywords\":[\"newsletter\"],\"articleSection\":[\"Evenements\"],\"inLanguage\":\"fr-FR\"},{\"@type\":\"WebPage\",\"@id\":\"https:\/\/welovecinema.be\/fr\/so-we-live-et-titan-grands-prix-au-brussels-short\/\",\"url\":\"https:\/\/welovecinema.be\/fr\/so-we-live-et-titan-grands-prix-au-brussels-short\/\",\"name\":\"\\\"So We Live\\\" et \\\"Titan\\\", Grands Prix au Brussels Short! - We Love Cinema\",\"isPartOf\":{\"@id\":\"https:\/\/welovecinema.be\/nl\/#website\"},\"datePublished\":\"2021-09-05T19:27:38+00:00\",\"dateModified\":\"2021-09-06T09:11:12+00:00\",\"breadcrumb\":{\"@id\":\"https:\/\/welovecinema.be\/fr\/so-we-live-et-titan-grands-prix-au-brussels-short\/#breadcrumb\"},\"inLanguage\":\"fr-FR\",\"potentialAction\":[{\"@type\":\"ReadAction\",\"target\":[\"https:\/\/welovecinema.be\/fr\/so-we-live-et-titan-grands-prix-au-brussels-short\/\"]}]},{\"@type\":\"BreadcrumbList\",\"@id\":\"https:\/\/welovecinema.be\/fr\/so-we-live-et-titan-grands-prix-au-brussels-short\/#breadcrumb\",\"itemListElement\":[{\"@type\":\"ListItem\",\"position\":1,\"name\":\"Accueil\",\"item\":\"https:\/\/welovecinema.be\/fr\/\"},{\"@type\":\"ListItem\",\"position\":2,\"name\":\"\u00ab\u00a0So We Live\u00a0\u00bb et \u00ab\u00a0Titan\u00a0\u00bb, Grands Prix au Brussels Short!\"}]},{\"@type\":\"WebSite\",\"@id\":\"https:\/\/welovecinema.be\/nl\/#website\",\"url\":\"https:\/\/welovecinema.be\/nl\/\",\"name\":\"We Love Cinema\",\"description\":\"Toute l\u2019information du cin\u00e9ma en Belgique\",\"publisher\":{\"@id\":\"https:\/\/welovecinema.be\/nl\/#organization\"},\"potentialAction\":[{\"@type\":\"SearchAction\",\"target\":{\"@type\":\"EntryPoint\",\"urlTemplate\":\"https:\/\/welovecinema.be\/nl\/?s={search_term_string}\"},\"query-input\":\"required name=search_term_string\"}],\"inLanguage\":\"fr-FR\"},{\"@type\":\"Organization\",\"@id\":\"https:\/\/welovecinema.be\/nl\/#organization\",\"name\":\"We Love Cinema\",\"url\":\"https:\/\/welovecinema.be\/nl\/\",\"logo\":{\"@type\":\"ImageObject\",\"inLanguage\":\"fr-FR\",\"@id\":\"https:\/\/welovecinema.be\/nl\/#\/schema\/logo\/image\/\",\"url\":\"https:\/\/welovecinema.be\/wp-content\/uploads\/sites\/2\/2023\/03\/Logo-We-Love-Cinema305x128.jpg\",\"contentUrl\":\"https:\/\/welovecinema.be\/wp-content\/uploads\/sites\/2\/2023\/03\/Logo-We-Love-Cinema305x128.jpg\",\"width\":305,\"height\":128,\"caption\":\"We Love Cinema\"},\"image\":{\"@id\":\"https:\/\/welovecinema.be\/nl\/#\/schema\/logo\/image\/\"},\"sameAs\":[\"https:\/\/www.facebook.com\/welovecinema.be\",\"https:\/\/www.youtube.com\/channel\/UCX5LYGVhnKvYauW4Nta4HJA\",\"https:\/\/www.instagram.com\/welovecinema.be\/\"]},{\"@type\":\"Person\",\"@id\":\"https:\/\/welovecinema.be\/nl\/#\/schema\/person\/8084b68c6b176142d073695c654dc7cf\",\"name\":\"Aurore Engelen\",\"url\":\"https:\/\/welovecinema.be\/fr\/author\/aurore-engelen\/\"}]}<\/script>\n<!-- \/ Yoast SEO plugin. -->","yoast_head_json":{"title":"\"So We Live\" et \"Titan\", Grands Prix au Brussels Short! - We Love Cinema","robots":{"index":"index","follow":"follow","max-snippet":"max-snippet:-1","max-image-preview":"max-image-preview:large","max-video-preview":"max-video-preview:-1"},"canonical":"https:\/\/welovecinema.be\/fr\/so-we-live-et-titan-grands-prix-au-brussels-short\/","og_locale":"fr_FR","og_type":"article","og_title":"\"So We Live\" et \"Titan\", Grands Prix au Brussels Short! - We Love Cinema","og_description":"Le Brussels Short Film Festival s&rsquo;est achev\u00e9 ce soir avec l&rsquo;annonce de son riche palmar\u00e8s. Deux films belges se sont particuli\u00e8rement distingu\u00e9s: So We Live de Rand Abou Fakher, Grand Prix de la Comp\u00e9tition Internationale, et Titan de Val\u00e9ry Carnoy, Grand Prix de la Comp\u00e9tition Nationale.\u00a0 So We Live de Rand Abou Fakher d\u00e9crit le &hellip;","og_url":"https:\/\/welovecinema.be\/fr\/so-we-live-et-titan-grands-prix-au-brussels-short\/","og_site_name":"We Love Cinema","article_publisher":"https:\/\/www.facebook.com\/welovecinema.be","article_published_time":"2021-09-05T19:27:38+00:00","article_modified_time":"2021-09-06T09:11:12+00:00","og_image":[{"width":1200,"height":600,"url":"https:\/\/welovecinema.be\/wp-content\/uploads\/sites\/2\/2021\/09\/FotoJet.jpg","type":"image\/jpeg"}],"author":"Aurore Engelen","twitter_card":"summary_large_image","twitter_misc":{"\u00c9crit par":"Aurore Engelen","Dur\u00e9e de lecture estim\u00e9e":"3 minutes"},"schema":{"@context":"https:\/\/schema.org","@graph":[{"@type":"Article","@id":"https:\/\/welovecinema.be\/fr\/so-we-live-et-titan-grands-prix-au-brussels-short\/#article","isPartOf":{"@id":"https:\/\/welovecinema.be\/fr\/so-we-live-et-titan-grands-prix-au-brussels-short\/"},"author":{"name":"Aurore Engelen","@id":"https:\/\/welovecinema.be\/nl\/#\/schema\/person\/8084b68c6b176142d073695c654dc7cf"},"headline":"\u00ab\u00a0So We Live\u00a0\u00bb et \u00ab\u00a0Titan\u00a0\u00bb, Grands Prix au Brussels Short!","datePublished":"2021-09-05T19:27:38+00:00","dateModified":"2021-09-06T09:11:12+00:00","mainEntityOfPage":{"@id":"https:\/\/welovecinema.be\/fr\/so-we-live-et-titan-grands-prix-au-brussels-short\/"},"wordCount":457,"publisher":{"@id":"https:\/\/welovecinema.be\/nl\/#organization"},"keywords":["newsletter"],"articleSection":["Evenements"],"inLanguage":"fr-FR"},{"@type":"WebPage","@id":"https:\/\/welovecinema.be\/fr\/so-we-live-et-titan-grands-prix-au-brussels-short\/","url":"https:\/\/welovecinema.be\/fr\/so-we-live-et-titan-grands-prix-au-brussels-short\/","name":"\"So We Live\" et \"Titan\", Grands Prix au Brussels Short! - We Love Cinema","isPartOf":{"@id":"https:\/\/welovecinema.be\/nl\/#website"},"datePublished":"2021-09-05T19:27:38+00:00","dateModified":"2021-09-06T09:11:12+00:00","breadcrumb":{"@id":"https:\/\/welovecinema.be\/fr\/so-we-live-et-titan-grands-prix-au-brussels-short\/#breadcrumb"},"inLanguage":"fr-FR","potentialAction":[{"@type":"ReadAction","target":["https:\/\/welovecinema.be\/fr\/so-we-live-et-titan-grands-prix-au-brussels-short\/"]}]},{"@type":"BreadcrumbList","@id":"https:\/\/welovecinema.be\/fr\/so-we-live-et-titan-grands-prix-au-brussels-short\/#breadcrumb","itemListElement":[{"@type":"ListItem","position":1,"name":"Accueil","item":"https:\/\/welovecinema.be\/fr\/"},{"@type":"ListItem","position":2,"name":"\u00ab\u00a0So We Live\u00a0\u00bb et \u00ab\u00a0Titan\u00a0\u00bb, Grands Prix au Brussels Short!"}]},{"@type":"WebSite","@id":"https:\/\/welovecinema.be\/nl\/#website","url":"https:\/\/welovecinema.be\/nl\/","name":"We Love Cinema","description":"Toute l\u2019information du cin\u00e9ma en Belgique","publisher":{"@id":"https:\/\/welovecinema.be\/nl\/#organization"},"potentialAction":[{"@type":"SearchAction","target":{"@type":"EntryPoint","urlTemplate":"https:\/\/welovecinema.be\/nl\/?s={search_term_string}"},"query-input":"required name=search_term_string"}],"inLanguage":"fr-FR"},{"@type":"Organization","@id":"https:\/\/welovecinema.be\/nl\/#organization","name":"We Love Cinema","url":"https:\/\/welovecinema.be\/nl\/","logo":{"@type":"ImageObject","inLanguage":"fr-FR","@id":"https:\/\/welovecinema.be\/nl\/#\/schema\/logo\/image\/","url":"https:\/\/welovecinema.be\/wp-content\/uploads\/sites\/2\/2023\/03\/Logo-We-Love-Cinema305x128.jpg","contentUrl":"https:\/\/welovecinema.be\/wp-content\/uploads\/sites\/2\/2023\/03\/Logo-We-Love-Cinema305x128.jpg","width":305,"height":128,"caption":"We Love Cinema"},"image":{"@id":"https:\/\/welovecinema.be\/nl\/#\/schema\/logo\/image\/"},"sameAs":["https:\/\/www.facebook.com\/welovecinema.be","https:\/\/www.youtube.com\/channel\/UCX5LYGVhnKvYauW4Nta4HJA","https:\/\/www.instagram.com\/welovecinema.be\/"]},{"@type":"Person","@id":"https:\/\/welovecinema.be\/nl\/#\/schema\/person\/8084b68c6b176142d073695c654dc7cf","name":"Aurore Engelen","url":"https:\/\/welovecinema.be\/fr\/author\/aurore-engelen\/"}]}},"_links":{"self":[{"href":"https:\/\/welovecinema.be\/fr\/wp-json\/wp\/v2\/posts\/239899","targetHints":{"allow":["GET"]}}],"collection":[{"href":"https:\/\/welovecinema.be\/fr\/wp-json\/wp\/v2\/posts"}],"about":[{"href":"https:\/\/welovecinema.be\/fr\/wp-json\/wp\/v2\/types\/post"}],"author":[{"embeddable":true,"href":"https:\/\/welovecinema.be\/fr\/wp-json\/wp\/v2\/users\/343"}],"replies":[{"embeddable":true,"href":"https:\/\/welovecinema.be\/fr\/wp-json\/wp\/v2\/comments?post=239899"}],"version-history":[{"count":0,"href":"https:\/\/welovecinema.be\/fr\/wp-json\/wp\/v2\/posts\/239899\/revisions"}],"wp:featuredmedia":[{"embeddable":true,"href":"https:\/\/welovecinema.be\/fr\/wp-json\/wp\/v2\/media\/239900"}],"wp:attachment":[{"href":"https:\/\/welovecinema.be\/fr\/wp-json\/wp\/v2\/media?parent=239899"}],"wp:term":[{"taxonomy":"category","embeddable":true,"href":"https:\/\/welovecinema.be\/fr\/wp-json\/wp\/v2\/categories?post=239899"},{"taxonomy":"post_tag","embeddable":true,"href":"https:\/\/welovecinema.be\/fr\/wp-json\/wp\/v2\/tags?post=239899"}],"curies":[{"name":"wp","href":"https:\/\/api.w.org\/{rel}","templated":true}]}}