{"id":239789,"date":"2021-09-01T18:53:57","date_gmt":"2021-09-01T16:53:57","guid":{"rendered":"https:\/\/www.cinevox.be\/?p=239789"},"modified":"2021-09-02T10:07:15","modified_gmt":"2021-09-02T08:07:15","slug":"arieh-worthalter-il-y-avait-une-note-a-trouver-la-bonne-tonalite","status":"publish","type":"post","link":"https:\/\/welovecinema.be\/fr\/arieh-worthalter-il-y-avait-une-note-a-trouver-la-bonne-tonalite\/","title":{"rendered":"Arieh Worthalter: \u00ab\u00a0Il y avait une note \u00e0 trouver, la bonne tonalit\u00e9\u00a0\u00bb"},"content":{"rendered":"<p><strong>Rencontre avec le com\u00e9dien belge Arieh Worthalter, qui pr\u00e9sente ce soir en ouverture du Brussels International Film Festival <a href=\"https:\/\/www.cinevox.be\/fr\/serre-moi-fort\/\"><em>Serre-moi fort<\/em><\/a>, le nouveau film de Mathieu Amalric.<\/strong><\/p>\n<p><em>\u00ab\u00a0C&rsquo;est vraiment agr\u00e9able d&rsquo;ouvrir un festival chez soi, apr\u00e8s une p\u00e9riode aussi&#8230; s\u00e8che. Et j&rsquo;ai beaucoup d&rsquo;amis ici, l&rsquo;impression d&rsquo;\u00eatre en famille. C&rsquo;est tr\u00e8s d\u00e9tendu. Mais c&rsquo;est toujours un peu d\u00e9tendu en Belgique, non?\u00a0\u00bb <\/em>Si!<\/p>\n<p>Difficile d&rsquo;aborder le nouveau film de Mathieu Amalric, dont Arieh Worthalter tient le premier r\u00f4le aux c\u00f4t\u00e9s de l&rsquo;excellente Vicky Krieps, sans risquer d&rsquo;en d\u00e9voiler trop, de g\u00e2cher pour le public sa d\u00e9couverte du film. C&rsquo;est donc sur un fil d&rsquo;\u00e9quilibriste qu&rsquo;avance la discussion, pour ne pas trop en dire, tout en relatant cette exp\u00e9rience de cin\u00e9ma puissante, qui avait d\u00e9j\u00e0 commenc\u00e9 sur le tournage&#8230;<\/p>\n<h4><strong>Qu&rsquo;est-ce qui vous a donn\u00e9 envie de faire ce projet?<\/strong><\/h4>\n<p>En g\u00e9n\u00e9ral, j&#8217;embarque sur un projet gr\u00e2ce \u00e0 une rencontre, ici c&rsquo;\u00e9tait Mathieu Amalric. On a \u00e9t\u00e9 manger un bout, je ne savais pas de quoi il s&rsquo;agissait, et j&rsquo;ai \u00e9t\u00e9 s\u00e9duit par cette rencontre. C&rsquo;est seulement apr\u00e8s qu&rsquo;il m&rsquo;a envoy\u00e9 le sc\u00e9nario.<\/p>\n<p>Et les sc\u00e9narios de Mathieu Amalric, ce sont de dr\u00f4les d&rsquo;objets, assez fantastiques, avec des notes partout, des intentions, du rouge, du jaune, du vert, du bleu. Et il y avait une puissance \u00e9motionnelle incroyable qui se d\u00e9gageait du sc\u00e9nario. En tant que lecteur, je me suis senti vraiment happ\u00e9. Il y avait des inventions sc\u00e9naristiques que je trouvais compl\u00e8tement dingues.<\/p>\n<p>Et puis quand on repense \u00e0 la filmographie de Mathieu en tant que cin\u00e9aste, il y a un vrai langage de cin\u00e9ma qui s&rsquo;affirme, assez sublime, c&rsquo;\u00e9tait d\u00e9j\u00e0 magnifique dans <em>Barbara<\/em>, \u00e7a l&rsquo;est \u00e0 nouveau ici.<\/p>\n<figure id=\"attachment_239743\" aria-describedby=\"caption-attachment-239743\" style=\"width: 618px\" class=\"wp-caption alignnone\"><img loading=\"lazy\" decoding=\"async\" class=\"wp-image-239743 size-large\" src=\"https:\/\/www.cinevox.be\/wp-content\/uploads\/sites\/2\/2021\/08\/Serre-Moi-Fort-800x533.jpeg\" alt=\"Serre-Moi-Fort\" width=\"618\" height=\"412\" srcset=\"https:\/\/welovecinema.be\/wp-content\/uploads\/sites\/2\/2021\/08\/Serre-Moi-Fort-800x533.jpeg 800w, https:\/\/welovecinema.be\/wp-content\/uploads\/sites\/2\/2021\/08\/Serre-Moi-Fort-405x270.jpeg 405w, https:\/\/welovecinema.be\/wp-content\/uploads\/sites\/2\/2021\/08\/Serre-Moi-Fort-768x512.jpeg 768w, https:\/\/welovecinema.be\/wp-content\/uploads\/sites\/2\/2021\/08\/Serre-Moi-Fort-1536x1024.jpeg 1536w, https:\/\/welovecinema.be\/wp-content\/uploads\/sites\/2\/2021\/08\/Serre-Moi-Fort.jpeg 1655w\" sizes=\"auto, (max-width: 618px) 100vw, 618px\" \/><figcaption id=\"caption-attachment-239743\" class=\"wp-caption-text\">Cr\u00e9dit: Charles Paulicevich<\/figcaption><\/figure>\n<h4>C&rsquo;est aussi une approche tr\u00e8s libre de la narration, et du cin\u00e9ma.<\/h4>\n<p>Mathieu ne peut pas faire autrement qu&rsquo;\u00eatre libre je crois. Ce n&rsquo;est pas tant qu&rsquo;il prend cette libert\u00e9, c&rsquo;est qu&rsquo;elle est intrins\u00e8que \u00e0 son cin\u00e9ma. Il dormait juste au-dessus de moi pendant le tournage, moi je me l\u00e8ve tr\u00e8s t\u00f4t, mais lui encore plus. Il se levait vers 4 ou 5h tous les matins, et r\u00e9\u00e9crivait les sc\u00e8nes du jour. C&rsquo;est une vraie joie de travailler comme \u00e7a.<\/p>\n<p>Et sur le plateau, il prend vraiment le temps d&rsquo;arriver l\u00e0 o\u00f9 il souhaite aller avec les com\u00e9diens. C&rsquo;est tr\u00e8s pr\u00e9cieux.<\/p>\n<h4>Il y a la rencontre avec le r\u00e9alisateur, puis avec un personnage?<\/h4>\n<p>Marc, mon personnage, est un p\u00e8re de famille, ing\u00e9nieur ferroviaire. En fait ces derni\u00e8res ann\u00e9es, j&rsquo;ai fait pas mal de r\u00f4les o\u00f9 la construction du personnage \u00e9tait tr\u00e8s importante. Et l\u00e0, il y avait z\u00e9ro construction. Il y a des r\u00f4les comme \u00e7a o\u00f9 il faut juste ouvrir un robinet, un seul, et laisser l&rsquo;eau couler. Il y a eu quelques discussions avec Mathieu bien s\u00fbr, mais on n&rsquo;a pas \u00e9pluch\u00e9 le sc\u00e9nario ou discut\u00e9 de chaque s\u00e9quence en d\u00e9tail.<\/p>\n<p>Ca c&rsquo;est beaucoup fait sur le plateau. Avec Marc, il y avait une note \u00e0 trouver, c&rsquo;\u00e9tait tr\u00e8s musical, c&rsquo;\u00e9tait une question de tonalit\u00e9. C&rsquo;est tr\u00e8s jouissif, et tr\u00e8s lib\u00e9rateur. Et finalement, beaucoup plus compliqu\u00e9 que \u00e7a n&rsquo;en avait l&rsquo;air au d\u00e9part!<\/p>\n<p>Et puis je joue beaucoup avec des enfants, et d\u00e8s qu&rsquo;on joue avec des enfants, c&rsquo;est une question d&rsquo;\u00e9coute. J&rsquo;ai pas mal jou\u00e9 avec des gosses, et il y a quelque chose qui est d\u00e9j\u00e0 fait avec eux, car il n&rsquo;y a plus d&rsquo;effort \u00e0 faire pour \u00eatre l\u00e0. On ne peut pas faire autrement qu&rsquo;\u00eatre l\u00e0 avec les gosses. Quand en plus tout est aussi bien \u00e9crit, c&rsquo;est comme des dominos, tout s&rsquo;encha\u00eene sans efforts.<\/p>\n<p><img loading=\"lazy\" decoding=\"async\" class=\"alignnone size-large wp-image-239747\" src=\"https:\/\/www.cinevox.be\/wp-content\/uploads\/sites\/2\/2021\/08\/Serre-Moi-Fort2-800x422.jpeg\" alt=\"Serre-Moi-Fort2\" width=\"618\" height=\"326\" srcset=\"https:\/\/welovecinema.be\/wp-content\/uploads\/sites\/2\/2021\/08\/Serre-Moi-Fort2-800x422.jpeg 800w, https:\/\/welovecinema.be\/wp-content\/uploads\/sites\/2\/2021\/08\/Serre-Moi-Fort2-480x253.jpeg 480w, https:\/\/welovecinema.be\/wp-content\/uploads\/sites\/2\/2021\/08\/Serre-Moi-Fort2-768x405.jpeg 768w, https:\/\/welovecinema.be\/wp-content\/uploads\/sites\/2\/2021\/08\/Serre-Moi-Fort2-1536x810.jpeg 1536w, https:\/\/welovecinema.be\/wp-content\/uploads\/sites\/2\/2021\/08\/Serre-Moi-Fort2-2048x1080.jpeg 2048w, https:\/\/welovecinema.be\/wp-content\/uploads\/sites\/2\/2021\/08\/Serre-Moi-Fort2-310x165.jpeg 310w\" sizes=\"auto, (max-width: 618px) 100vw, 618px\" \/><\/p>\n<h4>C&rsquo;est aussi une histoire d&rsquo;amour, qui se joue sur diff\u00e9rentes temporalit\u00e9s, r\u00e9elles et fantasm\u00e9es.<\/h4>\n<p>Moi je suis plut\u00f4t d&rsquo;une \u00e9cole, peut-\u00eatre am\u00e9ricaine, o\u00f9 je ne peux pas jouer une id\u00e9e, une abstraction, ou un fant\u00f4me. Pour moi, c&rsquo;est forc\u00e9ment un personnage r\u00e9el, au pr\u00e9sent. C&rsquo;est \u00e7a qui rend le r\u00e9cit plausible aussi. Quand je me suis pos\u00e9 devant le sc\u00e9nario pour commencer \u00e0 travailler, j&rsquo;ai tout abord\u00e9 au pr\u00e9sent, au premier degr\u00e9. Il faut rester au plus simple, pour laisser le plus de libert\u00e9 possible au spectateur comme au r\u00e9alisateur ou \u00e0 ses partenaires, pour que chacun raconte sa propre histoire.<\/p>\n<p>Ce que vit Marc finalement, c&rsquo;est tr\u00e8s classique. C&rsquo;est arriv\u00e9 \u00e0 tellement de gens, se faire quitter. Il faut laisser la place \u00e0 chacun de se projeter.<\/p>\n<h4>Quel \u00e9tait le plus grand d\u00e9fi en tant que com\u00e9dien sur ce film?<\/h4>\n<p>Et bien certains textes n&rsquo;\u00e9taient pas forc\u00e9ment faciles \u00e0 dire. Il \u00e9taient peut-\u00eatre tr\u00e8s \u00e9crits, avec un c\u00f4t\u00e9 un peu th\u00e9\u00e2tral. Et au cin\u00e9ma, ce n&rsquo;est pas \u00e9vident \u00e0 faire passer. Et c&rsquo;est tr\u00e8s excitant je trouve. Le fran\u00e7ais est parfois difficile au cin\u00e9ma je trouve, plus que le flamand ou l&rsquo;anglais. La m\u00e9lodie peut \u00eatre plus vite pi\u00e9geante. Mais j&rsquo;aime beaucoup \u00e7a. Souvent en tant qu&rsquo;acteur, on est tent\u00e9s de vouloir changer des dialogues, et parfois on a raison, mais l\u00e0 il y avait un rythme, une langue qui pouvait constituer un d\u00e9fi, et c&rsquo;\u00e9tait passionnant.<\/p>\n<h4>Le plus enthousiasmant sur le plateau?<\/h4>\n<p>L&rsquo;\u00e9quipe! L&rsquo;\u00e9quipe \u00e9tait magnifique&#8230; J&rsquo;avais l&rsquo;impression d&rsquo;\u00eatre avec une troupe de th\u00e9\u00e2tre. Ca fait 20 ou 25 ans qu&rsquo;ils bossent tous ensemble, ils travaillent m\u00eame sur des films o\u00f9 Mathieu est juste acteur. On a l&rsquo;impression d&rsquo;\u00eatre avec une grande famille, qui peut tout se dire, sans chichi, c&rsquo;est simple, c&rsquo;est beau. Et quand c&rsquo;est dur, c&rsquo;est partag\u00e9, ensemble, pas chacun dans son coin. Ca cr\u00e9e une ambiance de joie, assez infectieuse.<\/p>\n<figure id=\"attachment_239797\" aria-describedby=\"caption-attachment-239797\" style=\"width: 618px\" class=\"wp-caption alignnone\"><img loading=\"lazy\" decoding=\"async\" class=\"size-large wp-image-239797\" src=\"https:\/\/www.cinevox.be\/wp-content\/uploads\/sites\/2\/2021\/09\/Capture-de\u0301cran-2021-09-01-a\u0300-18.50.40-800x565.png\" alt=\"Serre-Moi-Fort\" width=\"618\" height=\"436\" srcset=\"https:\/\/welovecinema.be\/wp-content\/uploads\/sites\/2\/2021\/09\/Capture-de\u0301cran-2021-09-01-a\u0300-18.50.40-800x565.png 800w, https:\/\/welovecinema.be\/wp-content\/uploads\/sites\/2\/2021\/09\/Capture-de\u0301cran-2021-09-01-a\u0300-18.50.40-382x270.png 382w, https:\/\/welovecinema.be\/wp-content\/uploads\/sites\/2\/2021\/09\/Capture-de\u0301cran-2021-09-01-a\u0300-18.50.40-768x543.png 768w, https:\/\/welovecinema.be\/wp-content\/uploads\/sites\/2\/2021\/09\/Capture-de\u0301cran-2021-09-01-a\u0300-18.50.40-1536x1085.png 1536w, https:\/\/welovecinema.be\/wp-content\/uploads\/sites\/2\/2021\/09\/Capture-de\u0301cran-2021-09-01-a\u0300-18.50.40-2048x1447.png 2048w, https:\/\/welovecinema.be\/wp-content\/uploads\/sites\/2\/2021\/09\/Capture-de\u0301cran-2021-09-01-a\u0300-18.50.40-100x72.png 100w\" sizes=\"auto, (max-width: 618px) 100vw, 618px\" \/><figcaption id=\"caption-attachment-239797\" class=\"wp-caption-text\">Cr\u00e9dit: Roger Arpajou<\/figcaption><\/figure>\n<h4>En tant que spectateur, qu&rsquo;est-ce qui vous a le plus marqu\u00e9?<\/h4>\n<p>C&rsquo;est toujours difficile de faire abstraction de son propre travail, donc c&rsquo;est vraiment des choses de cin\u00e9ma que je retiens, \u00e0 l&rsquo;\u00e2ge que j&rsquo;ai je commence \u00e0 voir d&rsquo;autres choses, exp\u00e9rience oblige, des choses parfois tr\u00e8s techniques.<\/p>\n<p>Mais ici, la mise en sc\u00e8ne de Mathieu, et le montage de Fran\u00e7ois G\u00e9digier sont fantastiques. C&rsquo;est tr\u00e8s fort, on ne voit plus beaucoup de narrations qui se permettent tellement de libert\u00e9. On en viendrait presque \u00e0 penser que nos cerveaux ne sont plus capables de recevoir cette libert\u00e9, ou \u00e0 tout le moins qu&rsquo;ils sont rouill\u00e9s. On est tellement amen\u00e9s \u00e0 voir l&rsquo;inverse de \u00e7a&#8230;<\/p>\n<p>En voyant le film au cin\u00e9ma, \u00e7a m&rsquo;a rappel\u00e9 qu&rsquo;on peut faire ce qu&rsquo;on veut en fait. Et \u00e7a fait du bien.<\/p>\n<h4>Qu&rsquo;est-ce qui vous a surpris, ou confort\u00e9 dans votre id\u00e9e dans les r\u00e9actions du public?<\/h4>\n<p>J&rsquo;ai surtout vu beaucoup d&rsquo;\u00e9motions. Les gens avaient re\u00e7u quelque chose, et il fallait l&rsquo;exprimer, en discuter. Aller boire un coup. C&rsquo;est toujours tr\u00e8s beau, ces r\u00e9actions. Quand un film me fait \u00e7a, j&rsquo;adore. Quand je sors du film et que je ne peux pas juste prendre le m\u00e9tro, rentrer \u00e0 la maison. Qu&rsquo;il faut r\u00e9pondre au film, m\u00eame juste aller boire un verre, ou faire une ballade.<\/p>\n<h4>Quels sont vos projets?<\/h4>\n<p>J&rsquo;ai tourn\u00e9 dans le dernier film de Patricia Mazuy en d\u00e9but d&rsquo;ann\u00e9e, qui devrait s&rsquo;appeler <em>Totem<\/em>. C&rsquo;est un polar assez sombre. L&rsquo;histoire d&rsquo;un flic&#8230; C&rsquo;est tout ce que je peux dire \u00e0 ce stade je crois! Et puis je vais tourner dans le prochain film de C\u00e9dric Kahn.<\/p>\n<p>Mais je suis surtout en train de pr\u00e9parer mon premier album en tant que musicien, que l&rsquo;on devrait enregistrer d&rsquo;ici quelques mois. Je compose, j&rsquo;ai \u00e9crit les textes, je chante, et je joue de la guitare. C&rsquo;est du rock plut\u00f4t alternatif. J&rsquo;ai grandi en Flandre, v\u00e9cu au Canada, donc tout est en anglais, c&rsquo;est plus naturel pour moi. J&rsquo;ait tout \u00e9crit \u00e0 la guitare, on est en train de r\u00e9fl\u00e9chir aux arrangements, c&rsquo;est tr\u00e8s excitant.<\/p>\n","protected":false},"excerpt":{"rendered":"<p>Rencontre avec le com\u00e9dien belge Arieh Worthalter, qui pr\u00e9sente ce soir en ouverture du Brussels International Film Festival Serre-moi fort, le nouveau film de Mathieu Amalric. \u00ab\u00a0C&rsquo;est vraiment agr\u00e9able d&rsquo;ouvrir un festival chez soi, apr\u00e8s une p\u00e9riode aussi&#8230; s\u00e8che. Et j&rsquo;ai beaucoup d&rsquo;amis ici, l&rsquo;impression d&rsquo;\u00eatre en famille. C&rsquo;est tr\u00e8s d\u00e9tendu. Mais c&rsquo;est toujours un &hellip;<\/p>\n","protected":false},"author":343,"featured_media":239794,"comment_status":"closed","ping_status":"closed","sticky":false,"template":"","format":"standard","meta":{"ngg_post_thumbnail":0,"footnotes":""},"categories":[1978],"tags":[4022,4187],"class_list":["post-239789","post","type-post","status-publish","format-standard","has-post-thumbnail","","category-interviews","tag-arieh-worthalter-2","tag-newsletter-fr"],"yoast_head":"<!-- This site is optimized with the Yoast SEO plugin v20.4 - https:\/\/yoast.com\/wordpress\/plugins\/seo\/ -->\n<title>Arieh Worthalter: &quot;Il y avait une note \u00e0 trouver, la bonne tonalit\u00e9&quot; - We Love Cinema<\/title>\n<meta name=\"robots\" content=\"index, follow, max-snippet:-1, max-image-preview:large, max-video-preview:-1\" \/>\n<link rel=\"canonical\" href=\"https:\/\/welovecinema.be\/fr\/arieh-worthalter-il-y-avait-une-note-a-trouver-la-bonne-tonalite\/\" \/>\n<meta property=\"og:locale\" content=\"fr_FR\" \/>\n<meta property=\"og:type\" content=\"article\" \/>\n<meta property=\"og:title\" content=\"Arieh Worthalter: &quot;Il y avait une note \u00e0 trouver, la bonne tonalit\u00e9&quot; - We Love Cinema\" \/>\n<meta property=\"og:description\" content=\"Rencontre avec le com\u00e9dien belge Arieh Worthalter, qui pr\u00e9sente ce soir en ouverture du Brussels International Film Festival Serre-moi fort, le nouveau film de Mathieu Amalric. \u00ab\u00a0C&rsquo;est vraiment agr\u00e9able d&rsquo;ouvrir un festival chez soi, apr\u00e8s une p\u00e9riode aussi&#8230; s\u00e8che. Et j&rsquo;ai beaucoup d&rsquo;amis ici, l&rsquo;impression d&rsquo;\u00eatre en famille. C&rsquo;est tr\u00e8s d\u00e9tendu. Mais c&rsquo;est toujours un &hellip;\" \/>\n<meta property=\"og:url\" content=\"https:\/\/welovecinema.be\/fr\/arieh-worthalter-il-y-avait-une-note-a-trouver-la-bonne-tonalite\/\" \/>\n<meta property=\"og:site_name\" content=\"We Love Cinema\" \/>\n<meta property=\"article:publisher\" content=\"https:\/\/www.facebook.com\/welovecinema.be\" \/>\n<meta property=\"article:published_time\" content=\"2021-09-01T16:53:57+00:00\" \/>\n<meta property=\"article:modified_time\" content=\"2021-09-02T08:07:15+00:00\" \/>\n<meta property=\"og:image\" content=\"https:\/\/welovecinema.be\/wp-content\/uploads\/sites\/2\/2021\/09\/Arieh-Worthalter-Cinevox-scaled.jpg\" \/>\n\t<meta property=\"og:image:width\" content=\"2560\" \/>\n\t<meta property=\"og:image:height\" content=\"1660\" \/>\n\t<meta property=\"og:image:type\" content=\"image\/jpeg\" \/>\n<meta name=\"author\" content=\"Aurore Engelen\" \/>\n<meta name=\"twitter:card\" content=\"summary_large_image\" \/>\n<meta name=\"twitter:label1\" content=\"\u00c9crit par\" \/>\n\t<meta name=\"twitter:data1\" content=\"Aurore Engelen\" \/>\n\t<meta name=\"twitter:label2\" content=\"Dur\u00e9e de lecture estim\u00e9e\" \/>\n\t<meta name=\"twitter:data2\" content=\"7 minutes\" \/>\n<script type=\"application\/ld+json\" class=\"yoast-schema-graph\">{\"@context\":\"https:\/\/schema.org\",\"@graph\":[{\"@type\":\"Article\",\"@id\":\"https:\/\/welovecinema.be\/fr\/arieh-worthalter-il-y-avait-une-note-a-trouver-la-bonne-tonalite\/#article\",\"isPartOf\":{\"@id\":\"https:\/\/welovecinema.be\/fr\/arieh-worthalter-il-y-avait-une-note-a-trouver-la-bonne-tonalite\/\"},\"author\":{\"name\":\"Aurore Engelen\",\"@id\":\"https:\/\/welovecinema.be\/nl\/#\/schema\/person\/8084b68c6b176142d073695c654dc7cf\"},\"headline\":\"Arieh Worthalter: \u00ab\u00a0Il y avait une note \u00e0 trouver, la bonne tonalit\u00e9\u00a0\u00bb\",\"datePublished\":\"2021-09-01T16:53:57+00:00\",\"dateModified\":\"2021-09-02T08:07:15+00:00\",\"mainEntityOfPage\":{\"@id\":\"https:\/\/welovecinema.be\/fr\/arieh-worthalter-il-y-avait-une-note-a-trouver-la-bonne-tonalite\/\"},\"wordCount\":1501,\"publisher\":{\"@id\":\"https:\/\/welovecinema.be\/nl\/#organization\"},\"keywords\":[\"Arieh Worthalter\",\"newsletter\"],\"articleSection\":[\"Rencontres\"],\"inLanguage\":\"fr-FR\"},{\"@type\":\"WebPage\",\"@id\":\"https:\/\/welovecinema.be\/fr\/arieh-worthalter-il-y-avait-une-note-a-trouver-la-bonne-tonalite\/\",\"url\":\"https:\/\/welovecinema.be\/fr\/arieh-worthalter-il-y-avait-une-note-a-trouver-la-bonne-tonalite\/\",\"name\":\"Arieh Worthalter: \\\"Il y avait une note \u00e0 trouver, la bonne tonalit\u00e9\\\" - We Love Cinema\",\"isPartOf\":{\"@id\":\"https:\/\/welovecinema.be\/nl\/#website\"},\"datePublished\":\"2021-09-01T16:53:57+00:00\",\"dateModified\":\"2021-09-02T08:07:15+00:00\",\"breadcrumb\":{\"@id\":\"https:\/\/welovecinema.be\/fr\/arieh-worthalter-il-y-avait-une-note-a-trouver-la-bonne-tonalite\/#breadcrumb\"},\"inLanguage\":\"fr-FR\",\"potentialAction\":[{\"@type\":\"ReadAction\",\"target\":[\"https:\/\/welovecinema.be\/fr\/arieh-worthalter-il-y-avait-une-note-a-trouver-la-bonne-tonalite\/\"]}]},{\"@type\":\"BreadcrumbList\",\"@id\":\"https:\/\/welovecinema.be\/fr\/arieh-worthalter-il-y-avait-une-note-a-trouver-la-bonne-tonalite\/#breadcrumb\",\"itemListElement\":[{\"@type\":\"ListItem\",\"position\":1,\"name\":\"Accueil\",\"item\":\"https:\/\/welovecinema.be\/fr\/\"},{\"@type\":\"ListItem\",\"position\":2,\"name\":\"Arieh Worthalter: \u00ab\u00a0Il y avait une note \u00e0 trouver, la bonne tonalit\u00e9\u00a0\u00bb\"}]},{\"@type\":\"WebSite\",\"@id\":\"https:\/\/welovecinema.be\/nl\/#website\",\"url\":\"https:\/\/welovecinema.be\/nl\/\",\"name\":\"We Love Cinema\",\"description\":\"Toute l\u2019information du cin\u00e9ma en Belgique\",\"publisher\":{\"@id\":\"https:\/\/welovecinema.be\/nl\/#organization\"},\"potentialAction\":[{\"@type\":\"SearchAction\",\"target\":{\"@type\":\"EntryPoint\",\"urlTemplate\":\"https:\/\/welovecinema.be\/nl\/?s={search_term_string}\"},\"query-input\":\"required name=search_term_string\"}],\"inLanguage\":\"fr-FR\"},{\"@type\":\"Organization\",\"@id\":\"https:\/\/welovecinema.be\/nl\/#organization\",\"name\":\"We Love Cinema\",\"url\":\"https:\/\/welovecinema.be\/nl\/\",\"logo\":{\"@type\":\"ImageObject\",\"inLanguage\":\"fr-FR\",\"@id\":\"https:\/\/welovecinema.be\/nl\/#\/schema\/logo\/image\/\",\"url\":\"https:\/\/welovecinema.be\/wp-content\/uploads\/sites\/2\/2023\/03\/Logo-We-Love-Cinema305x128.jpg\",\"contentUrl\":\"https:\/\/welovecinema.be\/wp-content\/uploads\/sites\/2\/2023\/03\/Logo-We-Love-Cinema305x128.jpg\",\"width\":305,\"height\":128,\"caption\":\"We Love Cinema\"},\"image\":{\"@id\":\"https:\/\/welovecinema.be\/nl\/#\/schema\/logo\/image\/\"},\"sameAs\":[\"https:\/\/www.facebook.com\/welovecinema.be\",\"https:\/\/www.youtube.com\/channel\/UCX5LYGVhnKvYauW4Nta4HJA\",\"https:\/\/www.instagram.com\/welovecinema.be\/\"]},{\"@type\":\"Person\",\"@id\":\"https:\/\/welovecinema.be\/nl\/#\/schema\/person\/8084b68c6b176142d073695c654dc7cf\",\"name\":\"Aurore Engelen\",\"url\":\"https:\/\/welovecinema.be\/fr\/author\/aurore-engelen\/\"}]}<\/script>\n<!-- \/ Yoast SEO plugin. -->","yoast_head_json":{"title":"Arieh Worthalter: \"Il y avait une note \u00e0 trouver, la bonne tonalit\u00e9\" - We Love Cinema","robots":{"index":"index","follow":"follow","max-snippet":"max-snippet:-1","max-image-preview":"max-image-preview:large","max-video-preview":"max-video-preview:-1"},"canonical":"https:\/\/welovecinema.be\/fr\/arieh-worthalter-il-y-avait-une-note-a-trouver-la-bonne-tonalite\/","og_locale":"fr_FR","og_type":"article","og_title":"Arieh Worthalter: \"Il y avait une note \u00e0 trouver, la bonne tonalit\u00e9\" - We Love Cinema","og_description":"Rencontre avec le com\u00e9dien belge Arieh Worthalter, qui pr\u00e9sente ce soir en ouverture du Brussels International Film Festival Serre-moi fort, le nouveau film de Mathieu Amalric. \u00ab\u00a0C&rsquo;est vraiment agr\u00e9able d&rsquo;ouvrir un festival chez soi, apr\u00e8s une p\u00e9riode aussi&#8230; s\u00e8che. Et j&rsquo;ai beaucoup d&rsquo;amis ici, l&rsquo;impression d&rsquo;\u00eatre en famille. C&rsquo;est tr\u00e8s d\u00e9tendu. Mais c&rsquo;est toujours un &hellip;","og_url":"https:\/\/welovecinema.be\/fr\/arieh-worthalter-il-y-avait-une-note-a-trouver-la-bonne-tonalite\/","og_site_name":"We Love Cinema","article_publisher":"https:\/\/www.facebook.com\/welovecinema.be","article_published_time":"2021-09-01T16:53:57+00:00","article_modified_time":"2021-09-02T08:07:15+00:00","og_image":[{"width":2560,"height":1660,"url":"https:\/\/welovecinema.be\/wp-content\/uploads\/sites\/2\/2021\/09\/Arieh-Worthalter-Cinevox-scaled.jpg","type":"image\/jpeg"}],"author":"Aurore Engelen","twitter_card":"summary_large_image","twitter_misc":{"\u00c9crit par":"Aurore Engelen","Dur\u00e9e de lecture estim\u00e9e":"7 minutes"},"schema":{"@context":"https:\/\/schema.org","@graph":[{"@type":"Article","@id":"https:\/\/welovecinema.be\/fr\/arieh-worthalter-il-y-avait-une-note-a-trouver-la-bonne-tonalite\/#article","isPartOf":{"@id":"https:\/\/welovecinema.be\/fr\/arieh-worthalter-il-y-avait-une-note-a-trouver-la-bonne-tonalite\/"},"author":{"name":"Aurore Engelen","@id":"https:\/\/welovecinema.be\/nl\/#\/schema\/person\/8084b68c6b176142d073695c654dc7cf"},"headline":"Arieh Worthalter: \u00ab\u00a0Il y avait une note \u00e0 trouver, la bonne tonalit\u00e9\u00a0\u00bb","datePublished":"2021-09-01T16:53:57+00:00","dateModified":"2021-09-02T08:07:15+00:00","mainEntityOfPage":{"@id":"https:\/\/welovecinema.be\/fr\/arieh-worthalter-il-y-avait-une-note-a-trouver-la-bonne-tonalite\/"},"wordCount":1501,"publisher":{"@id":"https:\/\/welovecinema.be\/nl\/#organization"},"keywords":["Arieh Worthalter","newsletter"],"articleSection":["Rencontres"],"inLanguage":"fr-FR"},{"@type":"WebPage","@id":"https:\/\/welovecinema.be\/fr\/arieh-worthalter-il-y-avait-une-note-a-trouver-la-bonne-tonalite\/","url":"https:\/\/welovecinema.be\/fr\/arieh-worthalter-il-y-avait-une-note-a-trouver-la-bonne-tonalite\/","name":"Arieh Worthalter: \"Il y avait une note \u00e0 trouver, la bonne tonalit\u00e9\" - We Love Cinema","isPartOf":{"@id":"https:\/\/welovecinema.be\/nl\/#website"},"datePublished":"2021-09-01T16:53:57+00:00","dateModified":"2021-09-02T08:07:15+00:00","breadcrumb":{"@id":"https:\/\/welovecinema.be\/fr\/arieh-worthalter-il-y-avait-une-note-a-trouver-la-bonne-tonalite\/#breadcrumb"},"inLanguage":"fr-FR","potentialAction":[{"@type":"ReadAction","target":["https:\/\/welovecinema.be\/fr\/arieh-worthalter-il-y-avait-une-note-a-trouver-la-bonne-tonalite\/"]}]},{"@type":"BreadcrumbList","@id":"https:\/\/welovecinema.be\/fr\/arieh-worthalter-il-y-avait-une-note-a-trouver-la-bonne-tonalite\/#breadcrumb","itemListElement":[{"@type":"ListItem","position":1,"name":"Accueil","item":"https:\/\/welovecinema.be\/fr\/"},{"@type":"ListItem","position":2,"name":"Arieh Worthalter: \u00ab\u00a0Il y avait une note \u00e0 trouver, la bonne tonalit\u00e9\u00a0\u00bb"}]},{"@type":"WebSite","@id":"https:\/\/welovecinema.be\/nl\/#website","url":"https:\/\/welovecinema.be\/nl\/","name":"We Love Cinema","description":"Toute l\u2019information du cin\u00e9ma en Belgique","publisher":{"@id":"https:\/\/welovecinema.be\/nl\/#organization"},"potentialAction":[{"@type":"SearchAction","target":{"@type":"EntryPoint","urlTemplate":"https:\/\/welovecinema.be\/nl\/?s={search_term_string}"},"query-input":"required name=search_term_string"}],"inLanguage":"fr-FR"},{"@type":"Organization","@id":"https:\/\/welovecinema.be\/nl\/#organization","name":"We Love Cinema","url":"https:\/\/welovecinema.be\/nl\/","logo":{"@type":"ImageObject","inLanguage":"fr-FR","@id":"https:\/\/welovecinema.be\/nl\/#\/schema\/logo\/image\/","url":"https:\/\/welovecinema.be\/wp-content\/uploads\/sites\/2\/2023\/03\/Logo-We-Love-Cinema305x128.jpg","contentUrl":"https:\/\/welovecinema.be\/wp-content\/uploads\/sites\/2\/2023\/03\/Logo-We-Love-Cinema305x128.jpg","width":305,"height":128,"caption":"We Love Cinema"},"image":{"@id":"https:\/\/welovecinema.be\/nl\/#\/schema\/logo\/image\/"},"sameAs":["https:\/\/www.facebook.com\/welovecinema.be","https:\/\/www.youtube.com\/channel\/UCX5LYGVhnKvYauW4Nta4HJA","https:\/\/www.instagram.com\/welovecinema.be\/"]},{"@type":"Person","@id":"https:\/\/welovecinema.be\/nl\/#\/schema\/person\/8084b68c6b176142d073695c654dc7cf","name":"Aurore Engelen","url":"https:\/\/welovecinema.be\/fr\/author\/aurore-engelen\/"}]}},"_links":{"self":[{"href":"https:\/\/welovecinema.be\/fr\/wp-json\/wp\/v2\/posts\/239789","targetHints":{"allow":["GET"]}}],"collection":[{"href":"https:\/\/welovecinema.be\/fr\/wp-json\/wp\/v2\/posts"}],"about":[{"href":"https:\/\/welovecinema.be\/fr\/wp-json\/wp\/v2\/types\/post"}],"author":[{"embeddable":true,"href":"https:\/\/welovecinema.be\/fr\/wp-json\/wp\/v2\/users\/343"}],"replies":[{"embeddable":true,"href":"https:\/\/welovecinema.be\/fr\/wp-json\/wp\/v2\/comments?post=239789"}],"version-history":[{"count":0,"href":"https:\/\/welovecinema.be\/fr\/wp-json\/wp\/v2\/posts\/239789\/revisions"}],"wp:featuredmedia":[{"embeddable":true,"href":"https:\/\/welovecinema.be\/fr\/wp-json\/wp\/v2\/media\/239794"}],"wp:attachment":[{"href":"https:\/\/welovecinema.be\/fr\/wp-json\/wp\/v2\/media?parent=239789"}],"wp:term":[{"taxonomy":"category","embeddable":true,"href":"https:\/\/welovecinema.be\/fr\/wp-json\/wp\/v2\/categories?post=239789"},{"taxonomy":"post_tag","embeddable":true,"href":"https:\/\/welovecinema.be\/fr\/wp-json\/wp\/v2\/tags?post=239789"}],"curies":[{"name":"wp","href":"https:\/\/api.w.org\/{rel}","templated":true}]}}