{"id":239623,"date":"2021-08-26T20:23:07","date_gmt":"2021-08-26T18:23:07","guid":{"rendered":"https:\/\/www.cinevox.be\/?p=239623"},"modified":"2021-08-27T15:21:54","modified_gmt":"2021-08-27T13:21:54","slug":"briff21-3-cinevox-happening-sinon-rien","status":"publish","type":"post","link":"https:\/\/welovecinema.be\/fr\/briff21-3-cinevox-happening-sinon-rien\/","title":{"rendered":"BRIFF21: 3 Cinevox Happening sinon rien!"},"content":{"rendered":"<p style=\"padding-left: 40px;\"><strong>Le 4e Brussels International Film Festival commence le 1er septembre prochain, pour 10 jours de c\u00e9l\u00e9bration des cin\u00e9mas du monde&#8230; et de Belgique!<\/strong><\/p>\n<p>A cette occasion, Cinevox organise trois Happening exceptionnels, autour des trois fictions belges francophones qui seront pr\u00e9sent\u00e9es \u00e0 l&rsquo;occasion de la Comp\u00e9tition Nationale: <em>Le Coeur noir des for\u00eats<\/em> de Serge Mirzabekiantz le vendredi 3 septembre, <em>Totem<\/em> de Fred de Loof le dimanche 5 septembre, et <em>Lucie perd son cheval<\/em> de Claude Schmitz le mardi 7 septembre!<\/p>\n<h4><em>Le Coeur Noir des for\u00eats<\/em>\u00a0de Serge Mirzabekiantz (03.09)<\/h4>\n<p><em>avec Quito Rayon Richter, Elsa Houben, Aur\u00e9lia Petit, Fran\u00e7ois Prodhomme, Leelou Laridan<\/em><\/p>\n<div class=\"fl-module fl-module-rich-text fl-node-60d4785683d56\" data-node=\"60d4785683d56\">\n<div class=\"fl-module-content fl-node-content\">\n<div class=\"fl-rich-text\">\n<p><span data-sheets-value=\"{&quot;1&quot;:2,&quot;2&quot;:&quot;Nikola\u00ef, 16 ans, vit entre le foyer et des familles d\u2019accueil. Solitaire et hant\u00e9 par les origines de son abandon, il r\u00eave de fonder une famille. Quand Camille, 15 ans, intrigante et effront\u00e9e, d\u00e9barque dans son foyer, Nikola\u00ef la convainc de partir vivre avec lui dans la for\u00eat.&quot;}\" data-sheets-userformat=\"{&quot;2&quot;:9213,&quot;3&quot;:{&quot;1&quot;:0},&quot;5&quot;:{&quot;1&quot;:[{&quot;1&quot;:2,&quot;2&quot;:0,&quot;5&quot;:{&quot;1&quot;:2,&quot;2&quot;:0}},{&quot;1&quot;:0,&quot;2&quot;:0,&quot;3&quot;:3},{&quot;1&quot;:1,&quot;2&quot;:0,&quot;4&quot;:1}]},&quot;6&quot;:{&quot;1&quot;:[{&quot;1&quot;:2,&quot;2&quot;:0,&quot;5&quot;:{&quot;1&quot;:2,&quot;2&quot;:0}},{&quot;1&quot;:0,&quot;2&quot;:0,&quot;3&quot;:3},{&quot;1&quot;:1,&quot;2&quot;:0,&quot;4&quot;:1}]},&quot;7&quot;:{&quot;1&quot;:[{&quot;1&quot;:2,&quot;2&quot;:0,&quot;5&quot;:{&quot;1&quot;:2,&quot;2&quot;:0}},{&quot;1&quot;:0,&quot;2&quot;:0,&quot;3&quot;:3},{&quot;1&quot;:1,&quot;2&quot;:0,&quot;4&quot;:1}]},&quot;8&quot;:{&quot;1&quot;:[{&quot;1&quot;:2,&quot;2&quot;:0,&quot;5&quot;:{&quot;1&quot;:2,&quot;2&quot;:0}},{&quot;1&quot;:0,&quot;2&quot;:0,&quot;3&quot;:3},{&quot;1&quot;:1,&quot;2&quot;:0,&quot;4&quot;:1}]},&quot;9&quot;:1,&quot;10&quot;:1,&quot;11&quot;:4,&quot;12&quot;:0,&quot;16&quot;:10}\">Nikola\u00ef, 16 ans, vit entre le foyer et des familles d\u2019accueil. Solitaire et hant\u00e9 par les origines de son abandon, il r\u00eave de fonder une famille. Quand Camille, 15 ans, intrigante et effront\u00e9e, d\u00e9barque dans son foyer, Nikola\u00ef la convainc de partir vivre avec lui dans la for\u00eat.<\/span><\/p>\n<p><iframe loading=\"lazy\" title=\"Le Coeur Noir des For\u00eats  \/ Dark Heart of the Forest - Official Trailer (eng subs)\" src=\"https:\/\/player.vimeo.com\/video\/555613602?dnt=1&amp;app_id=122963\" width=\"618\" height=\"348\" frameborder=\"0\" allow=\"autoplay; fullscreen; picture-in-picture; clipboard-write; encrypted-media\"><\/iframe><\/p>\n<h4><em>Totem<\/em>\u00a0de Fred de Loof (05.09)<\/h4>\n<p><em>Avec Fred de Loof, Xavier Seron, Quentin Marteau, Fran\u00e7ois Neycken, Pablo Andres, C\u00e9line Peret, Olivier Bisback<\/em><\/p>\n<div class=\"fl-module fl-module-rich-text fl-node-60d4785683d56\" data-node=\"60d4785683d56\">\n<div class=\"fl-module-content fl-node-content\">\n<div class=\"fl-rich-text\">\n<p><span data-sheets-value=\"{&quot;1&quot;:2,&quot;2&quot;:&quot;Totem raconte l'histoire de Fran\u00e7ois Vandenberg, aka Buffle, un ancien scout hant\u00e9 la nuit par des rats g\u00e9ants qui n'a toujours pas fait le deuil d'un ami \u2013 un autre scout - disparu il y a vingt ans, r\u00e9pondant justement au nom de Rat G\u00e9ant. C'est Sylvie, sa psychologue, qui lui conseille de reformer sa bande, en organisant un camp. Mais cette th\u00e9rapie de groupe va prendre une nouvelle dimension lorsque que nos quadrag\u00e9naires vont d\u00e9couvrir un passage temporel.\\n\\n\\n&quot;}\" data-sheets-userformat=\"{&quot;2&quot;:9215,&quot;3&quot;:{&quot;1&quot;:0},&quot;4&quot;:{&quot;1&quot;:3,&quot;3&quot;:6},&quot;5&quot;:{&quot;1&quot;:[{&quot;1&quot;:2,&quot;2&quot;:0,&quot;5&quot;:{&quot;1&quot;:2,&quot;2&quot;:0}},{&quot;1&quot;:0,&quot;2&quot;:0,&quot;3&quot;:3},{&quot;1&quot;:1,&quot;2&quot;:0,&quot;4&quot;:1}]},&quot;6&quot;:{&quot;1&quot;:[{&quot;1&quot;:2,&quot;2&quot;:0,&quot;5&quot;:{&quot;1&quot;:2,&quot;2&quot;:0}},{&quot;1&quot;:0,&quot;2&quot;:0,&quot;3&quot;:3},{&quot;1&quot;:1,&quot;2&quot;:0,&quot;4&quot;:1}]},&quot;7&quot;:{&quot;1&quot;:[{&quot;1&quot;:2,&quot;2&quot;:0,&quot;5&quot;:{&quot;1&quot;:2,&quot;2&quot;:0}},{&quot;1&quot;:0,&quot;2&quot;:0,&quot;3&quot;:3},{&quot;1&quot;:1,&quot;2&quot;:0,&quot;4&quot;:1}]},&quot;8&quot;:{&quot;1&quot;:[{&quot;1&quot;:2,&quot;2&quot;:0,&quot;5&quot;:{&quot;1&quot;:2,&quot;2&quot;:0}},{&quot;1&quot;:0,&quot;2&quot;:0,&quot;3&quot;:3},{&quot;1&quot;:1,&quot;2&quot;:0,&quot;4&quot;:1}]},&quot;9&quot;:1,&quot;10&quot;:1,&quot;11&quot;:4,&quot;12&quot;:0,&quot;16&quot;:10}\"><em>Totem<\/em>\u00a0raconte l\u2019histoire de Fran\u00e7ois Vandenberg, aka Buffle, un ancien scout hant\u00e9 la nuit par des rats g\u00e9ants qui n\u2019a toujours pas fait le deuil d\u2019un ami \u2013 un autre scout \u2013 disparu il y a vingt ans, r\u00e9pondant justement au nom de Rat G\u00e9ant. C\u2019est Sylvie, sa psychologue, qui lui conseille de reformer sa bande, en organisant un camp. Mais cette th\u00e9rapie de groupe va prendre une nouvelle dimension lorsque que nos quadrag\u00e9naires vont d\u00e9couvrir un passage temporel.<\/span><\/p>\n<p><img loading=\"lazy\" decoding=\"async\" class=\"alignnone size-large wp-image-223398\" src=\"https:\/\/www.cinevox.be\/wp-content\/uploads\/sites\/2\/2019\/09\/20-800x533.jpg\" alt=\"Totem-Cedric-Bourgeois\" width=\"618\" height=\"412\" srcset=\"https:\/\/welovecinema.be\/wp-content\/uploads\/sites\/2\/2019\/09\/20-800x533.jpg 800w, https:\/\/welovecinema.be\/wp-content\/uploads\/sites\/2\/2019\/09\/20-405x270.jpg 405w, https:\/\/welovecinema.be\/wp-content\/uploads\/sites\/2\/2019\/09\/20-768x512.jpg 768w\" sizes=\"auto, (max-width: 618px) 100vw, 618px\" \/><\/p>\n<h4><em>Lucie perd son cheval<\/em>\u00a0de Claude Schmitz (07.09)<\/h4>\n<p><em>Avec Lucie Debay, H\u00e9l\u00e8ne Bressiant, Judith Wiliquet<\/em><\/p>\n<p>Chez sa grand-m\u00e8re, en compagnie de sa fille, Lucie r\u00eave de son m\u00e9tier d\u2019actrice.<\/p>\n<p><img loading=\"lazy\" decoding=\"async\" class=\"alignnone size-large wp-image-239624\" src=\"https:\/\/www.cinevox.be\/wp-content\/uploads\/sites\/2\/2021\/08\/un-royaume-800x595.jpeg\" alt=\"\" width=\"618\" height=\"460\" srcset=\"https:\/\/welovecinema.be\/wp-content\/uploads\/sites\/2\/2021\/08\/un-royaume-800x595.jpeg 800w, https:\/\/welovecinema.be\/wp-content\/uploads\/sites\/2\/2021\/08\/un-royaume-363x270.jpeg 363w, https:\/\/welovecinema.be\/wp-content\/uploads\/sites\/2\/2021\/08\/un-royaume-768x572.jpeg 768w, https:\/\/welovecinema.be\/wp-content\/uploads\/sites\/2\/2021\/08\/un-royaume.jpeg 1024w\" sizes=\"auto, (max-width: 618px) 100vw, 618px\" \/><\/p>\n<p>&nbsp;<\/p>\n<p>Notez que deux Cinevox Happening seront \u00e9galement organis\u00e9s avec deux films flamands de la Comp\u00e9tition Nationale, <em>Rookie<\/em> et <em>Kom hier dat ik u kus.<\/em><\/p>\n<p>&nbsp;<\/p>\n<p><strong>Pour vous inscrire, rien de plus simple, rendez-vous d\u00e8s ce vendredi 27 ao\u00fbt sur notre page <a href=\"https:\/\/www.cinevox.be\/fr\/vos-cinewishes\/\">Cinewish<\/a> pour choisir votre s\u00e9ance!<\/strong><\/p>\n<p>&nbsp;<\/p>\n<\/div>\n<\/div>\n<\/div>\n<\/div>\n<\/div>\n<\/div>\n","protected":false},"excerpt":{"rendered":"<p>Le 4e Brussels International Film Festival commence le 1er septembre prochain, pour 10 jours de c\u00e9l\u00e9bration des cin\u00e9mas du monde&#8230; et de Belgique! A cette occasion, Cinevox organise trois Happening exceptionnels, autour des trois fictions belges francophones qui seront pr\u00e9sent\u00e9es \u00e0 l&rsquo;occasion de la Comp\u00e9tition Nationale: Le Coeur noir des for\u00eats de Serge Mirzabekiantz le &hellip;<\/p>\n","protected":false},"author":343,"featured_media":239646,"comment_status":"closed","ping_status":"closed","sticky":false,"template":"","format":"standard","meta":{"ngg_post_thumbnail":0,"footnotes":""},"categories":[12],"tags":[4187],"class_list":["post-239623","post","type-post","status-publish","format-standard","has-post-thumbnail","","category-awards","tag-newsletter-fr"],"yoast_head":"<!-- This site is optimized with the Yoast SEO plugin v20.4 - https:\/\/yoast.com\/wordpress\/plugins\/seo\/ -->\n<title>BRIFF21: 3 Cinevox Happening sinon rien! - We Love Cinema<\/title>\n<meta name=\"robots\" content=\"index, follow, max-snippet:-1, max-image-preview:large, max-video-preview:-1\" \/>\n<link rel=\"canonical\" href=\"https:\/\/welovecinema.be\/fr\/briff21-3-cinevox-happening-sinon-rien\/\" \/>\n<meta property=\"og:locale\" content=\"fr_FR\" \/>\n<meta property=\"og:type\" content=\"article\" \/>\n<meta property=\"og:title\" content=\"BRIFF21: 3 Cinevox Happening sinon rien! - We Love Cinema\" \/>\n<meta property=\"og:description\" content=\"Le 4e Brussels International Film Festival commence le 1er septembre prochain, pour 10 jours de c\u00e9l\u00e9bration des cin\u00e9mas du monde&#8230; et de Belgique! A cette occasion, Cinevox organise trois Happening exceptionnels, autour des trois fictions belges francophones qui seront pr\u00e9sent\u00e9es \u00e0 l&rsquo;occasion de la Comp\u00e9tition Nationale: Le Coeur noir des for\u00eats de Serge Mirzabekiantz le &hellip;\" \/>\n<meta property=\"og:url\" content=\"https:\/\/welovecinema.be\/fr\/briff21-3-cinevox-happening-sinon-rien\/\" \/>\n<meta property=\"og:site_name\" content=\"We Love Cinema\" \/>\n<meta property=\"article:publisher\" content=\"https:\/\/www.facebook.com\/welovecinema.be\" \/>\n<meta property=\"article:published_time\" content=\"2021-08-26T18:23:07+00:00\" \/>\n<meta property=\"article:modified_time\" content=\"2021-08-27T13:21:54+00:00\" \/>\n<meta property=\"og:image\" content=\"https:\/\/welovecinema.be\/wp-content\/uploads\/sites\/2\/2021\/08\/Article-Cinevox-Happening-02070921.jpg\" \/>\n\t<meta property=\"og:image:width\" content=\"2560\" \/>\n\t<meta property=\"og:image:height\" content=\"1709\" \/>\n\t<meta property=\"og:image:type\" content=\"image\/jpeg\" \/>\n<meta name=\"author\" content=\"Aurore Engelen\" \/>\n<meta name=\"twitter:card\" content=\"summary_large_image\" \/>\n<meta name=\"twitter:label1\" content=\"\u00c9crit par\" \/>\n\t<meta name=\"twitter:data1\" content=\"Aurore Engelen\" \/>\n\t<meta name=\"twitter:label2\" content=\"Dur\u00e9e de lecture estim\u00e9e\" \/>\n\t<meta name=\"twitter:data2\" content=\"2 minutes\" \/>\n<script type=\"application\/ld+json\" class=\"yoast-schema-graph\">{\"@context\":\"https:\/\/schema.org\",\"@graph\":[{\"@type\":\"Article\",\"@id\":\"https:\/\/welovecinema.be\/fr\/briff21-3-cinevox-happening-sinon-rien\/#article\",\"isPartOf\":{\"@id\":\"https:\/\/welovecinema.be\/fr\/briff21-3-cinevox-happening-sinon-rien\/\"},\"author\":{\"name\":\"Aurore Engelen\",\"@id\":\"https:\/\/welovecinema.be\/nl\/#\/schema\/person\/8084b68c6b176142d073695c654dc7cf\"},\"headline\":\"BRIFF21: 3 Cinevox Happening sinon rien!\",\"datePublished\":\"2021-08-26T18:23:07+00:00\",\"dateModified\":\"2021-08-27T13:21:54+00:00\",\"mainEntityOfPage\":{\"@id\":\"https:\/\/welovecinema.be\/fr\/briff21-3-cinevox-happening-sinon-rien\/\"},\"wordCount\":361,\"publisher\":{\"@id\":\"https:\/\/welovecinema.be\/nl\/#organization\"},\"keywords\":[\"newsletter\"],\"articleSection\":[\"Evenements\"],\"inLanguage\":\"fr-FR\"},{\"@type\":\"WebPage\",\"@id\":\"https:\/\/welovecinema.be\/fr\/briff21-3-cinevox-happening-sinon-rien\/\",\"url\":\"https:\/\/welovecinema.be\/fr\/briff21-3-cinevox-happening-sinon-rien\/\",\"name\":\"BRIFF21: 3 Cinevox Happening sinon rien! - We Love Cinema\",\"isPartOf\":{\"@id\":\"https:\/\/welovecinema.be\/nl\/#website\"},\"datePublished\":\"2021-08-26T18:23:07+00:00\",\"dateModified\":\"2021-08-27T13:21:54+00:00\",\"breadcrumb\":{\"@id\":\"https:\/\/welovecinema.be\/fr\/briff21-3-cinevox-happening-sinon-rien\/#breadcrumb\"},\"inLanguage\":\"fr-FR\",\"potentialAction\":[{\"@type\":\"ReadAction\",\"target\":[\"https:\/\/welovecinema.be\/fr\/briff21-3-cinevox-happening-sinon-rien\/\"]}]},{\"@type\":\"BreadcrumbList\",\"@id\":\"https:\/\/welovecinema.be\/fr\/briff21-3-cinevox-happening-sinon-rien\/#breadcrumb\",\"itemListElement\":[{\"@type\":\"ListItem\",\"position\":1,\"name\":\"Accueil\",\"item\":\"https:\/\/welovecinema.be\/fr\/\"},{\"@type\":\"ListItem\",\"position\":2,\"name\":\"BRIFF21: 3 Cinevox Happening sinon rien!\"}]},{\"@type\":\"WebSite\",\"@id\":\"https:\/\/welovecinema.be\/nl\/#website\",\"url\":\"https:\/\/welovecinema.be\/nl\/\",\"name\":\"We Love Cinema\",\"description\":\"Toute l\u2019information du cin\u00e9ma en Belgique\",\"publisher\":{\"@id\":\"https:\/\/welovecinema.be\/nl\/#organization\"},\"potentialAction\":[{\"@type\":\"SearchAction\",\"target\":{\"@type\":\"EntryPoint\",\"urlTemplate\":\"https:\/\/welovecinema.be\/nl\/?s={search_term_string}\"},\"query-input\":\"required name=search_term_string\"}],\"inLanguage\":\"fr-FR\"},{\"@type\":\"Organization\",\"@id\":\"https:\/\/welovecinema.be\/nl\/#organization\",\"name\":\"We Love Cinema\",\"url\":\"https:\/\/welovecinema.be\/nl\/\",\"logo\":{\"@type\":\"ImageObject\",\"inLanguage\":\"fr-FR\",\"@id\":\"https:\/\/welovecinema.be\/nl\/#\/schema\/logo\/image\/\",\"url\":\"https:\/\/welovecinema.be\/wp-content\/uploads\/sites\/2\/2023\/03\/Logo-We-Love-Cinema305x128.jpg\",\"contentUrl\":\"https:\/\/welovecinema.be\/wp-content\/uploads\/sites\/2\/2023\/03\/Logo-We-Love-Cinema305x128.jpg\",\"width\":305,\"height\":128,\"caption\":\"We Love Cinema\"},\"image\":{\"@id\":\"https:\/\/welovecinema.be\/nl\/#\/schema\/logo\/image\/\"},\"sameAs\":[\"https:\/\/www.facebook.com\/welovecinema.be\",\"https:\/\/www.youtube.com\/channel\/UCX5LYGVhnKvYauW4Nta4HJA\",\"https:\/\/www.instagram.com\/welovecinema.be\/\"]},{\"@type\":\"Person\",\"@id\":\"https:\/\/welovecinema.be\/nl\/#\/schema\/person\/8084b68c6b176142d073695c654dc7cf\",\"name\":\"Aurore Engelen\",\"url\":\"https:\/\/welovecinema.be\/fr\/author\/aurore-engelen\/\"}]}<\/script>\n<!-- \/ Yoast SEO plugin. -->","yoast_head_json":{"title":"BRIFF21: 3 Cinevox Happening sinon rien! - We Love Cinema","robots":{"index":"index","follow":"follow","max-snippet":"max-snippet:-1","max-image-preview":"max-image-preview:large","max-video-preview":"max-video-preview:-1"},"canonical":"https:\/\/welovecinema.be\/fr\/briff21-3-cinevox-happening-sinon-rien\/","og_locale":"fr_FR","og_type":"article","og_title":"BRIFF21: 3 Cinevox Happening sinon rien! - We Love Cinema","og_description":"Le 4e Brussels International Film Festival commence le 1er septembre prochain, pour 10 jours de c\u00e9l\u00e9bration des cin\u00e9mas du monde&#8230; et de Belgique! A cette occasion, Cinevox organise trois Happening exceptionnels, autour des trois fictions belges francophones qui seront pr\u00e9sent\u00e9es \u00e0 l&rsquo;occasion de la Comp\u00e9tition Nationale: Le Coeur noir des for\u00eats de Serge Mirzabekiantz le &hellip;","og_url":"https:\/\/welovecinema.be\/fr\/briff21-3-cinevox-happening-sinon-rien\/","og_site_name":"We Love Cinema","article_publisher":"https:\/\/www.facebook.com\/welovecinema.be","article_published_time":"2021-08-26T18:23:07+00:00","article_modified_time":"2021-08-27T13:21:54+00:00","og_image":[{"width":2560,"height":1709,"url":"https:\/\/welovecinema.be\/wp-content\/uploads\/sites\/2\/2021\/08\/Article-Cinevox-Happening-02070921.jpg","type":"image\/jpeg"}],"author":"Aurore Engelen","twitter_card":"summary_large_image","twitter_misc":{"\u00c9crit par":"Aurore Engelen","Dur\u00e9e de lecture estim\u00e9e":"2 minutes"},"schema":{"@context":"https:\/\/schema.org","@graph":[{"@type":"Article","@id":"https:\/\/welovecinema.be\/fr\/briff21-3-cinevox-happening-sinon-rien\/#article","isPartOf":{"@id":"https:\/\/welovecinema.be\/fr\/briff21-3-cinevox-happening-sinon-rien\/"},"author":{"name":"Aurore Engelen","@id":"https:\/\/welovecinema.be\/nl\/#\/schema\/person\/8084b68c6b176142d073695c654dc7cf"},"headline":"BRIFF21: 3 Cinevox Happening sinon rien!","datePublished":"2021-08-26T18:23:07+00:00","dateModified":"2021-08-27T13:21:54+00:00","mainEntityOfPage":{"@id":"https:\/\/welovecinema.be\/fr\/briff21-3-cinevox-happening-sinon-rien\/"},"wordCount":361,"publisher":{"@id":"https:\/\/welovecinema.be\/nl\/#organization"},"keywords":["newsletter"],"articleSection":["Evenements"],"inLanguage":"fr-FR"},{"@type":"WebPage","@id":"https:\/\/welovecinema.be\/fr\/briff21-3-cinevox-happening-sinon-rien\/","url":"https:\/\/welovecinema.be\/fr\/briff21-3-cinevox-happening-sinon-rien\/","name":"BRIFF21: 3 Cinevox Happening sinon rien! - We Love Cinema","isPartOf":{"@id":"https:\/\/welovecinema.be\/nl\/#website"},"datePublished":"2021-08-26T18:23:07+00:00","dateModified":"2021-08-27T13:21:54+00:00","breadcrumb":{"@id":"https:\/\/welovecinema.be\/fr\/briff21-3-cinevox-happening-sinon-rien\/#breadcrumb"},"inLanguage":"fr-FR","potentialAction":[{"@type":"ReadAction","target":["https:\/\/welovecinema.be\/fr\/briff21-3-cinevox-happening-sinon-rien\/"]}]},{"@type":"BreadcrumbList","@id":"https:\/\/welovecinema.be\/fr\/briff21-3-cinevox-happening-sinon-rien\/#breadcrumb","itemListElement":[{"@type":"ListItem","position":1,"name":"Accueil","item":"https:\/\/welovecinema.be\/fr\/"},{"@type":"ListItem","position":2,"name":"BRIFF21: 3 Cinevox Happening sinon rien!"}]},{"@type":"WebSite","@id":"https:\/\/welovecinema.be\/nl\/#website","url":"https:\/\/welovecinema.be\/nl\/","name":"We Love Cinema","description":"Toute l\u2019information du cin\u00e9ma en Belgique","publisher":{"@id":"https:\/\/welovecinema.be\/nl\/#organization"},"potentialAction":[{"@type":"SearchAction","target":{"@type":"EntryPoint","urlTemplate":"https:\/\/welovecinema.be\/nl\/?s={search_term_string}"},"query-input":"required name=search_term_string"}],"inLanguage":"fr-FR"},{"@type":"Organization","@id":"https:\/\/welovecinema.be\/nl\/#organization","name":"We Love Cinema","url":"https:\/\/welovecinema.be\/nl\/","logo":{"@type":"ImageObject","inLanguage":"fr-FR","@id":"https:\/\/welovecinema.be\/nl\/#\/schema\/logo\/image\/","url":"https:\/\/welovecinema.be\/wp-content\/uploads\/sites\/2\/2023\/03\/Logo-We-Love-Cinema305x128.jpg","contentUrl":"https:\/\/welovecinema.be\/wp-content\/uploads\/sites\/2\/2023\/03\/Logo-We-Love-Cinema305x128.jpg","width":305,"height":128,"caption":"We Love Cinema"},"image":{"@id":"https:\/\/welovecinema.be\/nl\/#\/schema\/logo\/image\/"},"sameAs":["https:\/\/www.facebook.com\/welovecinema.be","https:\/\/www.youtube.com\/channel\/UCX5LYGVhnKvYauW4Nta4HJA","https:\/\/www.instagram.com\/welovecinema.be\/"]},{"@type":"Person","@id":"https:\/\/welovecinema.be\/nl\/#\/schema\/person\/8084b68c6b176142d073695c654dc7cf","name":"Aurore Engelen","url":"https:\/\/welovecinema.be\/fr\/author\/aurore-engelen\/"}]}},"_links":{"self":[{"href":"https:\/\/welovecinema.be\/fr\/wp-json\/wp\/v2\/posts\/239623","targetHints":{"allow":["GET"]}}],"collection":[{"href":"https:\/\/welovecinema.be\/fr\/wp-json\/wp\/v2\/posts"}],"about":[{"href":"https:\/\/welovecinema.be\/fr\/wp-json\/wp\/v2\/types\/post"}],"author":[{"embeddable":true,"href":"https:\/\/welovecinema.be\/fr\/wp-json\/wp\/v2\/users\/343"}],"replies":[{"embeddable":true,"href":"https:\/\/welovecinema.be\/fr\/wp-json\/wp\/v2\/comments?post=239623"}],"version-history":[{"count":0,"href":"https:\/\/welovecinema.be\/fr\/wp-json\/wp\/v2\/posts\/239623\/revisions"}],"wp:featuredmedia":[{"embeddable":true,"href":"https:\/\/welovecinema.be\/fr\/wp-json\/wp\/v2\/media\/239646"}],"wp:attachment":[{"href":"https:\/\/welovecinema.be\/fr\/wp-json\/wp\/v2\/media?parent=239623"}],"wp:term":[{"taxonomy":"category","embeddable":true,"href":"https:\/\/welovecinema.be\/fr\/wp-json\/wp\/v2\/categories?post=239623"},{"taxonomy":"post_tag","embeddable":true,"href":"https:\/\/welovecinema.be\/fr\/wp-json\/wp\/v2\/tags?post=239623"}],"curies":[{"name":"wp","href":"https:\/\/api.w.org\/{rel}","templated":true}]}}