{"id":239465,"date":"2021-08-18T16:06:28","date_gmt":"2021-08-18T14:06:28","guid":{"rendered":"https:\/\/www.cinevox.be\/?p=239465"},"modified":"2021-08-18T23:01:32","modified_gmt":"2021-08-18T21:01:32","slug":"la-derniere-tentation-des-belges-a-groland","status":"publish","type":"post","link":"https:\/\/welovecinema.be\/fr\/la-derniere-tentation-des-belges-a-groland\/","title":{"rendered":"\u00ab\u00a0La Derni\u00e8re Tentation des Belges\u00a0\u00bb \u00e0 Groland!"},"content":{"rendered":"<p><strong>\u00c0 film iconoclaste, Festival iconoclaste!<em> La Derni\u00e8re Tentation des Belges<\/em>, le dernier film de Jan Bucquoy, sera d\u00e9voil\u00e9 en avant-premi\u00e8re \u00e0 l&rsquo;occasion de l&rsquo;inclassable Fifigrot, aka le Festival Groland \u00e0 Toulouse, qui se tiendra du 20 au 26 septembre, pardon, septemb&rsquo; prochains!<\/strong><\/p>\n<p>Une destination immanquable pour le plus agitateur des cin\u00e9astes belges, qui pr\u00e9sentera donc sur les terres de Kervern et Del\u00e9pine le dernier opus de sa trilogie officieuse form\u00e9e de <em>La Vie sexuelle des Belges, Camping Cosmos<\/em> et <em>La Derni\u00e8re Tentation des Belges<\/em> donc, en Comp\u00e9tition s&rsquo;il-vous-plait!<\/p>\n<p>Mais de quoi \u00e7a parle? Jan est un artiste provocateur avec ses oeuvres d&rsquo;art, ses conqu\u00eates f\u00e9minines et ses nombreuses tentatives pour changer le monde. Marie, sa fille unique, lui reproche d&rsquo;avoir \u00e9t\u00e9 un p\u00e8re absent, toujours embarqu\u00e9 dans de folles aventures. Aujourd&rsquo;hui, elle veut se suicider, et lui s&rsquo;efforce de la retenir. Comment? En lui racontant des histoires comme dans les contes des 1000 et une nuits&#8230; Aussi longtemps qu&rsquo;il retiendra son attention, elle ne sautera pas.<\/p>\n<p><img loading=\"lazy\" decoding=\"async\" class=\"alignnone size-large wp-image-234241\" src=\"https:\/\/www.cinevox.be\/wp-content\/uploads\/sites\/2\/2020\/12\/derniere_tentation_hill-1-800x375.png\" alt=\"\" width=\"618\" height=\"290\" srcset=\"https:\/\/welovecinema.be\/wp-content\/uploads\/sites\/2\/2020\/12\/derniere_tentation_hill-1-800x375.png 800w, https:\/\/welovecinema.be\/wp-content\/uploads\/sites\/2\/2020\/12\/derniere_tentation_hill-1-480x225.png 480w, https:\/\/welovecinema.be\/wp-content\/uploads\/sites\/2\/2020\/12\/derniere_tentation_hill-1-768x360.png 768w, https:\/\/welovecinema.be\/wp-content\/uploads\/sites\/2\/2020\/12\/derniere_tentation_hill-1-1536x720.png 1536w, https:\/\/welovecinema.be\/wp-content\/uploads\/sites\/2\/2020\/12\/derniere_tentation_hill-1.png 1600w\" sizes=\"auto, (max-width: 618px) 100vw, 618px\" \/><\/p>\n<p>Une com\u00e9die qui s&rsquo;annonce douce-am\u00e8re sur la paternit\u00e9, l&rsquo;\u00eatre artiste, la r\u00e9volution, au coeur de la Wallonie. Souvenez-vous, il y a quelques mois, nous rencontrions Jan Bucquoy <a href=\"https:\/\/www.cinevox.be\/fr\/sur-le-tournage-de-la-derniere-tentation-des-belges\/\">sur le tournage du film<\/a>, mais aussi Wim Willaert, sa nouvelle incarnation, ainsi que la jeune Alice Dutoit (plus connue sous le nom de Alice on the Roof), qui faisait l\u00e0 ses d\u00e9buts devant la cam\u00e9ra. On retrouve \u00e9galement au g\u00e9n\u00e9rique l&rsquo;in\u00e9narrable Alex Vizorek.<\/p>\n<p>On notera en passant que le festival ouvrira avec <em>Les Sans dents<\/em>, le dernier film de Pascal Rabat\u00e9, avec notamment Yolande Moreau &#8211; que l&rsquo;on retrouvera \u00e9galement dans <em>Za\u00ef Za\u00ef Za\u00ef Za\u00ef<\/em> de Fran\u00e7ois Desagnat, et que sera \u00e9galement projet\u00e9 les documentaires <em>Tout va bien! Le cin\u00e9ma de Jan Bucquoy<\/em> de Stefan Thibeau et<em> Le Divorce de mes marrants<\/em> de Romy Trajman (dont nous vous parlions <a href=\"https:\/\/www.cinevox.be\/fr\/le-divorce-de-mes-marrants-docupop\/\">ici<\/a>).<\/p>\n<p><img loading=\"lazy\" decoding=\"async\" class=\"alignnone size-large wp-image-239471\" src=\"https:\/\/www.cinevox.be\/wp-content\/uploads\/sites\/2\/2021\/08\/les-sans-dents-800x432.jpeg\" alt=\"les-sans-dents\" width=\"618\" height=\"334\" srcset=\"https:\/\/welovecinema.be\/wp-content\/uploads\/sites\/2\/2021\/08\/les-sans-dents-800x432.jpeg 800w, https:\/\/welovecinema.be\/wp-content\/uploads\/sites\/2\/2021\/08\/les-sans-dents-480x259.jpeg 480w, https:\/\/welovecinema.be\/wp-content\/uploads\/sites\/2\/2021\/08\/les-sans-dents-768x415.jpeg 768w, https:\/\/welovecinema.be\/wp-content\/uploads\/sites\/2\/2021\/08\/les-sans-dents.jpeg 1023w\" sizes=\"auto, (max-width: 618px) 100vw, 618px\" \/><\/p>\n<p>Seront \u00e9galement projet\u00e9s <em>Spr\u00f6tch<\/em>, l&rsquo;excellent court m\u00e9trage de Xavier Seron, ainsi que <em>Poulet Frites<\/em> de Jean Libon et Yves Hinant, les auteurs de <em>Ni juge ni soumise<\/em>, dans lequel on retrouve la juge d\u2019instruction Anne Gruwez bien des ann\u00e9es auparavant, et dont l\u2019action est davantage centr\u00e9e sur une enqu\u00eate. Les r\u00e9alisateurs ont exhum\u00e9 de leurs tiroirs des archives en noir et blanc, d\u2019une affaire pleine de rebondissements et dont la pi\u00e8ce \u00e0 conviction s\u2019av\u00e8re \u00eatre&#8230; une frite. Evidemment.<\/p>\n","protected":false},"excerpt":{"rendered":"<p>\u00c0 film iconoclaste, Festival iconoclaste! La Derni\u00e8re Tentation des Belges, le dernier film de Jan Bucquoy, sera d\u00e9voil\u00e9 en avant-premi\u00e8re \u00e0 l&rsquo;occasion de l&rsquo;inclassable Fifigrot, aka le Festival Groland \u00e0 Toulouse, qui se tiendra du 20 au 26 septembre, pardon, septemb&rsquo; prochains! Une destination immanquable pour le plus agitateur des cin\u00e9astes belges, qui pr\u00e9sentera donc &hellip;<\/p>\n","protected":false},"author":343,"featured_media":239469,"comment_status":"closed","ping_status":"closed","sticky":false,"template":"","format":"standard","meta":{"ngg_post_thumbnail":0,"footnotes":""},"categories":[53,12],"tags":[6421,4314,4187],"class_list":["post-239465","post","type-post","status-publish","format-standard","has-post-thumbnail","","category-coming-soon","category-awards","tag-derniere-tentation","tag-jan-bucquoy-2","tag-newsletter-fr"],"yoast_head":"<!-- This site is optimized with the Yoast SEO plugin v20.4 - https:\/\/yoast.com\/wordpress\/plugins\/seo\/ -->\n<title>&quot;La Derni\u00e8re Tentation des Belges&quot; \u00e0 Groland! - We Love Cinema<\/title>\n<meta name=\"robots\" content=\"index, follow, max-snippet:-1, max-image-preview:large, max-video-preview:-1\" \/>\n<link rel=\"canonical\" href=\"https:\/\/welovecinema.be\/fr\/la-derniere-tentation-des-belges-a-groland\/\" \/>\n<meta property=\"og:locale\" content=\"fr_FR\" \/>\n<meta property=\"og:type\" content=\"article\" \/>\n<meta property=\"og:title\" content=\"&quot;La Derni\u00e8re Tentation des Belges&quot; \u00e0 Groland! - We Love Cinema\" \/>\n<meta property=\"og:description\" content=\"\u00c0 film iconoclaste, Festival iconoclaste! La Derni\u00e8re Tentation des Belges, le dernier film de Jan Bucquoy, sera d\u00e9voil\u00e9 en avant-premi\u00e8re \u00e0 l&rsquo;occasion de l&rsquo;inclassable Fifigrot, aka le Festival Groland \u00e0 Toulouse, qui se tiendra du 20 au 26 septembre, pardon, septemb&rsquo; prochains! Une destination immanquable pour le plus agitateur des cin\u00e9astes belges, qui pr\u00e9sentera donc &hellip;\" \/>\n<meta property=\"og:url\" content=\"https:\/\/welovecinema.be\/fr\/la-derniere-tentation-des-belges-a-groland\/\" \/>\n<meta property=\"og:site_name\" content=\"We Love Cinema\" \/>\n<meta property=\"article:publisher\" content=\"https:\/\/www.facebook.com\/welovecinema.be\" \/>\n<meta property=\"article:published_time\" content=\"2021-08-18T14:06:28+00:00\" \/>\n<meta property=\"article:modified_time\" content=\"2021-08-18T21:01:32+00:00\" \/>\n<meta property=\"og:image\" content=\"https:\/\/welovecinema.be\/wp-content\/uploads\/sites\/2\/2021\/08\/Derniere-tentationTstillsditributeurs4-720x380-1.jpeg\" \/>\n\t<meta property=\"og:image:width\" content=\"720\" \/>\n\t<meta property=\"og:image:height\" content=\"380\" \/>\n\t<meta property=\"og:image:type\" content=\"image\/jpeg\" \/>\n<meta name=\"author\" content=\"Aurore Engelen\" \/>\n<meta name=\"twitter:card\" content=\"summary_large_image\" \/>\n<meta name=\"twitter:label1\" content=\"\u00c9crit par\" \/>\n\t<meta name=\"twitter:data1\" content=\"Aurore Engelen\" \/>\n\t<meta name=\"twitter:label2\" content=\"Dur\u00e9e de lecture estim\u00e9e\" \/>\n\t<meta name=\"twitter:data2\" content=\"3 minutes\" \/>\n<script type=\"application\/ld+json\" class=\"yoast-schema-graph\">{\"@context\":\"https:\/\/schema.org\",\"@graph\":[{\"@type\":\"Article\",\"@id\":\"https:\/\/welovecinema.be\/fr\/la-derniere-tentation-des-belges-a-groland\/#article\",\"isPartOf\":{\"@id\":\"https:\/\/welovecinema.be\/fr\/la-derniere-tentation-des-belges-a-groland\/\"},\"author\":{\"name\":\"Aurore Engelen\",\"@id\":\"https:\/\/welovecinema.be\/nl\/#\/schema\/person\/8084b68c6b176142d073695c654dc7cf\"},\"headline\":\"\u00ab\u00a0La Derni\u00e8re Tentation des Belges\u00a0\u00bb \u00e0 Groland!\",\"datePublished\":\"2021-08-18T14:06:28+00:00\",\"dateModified\":\"2021-08-18T21:01:32+00:00\",\"mainEntityOfPage\":{\"@id\":\"https:\/\/welovecinema.be\/fr\/la-derniere-tentation-des-belges-a-groland\/\"},\"wordCount\":430,\"publisher\":{\"@id\":\"https:\/\/welovecinema.be\/nl\/#organization\"},\"keywords\":[\"Derni\u00e8re Tentation\",\"Jan Bucquoy\",\"newsletter\"],\"articleSection\":[\"Coming soon\",\"Evenements\"],\"inLanguage\":\"fr-FR\"},{\"@type\":\"WebPage\",\"@id\":\"https:\/\/welovecinema.be\/fr\/la-derniere-tentation-des-belges-a-groland\/\",\"url\":\"https:\/\/welovecinema.be\/fr\/la-derniere-tentation-des-belges-a-groland\/\",\"name\":\"\\\"La Derni\u00e8re Tentation des Belges\\\" \u00e0 Groland! - We Love Cinema\",\"isPartOf\":{\"@id\":\"https:\/\/welovecinema.be\/nl\/#website\"},\"datePublished\":\"2021-08-18T14:06:28+00:00\",\"dateModified\":\"2021-08-18T21:01:32+00:00\",\"breadcrumb\":{\"@id\":\"https:\/\/welovecinema.be\/fr\/la-derniere-tentation-des-belges-a-groland\/#breadcrumb\"},\"inLanguage\":\"fr-FR\",\"potentialAction\":[{\"@type\":\"ReadAction\",\"target\":[\"https:\/\/welovecinema.be\/fr\/la-derniere-tentation-des-belges-a-groland\/\"]}]},{\"@type\":\"BreadcrumbList\",\"@id\":\"https:\/\/welovecinema.be\/fr\/la-derniere-tentation-des-belges-a-groland\/#breadcrumb\",\"itemListElement\":[{\"@type\":\"ListItem\",\"position\":1,\"name\":\"Accueil\",\"item\":\"https:\/\/welovecinema.be\/fr\/\"},{\"@type\":\"ListItem\",\"position\":2,\"name\":\"\u00ab\u00a0La Derni\u00e8re Tentation des Belges\u00a0\u00bb \u00e0 Groland!\"}]},{\"@type\":\"WebSite\",\"@id\":\"https:\/\/welovecinema.be\/nl\/#website\",\"url\":\"https:\/\/welovecinema.be\/nl\/\",\"name\":\"We Love Cinema\",\"description\":\"Toute l\u2019information du cin\u00e9ma en Belgique\",\"publisher\":{\"@id\":\"https:\/\/welovecinema.be\/nl\/#organization\"},\"potentialAction\":[{\"@type\":\"SearchAction\",\"target\":{\"@type\":\"EntryPoint\",\"urlTemplate\":\"https:\/\/welovecinema.be\/nl\/?s={search_term_string}\"},\"query-input\":\"required name=search_term_string\"}],\"inLanguage\":\"fr-FR\"},{\"@type\":\"Organization\",\"@id\":\"https:\/\/welovecinema.be\/nl\/#organization\",\"name\":\"We Love Cinema\",\"url\":\"https:\/\/welovecinema.be\/nl\/\",\"logo\":{\"@type\":\"ImageObject\",\"inLanguage\":\"fr-FR\",\"@id\":\"https:\/\/welovecinema.be\/nl\/#\/schema\/logo\/image\/\",\"url\":\"https:\/\/welovecinema.be\/wp-content\/uploads\/sites\/2\/2023\/03\/Logo-We-Love-Cinema305x128.jpg\",\"contentUrl\":\"https:\/\/welovecinema.be\/wp-content\/uploads\/sites\/2\/2023\/03\/Logo-We-Love-Cinema305x128.jpg\",\"width\":305,\"height\":128,\"caption\":\"We Love Cinema\"},\"image\":{\"@id\":\"https:\/\/welovecinema.be\/nl\/#\/schema\/logo\/image\/\"},\"sameAs\":[\"https:\/\/www.facebook.com\/welovecinema.be\",\"https:\/\/www.youtube.com\/channel\/UCX5LYGVhnKvYauW4Nta4HJA\",\"https:\/\/www.instagram.com\/welovecinema.be\/\"]},{\"@type\":\"Person\",\"@id\":\"https:\/\/welovecinema.be\/nl\/#\/schema\/person\/8084b68c6b176142d073695c654dc7cf\",\"name\":\"Aurore Engelen\",\"url\":\"https:\/\/welovecinema.be\/fr\/author\/aurore-engelen\/\"}]}<\/script>\n<!-- \/ Yoast SEO plugin. -->","yoast_head_json":{"title":"\"La Derni\u00e8re Tentation des Belges\" \u00e0 Groland! - We Love Cinema","robots":{"index":"index","follow":"follow","max-snippet":"max-snippet:-1","max-image-preview":"max-image-preview:large","max-video-preview":"max-video-preview:-1"},"canonical":"https:\/\/welovecinema.be\/fr\/la-derniere-tentation-des-belges-a-groland\/","og_locale":"fr_FR","og_type":"article","og_title":"\"La Derni\u00e8re Tentation des Belges\" \u00e0 Groland! - We Love Cinema","og_description":"\u00c0 film iconoclaste, Festival iconoclaste! La Derni\u00e8re Tentation des Belges, le dernier film de Jan Bucquoy, sera d\u00e9voil\u00e9 en avant-premi\u00e8re \u00e0 l&rsquo;occasion de l&rsquo;inclassable Fifigrot, aka le Festival Groland \u00e0 Toulouse, qui se tiendra du 20 au 26 septembre, pardon, septemb&rsquo; prochains! Une destination immanquable pour le plus agitateur des cin\u00e9astes belges, qui pr\u00e9sentera donc &hellip;","og_url":"https:\/\/welovecinema.be\/fr\/la-derniere-tentation-des-belges-a-groland\/","og_site_name":"We Love Cinema","article_publisher":"https:\/\/www.facebook.com\/welovecinema.be","article_published_time":"2021-08-18T14:06:28+00:00","article_modified_time":"2021-08-18T21:01:32+00:00","og_image":[{"width":720,"height":380,"url":"https:\/\/welovecinema.be\/wp-content\/uploads\/sites\/2\/2021\/08\/Derniere-tentationTstillsditributeurs4-720x380-1.jpeg","type":"image\/jpeg"}],"author":"Aurore Engelen","twitter_card":"summary_large_image","twitter_misc":{"\u00c9crit par":"Aurore Engelen","Dur\u00e9e de lecture estim\u00e9e":"3 minutes"},"schema":{"@context":"https:\/\/schema.org","@graph":[{"@type":"Article","@id":"https:\/\/welovecinema.be\/fr\/la-derniere-tentation-des-belges-a-groland\/#article","isPartOf":{"@id":"https:\/\/welovecinema.be\/fr\/la-derniere-tentation-des-belges-a-groland\/"},"author":{"name":"Aurore Engelen","@id":"https:\/\/welovecinema.be\/nl\/#\/schema\/person\/8084b68c6b176142d073695c654dc7cf"},"headline":"\u00ab\u00a0La Derni\u00e8re Tentation des Belges\u00a0\u00bb \u00e0 Groland!","datePublished":"2021-08-18T14:06:28+00:00","dateModified":"2021-08-18T21:01:32+00:00","mainEntityOfPage":{"@id":"https:\/\/welovecinema.be\/fr\/la-derniere-tentation-des-belges-a-groland\/"},"wordCount":430,"publisher":{"@id":"https:\/\/welovecinema.be\/nl\/#organization"},"keywords":["Derni\u00e8re Tentation","Jan Bucquoy","newsletter"],"articleSection":["Coming soon","Evenements"],"inLanguage":"fr-FR"},{"@type":"WebPage","@id":"https:\/\/welovecinema.be\/fr\/la-derniere-tentation-des-belges-a-groland\/","url":"https:\/\/welovecinema.be\/fr\/la-derniere-tentation-des-belges-a-groland\/","name":"\"La Derni\u00e8re Tentation des Belges\" \u00e0 Groland! - We Love Cinema","isPartOf":{"@id":"https:\/\/welovecinema.be\/nl\/#website"},"datePublished":"2021-08-18T14:06:28+00:00","dateModified":"2021-08-18T21:01:32+00:00","breadcrumb":{"@id":"https:\/\/welovecinema.be\/fr\/la-derniere-tentation-des-belges-a-groland\/#breadcrumb"},"inLanguage":"fr-FR","potentialAction":[{"@type":"ReadAction","target":["https:\/\/welovecinema.be\/fr\/la-derniere-tentation-des-belges-a-groland\/"]}]},{"@type":"BreadcrumbList","@id":"https:\/\/welovecinema.be\/fr\/la-derniere-tentation-des-belges-a-groland\/#breadcrumb","itemListElement":[{"@type":"ListItem","position":1,"name":"Accueil","item":"https:\/\/welovecinema.be\/fr\/"},{"@type":"ListItem","position":2,"name":"\u00ab\u00a0La Derni\u00e8re Tentation des Belges\u00a0\u00bb \u00e0 Groland!"}]},{"@type":"WebSite","@id":"https:\/\/welovecinema.be\/nl\/#website","url":"https:\/\/welovecinema.be\/nl\/","name":"We Love Cinema","description":"Toute l\u2019information du cin\u00e9ma en Belgique","publisher":{"@id":"https:\/\/welovecinema.be\/nl\/#organization"},"potentialAction":[{"@type":"SearchAction","target":{"@type":"EntryPoint","urlTemplate":"https:\/\/welovecinema.be\/nl\/?s={search_term_string}"},"query-input":"required name=search_term_string"}],"inLanguage":"fr-FR"},{"@type":"Organization","@id":"https:\/\/welovecinema.be\/nl\/#organization","name":"We Love Cinema","url":"https:\/\/welovecinema.be\/nl\/","logo":{"@type":"ImageObject","inLanguage":"fr-FR","@id":"https:\/\/welovecinema.be\/nl\/#\/schema\/logo\/image\/","url":"https:\/\/welovecinema.be\/wp-content\/uploads\/sites\/2\/2023\/03\/Logo-We-Love-Cinema305x128.jpg","contentUrl":"https:\/\/welovecinema.be\/wp-content\/uploads\/sites\/2\/2023\/03\/Logo-We-Love-Cinema305x128.jpg","width":305,"height":128,"caption":"We Love Cinema"},"image":{"@id":"https:\/\/welovecinema.be\/nl\/#\/schema\/logo\/image\/"},"sameAs":["https:\/\/www.facebook.com\/welovecinema.be","https:\/\/www.youtube.com\/channel\/UCX5LYGVhnKvYauW4Nta4HJA","https:\/\/www.instagram.com\/welovecinema.be\/"]},{"@type":"Person","@id":"https:\/\/welovecinema.be\/nl\/#\/schema\/person\/8084b68c6b176142d073695c654dc7cf","name":"Aurore Engelen","url":"https:\/\/welovecinema.be\/fr\/author\/aurore-engelen\/"}]}},"_links":{"self":[{"href":"https:\/\/welovecinema.be\/fr\/wp-json\/wp\/v2\/posts\/239465","targetHints":{"allow":["GET"]}}],"collection":[{"href":"https:\/\/welovecinema.be\/fr\/wp-json\/wp\/v2\/posts"}],"about":[{"href":"https:\/\/welovecinema.be\/fr\/wp-json\/wp\/v2\/types\/post"}],"author":[{"embeddable":true,"href":"https:\/\/welovecinema.be\/fr\/wp-json\/wp\/v2\/users\/343"}],"replies":[{"embeddable":true,"href":"https:\/\/welovecinema.be\/fr\/wp-json\/wp\/v2\/comments?post=239465"}],"version-history":[{"count":0,"href":"https:\/\/welovecinema.be\/fr\/wp-json\/wp\/v2\/posts\/239465\/revisions"}],"wp:featuredmedia":[{"embeddable":true,"href":"https:\/\/welovecinema.be\/fr\/wp-json\/wp\/v2\/media\/239469"}],"wp:attachment":[{"href":"https:\/\/welovecinema.be\/fr\/wp-json\/wp\/v2\/media?parent=239465"}],"wp:term":[{"taxonomy":"category","embeddable":true,"href":"https:\/\/welovecinema.be\/fr\/wp-json\/wp\/v2\/categories?post=239465"},{"taxonomy":"post_tag","embeddable":true,"href":"https:\/\/welovecinema.be\/fr\/wp-json\/wp\/v2\/tags?post=239465"}],"curies":[{"name":"wp","href":"https:\/\/api.w.org\/{rel}","templated":true}]}}