{"id":239453,"date":"2021-08-18T15:11:30","date_gmt":"2021-08-18T13:11:30","guid":{"rendered":"https:\/\/www.cinevox.be\/?p=239453"},"modified":"2021-08-18T16:07:50","modified_gmt":"2021-08-18T14:07:50","slug":"programme-festif-au-briff","status":"publish","type":"post","link":"https:\/\/welovecinema.be\/fr\/programme-festif-au-briff\/","title":{"rendered":"Programme festif au BRIFF!"},"content":{"rendered":"<p><strong>Le Brussels International Film Festival vient d&rsquo;annoncer le programme de sa 4e \u00e9dition, qui s&rsquo;annonce festive, envers et contre tout!<\/strong><\/p>\n<p>On savait d\u00e9j\u00e0 que le Festival ouvrirait avec le nouveau film de Matthieu Amalric, <em>Serre-moi fort<\/em>, en t\u00eate d&rsquo;affiche duquel on retrouve la com\u00e9dienne luxembourgeoise Vicky Krieps, et le com\u00e9die belge Arieh Worthalter. Cette histoire d&rsquo;amour et de perte bouleversante sortira le 8 septembre prochaine, on en reparlera tr\u00e8s vite.<\/p>\n<p>Le BRIFF accueillera \u00e9galement l&rsquo;avant-premi\u00e8re belge du tr\u00e8s attendu <em>Benedetta<\/em>, du sulfureux Paul Verhoeven, avec deux com\u00e9dienne belges pour h\u00e9ro\u00efnes, Virginie Efira, bien s\u00fbr (qui ne sera pas pr\u00e9sente pour cause de mission de Jury au Festival de Venise), mais aussi Daphn\u00e9 Patakia, qui sera elle bien l\u00e0 on pr\u00e9senter le film. On en reparle bient\u00f4t avec elle.<\/p>\n<p><img loading=\"lazy\" decoding=\"async\" class=\"alignnone size-large wp-image-239454\" src=\"https:\/\/www.cinevox.be\/wp-content\/uploads\/sites\/2\/2021\/08\/Benedetta-800x435.jpeg\" alt=\"Benedetta-Daphne-Patakia\" width=\"618\" height=\"336\" srcset=\"https:\/\/welovecinema.be\/wp-content\/uploads\/sites\/2\/2021\/08\/Benedetta-800x435.jpeg 800w, https:\/\/welovecinema.be\/wp-content\/uploads\/sites\/2\/2021\/08\/Benedetta-480x261.jpeg 480w, https:\/\/welovecinema.be\/wp-content\/uploads\/sites\/2\/2021\/08\/Benedetta-768x418.jpeg 768w, https:\/\/welovecinema.be\/wp-content\/uploads\/sites\/2\/2021\/08\/Benedetta.jpeg 1209w\" sizes=\"auto, (max-width: 618px) 100vw, 618px\" \/><\/p>\n<p>Nous vous parlions avant-hier de la Comp\u00e9tition Nationale, reprenant 9 films belges, doc et fictions, en avant-premi\u00e8re (on vous dit tout <a href=\"https:\/\/www.cinevox.be\/fr\/briff-2021-la-competition-nationale\/\">ici<\/a>), et on vous promettait une belle nouvelle et pour cause! Pour la premi\u00e8re fois cette ann\u00e9e, un jury bilingue de lecteurs et lectrices de Cinevox (vous?) sera invit\u00e9 \u00e0 remettre le Prix Cinevox \u00e0 l&rsquo;une des 6 fictions de la Comp\u00e9tition. Restez connect\u00e9\u00b7es, on vous indique la marche \u00e0 suivre pour poser votre candidatures dans les heures qui viennent.<\/p>\n<p>On conna\u00eet d\u00e9sormais \u00e9galement les 10 films qui composeront la Comp\u00e9tition Nationale, au sein de laquelle on retrouvera notamment <em>Cette musique ne joue pour personne<\/em> de Samuel Benchetrit, avec Fran\u00e7ois Damiens et Bouli Lanners, qui sera \u00e9galement pr\u00e9sent pour une rencontre exceptionnelle le samedi 4 septembre au Palace avec Beno\u00eet Del\u00e9pine, invit\u00e9 d&rsquo;honneur du BRIFF.<\/p>\n<p><img loading=\"lazy\" decoding=\"async\" class=\"alignnone size-large wp-image-238372\" src=\"https:\/\/www.cinevox.be\/wp-content\/uploads\/sites\/2\/2021\/07\/CetteMusiqueNeJouePourPersonne-800x533.jpeg\" alt=\"Cette-Musique-Ne-Joue-Pour-Personne\" width=\"618\" height=\"412\" srcset=\"https:\/\/welovecinema.be\/wp-content\/uploads\/sites\/2\/2021\/07\/CetteMusiqueNeJouePourPersonne-800x533.jpeg 800w, https:\/\/welovecinema.be\/wp-content\/uploads\/sites\/2\/2021\/07\/CetteMusiqueNeJouePourPersonne-405x270.jpeg 405w, https:\/\/welovecinema.be\/wp-content\/uploads\/sites\/2\/2021\/07\/CetteMusiqueNeJouePourPersonne-768x512.jpeg 768w, https:\/\/welovecinema.be\/wp-content\/uploads\/sites\/2\/2021\/07\/CetteMusiqueNeJouePourPersonne.jpeg 1200w\" sizes=\"auto, (max-width: 618px) 100vw, 618px\" \/><\/p>\n<p>Le BRIFF accueille \u00e9galement une autre Comp\u00e9tition, la Director&rsquo;s Week, qui met en lumi\u00e8re des oeuvres qui ont en commun d&rsquo;offrir un regard singulier, voire radical sur nos soci\u00e9t\u00e9s. Parmi ces films, on retrouvera le premier long m\u00e9trage belge <em>Fils de Plouc<\/em>, r\u00e9alis\u00e9 par Harpo et Lenny Guit, que <a href=\"https:\/\/www.cinevox.be\/fr\/on-a-zoome-avec-les-freres-guit\/\">nous rencontrions<\/a> en janvier dernier \u00e0 l&rsquo;occasion de leur prestigieuse s\u00e9lection au Festival de Sundance. Un OVNI \u00e0 ne pas rater.<\/p>\n<p><img loading=\"lazy\" decoding=\"async\" class=\"alignnone size-full wp-image-234876\" src=\"https:\/\/www.cinevox.be\/wp-content\/uploads\/sites\/2\/2021\/01\/TrailerFilsDePlouc.jpg\" alt=\"\" width=\"640\" height=\"360\" srcset=\"https:\/\/welovecinema.be\/wp-content\/uploads\/sites\/2\/2021\/01\/TrailerFilsDePlouc.jpg 640w, https:\/\/welovecinema.be\/wp-content\/uploads\/sites\/2\/2021\/01\/TrailerFilsDePlouc-480x270.jpg 480w, https:\/\/welovecinema.be\/wp-content\/uploads\/sites\/2\/2021\/01\/TrailerFilsDePlouc-200x113.jpg 200w, https:\/\/welovecinema.be\/wp-content\/uploads\/sites\/2\/2021\/01\/TrailerFilsDePlouc-599x337.jpg 599w\" sizes=\"auto, (max-width: 640px) 100vw, 640px\" \/><\/p>\n<p>Dans le genre surprenant, on retiendra \u00e9galement la projection en plein air et en avant-premi\u00e8re des 4 premiers \u00e9pisodes de la s\u00e9rie RTBF de la rentr\u00e9e, <em>Baraki<\/em> (voir <a href=\"https:\/\/www.cinevox.be\/fr\/baraki-de-coeur\/\">notre article<\/a> ).<\/p>\n<p>En bref, un programme haut en couleur, et qui s&rsquo;annonce festif, dans les salles, ou au village du BRIFF qui sera \u00e0 nouveau install\u00e9 place De Brouck\u00e8re, et o\u00f9 sera organis\u00e9 le vendredi 10 septembre un concert de rumba congolaise, en marge de la programmation des documentaires <em>The Rumba Kings<\/em> d&rsquo;Alan Brain et <em>Bakolo Music International<\/em> de Benjamin Vir\u00e9 et Tom Vantorre.<\/p>\n<p>Plus d&rsquo;infos sur le <a href=\"https:\/\/briff.be\/briff-2021\/\">site du festival<\/a>.<\/p>\n","protected":false},"excerpt":{"rendered":"<p>Le Brussels International Film Festival vient d&rsquo;annoncer le programme de sa 4e \u00e9dition, qui s&rsquo;annonce festive, envers et contre tout! On savait d\u00e9j\u00e0 que le Festival ouvrirait avec le nouveau film de Matthieu Amalric, Serre-moi fort, en t\u00eate d&rsquo;affiche duquel on retrouve la com\u00e9dienne luxembourgeoise Vicky Krieps, et le com\u00e9die belge Arieh Worthalter. Cette histoire &hellip;<\/p>\n","protected":false},"author":343,"featured_media":239456,"comment_status":"closed","ping_status":"closed","sticky":false,"template":"","format":"standard","meta":{"ngg_post_thumbnail":0,"footnotes":""},"categories":[12],"tags":[4182,4187],"class_list":["post-239453","post","type-post","status-publish","format-standard","has-post-thumbnail","","category-awards","tag-briff-2","tag-newsletter-fr"],"yoast_head":"<!-- This site is optimized with the Yoast SEO plugin v20.4 - https:\/\/yoast.com\/wordpress\/plugins\/seo\/ -->\n<title>Programme festif au BRIFF! - We Love Cinema<\/title>\n<meta name=\"robots\" content=\"index, follow, max-snippet:-1, max-image-preview:large, max-video-preview:-1\" \/>\n<link rel=\"canonical\" href=\"https:\/\/welovecinema.be\/fr\/programme-festif-au-briff\/\" \/>\n<meta property=\"og:locale\" content=\"fr_FR\" \/>\n<meta property=\"og:type\" content=\"article\" \/>\n<meta property=\"og:title\" content=\"Programme festif au BRIFF! - We Love Cinema\" \/>\n<meta property=\"og:description\" content=\"Le Brussels International Film Festival vient d&rsquo;annoncer le programme de sa 4e \u00e9dition, qui s&rsquo;annonce festive, envers et contre tout! On savait d\u00e9j\u00e0 que le Festival ouvrirait avec le nouveau film de Matthieu Amalric, Serre-moi fort, en t\u00eate d&rsquo;affiche duquel on retrouve la com\u00e9dienne luxembourgeoise Vicky Krieps, et le com\u00e9die belge Arieh Worthalter. Cette histoire &hellip;\" \/>\n<meta property=\"og:url\" content=\"https:\/\/welovecinema.be\/fr\/programme-festif-au-briff\/\" \/>\n<meta property=\"og:site_name\" content=\"We Love Cinema\" \/>\n<meta property=\"article:publisher\" content=\"https:\/\/www.facebook.com\/welovecinema.be\" \/>\n<meta property=\"article:published_time\" content=\"2021-08-18T13:11:30+00:00\" \/>\n<meta property=\"article:modified_time\" content=\"2021-08-18T14:07:50+00:00\" \/>\n<meta property=\"og:image\" content=\"https:\/\/welovecinema.be\/wp-content\/uploads\/sites\/2\/2021\/08\/Eventbrite-visuel-sept-2021-new-visu.jpeg\" \/>\n\t<meta property=\"og:image:width\" content=\"2048\" \/>\n\t<meta property=\"og:image:height\" content=\"1069\" \/>\n\t<meta property=\"og:image:type\" content=\"image\/jpeg\" \/>\n<meta name=\"author\" content=\"Aurore Engelen\" \/>\n<meta name=\"twitter:card\" content=\"summary_large_image\" \/>\n<meta name=\"twitter:label1\" content=\"\u00c9crit par\" \/>\n\t<meta name=\"twitter:data1\" content=\"Aurore Engelen\" \/>\n\t<meta name=\"twitter:label2\" content=\"Dur\u00e9e de lecture estim\u00e9e\" \/>\n\t<meta name=\"twitter:data2\" content=\"3 minutes\" \/>\n<script type=\"application\/ld+json\" class=\"yoast-schema-graph\">{\"@context\":\"https:\/\/schema.org\",\"@graph\":[{\"@type\":\"Article\",\"@id\":\"https:\/\/welovecinema.be\/fr\/programme-festif-au-briff\/#article\",\"isPartOf\":{\"@id\":\"https:\/\/welovecinema.be\/fr\/programme-festif-au-briff\/\"},\"author\":{\"name\":\"Aurore Engelen\",\"@id\":\"https:\/\/welovecinema.be\/nl\/#\/schema\/person\/8084b68c6b176142d073695c654dc7cf\"},\"headline\":\"Programme festif au BRIFF!\",\"datePublished\":\"2021-08-18T13:11:30+00:00\",\"dateModified\":\"2021-08-18T14:07:50+00:00\",\"mainEntityOfPage\":{\"@id\":\"https:\/\/welovecinema.be\/fr\/programme-festif-au-briff\/\"},\"wordCount\":475,\"publisher\":{\"@id\":\"https:\/\/welovecinema.be\/nl\/#organization\"},\"keywords\":[\"BRIFF\",\"newsletter\"],\"articleSection\":[\"Evenements\"],\"inLanguage\":\"fr-FR\"},{\"@type\":\"WebPage\",\"@id\":\"https:\/\/welovecinema.be\/fr\/programme-festif-au-briff\/\",\"url\":\"https:\/\/welovecinema.be\/fr\/programme-festif-au-briff\/\",\"name\":\"Programme festif au BRIFF! - We Love Cinema\",\"isPartOf\":{\"@id\":\"https:\/\/welovecinema.be\/nl\/#website\"},\"datePublished\":\"2021-08-18T13:11:30+00:00\",\"dateModified\":\"2021-08-18T14:07:50+00:00\",\"breadcrumb\":{\"@id\":\"https:\/\/welovecinema.be\/fr\/programme-festif-au-briff\/#breadcrumb\"},\"inLanguage\":\"fr-FR\",\"potentialAction\":[{\"@type\":\"ReadAction\",\"target\":[\"https:\/\/welovecinema.be\/fr\/programme-festif-au-briff\/\"]}]},{\"@type\":\"BreadcrumbList\",\"@id\":\"https:\/\/welovecinema.be\/fr\/programme-festif-au-briff\/#breadcrumb\",\"itemListElement\":[{\"@type\":\"ListItem\",\"position\":1,\"name\":\"Accueil\",\"item\":\"https:\/\/welovecinema.be\/fr\/\"},{\"@type\":\"ListItem\",\"position\":2,\"name\":\"Programme festif au BRIFF!\"}]},{\"@type\":\"WebSite\",\"@id\":\"https:\/\/welovecinema.be\/nl\/#website\",\"url\":\"https:\/\/welovecinema.be\/nl\/\",\"name\":\"We Love Cinema\",\"description\":\"Toute l\u2019information du cin\u00e9ma en Belgique\",\"publisher\":{\"@id\":\"https:\/\/welovecinema.be\/nl\/#organization\"},\"potentialAction\":[{\"@type\":\"SearchAction\",\"target\":{\"@type\":\"EntryPoint\",\"urlTemplate\":\"https:\/\/welovecinema.be\/nl\/?s={search_term_string}\"},\"query-input\":\"required name=search_term_string\"}],\"inLanguage\":\"fr-FR\"},{\"@type\":\"Organization\",\"@id\":\"https:\/\/welovecinema.be\/nl\/#organization\",\"name\":\"We Love Cinema\",\"url\":\"https:\/\/welovecinema.be\/nl\/\",\"logo\":{\"@type\":\"ImageObject\",\"inLanguage\":\"fr-FR\",\"@id\":\"https:\/\/welovecinema.be\/nl\/#\/schema\/logo\/image\/\",\"url\":\"https:\/\/welovecinema.be\/wp-content\/uploads\/sites\/2\/2023\/03\/Logo-We-Love-Cinema305x128.jpg\",\"contentUrl\":\"https:\/\/welovecinema.be\/wp-content\/uploads\/sites\/2\/2023\/03\/Logo-We-Love-Cinema305x128.jpg\",\"width\":305,\"height\":128,\"caption\":\"We Love Cinema\"},\"image\":{\"@id\":\"https:\/\/welovecinema.be\/nl\/#\/schema\/logo\/image\/\"},\"sameAs\":[\"https:\/\/www.facebook.com\/welovecinema.be\",\"https:\/\/www.youtube.com\/channel\/UCX5LYGVhnKvYauW4Nta4HJA\",\"https:\/\/www.instagram.com\/welovecinema.be\/\"]},{\"@type\":\"Person\",\"@id\":\"https:\/\/welovecinema.be\/nl\/#\/schema\/person\/8084b68c6b176142d073695c654dc7cf\",\"name\":\"Aurore Engelen\",\"url\":\"https:\/\/welovecinema.be\/fr\/author\/aurore-engelen\/\"}]}<\/script>\n<!-- \/ Yoast SEO plugin. -->","yoast_head_json":{"title":"Programme festif au BRIFF! - We Love Cinema","robots":{"index":"index","follow":"follow","max-snippet":"max-snippet:-1","max-image-preview":"max-image-preview:large","max-video-preview":"max-video-preview:-1"},"canonical":"https:\/\/welovecinema.be\/fr\/programme-festif-au-briff\/","og_locale":"fr_FR","og_type":"article","og_title":"Programme festif au BRIFF! - We Love Cinema","og_description":"Le Brussels International Film Festival vient d&rsquo;annoncer le programme de sa 4e \u00e9dition, qui s&rsquo;annonce festive, envers et contre tout! On savait d\u00e9j\u00e0 que le Festival ouvrirait avec le nouveau film de Matthieu Amalric, Serre-moi fort, en t\u00eate d&rsquo;affiche duquel on retrouve la com\u00e9dienne luxembourgeoise Vicky Krieps, et le com\u00e9die belge Arieh Worthalter. Cette histoire &hellip;","og_url":"https:\/\/welovecinema.be\/fr\/programme-festif-au-briff\/","og_site_name":"We Love Cinema","article_publisher":"https:\/\/www.facebook.com\/welovecinema.be","article_published_time":"2021-08-18T13:11:30+00:00","article_modified_time":"2021-08-18T14:07:50+00:00","og_image":[{"width":2048,"height":1069,"url":"https:\/\/welovecinema.be\/wp-content\/uploads\/sites\/2\/2021\/08\/Eventbrite-visuel-sept-2021-new-visu.jpeg","type":"image\/jpeg"}],"author":"Aurore Engelen","twitter_card":"summary_large_image","twitter_misc":{"\u00c9crit par":"Aurore Engelen","Dur\u00e9e de lecture estim\u00e9e":"3 minutes"},"schema":{"@context":"https:\/\/schema.org","@graph":[{"@type":"Article","@id":"https:\/\/welovecinema.be\/fr\/programme-festif-au-briff\/#article","isPartOf":{"@id":"https:\/\/welovecinema.be\/fr\/programme-festif-au-briff\/"},"author":{"name":"Aurore Engelen","@id":"https:\/\/welovecinema.be\/nl\/#\/schema\/person\/8084b68c6b176142d073695c654dc7cf"},"headline":"Programme festif au BRIFF!","datePublished":"2021-08-18T13:11:30+00:00","dateModified":"2021-08-18T14:07:50+00:00","mainEntityOfPage":{"@id":"https:\/\/welovecinema.be\/fr\/programme-festif-au-briff\/"},"wordCount":475,"publisher":{"@id":"https:\/\/welovecinema.be\/nl\/#organization"},"keywords":["BRIFF","newsletter"],"articleSection":["Evenements"],"inLanguage":"fr-FR"},{"@type":"WebPage","@id":"https:\/\/welovecinema.be\/fr\/programme-festif-au-briff\/","url":"https:\/\/welovecinema.be\/fr\/programme-festif-au-briff\/","name":"Programme festif au BRIFF! - We Love Cinema","isPartOf":{"@id":"https:\/\/welovecinema.be\/nl\/#website"},"datePublished":"2021-08-18T13:11:30+00:00","dateModified":"2021-08-18T14:07:50+00:00","breadcrumb":{"@id":"https:\/\/welovecinema.be\/fr\/programme-festif-au-briff\/#breadcrumb"},"inLanguage":"fr-FR","potentialAction":[{"@type":"ReadAction","target":["https:\/\/welovecinema.be\/fr\/programme-festif-au-briff\/"]}]},{"@type":"BreadcrumbList","@id":"https:\/\/welovecinema.be\/fr\/programme-festif-au-briff\/#breadcrumb","itemListElement":[{"@type":"ListItem","position":1,"name":"Accueil","item":"https:\/\/welovecinema.be\/fr\/"},{"@type":"ListItem","position":2,"name":"Programme festif au BRIFF!"}]},{"@type":"WebSite","@id":"https:\/\/welovecinema.be\/nl\/#website","url":"https:\/\/welovecinema.be\/nl\/","name":"We Love Cinema","description":"Toute l\u2019information du cin\u00e9ma en Belgique","publisher":{"@id":"https:\/\/welovecinema.be\/nl\/#organization"},"potentialAction":[{"@type":"SearchAction","target":{"@type":"EntryPoint","urlTemplate":"https:\/\/welovecinema.be\/nl\/?s={search_term_string}"},"query-input":"required name=search_term_string"}],"inLanguage":"fr-FR"},{"@type":"Organization","@id":"https:\/\/welovecinema.be\/nl\/#organization","name":"We Love Cinema","url":"https:\/\/welovecinema.be\/nl\/","logo":{"@type":"ImageObject","inLanguage":"fr-FR","@id":"https:\/\/welovecinema.be\/nl\/#\/schema\/logo\/image\/","url":"https:\/\/welovecinema.be\/wp-content\/uploads\/sites\/2\/2023\/03\/Logo-We-Love-Cinema305x128.jpg","contentUrl":"https:\/\/welovecinema.be\/wp-content\/uploads\/sites\/2\/2023\/03\/Logo-We-Love-Cinema305x128.jpg","width":305,"height":128,"caption":"We Love Cinema"},"image":{"@id":"https:\/\/welovecinema.be\/nl\/#\/schema\/logo\/image\/"},"sameAs":["https:\/\/www.facebook.com\/welovecinema.be","https:\/\/www.youtube.com\/channel\/UCX5LYGVhnKvYauW4Nta4HJA","https:\/\/www.instagram.com\/welovecinema.be\/"]},{"@type":"Person","@id":"https:\/\/welovecinema.be\/nl\/#\/schema\/person\/8084b68c6b176142d073695c654dc7cf","name":"Aurore Engelen","url":"https:\/\/welovecinema.be\/fr\/author\/aurore-engelen\/"}]}},"_links":{"self":[{"href":"https:\/\/welovecinema.be\/fr\/wp-json\/wp\/v2\/posts\/239453","targetHints":{"allow":["GET"]}}],"collection":[{"href":"https:\/\/welovecinema.be\/fr\/wp-json\/wp\/v2\/posts"}],"about":[{"href":"https:\/\/welovecinema.be\/fr\/wp-json\/wp\/v2\/types\/post"}],"author":[{"embeddable":true,"href":"https:\/\/welovecinema.be\/fr\/wp-json\/wp\/v2\/users\/343"}],"replies":[{"embeddable":true,"href":"https:\/\/welovecinema.be\/fr\/wp-json\/wp\/v2\/comments?post=239453"}],"version-history":[{"count":0,"href":"https:\/\/welovecinema.be\/fr\/wp-json\/wp\/v2\/posts\/239453\/revisions"}],"wp:featuredmedia":[{"embeddable":true,"href":"https:\/\/welovecinema.be\/fr\/wp-json\/wp\/v2\/media\/239456"}],"wp:attachment":[{"href":"https:\/\/welovecinema.be\/fr\/wp-json\/wp\/v2\/media?parent=239453"}],"wp:term":[{"taxonomy":"category","embeddable":true,"href":"https:\/\/welovecinema.be\/fr\/wp-json\/wp\/v2\/categories?post=239453"},{"taxonomy":"post_tag","embeddable":true,"href":"https:\/\/welovecinema.be\/fr\/wp-json\/wp\/v2\/tags?post=239453"}],"curies":[{"name":"wp","href":"https:\/\/api.w.org\/{rel}","templated":true}]}}