{"id":238540,"date":"2021-07-12T12:22:20","date_gmt":"2021-07-12T10:22:20","guid":{"rendered":"https:\/\/www.cinevox.be\/?p=238540"},"modified":"2021-07-12T12:22:20","modified_gmt":"2021-07-12T10:22:20","slug":"benoit-poelvoorde-super-heros-a-lancienne-dans-comment-je-suis-devenu-un-super-heros","status":"publish","type":"post","link":"https:\/\/welovecinema.be\/fr\/benoit-poelvoorde-super-heros-a-lancienne-dans-comment-je-suis-devenu-un-super-heros\/","title":{"rendered":"Beno\u00eet Poelvoorde, super-h\u00e9ros \u00e0 l&rsquo;ancienne dans \u00ab\u00a0Comment je suis devenu un super h\u00e9ros\u00a0\u00bb"},"content":{"rendered":"<p><strong>Avec <em>Comment je suis devenu un super h\u00e9ros<\/em>, Douglas Attal s&#8217;empare de la grammaire cin\u00e9matographique des films de super-h\u00e9ros pour l&rsquo;appliquer \u00e0 son polar noir et urbain, en fran\u00e7ais s&rsquo;il-vous-plait, avec Beno\u00eet Poelvoorde en super-h\u00e9ros \u00e0 l&rsquo;ancienne, et la jeune L\u00e9onie Souchaud (vue dans <a href=\"https:\/\/www.cinevox.be\/fr\/la-foret-de-mon-pere-a-la-folie\/\"><em>La For\u00eat de mon p\u00e8re<\/em><\/a>) en rel\u00e8ve d\u00e9termin\u00e9e de l&rsquo;h\u00e9ro\u00efsme super au quotidien. Des super-h\u00e9ros super humains, en somme.<\/strong><\/p>\n<p>Le pitch?<\/p>\n<p>Qui sont les super-h\u00e9ros? Dans un monde o\u00f9 humains et super-h\u00e9ros cohabitent, un flic solitaire et sa brillante coll\u00e8gue unissent leurs forces pour d\u00e9manteler un sombre trafic de super-pouvoirs.<\/p>\n<p>Paris, aujourd&rsquo;hui. Le Lieutenant Moreau (Pio Marma\u00ef), flic un peu us\u00e9, est \u00e0 la t\u00eate de la super-criminalit\u00e9. Mais si, la brigade charg\u00e9e des incidents li\u00e9s \u00e0 la pr\u00e9sence de super-h\u00e9ros (et super-vilains) dans la ville. Pour lui redonner un petit coup de fouet, on lui adjoint une super partenaire (interpr\u00e9t\u00e9e par la g\u00e9niale Vimala Pons) histoire de redynamiser un peu le d\u00e9partement. Il faut dire que depuis que le Pack Royal, une super team de super-h\u00e9ros super justiciers a pris sa retraite, la rel\u00e8ve laisse \u00e0 d\u00e9sirer, alors que la menace guette. Un gang de super-vilains diss\u00e9mine partout dans la ville des drogues r\u00e9cr\u00e9atives aux effets particuli\u00e8rement nocifs, qui donnent \u00e0 leurs usagers de furtifs super-pouvoirs&#8230;<\/p>\n<p><iframe loading=\"lazy\" title=\"Comment je suis devenu super-h\u00e9ros | Bande-annonce officielle VF | Netflix France\" width=\"618\" height=\"348\" src=\"https:\/\/www.youtube.com\/embed\/6iQMpin-9U8?feature=oembed\" frameborder=\"0\" allow=\"accelerometer; autoplay; clipboard-write; encrypted-media; gyroscope; picture-in-picture; web-share\" referrerpolicy=\"strict-origin-when-cross-origin\" allowfullscreen><\/iframe><\/p>\n<p>S&rsquo;accommodant avec d\u00e9lectation d&rsquo;un univers hyper r\u00e9aliste dans lequel brillent les effets sp\u00e9ciaux, modestes mais hyper r\u00e9ussis, <em>Comment je suis devenu un super h\u00e9ros<\/em> propose une relecture \u00e0 la fran\u00e7aise du genre, hyper codifi\u00e9 par Marvel et DC Comics. Ici, on s&rsquo;amuse des clich\u00e9s. On retiendra notamment avec un plaisir particulier la prestation de Beno\u00eet Poelvoorde, super-h\u00e9ros en arr\u00eat maladie, le sage excentrique qui r\u00e9sout les cas \u00e0 l&rsquo;ancienne, sorte d&rsquo;Hercule Poirot (en plus sympa) en collant moulant (en plus classe, donc). A ses c\u00f4t\u00e9s, Pio Marma\u00ef et Vimala Pons se jouent des clich\u00e9s inh\u00e9rents au couple de flics, tandis que Le\u00efla Bekhti s&rsquo;en donne \u00e0 coeur joie quand il s&rsquo;agit de jouer les super-h\u00e9ro\u00efnes badass aux coups de poing et de pied ravageurs.<\/p>\n<figure id=\"attachment_238543\" aria-describedby=\"caption-attachment-238543\" style=\"width: 618px\" class=\"wp-caption alignnone\"><img loading=\"lazy\" decoding=\"async\" class=\"size-large wp-image-238543\" src=\"https:\/\/www.cinevox.be\/wp-content\/uploads\/sites\/2\/2021\/07\/Capture-de\u0301cran-2021-07-12-a\u0300-11.59.07-800x338.png\" alt=\"\" width=\"618\" height=\"261\" srcset=\"https:\/\/welovecinema.be\/wp-content\/uploads\/sites\/2\/2021\/07\/Capture-de\u0301cran-2021-07-12-a\u0300-11.59.07-800x338.png 800w, https:\/\/welovecinema.be\/wp-content\/uploads\/sites\/2\/2021\/07\/Capture-de\u0301cran-2021-07-12-a\u0300-11.59.07-480x203.png 480w, https:\/\/welovecinema.be\/wp-content\/uploads\/sites\/2\/2021\/07\/Capture-de\u0301cran-2021-07-12-a\u0300-11.59.07-768x324.png 768w, https:\/\/welovecinema.be\/wp-content\/uploads\/sites\/2\/2021\/07\/Capture-de\u0301cran-2021-07-12-a\u0300-11.59.07-1536x649.png 1536w, https:\/\/welovecinema.be\/wp-content\/uploads\/sites\/2\/2021\/07\/Capture-de\u0301cran-2021-07-12-a\u0300-11.59.07-2048x865.png 2048w\" sizes=\"auto, (max-width: 618px) 100vw, 618px\" \/><figcaption id=\"caption-attachment-238543\" class=\"wp-caption-text\">L\u00e9onie Souchaud et Vimala Pons<\/figcaption><\/figure>\n<p>Face \u00e0 eux, Swann Arlaud semble se d\u00e9lecter du r\u00f4le de super-vilain au coeur bris\u00e9, tandis que L\u00e9onie Souchaud, jeune com\u00e9dienne belge d\u00e9couverte dans <em>Le Voyage de Fanny<\/em>, et vue l&rsquo;\u00e9t\u00e9 dernier en t\u00eate d&rsquo;affiche de <em>La For\u00eat de mon p\u00e8re<\/em>, incarne la rel\u00e8ve.<\/p>\n<p>Le film, qui aurait d\u00fb sortir en salle avant puis pendant la pand\u00e9mie, est finalement disponible sur Netflix.<\/p>\n<p>&nbsp;<\/p>\n<p>&nbsp;<\/p>\n","protected":false},"excerpt":{"rendered":"<p>Avec Comment je suis devenu un super h\u00e9ros, Douglas Attal s&#8217;empare de la grammaire cin\u00e9matographique des films de super-h\u00e9ros pour l&rsquo;appliquer \u00e0 son polar noir et urbain, en fran\u00e7ais s&rsquo;il-vous-plait, avec Beno\u00eet Poelvoorde en super-h\u00e9ros \u00e0 l&rsquo;ancienne, et la jeune L\u00e9onie Souchaud (vue dans La For\u00eat de mon p\u00e8re) en rel\u00e8ve d\u00e9termin\u00e9e de l&rsquo;h\u00e9ro\u00efsme super &hellip;<\/p>\n","protected":false},"author":343,"featured_media":238541,"comment_status":"closed","ping_status":"closed","sticky":false,"template":"","format":"standard","meta":{"ngg_post_thumbnail":0,"footnotes":""},"categories":[1923],"tags":[4014,6363,3949,4187],"class_list":["post-238540","post","type-post","status-publish","format-standard","has-post-thumbnail","","category-en-bref","tag-benoit-poelvoorde-2","tag-comment-je-suis-devenu-un-super-heros","tag-leonie-souchaud","tag-newsletter-fr"],"yoast_head":"<!-- This site is optimized with the Yoast SEO plugin v20.4 - https:\/\/yoast.com\/wordpress\/plugins\/seo\/ -->\n<title>Beno\u00eet Poelvoorde, super-h\u00e9ros \u00e0 l&#039;ancienne dans &quot;Comment je suis devenu un super h\u00e9ros&quot; - We Love Cinema<\/title>\n<meta name=\"robots\" content=\"index, follow, max-snippet:-1, max-image-preview:large, max-video-preview:-1\" \/>\n<link rel=\"canonical\" href=\"https:\/\/welovecinema.be\/fr\/benoit-poelvoorde-super-heros-a-lancienne-dans-comment-je-suis-devenu-un-super-heros\/\" \/>\n<meta property=\"og:locale\" content=\"fr_FR\" \/>\n<meta property=\"og:type\" content=\"article\" \/>\n<meta property=\"og:title\" content=\"Beno\u00eet Poelvoorde, super-h\u00e9ros \u00e0 l&#039;ancienne dans &quot;Comment je suis devenu un super h\u00e9ros&quot; - We Love Cinema\" \/>\n<meta property=\"og:description\" content=\"Avec Comment je suis devenu un super h\u00e9ros, Douglas Attal s&#8217;empare de la grammaire cin\u00e9matographique des films de super-h\u00e9ros pour l&rsquo;appliquer \u00e0 son polar noir et urbain, en fran\u00e7ais s&rsquo;il-vous-plait, avec Beno\u00eet Poelvoorde en super-h\u00e9ros \u00e0 l&rsquo;ancienne, et la jeune L\u00e9onie Souchaud (vue dans La For\u00eat de mon p\u00e8re) en rel\u00e8ve d\u00e9termin\u00e9e de l&rsquo;h\u00e9ro\u00efsme super &hellip;\" \/>\n<meta property=\"og:url\" content=\"https:\/\/welovecinema.be\/fr\/benoit-poelvoorde-super-heros-a-lancienne-dans-comment-je-suis-devenu-un-super-heros\/\" \/>\n<meta property=\"og:site_name\" content=\"We Love Cinema\" \/>\n<meta property=\"article:publisher\" content=\"https:\/\/www.facebook.com\/welovecinema.be\" \/>\n<meta property=\"article:published_time\" content=\"2021-07-12T10:22:20+00:00\" \/>\n<meta property=\"og:image\" content=\"https:\/\/welovecinema.be\/wp-content\/uploads\/sites\/2\/2021\/07\/3086664.jpeg\" \/>\n\t<meta property=\"og:image:width\" content=\"1280\" \/>\n\t<meta property=\"og:image:height\" content=\"720\" \/>\n\t<meta property=\"og:image:type\" content=\"image\/jpeg\" \/>\n<meta name=\"author\" content=\"Aurore Engelen\" \/>\n<meta name=\"twitter:card\" content=\"summary_large_image\" \/>\n<meta name=\"twitter:label1\" content=\"\u00c9crit par\" \/>\n\t<meta name=\"twitter:data1\" content=\"Aurore Engelen\" \/>\n\t<meta name=\"twitter:label2\" content=\"Dur\u00e9e de lecture estim\u00e9e\" \/>\n\t<meta name=\"twitter:data2\" content=\"2 minutes\" \/>\n<script type=\"application\/ld+json\" class=\"yoast-schema-graph\">{\"@context\":\"https:\/\/schema.org\",\"@graph\":[{\"@type\":\"Article\",\"@id\":\"https:\/\/welovecinema.be\/fr\/benoit-poelvoorde-super-heros-a-lancienne-dans-comment-je-suis-devenu-un-super-heros\/#article\",\"isPartOf\":{\"@id\":\"https:\/\/welovecinema.be\/fr\/benoit-poelvoorde-super-heros-a-lancienne-dans-comment-je-suis-devenu-un-super-heros\/\"},\"author\":{\"name\":\"Aurore Engelen\",\"@id\":\"https:\/\/welovecinema.be\/nl\/#\/schema\/person\/8084b68c6b176142d073695c654dc7cf\"},\"headline\":\"Beno\u00eet Poelvoorde, super-h\u00e9ros \u00e0 l&rsquo;ancienne dans \u00ab\u00a0Comment je suis devenu un super h\u00e9ros\u00a0\u00bb\",\"datePublished\":\"2021-07-12T10:22:20+00:00\",\"dateModified\":\"2021-07-12T10:22:20+00:00\",\"mainEntityOfPage\":{\"@id\":\"https:\/\/welovecinema.be\/fr\/benoit-poelvoorde-super-heros-a-lancienne-dans-comment-je-suis-devenu-un-super-heros\/\"},\"wordCount\":501,\"publisher\":{\"@id\":\"https:\/\/welovecinema.be\/nl\/#organization\"},\"keywords\":[\"Benoit Poelvoorde\",\"Comment je suis devenu un super heros\",\"L\u00e9onie Souchaud\",\"newsletter\"],\"articleSection\":[\"En bref\"],\"inLanguage\":\"fr-FR\"},{\"@type\":\"WebPage\",\"@id\":\"https:\/\/welovecinema.be\/fr\/benoit-poelvoorde-super-heros-a-lancienne-dans-comment-je-suis-devenu-un-super-heros\/\",\"url\":\"https:\/\/welovecinema.be\/fr\/benoit-poelvoorde-super-heros-a-lancienne-dans-comment-je-suis-devenu-un-super-heros\/\",\"name\":\"Beno\u00eet Poelvoorde, super-h\u00e9ros \u00e0 l'ancienne dans \\\"Comment je suis devenu un super h\u00e9ros\\\" - We Love Cinema\",\"isPartOf\":{\"@id\":\"https:\/\/welovecinema.be\/nl\/#website\"},\"datePublished\":\"2021-07-12T10:22:20+00:00\",\"dateModified\":\"2021-07-12T10:22:20+00:00\",\"breadcrumb\":{\"@id\":\"https:\/\/welovecinema.be\/fr\/benoit-poelvoorde-super-heros-a-lancienne-dans-comment-je-suis-devenu-un-super-heros\/#breadcrumb\"},\"inLanguage\":\"fr-FR\",\"potentialAction\":[{\"@type\":\"ReadAction\",\"target\":[\"https:\/\/welovecinema.be\/fr\/benoit-poelvoorde-super-heros-a-lancienne-dans-comment-je-suis-devenu-un-super-heros\/\"]}]},{\"@type\":\"BreadcrumbList\",\"@id\":\"https:\/\/welovecinema.be\/fr\/benoit-poelvoorde-super-heros-a-lancienne-dans-comment-je-suis-devenu-un-super-heros\/#breadcrumb\",\"itemListElement\":[{\"@type\":\"ListItem\",\"position\":1,\"name\":\"Accueil\",\"item\":\"https:\/\/welovecinema.be\/fr\/\"},{\"@type\":\"ListItem\",\"position\":2,\"name\":\"Beno\u00eet Poelvoorde, super-h\u00e9ros \u00e0 l&rsquo;ancienne dans \u00ab\u00a0Comment je suis devenu un super h\u00e9ros\u00a0\u00bb\"}]},{\"@type\":\"WebSite\",\"@id\":\"https:\/\/welovecinema.be\/nl\/#website\",\"url\":\"https:\/\/welovecinema.be\/nl\/\",\"name\":\"We Love Cinema\",\"description\":\"Toute l\u2019information du cin\u00e9ma en Belgique\",\"publisher\":{\"@id\":\"https:\/\/welovecinema.be\/nl\/#organization\"},\"potentialAction\":[{\"@type\":\"SearchAction\",\"target\":{\"@type\":\"EntryPoint\",\"urlTemplate\":\"https:\/\/welovecinema.be\/nl\/?s={search_term_string}\"},\"query-input\":\"required name=search_term_string\"}],\"inLanguage\":\"fr-FR\"},{\"@type\":\"Organization\",\"@id\":\"https:\/\/welovecinema.be\/nl\/#organization\",\"name\":\"We Love Cinema\",\"url\":\"https:\/\/welovecinema.be\/nl\/\",\"logo\":{\"@type\":\"ImageObject\",\"inLanguage\":\"fr-FR\",\"@id\":\"https:\/\/welovecinema.be\/nl\/#\/schema\/logo\/image\/\",\"url\":\"https:\/\/welovecinema.be\/wp-content\/uploads\/sites\/2\/2023\/03\/Logo-We-Love-Cinema305x128.jpg\",\"contentUrl\":\"https:\/\/welovecinema.be\/wp-content\/uploads\/sites\/2\/2023\/03\/Logo-We-Love-Cinema305x128.jpg\",\"width\":305,\"height\":128,\"caption\":\"We Love Cinema\"},\"image\":{\"@id\":\"https:\/\/welovecinema.be\/nl\/#\/schema\/logo\/image\/\"},\"sameAs\":[\"https:\/\/www.facebook.com\/welovecinema.be\",\"https:\/\/www.youtube.com\/channel\/UCX5LYGVhnKvYauW4Nta4HJA\",\"https:\/\/www.instagram.com\/welovecinema.be\/\"]},{\"@type\":\"Person\",\"@id\":\"https:\/\/welovecinema.be\/nl\/#\/schema\/person\/8084b68c6b176142d073695c654dc7cf\",\"name\":\"Aurore Engelen\",\"url\":\"https:\/\/welovecinema.be\/fr\/author\/aurore-engelen\/\"}]}<\/script>\n<!-- \/ Yoast SEO plugin. -->","yoast_head_json":{"title":"Beno\u00eet Poelvoorde, super-h\u00e9ros \u00e0 l'ancienne dans \"Comment je suis devenu un super h\u00e9ros\" - We Love Cinema","robots":{"index":"index","follow":"follow","max-snippet":"max-snippet:-1","max-image-preview":"max-image-preview:large","max-video-preview":"max-video-preview:-1"},"canonical":"https:\/\/welovecinema.be\/fr\/benoit-poelvoorde-super-heros-a-lancienne-dans-comment-je-suis-devenu-un-super-heros\/","og_locale":"fr_FR","og_type":"article","og_title":"Beno\u00eet Poelvoorde, super-h\u00e9ros \u00e0 l'ancienne dans \"Comment je suis devenu un super h\u00e9ros\" - We Love Cinema","og_description":"Avec Comment je suis devenu un super h\u00e9ros, Douglas Attal s&#8217;empare de la grammaire cin\u00e9matographique des films de super-h\u00e9ros pour l&rsquo;appliquer \u00e0 son polar noir et urbain, en fran\u00e7ais s&rsquo;il-vous-plait, avec Beno\u00eet Poelvoorde en super-h\u00e9ros \u00e0 l&rsquo;ancienne, et la jeune L\u00e9onie Souchaud (vue dans La For\u00eat de mon p\u00e8re) en rel\u00e8ve d\u00e9termin\u00e9e de l&rsquo;h\u00e9ro\u00efsme super &hellip;","og_url":"https:\/\/welovecinema.be\/fr\/benoit-poelvoorde-super-heros-a-lancienne-dans-comment-je-suis-devenu-un-super-heros\/","og_site_name":"We Love Cinema","article_publisher":"https:\/\/www.facebook.com\/welovecinema.be","article_published_time":"2021-07-12T10:22:20+00:00","og_image":[{"width":1280,"height":720,"url":"https:\/\/welovecinema.be\/wp-content\/uploads\/sites\/2\/2021\/07\/3086664.jpeg","type":"image\/jpeg"}],"author":"Aurore Engelen","twitter_card":"summary_large_image","twitter_misc":{"\u00c9crit par":"Aurore Engelen","Dur\u00e9e de lecture estim\u00e9e":"2 minutes"},"schema":{"@context":"https:\/\/schema.org","@graph":[{"@type":"Article","@id":"https:\/\/welovecinema.be\/fr\/benoit-poelvoorde-super-heros-a-lancienne-dans-comment-je-suis-devenu-un-super-heros\/#article","isPartOf":{"@id":"https:\/\/welovecinema.be\/fr\/benoit-poelvoorde-super-heros-a-lancienne-dans-comment-je-suis-devenu-un-super-heros\/"},"author":{"name":"Aurore Engelen","@id":"https:\/\/welovecinema.be\/nl\/#\/schema\/person\/8084b68c6b176142d073695c654dc7cf"},"headline":"Beno\u00eet Poelvoorde, super-h\u00e9ros \u00e0 l&rsquo;ancienne dans \u00ab\u00a0Comment je suis devenu un super h\u00e9ros\u00a0\u00bb","datePublished":"2021-07-12T10:22:20+00:00","dateModified":"2021-07-12T10:22:20+00:00","mainEntityOfPage":{"@id":"https:\/\/welovecinema.be\/fr\/benoit-poelvoorde-super-heros-a-lancienne-dans-comment-je-suis-devenu-un-super-heros\/"},"wordCount":501,"publisher":{"@id":"https:\/\/welovecinema.be\/nl\/#organization"},"keywords":["Benoit Poelvoorde","Comment je suis devenu un super heros","L\u00e9onie Souchaud","newsletter"],"articleSection":["En bref"],"inLanguage":"fr-FR"},{"@type":"WebPage","@id":"https:\/\/welovecinema.be\/fr\/benoit-poelvoorde-super-heros-a-lancienne-dans-comment-je-suis-devenu-un-super-heros\/","url":"https:\/\/welovecinema.be\/fr\/benoit-poelvoorde-super-heros-a-lancienne-dans-comment-je-suis-devenu-un-super-heros\/","name":"Beno\u00eet Poelvoorde, super-h\u00e9ros \u00e0 l'ancienne dans \"Comment je suis devenu un super h\u00e9ros\" - We Love Cinema","isPartOf":{"@id":"https:\/\/welovecinema.be\/nl\/#website"},"datePublished":"2021-07-12T10:22:20+00:00","dateModified":"2021-07-12T10:22:20+00:00","breadcrumb":{"@id":"https:\/\/welovecinema.be\/fr\/benoit-poelvoorde-super-heros-a-lancienne-dans-comment-je-suis-devenu-un-super-heros\/#breadcrumb"},"inLanguage":"fr-FR","potentialAction":[{"@type":"ReadAction","target":["https:\/\/welovecinema.be\/fr\/benoit-poelvoorde-super-heros-a-lancienne-dans-comment-je-suis-devenu-un-super-heros\/"]}]},{"@type":"BreadcrumbList","@id":"https:\/\/welovecinema.be\/fr\/benoit-poelvoorde-super-heros-a-lancienne-dans-comment-je-suis-devenu-un-super-heros\/#breadcrumb","itemListElement":[{"@type":"ListItem","position":1,"name":"Accueil","item":"https:\/\/welovecinema.be\/fr\/"},{"@type":"ListItem","position":2,"name":"Beno\u00eet Poelvoorde, super-h\u00e9ros \u00e0 l&rsquo;ancienne dans \u00ab\u00a0Comment je suis devenu un super h\u00e9ros\u00a0\u00bb"}]},{"@type":"WebSite","@id":"https:\/\/welovecinema.be\/nl\/#website","url":"https:\/\/welovecinema.be\/nl\/","name":"We Love Cinema","description":"Toute l\u2019information du cin\u00e9ma en Belgique","publisher":{"@id":"https:\/\/welovecinema.be\/nl\/#organization"},"potentialAction":[{"@type":"SearchAction","target":{"@type":"EntryPoint","urlTemplate":"https:\/\/welovecinema.be\/nl\/?s={search_term_string}"},"query-input":"required name=search_term_string"}],"inLanguage":"fr-FR"},{"@type":"Organization","@id":"https:\/\/welovecinema.be\/nl\/#organization","name":"We Love Cinema","url":"https:\/\/welovecinema.be\/nl\/","logo":{"@type":"ImageObject","inLanguage":"fr-FR","@id":"https:\/\/welovecinema.be\/nl\/#\/schema\/logo\/image\/","url":"https:\/\/welovecinema.be\/wp-content\/uploads\/sites\/2\/2023\/03\/Logo-We-Love-Cinema305x128.jpg","contentUrl":"https:\/\/welovecinema.be\/wp-content\/uploads\/sites\/2\/2023\/03\/Logo-We-Love-Cinema305x128.jpg","width":305,"height":128,"caption":"We Love Cinema"},"image":{"@id":"https:\/\/welovecinema.be\/nl\/#\/schema\/logo\/image\/"},"sameAs":["https:\/\/www.facebook.com\/welovecinema.be","https:\/\/www.youtube.com\/channel\/UCX5LYGVhnKvYauW4Nta4HJA","https:\/\/www.instagram.com\/welovecinema.be\/"]},{"@type":"Person","@id":"https:\/\/welovecinema.be\/nl\/#\/schema\/person\/8084b68c6b176142d073695c654dc7cf","name":"Aurore Engelen","url":"https:\/\/welovecinema.be\/fr\/author\/aurore-engelen\/"}]}},"_links":{"self":[{"href":"https:\/\/welovecinema.be\/fr\/wp-json\/wp\/v2\/posts\/238540","targetHints":{"allow":["GET"]}}],"collection":[{"href":"https:\/\/welovecinema.be\/fr\/wp-json\/wp\/v2\/posts"}],"about":[{"href":"https:\/\/welovecinema.be\/fr\/wp-json\/wp\/v2\/types\/post"}],"author":[{"embeddable":true,"href":"https:\/\/welovecinema.be\/fr\/wp-json\/wp\/v2\/users\/343"}],"replies":[{"embeddable":true,"href":"https:\/\/welovecinema.be\/fr\/wp-json\/wp\/v2\/comments?post=238540"}],"version-history":[{"count":0,"href":"https:\/\/welovecinema.be\/fr\/wp-json\/wp\/v2\/posts\/238540\/revisions"}],"wp:featuredmedia":[{"embeddable":true,"href":"https:\/\/welovecinema.be\/fr\/wp-json\/wp\/v2\/media\/238541"}],"wp:attachment":[{"href":"https:\/\/welovecinema.be\/fr\/wp-json\/wp\/v2\/media?parent=238540"}],"wp:term":[{"taxonomy":"category","embeddable":true,"href":"https:\/\/welovecinema.be\/fr\/wp-json\/wp\/v2\/categories?post=238540"},{"taxonomy":"post_tag","embeddable":true,"href":"https:\/\/welovecinema.be\/fr\/wp-json\/wp\/v2\/tags?post=238540"}],"curies":[{"name":"wp","href":"https:\/\/api.w.org\/{rel}","templated":true}]}}