{"id":238528,"date":"2021-07-12T09:48:14","date_gmt":"2021-07-12T07:48:14","guid":{"rendered":"https:\/\/www.cinevox.be\/?p=238528"},"modified":"2021-07-12T09:48:14","modified_gmt":"2021-07-12T07:48:14","slug":"le-court-du-lundi-aube-de-valentine-lapiere","status":"publish","type":"post","link":"https:\/\/welovecinema.be\/fr\/le-court-du-lundi-aube-de-valentine-lapiere\/","title":{"rendered":"Le court du lundi: \u00ab\u00a0Aube\u00a0\u00bb de Valentine Lapi\u00e8re"},"content":{"rendered":"<p><strong>Au programme du court du lundi ce soir \u00e0 21h43 sur Tipik, <em>Aube<\/em> de Valentine Lapi\u00e8re.<\/strong><\/p>\n<hr \/>\n<h4><em>Aube<\/em> de Valentine Lapi\u00e8re \u00e0 22h50<\/h4>\n<p><em>Avec Anouk Rubens, Val\u00e9rie Gimenez, Jean-Benoit Ugeux, Pitcho Wamba Konga, Ilana Sidaoui, Fatoumata Bah, Johanna Nuez Soriano, Monia Douieb<\/em><\/p>\n<p>Kim, une jeune fille de 14 ans, est\u00a0plac\u00e9e\u00a0en IPPJ pour la premi\u00e8re fois. Priv\u00e9e de libert\u00e9, elle voit tous ses rep\u00e8res bouscul\u00e9s. Pour reprendre son souffle, elle va devoir apprendre \u00e0 trouver son \u00e9quilibre, sa place.<\/p>\n<p><iframe loading=\"lazy\" title=\"Aube Trailer\" src=\"https:\/\/player.vimeo.com\/video\/354368774?dnt=1&amp;app_id=122963\" width=\"618\" height=\"348\" frameborder=\"0\" allow=\"autoplay; fullscreen; picture-in-picture; clipboard-write; encrypted-media\"><\/iframe><\/p>\n","protected":false},"excerpt":{"rendered":"<p>Au programme du court du lundi ce soir \u00e0 21h43 sur Tipik, Aube de Valentine Lapi\u00e8re. Aube de Valentine Lapi\u00e8re \u00e0 22h50 Avec Anouk Rubens, Val\u00e9rie Gimenez, Jean-Benoit Ugeux, Pitcho Wamba Konga, Ilana Sidaoui, Fatoumata Bah, Johanna Nuez Soriano, Monia Douieb Kim, une jeune fille de 14 ans, est\u00a0plac\u00e9e\u00a0en IPPJ pour la premi\u00e8re fois. Priv\u00e9e &hellip;<\/p>\n","protected":false},"author":343,"featured_media":238533,"comment_status":"closed","ping_status":"closed","sticky":false,"template":"","format":"standard","meta":{"ngg_post_thumbnail":0,"footnotes":""},"categories":[14],"tags":[],"class_list":["post-238528","post","type-post","status-publish","format-standard","has-post-thumbnail","","category-home-cinema"],"yoast_head":"<!-- This site is optimized with the Yoast SEO plugin v20.4 - https:\/\/yoast.com\/wordpress\/plugins\/seo\/ -->\n<title>Le court du lundi: &quot;Aube&quot; de Valentine Lapi\u00e8re - We Love Cinema<\/title>\n<meta name=\"robots\" content=\"index, follow, max-snippet:-1, max-image-preview:large, max-video-preview:-1\" \/>\n<link rel=\"canonical\" href=\"https:\/\/welovecinema.be\/fr\/le-court-du-lundi-aube-de-valentine-lapiere\/\" \/>\n<meta property=\"og:locale\" content=\"fr_FR\" \/>\n<meta property=\"og:type\" content=\"article\" \/>\n<meta property=\"og:title\" content=\"Le court du lundi: &quot;Aube&quot; de Valentine Lapi\u00e8re - We Love Cinema\" \/>\n<meta property=\"og:description\" content=\"Au programme du court du lundi ce soir \u00e0 21h43 sur Tipik, Aube de Valentine Lapi\u00e8re. Aube de Valentine Lapi\u00e8re \u00e0 22h50 Avec Anouk Rubens, Val\u00e9rie Gimenez, Jean-Benoit Ugeux, Pitcho Wamba Konga, Ilana Sidaoui, Fatoumata Bah, Johanna Nuez Soriano, Monia Douieb Kim, une jeune fille de 14 ans, est\u00a0plac\u00e9e\u00a0en IPPJ pour la premi\u00e8re fois. Priv\u00e9e &hellip;\" \/>\n<meta property=\"og:url\" content=\"https:\/\/welovecinema.be\/fr\/le-court-du-lundi-aube-de-valentine-lapiere\/\" \/>\n<meta property=\"og:site_name\" content=\"We Love Cinema\" \/>\n<meta property=\"article:publisher\" content=\"https:\/\/www.facebook.com\/welovecinema.be\" \/>\n<meta property=\"article:published_time\" content=\"2021-07-12T07:48:14+00:00\" \/>\n<meta property=\"og:image\" content=\"https:\/\/welovecinema.be\/wp-content\/uploads\/sites\/2\/2021\/07\/Capture-de\u0301cran-2021-07-12-a\u0300-09.47.31-800x454.png\" \/>\n\t<meta property=\"og:image:width\" content=\"800\" \/>\n\t<meta property=\"og:image:height\" content=\"454\" \/>\n\t<meta property=\"og:image:type\" content=\"image\/png\" \/>\n<meta name=\"author\" content=\"Aurore Engelen\" \/>\n<meta name=\"twitter:card\" content=\"summary_large_image\" \/>\n<meta name=\"twitter:label1\" content=\"\u00c9crit par\" \/>\n\t<meta name=\"twitter:data1\" content=\"Aurore Engelen\" \/>\n\t<meta name=\"twitter:label2\" content=\"Dur\u00e9e de lecture estim\u00e9e\" \/>\n\t<meta name=\"twitter:data2\" content=\"1 minute\" \/>\n<script type=\"application\/ld+json\" class=\"yoast-schema-graph\">{\"@context\":\"https:\/\/schema.org\",\"@graph\":[{\"@type\":\"Article\",\"@id\":\"https:\/\/welovecinema.be\/fr\/le-court-du-lundi-aube-de-valentine-lapiere\/#article\",\"isPartOf\":{\"@id\":\"https:\/\/welovecinema.be\/fr\/le-court-du-lundi-aube-de-valentine-lapiere\/\"},\"author\":{\"name\":\"Aurore Engelen\",\"@id\":\"https:\/\/welovecinema.be\/nl\/#\/schema\/person\/8084b68c6b176142d073695c654dc7cf\"},\"headline\":\"Le court du lundi: \u00ab\u00a0Aube\u00a0\u00bb de Valentine Lapi\u00e8re\",\"datePublished\":\"2021-07-12T07:48:14+00:00\",\"dateModified\":\"2021-07-12T07:48:14+00:00\",\"mainEntityOfPage\":{\"@id\":\"https:\/\/welovecinema.be\/fr\/le-court-du-lundi-aube-de-valentine-lapiere\/\"},\"wordCount\":95,\"publisher\":{\"@id\":\"https:\/\/welovecinema.be\/nl\/#organization\"},\"articleSection\":[\"Plateau t\u00e9l\u00e9\"],\"inLanguage\":\"fr-FR\"},{\"@type\":\"WebPage\",\"@id\":\"https:\/\/welovecinema.be\/fr\/le-court-du-lundi-aube-de-valentine-lapiere\/\",\"url\":\"https:\/\/welovecinema.be\/fr\/le-court-du-lundi-aube-de-valentine-lapiere\/\",\"name\":\"Le court du lundi: \\\"Aube\\\" de Valentine Lapi\u00e8re - We Love Cinema\",\"isPartOf\":{\"@id\":\"https:\/\/welovecinema.be\/nl\/#website\"},\"datePublished\":\"2021-07-12T07:48:14+00:00\",\"dateModified\":\"2021-07-12T07:48:14+00:00\",\"breadcrumb\":{\"@id\":\"https:\/\/welovecinema.be\/fr\/le-court-du-lundi-aube-de-valentine-lapiere\/#breadcrumb\"},\"inLanguage\":\"fr-FR\",\"potentialAction\":[{\"@type\":\"ReadAction\",\"target\":[\"https:\/\/welovecinema.be\/fr\/le-court-du-lundi-aube-de-valentine-lapiere\/\"]}]},{\"@type\":\"BreadcrumbList\",\"@id\":\"https:\/\/welovecinema.be\/fr\/le-court-du-lundi-aube-de-valentine-lapiere\/#breadcrumb\",\"itemListElement\":[{\"@type\":\"ListItem\",\"position\":1,\"name\":\"Accueil\",\"item\":\"https:\/\/welovecinema.be\/fr\/\"},{\"@type\":\"ListItem\",\"position\":2,\"name\":\"Le court du lundi: \u00ab\u00a0Aube\u00a0\u00bb de Valentine Lapi\u00e8re\"}]},{\"@type\":\"WebSite\",\"@id\":\"https:\/\/welovecinema.be\/nl\/#website\",\"url\":\"https:\/\/welovecinema.be\/nl\/\",\"name\":\"We Love Cinema\",\"description\":\"Toute l\u2019information du cin\u00e9ma en Belgique\",\"publisher\":{\"@id\":\"https:\/\/welovecinema.be\/nl\/#organization\"},\"potentialAction\":[{\"@type\":\"SearchAction\",\"target\":{\"@type\":\"EntryPoint\",\"urlTemplate\":\"https:\/\/welovecinema.be\/nl\/?s={search_term_string}\"},\"query-input\":\"required name=search_term_string\"}],\"inLanguage\":\"fr-FR\"},{\"@type\":\"Organization\",\"@id\":\"https:\/\/welovecinema.be\/nl\/#organization\",\"name\":\"We Love Cinema\",\"url\":\"https:\/\/welovecinema.be\/nl\/\",\"logo\":{\"@type\":\"ImageObject\",\"inLanguage\":\"fr-FR\",\"@id\":\"https:\/\/welovecinema.be\/nl\/#\/schema\/logo\/image\/\",\"url\":\"https:\/\/welovecinema.be\/wp-content\/uploads\/sites\/2\/2023\/03\/Logo-We-Love-Cinema305x128.jpg\",\"contentUrl\":\"https:\/\/welovecinema.be\/wp-content\/uploads\/sites\/2\/2023\/03\/Logo-We-Love-Cinema305x128.jpg\",\"width\":305,\"height\":128,\"caption\":\"We Love Cinema\"},\"image\":{\"@id\":\"https:\/\/welovecinema.be\/nl\/#\/schema\/logo\/image\/\"},\"sameAs\":[\"https:\/\/www.facebook.com\/welovecinema.be\",\"https:\/\/www.youtube.com\/channel\/UCX5LYGVhnKvYauW4Nta4HJA\",\"https:\/\/www.instagram.com\/welovecinema.be\/\"]},{\"@type\":\"Person\",\"@id\":\"https:\/\/welovecinema.be\/nl\/#\/schema\/person\/8084b68c6b176142d073695c654dc7cf\",\"name\":\"Aurore Engelen\",\"url\":\"https:\/\/welovecinema.be\/fr\/author\/aurore-engelen\/\"}]}<\/script>\n<!-- \/ Yoast SEO plugin. -->","yoast_head_json":{"title":"Le court du lundi: \"Aube\" de Valentine Lapi\u00e8re - We Love Cinema","robots":{"index":"index","follow":"follow","max-snippet":"max-snippet:-1","max-image-preview":"max-image-preview:large","max-video-preview":"max-video-preview:-1"},"canonical":"https:\/\/welovecinema.be\/fr\/le-court-du-lundi-aube-de-valentine-lapiere\/","og_locale":"fr_FR","og_type":"article","og_title":"Le court du lundi: \"Aube\" de Valentine Lapi\u00e8re - We Love Cinema","og_description":"Au programme du court du lundi ce soir \u00e0 21h43 sur Tipik, Aube de Valentine Lapi\u00e8re. Aube de Valentine Lapi\u00e8re \u00e0 22h50 Avec Anouk Rubens, Val\u00e9rie Gimenez, Jean-Benoit Ugeux, Pitcho Wamba Konga, Ilana Sidaoui, Fatoumata Bah, Johanna Nuez Soriano, Monia Douieb Kim, une jeune fille de 14 ans, est\u00a0plac\u00e9e\u00a0en IPPJ pour la premi\u00e8re fois. Priv\u00e9e &hellip;","og_url":"https:\/\/welovecinema.be\/fr\/le-court-du-lundi-aube-de-valentine-lapiere\/","og_site_name":"We Love Cinema","article_publisher":"https:\/\/www.facebook.com\/welovecinema.be","article_published_time":"2021-07-12T07:48:14+00:00","og_image":[{"width":800,"height":454,"url":"https:\/\/welovecinema.be\/wp-content\/uploads\/sites\/2\/2021\/07\/Capture-de\u0301cran-2021-07-12-a\u0300-09.47.31-800x454.png","type":"image\/png"}],"author":"Aurore Engelen","twitter_card":"summary_large_image","twitter_misc":{"\u00c9crit par":"Aurore Engelen","Dur\u00e9e de lecture estim\u00e9e":"1 minute"},"schema":{"@context":"https:\/\/schema.org","@graph":[{"@type":"Article","@id":"https:\/\/welovecinema.be\/fr\/le-court-du-lundi-aube-de-valentine-lapiere\/#article","isPartOf":{"@id":"https:\/\/welovecinema.be\/fr\/le-court-du-lundi-aube-de-valentine-lapiere\/"},"author":{"name":"Aurore Engelen","@id":"https:\/\/welovecinema.be\/nl\/#\/schema\/person\/8084b68c6b176142d073695c654dc7cf"},"headline":"Le court du lundi: \u00ab\u00a0Aube\u00a0\u00bb de Valentine Lapi\u00e8re","datePublished":"2021-07-12T07:48:14+00:00","dateModified":"2021-07-12T07:48:14+00:00","mainEntityOfPage":{"@id":"https:\/\/welovecinema.be\/fr\/le-court-du-lundi-aube-de-valentine-lapiere\/"},"wordCount":95,"publisher":{"@id":"https:\/\/welovecinema.be\/nl\/#organization"},"articleSection":["Plateau t\u00e9l\u00e9"],"inLanguage":"fr-FR"},{"@type":"WebPage","@id":"https:\/\/welovecinema.be\/fr\/le-court-du-lundi-aube-de-valentine-lapiere\/","url":"https:\/\/welovecinema.be\/fr\/le-court-du-lundi-aube-de-valentine-lapiere\/","name":"Le court du lundi: \"Aube\" de Valentine Lapi\u00e8re - We Love Cinema","isPartOf":{"@id":"https:\/\/welovecinema.be\/nl\/#website"},"datePublished":"2021-07-12T07:48:14+00:00","dateModified":"2021-07-12T07:48:14+00:00","breadcrumb":{"@id":"https:\/\/welovecinema.be\/fr\/le-court-du-lundi-aube-de-valentine-lapiere\/#breadcrumb"},"inLanguage":"fr-FR","potentialAction":[{"@type":"ReadAction","target":["https:\/\/welovecinema.be\/fr\/le-court-du-lundi-aube-de-valentine-lapiere\/"]}]},{"@type":"BreadcrumbList","@id":"https:\/\/welovecinema.be\/fr\/le-court-du-lundi-aube-de-valentine-lapiere\/#breadcrumb","itemListElement":[{"@type":"ListItem","position":1,"name":"Accueil","item":"https:\/\/welovecinema.be\/fr\/"},{"@type":"ListItem","position":2,"name":"Le court du lundi: \u00ab\u00a0Aube\u00a0\u00bb de Valentine Lapi\u00e8re"}]},{"@type":"WebSite","@id":"https:\/\/welovecinema.be\/nl\/#website","url":"https:\/\/welovecinema.be\/nl\/","name":"We Love Cinema","description":"Toute l\u2019information du cin\u00e9ma en Belgique","publisher":{"@id":"https:\/\/welovecinema.be\/nl\/#organization"},"potentialAction":[{"@type":"SearchAction","target":{"@type":"EntryPoint","urlTemplate":"https:\/\/welovecinema.be\/nl\/?s={search_term_string}"},"query-input":"required name=search_term_string"}],"inLanguage":"fr-FR"},{"@type":"Organization","@id":"https:\/\/welovecinema.be\/nl\/#organization","name":"We Love Cinema","url":"https:\/\/welovecinema.be\/nl\/","logo":{"@type":"ImageObject","inLanguage":"fr-FR","@id":"https:\/\/welovecinema.be\/nl\/#\/schema\/logo\/image\/","url":"https:\/\/welovecinema.be\/wp-content\/uploads\/sites\/2\/2023\/03\/Logo-We-Love-Cinema305x128.jpg","contentUrl":"https:\/\/welovecinema.be\/wp-content\/uploads\/sites\/2\/2023\/03\/Logo-We-Love-Cinema305x128.jpg","width":305,"height":128,"caption":"We Love Cinema"},"image":{"@id":"https:\/\/welovecinema.be\/nl\/#\/schema\/logo\/image\/"},"sameAs":["https:\/\/www.facebook.com\/welovecinema.be","https:\/\/www.youtube.com\/channel\/UCX5LYGVhnKvYauW4Nta4HJA","https:\/\/www.instagram.com\/welovecinema.be\/"]},{"@type":"Person","@id":"https:\/\/welovecinema.be\/nl\/#\/schema\/person\/8084b68c6b176142d073695c654dc7cf","name":"Aurore Engelen","url":"https:\/\/welovecinema.be\/fr\/author\/aurore-engelen\/"}]}},"_links":{"self":[{"href":"https:\/\/welovecinema.be\/fr\/wp-json\/wp\/v2\/posts\/238528","targetHints":{"allow":["GET"]}}],"collection":[{"href":"https:\/\/welovecinema.be\/fr\/wp-json\/wp\/v2\/posts"}],"about":[{"href":"https:\/\/welovecinema.be\/fr\/wp-json\/wp\/v2\/types\/post"}],"author":[{"embeddable":true,"href":"https:\/\/welovecinema.be\/fr\/wp-json\/wp\/v2\/users\/343"}],"replies":[{"embeddable":true,"href":"https:\/\/welovecinema.be\/fr\/wp-json\/wp\/v2\/comments?post=238528"}],"version-history":[{"count":0,"href":"https:\/\/welovecinema.be\/fr\/wp-json\/wp\/v2\/posts\/238528\/revisions"}],"wp:featuredmedia":[{"embeddable":true,"href":"https:\/\/welovecinema.be\/fr\/wp-json\/wp\/v2\/media\/238533"}],"wp:attachment":[{"href":"https:\/\/welovecinema.be\/fr\/wp-json\/wp\/v2\/media?parent=238528"}],"wp:term":[{"taxonomy":"category","embeddable":true,"href":"https:\/\/welovecinema.be\/fr\/wp-json\/wp\/v2\/categories?post=238528"},{"taxonomy":"post_tag","embeddable":true,"href":"https:\/\/welovecinema.be\/fr\/wp-json\/wp\/v2\/tags?post=238528"}],"curies":[{"name":"wp","href":"https:\/\/api.w.org\/{rel}","templated":true}]}}