{"id":237732,"date":"2021-05-31T12:58:52","date_gmt":"2021-05-31T10:58:52","guid":{"rendered":"https:\/\/www.cinevox.be\/?p=237732"},"modified":"2021-06-01T09:08:48","modified_gmt":"2021-06-01T07:08:48","slug":"3-questions-a-elles-font-des-films","status":"publish","type":"post","link":"https:\/\/welovecinema.be\/fr\/3-questions-a-elles-font-des-films\/","title":{"rendered":"3 questions \u00e0&#8230; Elles font des films"},"content":{"rendered":"<p><strong>Rencontre express avec le collectif Elles font des films, qui vient de lancer <a href=\"http:\/\/ellesfontdesfilms.be\/\">son site internet<\/a>, o\u00f9 l&rsquo;on retrouve son manifeste, et ses actions, mais aussi de nombreuses informations sur l&rsquo;actualit\u00e9 des autrices, r\u00e9alisatrices et techniciennes belges francophones, ainsi qu&rsquo;une tr\u00e8s riche section <a href=\"http:\/\/ellesfontdesfilms.be\/ressource\/\">\u00ab\u00a0Ressources\u00a0\u00bb<\/a>, reprenant divers documents et outils sur les questions de genre, de parit\u00e9, d\u2019inclusion, et de diversit\u00e9 dans le secteur audiovisuel.<\/strong><\/p>\n<h4>Pourquoi ce collectif, et qui repr\u00e9sente-il?<\/h4>\n<p>Le collectif a \u00e9t\u00e9 cr\u00e9\u00e9 il y a 4 ans, en juin 2017, en r\u00e9action \u00e0 une photo publi\u00e9e par le Centre du Cin\u00e9ma dans le cadre de l&rsquo;op\u00e9ration Cinquante50 qui c\u00e9l\u00e9brait 50 ans d&rsquo;aides publiques, et sur laquelle figurait extr\u00eamement peu de femmes. On a voulu proposer une autre photo, pour montrer que les femmes \u00e9taient bien l\u00e0 dans le cin\u00e9ma belge. Le collectif est donc n\u00e9 de cette volont\u00e9 d&rsquo;offrir une autre repr\u00e9sentation.<\/p>\n<p>Les revendications \u00e9taient une repr\u00e9sentation plus juste, une visibilit\u00e9 plus importante du travail des femmes, et un d\u00e9sir de se rassembler pour \u00eatre solidaires, et trouver des solutions pour que les choses changent.<\/p>\n<figure id=\"attachment_237735\" aria-describedby=\"caption-attachment-237735\" style=\"width: 670px\" class=\"wp-caption alignnone\"><img loading=\"lazy\" decoding=\"async\" class=\"size-full wp-image-237735\" src=\"https:\/\/www.cinevox.be\/wp-content\/uploads\/sites\/2\/2021\/05\/\u00a9Marie-Francoise-Plissart.jpeg\" alt=\"\" width=\"670\" height=\"386\" srcset=\"https:\/\/welovecinema.be\/wp-content\/uploads\/sites\/2\/2021\/05\/\u00a9Marie-Francoise-Plissart.jpeg 670w, https:\/\/welovecinema.be\/wp-content\/uploads\/sites\/2\/2021\/05\/\u00a9Marie-Francoise-Plissart-469x270.jpeg 469w\" sizes=\"auto, (max-width: 670px) 100vw, 670px\" \/><figcaption id=\"caption-attachment-237735\" class=\"wp-caption-text\">\u00a9Marie-Francoise-Plissart<\/figcaption><\/figure>\n<p>Le collectif r\u00e9unit aujourd&rsquo;hui 150 professionnelles. Il \u00e9tait \u00e0 la base form\u00e9 de r\u00e9alisatrices, mais s&rsquo;est ouvert par la suite aux autres professionnelles, chefs op\u00e9ratrices, ing\u00e9nieures du son, sc\u00e9naristes, monteuses, actrices, productrices, etc. On a un fonctionnement transversal, on tient des assembl\u00e9es g\u00e9n\u00e9rales mensuelles, et on organise des groupes de travail par sujet, en fonction des affinit\u00e9s et des comp\u00e9tences de chacune. On a un groupe de travail sur les \u00e9coles, un autre sur un incitant financier pour les films ayant des \u00e9quipes paritaires, un sur la communication, un sur le site internet&#8230;<\/p>\n<p>Nous avons propos\u00e9 aux festivals belges une charte, les invitant \u00e0 s&rsquo;engager \u00e0 plus de parit\u00e9 dans leur programmation, charte d\u00e9j\u00e0 sign\u00e9e par le FIFF, le BRIFF et le Festival de Mons. Nous avions d&rsquo;ailleurs lanc\u00e9 une action embl\u00e9matique il y a trois ans au BRIFF le soir de l&rsquo;ouverture, pour protester contre la sous-repr\u00e9sentation des r\u00e9alisatrices dans la s\u00e9lection du Festival. Cette action a pay\u00e9, puisque l&rsquo;ann\u00e9e suivante, la s\u00e9lection \u00e9tait beaucoup plus paritaire, et on a pu engager un vrai dialogue.<\/p>\n<p>On a \u00e9galement r\u00e9ussi \u00e0 \u00e9tablir de nombreux contacts sur le plan politique, pour faire progresser les choses.<\/p>\n<h4>Quelle la situation en Belgique francophone aujourd&rsquo;hui?<\/h4>\n<p>Il y a de plus en plus de femmes dans les \u00e9coles, donc leur sous-repr\u00e9sentation sur les plateaux n&rsquo;est pas une question vocation! Il y a une vraie parit\u00e9 dans les \u00e9coles en r\u00e9alisation, en image, en montage, m\u00eame si en son par exemple les choses \u00e9voluent mais on n&rsquo;y est pas encore. Il y a donc beaucoup de professionnelles form\u00e9es \u00e0 l&rsquo;\u00e9cole, puis qui font leurs armes sur des courts m\u00e9trages, ou des films \u00e0 petit budget, mais plus il y a d&rsquo;enjeux financiers, plus c&rsquo;est dur. Et plus elles abandonnent, ou ont des difficult\u00e9s \u00e0 exercer leur m\u00e9tier. Le passage au long m\u00e9trage, et surtout, au deuxi\u00e8me long m\u00e9trage en fiction est particuli\u00e8rement difficile.<\/p>\n<p><img loading=\"lazy\" decoding=\"async\" class=\"alignnone size-large wp-image-237737\" src=\"https:\/\/www.cinevox.be\/wp-content\/uploads\/sites\/2\/2021\/05\/MIC8240-1-scaled-1-800x534.jpeg\" alt=\"\" width=\"618\" height=\"413\" srcset=\"https:\/\/welovecinema.be\/wp-content\/uploads\/sites\/2\/2021\/05\/MIC8240-1-scaled-1-800x534.jpeg 800w, https:\/\/welovecinema.be\/wp-content\/uploads\/sites\/2\/2021\/05\/MIC8240-1-scaled-1-404x270.jpeg 404w, https:\/\/welovecinema.be\/wp-content\/uploads\/sites\/2\/2021\/05\/MIC8240-1-scaled-1-768x513.jpeg 768w, https:\/\/welovecinema.be\/wp-content\/uploads\/sites\/2\/2021\/05\/MIC8240-1-scaled-1-1536x1025.jpeg 1536w, https:\/\/welovecinema.be\/wp-content\/uploads\/sites\/2\/2021\/05\/MIC8240-1-scaled-1-2048x1367.jpeg 2048w, https:\/\/welovecinema.be\/wp-content\/uploads\/sites\/2\/2021\/05\/MIC8240-1-scaled-1-110x75.jpeg 110w\" sizes=\"auto, (max-width: 618px) 100vw, 618px\" \/><\/p>\n<p>Globalement, \u00e0 de rares exceptions pr\u00e8s, plus il y a d&rsquo;argent ou de pouvoir, moins il y a de femmes. On constate par exemple, m\u00eame \u00e0 l&rsquo;\u00e9cole, que les femmes se dirigent beaucoup plus vers le secteur documentaire, qui est moins financ\u00e9.<\/p>\n<p>Evidemment, il y a plein de param\u00e8tres, de questions soci\u00e9tales, des questions de confiance en soi aussi, de sexisme sur les plateaux. Mais ce qu&rsquo;on constate, c&rsquo;est qu&rsquo;on fait moins confiance aux autrices, r\u00e9alisatrices, chefs op\u00e9ratrices qu&rsquo;\u00e0 leurs coll\u00e8gues masculins, et c&rsquo;est un vrai probl\u00e8me.<\/p>\n<p>Certes, les \u00e9quipes se f\u00e9minisent. Mais pour les chefs de poste par exemple, \u00e7a coince encore&#8230; On d\u00e9pend encore des r\u00e9seaux, et de la cooptation, m\u00eame si on a quand m\u00eame l&rsquo;impression que cela commence \u00e0 bouger, chez les filles comme chez les gar\u00e7ons, avec les g\u00e9n\u00e9rations qui arrivent \u00e0 l&rsquo;\u00e9cole et sur le march\u00e9 du travail. Pour celles et ceux qui sont dans la place depuis longtemps, c&rsquo;est encore compliqu\u00e9&#8230;<\/p>\n<h4>Quels sont vos prochains chantiers, et les grands enjeux pour vous aujourd&rsquo;hui?<\/h4>\n<p>On se rend compte que le simple fait de nous r\u00e9unir est d\u00e9j\u00e0 tr\u00e8s pr\u00e9cieux. Echanger nos exp\u00e9riences, \u00eatre solidaires. C&rsquo;est essentiel, car cela nous permet d&rsquo;oser plus, de d\u00e9passer le sexisme int\u00e9gr\u00e9 qui parfois retient les autrices de s&rsquo;exprimer, ou d&rsquo;avoir assez confiance pour d\u00e9poser des dossiers, demander de l&rsquo;argent.<\/p>\n<p>Et mine de rien, c&rsquo;est politique aussi, cette entraide, cette sororit\u00e9, car s&rsquo;il y avait plus de profs f\u00e9minines dans les \u00e9coles, si les structures \u00e9taient plus adapt\u00e9es, s&rsquo;il y avait plus d&rsquo;accompagnement, et des mod\u00e8les plus forts, la confiance en soi serait renforc\u00e9e.<\/p>\n<p><img loading=\"lazy\" decoding=\"async\" class=\"alignnone size-large wp-image-237739\" src=\"https:\/\/www.cinevox.be\/wp-content\/uploads\/sites\/2\/2021\/05\/Caroline_Guimbal__Tournage_22Michelle22_de_Ce\u0301cile_Mavet-800x536.jpeg\" alt=\"\" width=\"618\" height=\"414\" srcset=\"https:\/\/welovecinema.be\/wp-content\/uploads\/sites\/2\/2021\/05\/Caroline_Guimbal__Tournage_22Michelle22_de_Ce\u0301cile_Mavet-800x536.jpeg 800w, https:\/\/welovecinema.be\/wp-content\/uploads\/sites\/2\/2021\/05\/Caroline_Guimbal__Tournage_22Michelle22_de_Ce\u0301cile_Mavet-403x270.jpeg 403w, https:\/\/welovecinema.be\/wp-content\/uploads\/sites\/2\/2021\/05\/Caroline_Guimbal__Tournage_22Michelle22_de_Ce\u0301cile_Mavet-768x514.jpeg 768w, https:\/\/welovecinema.be\/wp-content\/uploads\/sites\/2\/2021\/05\/Caroline_Guimbal__Tournage_22Michelle22_de_Ce\u0301cile_Mavet-1536x1028.jpeg 1536w, https:\/\/welovecinema.be\/wp-content\/uploads\/sites\/2\/2021\/05\/Caroline_Guimbal__Tournage_22Michelle22_de_Ce\u0301cile_Mavet-110x75.jpeg 110w, https:\/\/welovecinema.be\/wp-content\/uploads\/sites\/2\/2021\/05\/Caroline_Guimbal__Tournage_22Michelle22_de_Ce\u0301cile_Mavet.jpeg 1840w\" sizes=\"auto, (max-width: 618px) 100vw, 618px\" \/><\/p>\n<p>Et puis petit \u00e0 petit, on se rend plus indispensable dans les lieux de pouvoir. On a notamment une excellente relation aujourd&rsquo;hui avec le Centre du Cin\u00e9ma, depuis l&rsquo;incident initial de la photo qui nous a men\u00e9es \u00e0 cr\u00e9er le collectif. La directrice du CCA, Jeanne Brunfaut, est une interlocutrice pr\u00e9cieuse avec laquelle nous travaillons r\u00e9guli\u00e8rement, et qui a notamment beaucoup oeuvr\u00e9 avec la mise en place de la nouvelle Commission du Film, qui respecte la parit\u00e9 parmi ses membres, auxquel\u00b7les sont propos\u00e9es des formations sur les questions de parit\u00e9, de diversit\u00e9 et d&rsquo;inclusion.<\/p>\n<p>On travaille aussi sur la question de la lutte contre les violences sexistes sur les plateaux, en collaboration avec Paye ton tournage et Hors champ. Il faut appliquer les textes qui existent, renforcer les cadres, d\u00e8s les contrats, et pourquoi pas, avoir des r\u00e9f\u00e9rents sexisme et diversit\u00e9 sur les plateaux. On a bien eu des r\u00e9f\u00e9rents Covid!<\/p>\n<p>Un autre gros chantier, c&rsquo;est de cr\u00e9er un r\u00e9pertoire des r\u00e9alisatrices, c&rsquo;est un projet complexe et \u00e0 long terme, qui demande certains moyens.<\/p>\n<p>Aujourd&rsquo;hui, on doit institutionnaliser tous les outils que l&rsquo;on propose, il faut que les r\u00e9glementations changent, et aller vers des quotas pour sortir des repr\u00e9sentations majoritairement masculines. On va d&rsquo;ailleurs bient\u00f4t rencontrer le collectif flamand Wanda, pour unir nos forces.<\/p>\n<p>Enfin en 2022, on aimerait organiser des journ\u00e9es ouvertes au public et aux professionnel\u00b7les, consacr\u00e9es \u00e0 la parit\u00e9, l&rsquo;inclusion et la diversit\u00e9. On organise de temps \u00e0 autres des projections de films de femmes, qui marchent tr\u00e8s bien, on voit donc qu&rsquo;il y a une vraie demande chez le public.<\/p>\n<p>&nbsp;<\/p>\n<p><em><strong>Retrouvez Elles font des films sur <a href=\"http:\/\/ellesfontdesfilms.be\/\">leur site<\/a>, leurs pages <a href=\"https:\/\/www.facebook.com\/Elles-Font-Des-Films-114165173309157\">Facebook<\/a> et <a href=\"https:\/\/www.instagram.com\/elles_font_des_films\/\">Instagram<\/a>, mais aussi en \u00ab\u00a0pr\u00e9sentiel\u00a0\u00bb lors des prochains festivals de Mons et de Bruxelles.\u00a0<\/strong><\/em><\/p>\n","protected":false},"excerpt":{"rendered":"<p>Rencontre express avec le collectif Elles font des films, qui vient de lancer son site internet, o\u00f9 l&rsquo;on retrouve son manifeste, et ses actions, mais aussi de nombreuses informations sur l&rsquo;actualit\u00e9 des autrices, r\u00e9alisatrices et techniciennes belges francophones, ainsi qu&rsquo;une tr\u00e8s riche section \u00ab\u00a0Ressources\u00a0\u00bb, reprenant divers documents et outils sur les questions de genre, de &hellip;<\/p>\n","protected":false},"author":343,"featured_media":237733,"comment_status":"closed","ping_status":"closed","sticky":false,"template":"","format":"standard","meta":{"ngg_post_thumbnail":0,"footnotes":""},"categories":[12,1978],"tags":[3204,4187],"class_list":["post-237732","post","type-post","status-publish","format-standard","has-post-thumbnail","","category-awards","category-interviews","tag-elles-font-des-films","tag-newsletter-fr"],"yoast_head":"<!-- This site is optimized with the Yoast SEO plugin v20.4 - https:\/\/yoast.com\/wordpress\/plugins\/seo\/ -->\n<title>3 questions \u00e0... Elles font des films - We Love Cinema<\/title>\n<meta name=\"robots\" content=\"index, follow, max-snippet:-1, max-image-preview:large, max-video-preview:-1\" \/>\n<link rel=\"canonical\" href=\"https:\/\/welovecinema.be\/fr\/3-questions-a-elles-font-des-films\/\" \/>\n<meta property=\"og:locale\" content=\"fr_FR\" \/>\n<meta property=\"og:type\" content=\"article\" \/>\n<meta property=\"og:title\" content=\"3 questions \u00e0... Elles font des films - We Love Cinema\" \/>\n<meta property=\"og:description\" content=\"Rencontre express avec le collectif Elles font des films, qui vient de lancer son site internet, o\u00f9 l&rsquo;on retrouve son manifeste, et ses actions, mais aussi de nombreuses informations sur l&rsquo;actualit\u00e9 des autrices, r\u00e9alisatrices et techniciennes belges francophones, ainsi qu&rsquo;une tr\u00e8s riche section \u00ab\u00a0Ressources\u00a0\u00bb, reprenant divers documents et outils sur les questions de genre, de &hellip;\" \/>\n<meta property=\"og:url\" content=\"https:\/\/welovecinema.be\/fr\/3-questions-a-elles-font-des-films\/\" \/>\n<meta property=\"og:site_name\" content=\"We Love Cinema\" \/>\n<meta property=\"article:publisher\" content=\"https:\/\/www.facebook.com\/welovecinema.be\" \/>\n<meta property=\"article:published_time\" content=\"2021-05-31T10:58:52+00:00\" \/>\n<meta property=\"article:modified_time\" content=\"2021-06-01T07:08:48+00:00\" \/>\n<meta property=\"og:image\" content=\"https:\/\/welovecinema.be\/wp-content\/uploads\/sites\/2\/2021\/05\/FotoJet-3.jpg\" \/>\n\t<meta property=\"og:image:width\" content=\"1200\" \/>\n\t<meta property=\"og:image:height\" content=\"600\" \/>\n\t<meta property=\"og:image:type\" content=\"image\/jpeg\" \/>\n<meta name=\"author\" content=\"Aurore Engelen\" \/>\n<meta name=\"twitter:card\" content=\"summary_large_image\" \/>\n<meta name=\"twitter:label1\" content=\"\u00c9crit par\" \/>\n\t<meta name=\"twitter:data1\" content=\"Aurore Engelen\" \/>\n\t<meta name=\"twitter:label2\" content=\"Dur\u00e9e de lecture estim\u00e9e\" \/>\n\t<meta name=\"twitter:data2\" content=\"6 minutes\" \/>\n<script type=\"application\/ld+json\" class=\"yoast-schema-graph\">{\"@context\":\"https:\/\/schema.org\",\"@graph\":[{\"@type\":\"Article\",\"@id\":\"https:\/\/welovecinema.be\/fr\/3-questions-a-elles-font-des-films\/#article\",\"isPartOf\":{\"@id\":\"https:\/\/welovecinema.be\/fr\/3-questions-a-elles-font-des-films\/\"},\"author\":{\"name\":\"Aurore Engelen\",\"@id\":\"https:\/\/welovecinema.be\/nl\/#\/schema\/person\/8084b68c6b176142d073695c654dc7cf\"},\"headline\":\"3 questions \u00e0&#8230; Elles font des films\",\"datePublished\":\"2021-05-31T10:58:52+00:00\",\"dateModified\":\"2021-06-01T07:08:48+00:00\",\"mainEntityOfPage\":{\"@id\":\"https:\/\/welovecinema.be\/fr\/3-questions-a-elles-font-des-films\/\"},\"wordCount\":1186,\"publisher\":{\"@id\":\"https:\/\/welovecinema.be\/nl\/#organization\"},\"keywords\":[\"elles font des films\",\"newsletter\"],\"articleSection\":[\"Evenements\",\"Rencontres\"],\"inLanguage\":\"fr-FR\"},{\"@type\":\"WebPage\",\"@id\":\"https:\/\/welovecinema.be\/fr\/3-questions-a-elles-font-des-films\/\",\"url\":\"https:\/\/welovecinema.be\/fr\/3-questions-a-elles-font-des-films\/\",\"name\":\"3 questions \u00e0... Elles font des films - We Love Cinema\",\"isPartOf\":{\"@id\":\"https:\/\/welovecinema.be\/nl\/#website\"},\"datePublished\":\"2021-05-31T10:58:52+00:00\",\"dateModified\":\"2021-06-01T07:08:48+00:00\",\"breadcrumb\":{\"@id\":\"https:\/\/welovecinema.be\/fr\/3-questions-a-elles-font-des-films\/#breadcrumb\"},\"inLanguage\":\"fr-FR\",\"potentialAction\":[{\"@type\":\"ReadAction\",\"target\":[\"https:\/\/welovecinema.be\/fr\/3-questions-a-elles-font-des-films\/\"]}]},{\"@type\":\"BreadcrumbList\",\"@id\":\"https:\/\/welovecinema.be\/fr\/3-questions-a-elles-font-des-films\/#breadcrumb\",\"itemListElement\":[{\"@type\":\"ListItem\",\"position\":1,\"name\":\"Accueil\",\"item\":\"https:\/\/welovecinema.be\/fr\/\"},{\"@type\":\"ListItem\",\"position\":2,\"name\":\"3 questions \u00e0&#8230; Elles font des films\"}]},{\"@type\":\"WebSite\",\"@id\":\"https:\/\/welovecinema.be\/nl\/#website\",\"url\":\"https:\/\/welovecinema.be\/nl\/\",\"name\":\"We Love Cinema\",\"description\":\"Toute l\u2019information du cin\u00e9ma en Belgique\",\"publisher\":{\"@id\":\"https:\/\/welovecinema.be\/nl\/#organization\"},\"potentialAction\":[{\"@type\":\"SearchAction\",\"target\":{\"@type\":\"EntryPoint\",\"urlTemplate\":\"https:\/\/welovecinema.be\/nl\/?s={search_term_string}\"},\"query-input\":\"required name=search_term_string\"}],\"inLanguage\":\"fr-FR\"},{\"@type\":\"Organization\",\"@id\":\"https:\/\/welovecinema.be\/nl\/#organization\",\"name\":\"We Love Cinema\",\"url\":\"https:\/\/welovecinema.be\/nl\/\",\"logo\":{\"@type\":\"ImageObject\",\"inLanguage\":\"fr-FR\",\"@id\":\"https:\/\/welovecinema.be\/nl\/#\/schema\/logo\/image\/\",\"url\":\"https:\/\/welovecinema.be\/wp-content\/uploads\/sites\/2\/2023\/03\/Logo-We-Love-Cinema305x128.jpg\",\"contentUrl\":\"https:\/\/welovecinema.be\/wp-content\/uploads\/sites\/2\/2023\/03\/Logo-We-Love-Cinema305x128.jpg\",\"width\":305,\"height\":128,\"caption\":\"We Love Cinema\"},\"image\":{\"@id\":\"https:\/\/welovecinema.be\/nl\/#\/schema\/logo\/image\/\"},\"sameAs\":[\"https:\/\/www.facebook.com\/welovecinema.be\",\"https:\/\/www.youtube.com\/channel\/UCX5LYGVhnKvYauW4Nta4HJA\",\"https:\/\/www.instagram.com\/welovecinema.be\/\"]},{\"@type\":\"Person\",\"@id\":\"https:\/\/welovecinema.be\/nl\/#\/schema\/person\/8084b68c6b176142d073695c654dc7cf\",\"name\":\"Aurore Engelen\",\"url\":\"https:\/\/welovecinema.be\/fr\/author\/aurore-engelen\/\"}]}<\/script>\n<!-- \/ Yoast SEO plugin. -->","yoast_head_json":{"title":"3 questions \u00e0... Elles font des films - We Love Cinema","robots":{"index":"index","follow":"follow","max-snippet":"max-snippet:-1","max-image-preview":"max-image-preview:large","max-video-preview":"max-video-preview:-1"},"canonical":"https:\/\/welovecinema.be\/fr\/3-questions-a-elles-font-des-films\/","og_locale":"fr_FR","og_type":"article","og_title":"3 questions \u00e0... Elles font des films - We Love Cinema","og_description":"Rencontre express avec le collectif Elles font des films, qui vient de lancer son site internet, o\u00f9 l&rsquo;on retrouve son manifeste, et ses actions, mais aussi de nombreuses informations sur l&rsquo;actualit\u00e9 des autrices, r\u00e9alisatrices et techniciennes belges francophones, ainsi qu&rsquo;une tr\u00e8s riche section \u00ab\u00a0Ressources\u00a0\u00bb, reprenant divers documents et outils sur les questions de genre, de &hellip;","og_url":"https:\/\/welovecinema.be\/fr\/3-questions-a-elles-font-des-films\/","og_site_name":"We Love Cinema","article_publisher":"https:\/\/www.facebook.com\/welovecinema.be","article_published_time":"2021-05-31T10:58:52+00:00","article_modified_time":"2021-06-01T07:08:48+00:00","og_image":[{"width":1200,"height":600,"url":"https:\/\/welovecinema.be\/wp-content\/uploads\/sites\/2\/2021\/05\/FotoJet-3.jpg","type":"image\/jpeg"}],"author":"Aurore Engelen","twitter_card":"summary_large_image","twitter_misc":{"\u00c9crit par":"Aurore Engelen","Dur\u00e9e de lecture estim\u00e9e":"6 minutes"},"schema":{"@context":"https:\/\/schema.org","@graph":[{"@type":"Article","@id":"https:\/\/welovecinema.be\/fr\/3-questions-a-elles-font-des-films\/#article","isPartOf":{"@id":"https:\/\/welovecinema.be\/fr\/3-questions-a-elles-font-des-films\/"},"author":{"name":"Aurore Engelen","@id":"https:\/\/welovecinema.be\/nl\/#\/schema\/person\/8084b68c6b176142d073695c654dc7cf"},"headline":"3 questions \u00e0&#8230; Elles font des films","datePublished":"2021-05-31T10:58:52+00:00","dateModified":"2021-06-01T07:08:48+00:00","mainEntityOfPage":{"@id":"https:\/\/welovecinema.be\/fr\/3-questions-a-elles-font-des-films\/"},"wordCount":1186,"publisher":{"@id":"https:\/\/welovecinema.be\/nl\/#organization"},"keywords":["elles font des films","newsletter"],"articleSection":["Evenements","Rencontres"],"inLanguage":"fr-FR"},{"@type":"WebPage","@id":"https:\/\/welovecinema.be\/fr\/3-questions-a-elles-font-des-films\/","url":"https:\/\/welovecinema.be\/fr\/3-questions-a-elles-font-des-films\/","name":"3 questions \u00e0... Elles font des films - We Love Cinema","isPartOf":{"@id":"https:\/\/welovecinema.be\/nl\/#website"},"datePublished":"2021-05-31T10:58:52+00:00","dateModified":"2021-06-01T07:08:48+00:00","breadcrumb":{"@id":"https:\/\/welovecinema.be\/fr\/3-questions-a-elles-font-des-films\/#breadcrumb"},"inLanguage":"fr-FR","potentialAction":[{"@type":"ReadAction","target":["https:\/\/welovecinema.be\/fr\/3-questions-a-elles-font-des-films\/"]}]},{"@type":"BreadcrumbList","@id":"https:\/\/welovecinema.be\/fr\/3-questions-a-elles-font-des-films\/#breadcrumb","itemListElement":[{"@type":"ListItem","position":1,"name":"Accueil","item":"https:\/\/welovecinema.be\/fr\/"},{"@type":"ListItem","position":2,"name":"3 questions \u00e0&#8230; Elles font des films"}]},{"@type":"WebSite","@id":"https:\/\/welovecinema.be\/nl\/#website","url":"https:\/\/welovecinema.be\/nl\/","name":"We Love Cinema","description":"Toute l\u2019information du cin\u00e9ma en Belgique","publisher":{"@id":"https:\/\/welovecinema.be\/nl\/#organization"},"potentialAction":[{"@type":"SearchAction","target":{"@type":"EntryPoint","urlTemplate":"https:\/\/welovecinema.be\/nl\/?s={search_term_string}"},"query-input":"required name=search_term_string"}],"inLanguage":"fr-FR"},{"@type":"Organization","@id":"https:\/\/welovecinema.be\/nl\/#organization","name":"We Love Cinema","url":"https:\/\/welovecinema.be\/nl\/","logo":{"@type":"ImageObject","inLanguage":"fr-FR","@id":"https:\/\/welovecinema.be\/nl\/#\/schema\/logo\/image\/","url":"https:\/\/welovecinema.be\/wp-content\/uploads\/sites\/2\/2023\/03\/Logo-We-Love-Cinema305x128.jpg","contentUrl":"https:\/\/welovecinema.be\/wp-content\/uploads\/sites\/2\/2023\/03\/Logo-We-Love-Cinema305x128.jpg","width":305,"height":128,"caption":"We Love Cinema"},"image":{"@id":"https:\/\/welovecinema.be\/nl\/#\/schema\/logo\/image\/"},"sameAs":["https:\/\/www.facebook.com\/welovecinema.be","https:\/\/www.youtube.com\/channel\/UCX5LYGVhnKvYauW4Nta4HJA","https:\/\/www.instagram.com\/welovecinema.be\/"]},{"@type":"Person","@id":"https:\/\/welovecinema.be\/nl\/#\/schema\/person\/8084b68c6b176142d073695c654dc7cf","name":"Aurore Engelen","url":"https:\/\/welovecinema.be\/fr\/author\/aurore-engelen\/"}]}},"_links":{"self":[{"href":"https:\/\/welovecinema.be\/fr\/wp-json\/wp\/v2\/posts\/237732","targetHints":{"allow":["GET"]}}],"collection":[{"href":"https:\/\/welovecinema.be\/fr\/wp-json\/wp\/v2\/posts"}],"about":[{"href":"https:\/\/welovecinema.be\/fr\/wp-json\/wp\/v2\/types\/post"}],"author":[{"embeddable":true,"href":"https:\/\/welovecinema.be\/fr\/wp-json\/wp\/v2\/users\/343"}],"replies":[{"embeddable":true,"href":"https:\/\/welovecinema.be\/fr\/wp-json\/wp\/v2\/comments?post=237732"}],"version-history":[{"count":0,"href":"https:\/\/welovecinema.be\/fr\/wp-json\/wp\/v2\/posts\/237732\/revisions"}],"wp:featuredmedia":[{"embeddable":true,"href":"https:\/\/welovecinema.be\/fr\/wp-json\/wp\/v2\/media\/237733"}],"wp:attachment":[{"href":"https:\/\/welovecinema.be\/fr\/wp-json\/wp\/v2\/media?parent=237732"}],"wp:term":[{"taxonomy":"category","embeddable":true,"href":"https:\/\/welovecinema.be\/fr\/wp-json\/wp\/v2\/categories?post=237732"},{"taxonomy":"post_tag","embeddable":true,"href":"https:\/\/welovecinema.be\/fr\/wp-json\/wp\/v2\/tags?post=237732"}],"curies":[{"name":"wp","href":"https:\/\/api.w.org\/{rel}","templated":true}]}}