{"id":236927,"date":"2021-04-22T15:13:08","date_gmt":"2021-04-22T13:13:08","guid":{"rendered":"https:\/\/www.cinevox.be\/?p=236927"},"modified":"2021-04-25T13:03:09","modified_gmt":"2021-04-25T11:03:09","slug":"sur-le-tournage-de-temps-mort","status":"publish","type":"post","link":"https:\/\/welovecinema.be\/fr\/sur-le-tournage-de-temps-mort\/","title":{"rendered":"Sur le tournage de&#8230; \u00ab\u00a0Temps Mort\u00a0\u00bb"},"content":{"rendered":"<p><strong>Visite sur le tournage de <em>Temps Mort<\/em>, premier long m\u00e9trage de fiction de la cin\u00e9aste Eve Duchemin, Magritte du Meilleur documentaire en 2017 pour <em>En bataille, portrait d&rsquo;une directrice de prison<\/em>, avec en t\u00eate d&rsquo;affiche Issaka Sawadogo, Karim Leklou, et un jeune com\u00e9dien belge qui fait ses premiers pas \u00e0 l&rsquo;\u00e9cran, Jarod Cousyns.<\/strong><\/p>\n<p>Mardi 19 avril, Bruxelles. Rendez-vous est donn\u00e9 \u00e0 la sortie de la ville en fin de journ\u00e9e sur le d\u00e9cor du jour du premier long m\u00e9trage de fiction d&rsquo;Eve Duchemin, <em>Temps Mort<\/em>. Sensation \u00e9trange d&rsquo;un temps non pas mort, mais au contraire bien vivant : entrer un peu incr\u00e9dule dans un vestibule sombre, passer devant un guichet, longer un vestiaire, monter un escalier, et entrer dans&#8230; un bar. Un grand bar. Car la star du jour, sauf le respect des com\u00e9dien\u00b7nes pr\u00e9sent\u00b7es sur le plateau, c&rsquo;est incontestablement la discoth\u00e8que o\u00f9 se tourne les quelques sc\u00e8nes au programme de la feuille de service.<\/p>\n<p>Alors que la ville autour est \u00e0 l&rsquo;arr\u00eat, comme assoupie en attendant la r\u00e9ouverture des lieux culturels et de divertissement, le cin\u00e9ma nous entraine ailleurs, dans un monde parall\u00e8le o\u00f9 on danse coll\u00e9-serr\u00e9, o\u00f9 on trinque au bar, o\u00f9 on se fr\u00f4le dans les couloirs \u00e9clair\u00e9s au n\u00e9on, sans remettre son masque et cesser de respirer dans un r\u00e9flexe pavlovien.<\/p>\n<p>Et ce n&rsquo;est pas la premi\u00e8re fois que la magie du cin\u00e9ma agit sur le set, comme nous le confie la r\u00e9alisatrice: <em>\u00ab\u00a0On a ouvert un bar, dans un petit village, pour une sc\u00e8ne, et tous les habitants venaient vers nous avec joie pour savoir si \u00e7a y&rsquo;est, c&rsquo;\u00e9tait fini! On a aussi tourn\u00e9 une sc\u00e8ne dans une f\u00eate foraine, et c&rsquo;\u00e9tait tr\u00e8s \u00e9mouvant de voir les forains d\u00e9baller enfin leurs attractions!\u00a0\u00bb.<\/em><\/p>\n<p><img loading=\"lazy\" decoding=\"async\" class=\"alignnone size-large wp-image-236937\" src=\"https:\/\/www.cinevox.be\/wp-content\/uploads\/sites\/2\/2021\/04\/TournageTempsMort-745x600.jpg\" alt=\"\" width=\"618\" height=\"498\" srcset=\"https:\/\/welovecinema.be\/wp-content\/uploads\/sites\/2\/2021\/04\/TournageTempsMort-745x600.jpg 745w, https:\/\/welovecinema.be\/wp-content\/uploads\/sites\/2\/2021\/04\/TournageTempsMort-335x270.jpg 335w, https:\/\/welovecinema.be\/wp-content\/uploads\/sites\/2\/2021\/04\/TournageTempsMort-768x618.jpg 768w, https:\/\/welovecinema.be\/wp-content\/uploads\/sites\/2\/2021\/04\/TournageTempsMort-1536x1236.jpg 1536w, https:\/\/welovecinema.be\/wp-content\/uploads\/sites\/2\/2021\/04\/TournageTempsMort-2048x1648.jpg 2048w\" sizes=\"auto, (max-width: 618px) 100vw, 618px\" \/><\/p>\n<p>Ce soir, l&rsquo;\u00e9quipe s&rsquo;est mise sur son 31. Ca brille, \u00e7a paillette, \u00e7a mini-jupe et \u00e7a chemise blanche dans tous les coins. Certain\u00b7es joueront les figurant\u00b7es de luxe, et r\u00eaveront le temps d&rsquo;un plan aux jours heureux o\u00f9 on sortait (o\u00f9 on ressortira) en bo\u00eete.<\/p>\n<p>La sc\u00e8ne tourn\u00e9e aujourd&rsquo;hui suit la soir\u00e9e de Colin, jeune d\u00e9tenu qui profite d&rsquo;une permission pour retrouver ses proches et tenter d&rsquo;oublier, le temps d&rsquo;un week-end, la prison qui fait son quotidien.<\/p>\n<p><em>Temps mort<\/em> se d\u00e9ploie au fil de trois mouvements, trois destins d&rsquo;hommes r\u00e9unis par la prison. Hamousin, interpr\u00e9t\u00e9 par le toujours impressionnant Issaka Sawadogo, incarne un \u00ab\u00a0ancien\u00a0\u00bb de la prison, condamn\u00e9 pour une peine de 20 ans, il m\u00e8ne une \u00ab\u00a0vie m\u00e9canique\u00a0\u00bb (le titre de travail du film), enti\u00e8rement rythm\u00e9e et format\u00e9e par le temps de la prison. Karim Leklou, actuellement \u00e0 l&rsquo;affiche de la saison 2 d&rsquo;Hippocrate, et qui sera l&rsquo;un des h\u00e9ros du premier film de Laura Wandel <em>Un Monde<\/em> (nous l&rsquo;avions d&rsquo;ailleurs <a href=\"https:\/\/www.cinevox.be\/fr\/sur-le-tournage-du-premier-long-metrage-de-laura-wandel-ok\/\">rencontr\u00e9 sur le plateau<\/a>), incarne Bonnard, un quarantenaire psychologiquement instable, incarc\u00e9r\u00e9 faute d&rsquo;\u00eatre soign\u00e9.<\/p>\n<p>Enfin, le troisi\u00e8me protagoniste est jou\u00e9 par Jarod Cousyns, jeune rappeur carolo qui fait ses premiers pas devant la cam\u00e9ra. Il se glisse donc dans la peau de Colin, jeune d\u00e9tenu qui a fait de mauvais choix, de mauvaises rencontres, et se retrouve plong\u00e9 dans un univers carc\u00e9ral qui va le broyer.<\/p>\n<p><img loading=\"lazy\" decoding=\"async\" class=\"alignnone size-large wp-image-236930\" src=\"https:\/\/www.cinevox.be\/wp-content\/uploads\/sites\/2\/2021\/04\/Jarod-Cousyns-Cinevox-800x600.jpg\" alt=\"Jarod-Cousyns-Cinevox\" width=\"618\" height=\"464\" srcset=\"https:\/\/welovecinema.be\/wp-content\/uploads\/sites\/2\/2021\/04\/Jarod-Cousyns-Cinevox-800x600.jpg 800w, https:\/\/welovecinema.be\/wp-content\/uploads\/sites\/2\/2021\/04\/Jarod-Cousyns-Cinevox-360x270.jpg 360w, https:\/\/welovecinema.be\/wp-content\/uploads\/sites\/2\/2021\/04\/Jarod-Cousyns-Cinevox-768x576.jpg 768w, https:\/\/welovecinema.be\/wp-content\/uploads\/sites\/2\/2021\/04\/Jarod-Cousyns-Cinevox-1536x1152.jpg 1536w, https:\/\/welovecinema.be\/wp-content\/uploads\/sites\/2\/2021\/04\/Jarod-Cousyns-Cinevox-2048x1536.jpg 2048w\" sizes=\"auto, (max-width: 618px) 100vw, 618px\" \/><\/p>\n<p>Le jeune homme d\u00e9ambule sur le plateau, irradiant une \u00e9nergie communicative, propre \u00e0 l&rsquo;enthousiasme de ceux qui d\u00e9couvrent l&rsquo;envers du d\u00e9cor, avec dans les yeux une lueur d&rsquo;\u00e9merveillement. <em>\u00ab\u00a0Ca m&rsquo;a mystifi\u00e9! Je ne regarde plus les films de la m\u00eame fa\u00e7on. C&rsquo;est une vraie fourmili\u00e8re un plateau, c&rsquo;est incroyable\u00a0\u00bb<\/em>, confie-t-il avec un grand sourire.<\/p>\n<p>Mais que l&rsquo;on ne s&rsquo;y trompe pas, l&rsquo;heure n&rsquo;est pas qu&rsquo;\u00e0 l&rsquo;amusement. Entre deux prises, Jarod s&rsquo;isole, \u00e9coute de la musique. Pour se concentrer, se mettre dans la peau de Colin, et rencontrer l&rsquo;exigence d&rsquo;un r\u00f4le complexe, comme il n&rsquo;en a <em>\u00ab\u00a0jamais vu\u00a0\u00bb<\/em>, qu&rsquo;il appr\u00e9hende de jour en en jour un peu mieux, notamment en ayant travaill\u00e9 en amont avec la r\u00e9alisatrice sur le pass\u00e9 de Colin.<\/p>\n<h4>Aux origines du projet<\/h4>\n<p>Mais d&rsquo;o\u00f9 vient l&rsquo;envie d&rsquo;accompagner ce moment si particulier dans la vie d&rsquo;un prisonnier? Elle remonte au tournage du documentaire de la cin\u00e9aste, <em>En bataille<\/em>, qui suit le quotidien d&rsquo;une directrice de prison. Pour s&rsquo;assurer de la pleine coop\u00e9ration du Minist\u00e8re de la Justice fran\u00e7ais, et pouvoir entrer dans la prison, l&rsquo;\u00e9quipe a d\u00fb s&rsquo;engager \u00e0 r\u00e9aliser un film de commande sur le r\u00f4le du sport dans le syst\u00e8me p\u00e9nitencier, notamment pour les prisonniers purgeant de longues peines. Eve Duchemin est alors accompagn\u00e9e par un jeune d\u00e9tenu, qui lui promet de la pr\u00e9senter aux autres, et de lui faciliter la t\u00e2che.<\/p>\n<p>Mais quand vient le lundi matin, et le premier jour de tournage, il est aux abonn\u00e9s absents. Et de fait, il a profit\u00e9 de la permission du week-end pour d\u00e9serter, alors qu&rsquo;il lui restait tout juste six mois \u00e0 tirer. Cette histoire a instantan\u00e9ment d\u00e9clench\u00e9 <em>\u00ab\u00a0la bo\u00eete \u00e0 fantasmes\u00a0\u00bb<\/em> de la r\u00e9alisatrice, qui se dit que si elle doit passer un fiction, elle tient l\u00e0 son histoire.<\/p>\n<p><em>\u00ab\u00a0Eve m&rsquo;a parl\u00e9 de ce gar\u00e7on,<\/em> confirme sa productrice, Annabella Nezri, <em>et je savais que c&rsquo;\u00e9tait compliqu\u00e9 pour elle de s&rsquo;en tenir au point de vue de la directrice, qu&rsquo;elle avait envie d&rsquo;aller du c\u00f4t\u00e9 des prisonniers. Elle m&rsquo;a rapidement propos\u00e9 de les raconter \u00e0 travers trois histoires, trois destins, et j&rsquo;ai trouv\u00e9 cela tr\u00e8s fort, d&rsquo;autant qu&rsquo;elle voulait faire un film sur des prisonniers, mais hors de la prison, ce qu&rsquo;on ne voit pas d&rsquo;habitude.\u00a0\u00bb<\/em><\/p>\n<p><img loading=\"lazy\" decoding=\"async\" class=\"alignnone size-large wp-image-236933\" src=\"https:\/\/www.cinevox.be\/wp-content\/uploads\/sites\/2\/2021\/04\/Eve-Duchemin-Cinevox-800x600.jpg\" alt=\"Eve-Duchemin-Cinevox\" width=\"618\" height=\"464\" srcset=\"https:\/\/welovecinema.be\/wp-content\/uploads\/sites\/2\/2021\/04\/Eve-Duchemin-Cinevox-800x600.jpg 800w, https:\/\/welovecinema.be\/wp-content\/uploads\/sites\/2\/2021\/04\/Eve-Duchemin-Cinevox-360x270.jpg 360w, https:\/\/welovecinema.be\/wp-content\/uploads\/sites\/2\/2021\/04\/Eve-Duchemin-Cinevox-768x576.jpg 768w, https:\/\/welovecinema.be\/wp-content\/uploads\/sites\/2\/2021\/04\/Eve-Duchemin-Cinevox-1536x1152.jpg 1536w, https:\/\/welovecinema.be\/wp-content\/uploads\/sites\/2\/2021\/04\/Eve-Duchemin-Cinevox-2048x1536.jpg 2048w\" sizes=\"auto, (max-width: 618px) 100vw, 618px\" \/><\/p>\n<p><em>\u00ab\u00a0Ce n&rsquo;est pas tant un film sur la prison, que sur la fa\u00e7on dont la prison rentre dans les t\u00eates, m\u00eame quand on en sort,<\/em> rench\u00e9rit Eve Duchemin. <em>En fait, j&rsquo;esp\u00e8re que ce n&rsquo;est pas un film sur la prison, mais plut\u00f4t sur les relations humaines, comment on nous voit, comment on nous colle des \u00e9tiquettes. Et comment la prison d\u00e9finit les prisonniers.\u00a0\u00bb<\/em><\/p>\n<p>Il faut dire que le sujet du film, l&rsquo;enfermement, trouve de dr\u00f4les d&rsquo;\u00e9chos avec la p\u00e9riode actuelle, ce que l&rsquo;autrice n&rsquo;aurait pas pu imaginer alors qu&rsquo;elle \u00e9crivait le film. <em>\u00ab\u00a0En \u00e9crivant, je pensais \u00e9crire l&rsquo;histoire d&rsquo;hommes cass\u00e9s par la prison, mais au fil de ce tournage si particulier, je m&rsquo;aper\u00e7ois qu&rsquo;en fait, \u00e7a parle tellement de nous,<\/em> confie Eve Duchemin.\u00a0\u00bb Cette prison, inscrite dans les corps et dans les t\u00eates des d\u00e9tenus, et qui trouve un \u00e9cho en plein lockdown.<\/p>\n<h4>Du doc \u00e0 la fiction<\/h4>\n<p><em>\u00ab\u00a0Evidemment, Eve conna\u00eet extr\u00eamement bien son sujet, mais surtout, je trouve que son exp\u00e9rience du documentaire lui permet de trouver des choses extr\u00eamement naturelles dans le jeu, et dans la fiction. Cela lui donne une certaine forme de libert\u00e9, pour trouver des moments tr\u00e8s ouverts,<\/em> explique Annabella Nezri. <em>Je suis tr\u00e8s impressionn\u00e9e par la fa\u00e7on dont elle parvient \u00e0 transmettre ses \u00e9motions au reste de l&rsquo;\u00e9quipe pour nourrir le projet, et dont les contraintes parviennent \u00e0 la rendre encore plus cr\u00e9ative.\u00a0\u00bb<\/em><\/p>\n<p><em>\u00ab\u00a0J&rsquo;avais tr\u00e8s envie de me lancer dans la fiction, de pouvoir filmer des histoires que je connais \u00e0 l&rsquo;avance, de ne pas d\u00e9pendre des autres pour qu&rsquo;une histoire se construise,<\/em> explique Eve Duchemin.\u00a0\u00bb<\/p>\n<p>Mais le passage du format documentaire au grand barnum du long m\u00e9trage de fiction n&rsquo;est pas anodin. <em>\u00ab\u00a0Moi, j&rsquo;ai toujours fait des films seule ou presque! Ici, je suis sur un bateau, avec tout un \u00e9quipage auquel je dois montrer le cap. Il faut apprendre \u00e0 faire danser 25 personnes en m\u00eame temps, c&rsquo;est un vrai d\u00e9fi! Mais je m&rsquo;aper\u00e7ois qu&rsquo;apprendre \u00e0 d\u00e9l\u00e9guer fait que tout monte en puissance en fait.\u00a0\u00bb<\/em><\/p>\n<p>Quand on demande \u00e0 la cin\u00e9aste, avant de la lib\u00e9rer pour retourner sur le plateau, ce \u00e0 quoi elle r\u00eave en r\u00e9alisant ce film, elle r\u00e9fl\u00e9chit quelques secondes, s&rsquo;\u00e9panche sur ce r\u00eave incroyable de pouvoir r\u00e9aliser un film avec une \u00e9quipe si performante et si d\u00e9termin\u00e9e qui la porte chaque jour un peu plus haut, et conclut par ces mots: \u00ab\u00a0<em>Mon r\u00eave, ce serait qu&rsquo;au d\u00e9but du film, on soit avec des d\u00e9tenus, et qu&rsquo;\u00e0 la fin, on soit juste avec des gens comme nous.\u00a0\u00bb<\/em><\/p>\n<p>&nbsp;<\/p>\n<p>&nbsp;<\/p>\n<p>&nbsp;<\/p>\n<p>&nbsp;<\/p>\n<p>&nbsp;<\/p>\n","protected":false},"excerpt":{"rendered":"<p>Visite sur le tournage de Temps Mort, premier long m\u00e9trage de fiction de la cin\u00e9aste Eve Duchemin, Magritte du Meilleur documentaire en 2017 pour En bataille, portrait d&rsquo;une directrice de prison, avec en t\u00eate d&rsquo;affiche Issaka Sawadogo, Karim Leklou, et un jeune com\u00e9dien belge qui fait ses premiers pas \u00e0 l&rsquo;\u00e9cran, Jarod Cousyns. Mardi 19 &hellip;<\/p>\n","protected":false},"author":343,"featured_media":236928,"comment_status":"closed","ping_status":"closed","sticky":false,"template":"","format":"standard","meta":{"ngg_post_thumbnail":0,"footnotes":""},"categories":[11],"tags":[4685,4187,6147],"class_list":["post-236927","post","type-post","status-publish","format-standard","has-post-thumbnail","","category-tournages","tag-eve-duchemin","tag-newsletter-fr","tag-temps-mort"],"yoast_head":"<!-- This site is optimized with the Yoast SEO plugin v20.4 - https:\/\/yoast.com\/wordpress\/plugins\/seo\/ -->\n<title>Sur le tournage de... &quot;Temps Mort&quot; - We Love Cinema<\/title>\n<meta name=\"robots\" content=\"index, follow, max-snippet:-1, max-image-preview:large, max-video-preview:-1\" \/>\n<link rel=\"canonical\" href=\"https:\/\/welovecinema.be\/fr\/sur-le-tournage-de-temps-mort\/\" \/>\n<meta property=\"og:locale\" content=\"fr_FR\" \/>\n<meta property=\"og:type\" content=\"article\" \/>\n<meta property=\"og:title\" content=\"Sur le tournage de... &quot;Temps Mort&quot; - We Love Cinema\" \/>\n<meta property=\"og:description\" content=\"Visite sur le tournage de Temps Mort, premier long m\u00e9trage de fiction de la cin\u00e9aste Eve Duchemin, Magritte du Meilleur documentaire en 2017 pour En bataille, portrait d&rsquo;une directrice de prison, avec en t\u00eate d&rsquo;affiche Issaka Sawadogo, Karim Leklou, et un jeune com\u00e9dien belge qui fait ses premiers pas \u00e0 l&rsquo;\u00e9cran, Jarod Cousyns. Mardi 19 &hellip;\" \/>\n<meta property=\"og:url\" content=\"https:\/\/welovecinema.be\/fr\/sur-le-tournage-de-temps-mort\/\" \/>\n<meta property=\"og:site_name\" content=\"We Love Cinema\" \/>\n<meta property=\"article:publisher\" content=\"https:\/\/www.facebook.com\/welovecinema.be\" \/>\n<meta property=\"article:published_time\" content=\"2021-04-22T13:13:08+00:00\" \/>\n<meta property=\"article:modified_time\" content=\"2021-04-25T11:03:09+00:00\" \/>\n<meta property=\"og:image\" content=\"https:\/\/welovecinema.be\/wp-content\/uploads\/sites\/2\/2021\/04\/IMG_2081.jpg\" \/>\n\t<meta property=\"og:image:width\" content=\"1024\" \/>\n\t<meta property=\"og:image:height\" content=\"683\" \/>\n\t<meta property=\"og:image:type\" content=\"image\/jpeg\" \/>\n<meta name=\"author\" content=\"Aurore Engelen\" \/>\n<meta name=\"twitter:card\" content=\"summary_large_image\" \/>\n<meta name=\"twitter:label1\" content=\"\u00c9crit par\" \/>\n\t<meta name=\"twitter:data1\" content=\"Aurore Engelen\" \/>\n\t<meta name=\"twitter:label2\" content=\"Dur\u00e9e de lecture estim\u00e9e\" \/>\n\t<meta name=\"twitter:data2\" content=\"7 minutes\" \/>\n<script type=\"application\/ld+json\" class=\"yoast-schema-graph\">{\"@context\":\"https:\/\/schema.org\",\"@graph\":[{\"@type\":\"Article\",\"@id\":\"https:\/\/welovecinema.be\/fr\/sur-le-tournage-de-temps-mort\/#article\",\"isPartOf\":{\"@id\":\"https:\/\/welovecinema.be\/fr\/sur-le-tournage-de-temps-mort\/\"},\"author\":{\"name\":\"Aurore Engelen\",\"@id\":\"https:\/\/welovecinema.be\/nl\/#\/schema\/person\/8084b68c6b176142d073695c654dc7cf\"},\"headline\":\"Sur le tournage de&#8230; \u00ab\u00a0Temps Mort\u00a0\u00bb\",\"datePublished\":\"2021-04-22T13:13:08+00:00\",\"dateModified\":\"2021-04-25T11:03:09+00:00\",\"mainEntityOfPage\":{\"@id\":\"https:\/\/welovecinema.be\/fr\/sur-le-tournage-de-temps-mort\/\"},\"wordCount\":1499,\"publisher\":{\"@id\":\"https:\/\/welovecinema.be\/nl\/#organization\"},\"keywords\":[\"Eve Duchemin\",\"newsletter\",\"Temps Mort\"],\"articleSection\":[\"Tournages\"],\"inLanguage\":\"fr-FR\"},{\"@type\":\"WebPage\",\"@id\":\"https:\/\/welovecinema.be\/fr\/sur-le-tournage-de-temps-mort\/\",\"url\":\"https:\/\/welovecinema.be\/fr\/sur-le-tournage-de-temps-mort\/\",\"name\":\"Sur le tournage de... \\\"Temps Mort\\\" - We Love Cinema\",\"isPartOf\":{\"@id\":\"https:\/\/welovecinema.be\/nl\/#website\"},\"datePublished\":\"2021-04-22T13:13:08+00:00\",\"dateModified\":\"2021-04-25T11:03:09+00:00\",\"breadcrumb\":{\"@id\":\"https:\/\/welovecinema.be\/fr\/sur-le-tournage-de-temps-mort\/#breadcrumb\"},\"inLanguage\":\"fr-FR\",\"potentialAction\":[{\"@type\":\"ReadAction\",\"target\":[\"https:\/\/welovecinema.be\/fr\/sur-le-tournage-de-temps-mort\/\"]}]},{\"@type\":\"BreadcrumbList\",\"@id\":\"https:\/\/welovecinema.be\/fr\/sur-le-tournage-de-temps-mort\/#breadcrumb\",\"itemListElement\":[{\"@type\":\"ListItem\",\"position\":1,\"name\":\"Accueil\",\"item\":\"https:\/\/welovecinema.be\/fr\/\"},{\"@type\":\"ListItem\",\"position\":2,\"name\":\"Sur le tournage de&#8230; \u00ab\u00a0Temps Mort\u00a0\u00bb\"}]},{\"@type\":\"WebSite\",\"@id\":\"https:\/\/welovecinema.be\/nl\/#website\",\"url\":\"https:\/\/welovecinema.be\/nl\/\",\"name\":\"We Love Cinema\",\"description\":\"Toute l\u2019information du cin\u00e9ma en Belgique\",\"publisher\":{\"@id\":\"https:\/\/welovecinema.be\/nl\/#organization\"},\"potentialAction\":[{\"@type\":\"SearchAction\",\"target\":{\"@type\":\"EntryPoint\",\"urlTemplate\":\"https:\/\/welovecinema.be\/nl\/?s={search_term_string}\"},\"query-input\":\"required name=search_term_string\"}],\"inLanguage\":\"fr-FR\"},{\"@type\":\"Organization\",\"@id\":\"https:\/\/welovecinema.be\/nl\/#organization\",\"name\":\"We Love Cinema\",\"url\":\"https:\/\/welovecinema.be\/nl\/\",\"logo\":{\"@type\":\"ImageObject\",\"inLanguage\":\"fr-FR\",\"@id\":\"https:\/\/welovecinema.be\/nl\/#\/schema\/logo\/image\/\",\"url\":\"https:\/\/welovecinema.be\/wp-content\/uploads\/sites\/2\/2023\/03\/Logo-We-Love-Cinema305x128.jpg\",\"contentUrl\":\"https:\/\/welovecinema.be\/wp-content\/uploads\/sites\/2\/2023\/03\/Logo-We-Love-Cinema305x128.jpg\",\"width\":305,\"height\":128,\"caption\":\"We Love Cinema\"},\"image\":{\"@id\":\"https:\/\/welovecinema.be\/nl\/#\/schema\/logo\/image\/\"},\"sameAs\":[\"https:\/\/www.facebook.com\/welovecinema.be\",\"https:\/\/www.youtube.com\/channel\/UCX5LYGVhnKvYauW4Nta4HJA\",\"https:\/\/www.instagram.com\/welovecinema.be\/\"]},{\"@type\":\"Person\",\"@id\":\"https:\/\/welovecinema.be\/nl\/#\/schema\/person\/8084b68c6b176142d073695c654dc7cf\",\"name\":\"Aurore Engelen\",\"url\":\"https:\/\/welovecinema.be\/fr\/author\/aurore-engelen\/\"}]}<\/script>\n<!-- \/ Yoast SEO plugin. -->","yoast_head_json":{"title":"Sur le tournage de... \"Temps Mort\" - We Love Cinema","robots":{"index":"index","follow":"follow","max-snippet":"max-snippet:-1","max-image-preview":"max-image-preview:large","max-video-preview":"max-video-preview:-1"},"canonical":"https:\/\/welovecinema.be\/fr\/sur-le-tournage-de-temps-mort\/","og_locale":"fr_FR","og_type":"article","og_title":"Sur le tournage de... \"Temps Mort\" - We Love Cinema","og_description":"Visite sur le tournage de Temps Mort, premier long m\u00e9trage de fiction de la cin\u00e9aste Eve Duchemin, Magritte du Meilleur documentaire en 2017 pour En bataille, portrait d&rsquo;une directrice de prison, avec en t\u00eate d&rsquo;affiche Issaka Sawadogo, Karim Leklou, et un jeune com\u00e9dien belge qui fait ses premiers pas \u00e0 l&rsquo;\u00e9cran, Jarod Cousyns. Mardi 19 &hellip;","og_url":"https:\/\/welovecinema.be\/fr\/sur-le-tournage-de-temps-mort\/","og_site_name":"We Love Cinema","article_publisher":"https:\/\/www.facebook.com\/welovecinema.be","article_published_time":"2021-04-22T13:13:08+00:00","article_modified_time":"2021-04-25T11:03:09+00:00","og_image":[{"width":1024,"height":683,"url":"https:\/\/welovecinema.be\/wp-content\/uploads\/sites\/2\/2021\/04\/IMG_2081.jpg","type":"image\/jpeg"}],"author":"Aurore Engelen","twitter_card":"summary_large_image","twitter_misc":{"\u00c9crit par":"Aurore Engelen","Dur\u00e9e de lecture estim\u00e9e":"7 minutes"},"schema":{"@context":"https:\/\/schema.org","@graph":[{"@type":"Article","@id":"https:\/\/welovecinema.be\/fr\/sur-le-tournage-de-temps-mort\/#article","isPartOf":{"@id":"https:\/\/welovecinema.be\/fr\/sur-le-tournage-de-temps-mort\/"},"author":{"name":"Aurore Engelen","@id":"https:\/\/welovecinema.be\/nl\/#\/schema\/person\/8084b68c6b176142d073695c654dc7cf"},"headline":"Sur le tournage de&#8230; \u00ab\u00a0Temps Mort\u00a0\u00bb","datePublished":"2021-04-22T13:13:08+00:00","dateModified":"2021-04-25T11:03:09+00:00","mainEntityOfPage":{"@id":"https:\/\/welovecinema.be\/fr\/sur-le-tournage-de-temps-mort\/"},"wordCount":1499,"publisher":{"@id":"https:\/\/welovecinema.be\/nl\/#organization"},"keywords":["Eve Duchemin","newsletter","Temps Mort"],"articleSection":["Tournages"],"inLanguage":"fr-FR"},{"@type":"WebPage","@id":"https:\/\/welovecinema.be\/fr\/sur-le-tournage-de-temps-mort\/","url":"https:\/\/welovecinema.be\/fr\/sur-le-tournage-de-temps-mort\/","name":"Sur le tournage de... \"Temps Mort\" - We Love Cinema","isPartOf":{"@id":"https:\/\/welovecinema.be\/nl\/#website"},"datePublished":"2021-04-22T13:13:08+00:00","dateModified":"2021-04-25T11:03:09+00:00","breadcrumb":{"@id":"https:\/\/welovecinema.be\/fr\/sur-le-tournage-de-temps-mort\/#breadcrumb"},"inLanguage":"fr-FR","potentialAction":[{"@type":"ReadAction","target":["https:\/\/welovecinema.be\/fr\/sur-le-tournage-de-temps-mort\/"]}]},{"@type":"BreadcrumbList","@id":"https:\/\/welovecinema.be\/fr\/sur-le-tournage-de-temps-mort\/#breadcrumb","itemListElement":[{"@type":"ListItem","position":1,"name":"Accueil","item":"https:\/\/welovecinema.be\/fr\/"},{"@type":"ListItem","position":2,"name":"Sur le tournage de&#8230; \u00ab\u00a0Temps Mort\u00a0\u00bb"}]},{"@type":"WebSite","@id":"https:\/\/welovecinema.be\/nl\/#website","url":"https:\/\/welovecinema.be\/nl\/","name":"We Love Cinema","description":"Toute l\u2019information du cin\u00e9ma en Belgique","publisher":{"@id":"https:\/\/welovecinema.be\/nl\/#organization"},"potentialAction":[{"@type":"SearchAction","target":{"@type":"EntryPoint","urlTemplate":"https:\/\/welovecinema.be\/nl\/?s={search_term_string}"},"query-input":"required name=search_term_string"}],"inLanguage":"fr-FR"},{"@type":"Organization","@id":"https:\/\/welovecinema.be\/nl\/#organization","name":"We Love Cinema","url":"https:\/\/welovecinema.be\/nl\/","logo":{"@type":"ImageObject","inLanguage":"fr-FR","@id":"https:\/\/welovecinema.be\/nl\/#\/schema\/logo\/image\/","url":"https:\/\/welovecinema.be\/wp-content\/uploads\/sites\/2\/2023\/03\/Logo-We-Love-Cinema305x128.jpg","contentUrl":"https:\/\/welovecinema.be\/wp-content\/uploads\/sites\/2\/2023\/03\/Logo-We-Love-Cinema305x128.jpg","width":305,"height":128,"caption":"We Love Cinema"},"image":{"@id":"https:\/\/welovecinema.be\/nl\/#\/schema\/logo\/image\/"},"sameAs":["https:\/\/www.facebook.com\/welovecinema.be","https:\/\/www.youtube.com\/channel\/UCX5LYGVhnKvYauW4Nta4HJA","https:\/\/www.instagram.com\/welovecinema.be\/"]},{"@type":"Person","@id":"https:\/\/welovecinema.be\/nl\/#\/schema\/person\/8084b68c6b176142d073695c654dc7cf","name":"Aurore Engelen","url":"https:\/\/welovecinema.be\/fr\/author\/aurore-engelen\/"}]}},"_links":{"self":[{"href":"https:\/\/welovecinema.be\/fr\/wp-json\/wp\/v2\/posts\/236927","targetHints":{"allow":["GET"]}}],"collection":[{"href":"https:\/\/welovecinema.be\/fr\/wp-json\/wp\/v2\/posts"}],"about":[{"href":"https:\/\/welovecinema.be\/fr\/wp-json\/wp\/v2\/types\/post"}],"author":[{"embeddable":true,"href":"https:\/\/welovecinema.be\/fr\/wp-json\/wp\/v2\/users\/343"}],"replies":[{"embeddable":true,"href":"https:\/\/welovecinema.be\/fr\/wp-json\/wp\/v2\/comments?post=236927"}],"version-history":[{"count":0,"href":"https:\/\/welovecinema.be\/fr\/wp-json\/wp\/v2\/posts\/236927\/revisions"}],"wp:featuredmedia":[{"embeddable":true,"href":"https:\/\/welovecinema.be\/fr\/wp-json\/wp\/v2\/media\/236928"}],"wp:attachment":[{"href":"https:\/\/welovecinema.be\/fr\/wp-json\/wp\/v2\/media?parent=236927"}],"wp:term":[{"taxonomy":"category","embeddable":true,"href":"https:\/\/welovecinema.be\/fr\/wp-json\/wp\/v2\/categories?post=236927"},{"taxonomy":"post_tag","embeddable":true,"href":"https:\/\/welovecinema.be\/fr\/wp-json\/wp\/v2\/tags?post=236927"}],"curies":[{"name":"wp","href":"https:\/\/api.w.org\/{rel}","templated":true}]}}