{"id":236887,"date":"2021-04-21T10:02:27","date_gmt":"2021-04-21T08:02:27","guid":{"rendered":"https:\/\/www.cinevox.be\/?p=236887"},"modified":"2021-04-21T10:08:09","modified_gmt":"2021-04-21T08:08:09","slug":"tout-court-programme-du-21-avril-2021","status":"publish","type":"post","link":"https:\/\/welovecinema.be\/fr\/tout-court-programme-du-21-avril-2021\/","title":{"rendered":"\u00ab\u00a0Tout Court\u00a0\u00bb, programme du 21 avril 2021"},"content":{"rendered":"<p><strong>Au programme de \u00ab\u00a0Tout Court\u00a0\u00bb aujourd&rsquo;hui, un in\u00e9dit, <em>Ceci n&rsquo;est pas une valise<\/em> de Lou Du Pontavice, et une valeur sure, <em>Matriochkas<\/em> de B\u00e9rang\u00e8re Mc Neese.<\/strong><\/p>\n<hr \/>\n<h4><strong><em>Ceci n&rsquo;est pas une valise<\/em><\/strong> de Lou Du Pontavice \u00e0 23h05<\/h4>\n<p><em>Avec Wim Willaert, Annie-Paris, Sarah Lefevre, et Andr\u00e9 Pasquazy<\/em><\/p>\n<p>Guy, chauffeur de taxi de 55 ans, s\u2019appr\u00eate \u00e0 prendre l\u2019Eurostar pour la premi\u00e8re fois : sa fille londonienne se marie. Mais quand il arrive au parking de la gare, une petite fille originaire de Kinshasa, s\u2019est gliss\u00e9e dans sa valise. C\u2019est Ma\u00efssa, 7 ans. Sa demande est claire et non n\u00e9gociable : Guy doit l\u2019emmener avec lui \u00e0 Londres, dans sa valise\u2026<\/p>\n<p><iframe loading=\"lazy\" title=\"Ceci n&#039;est pas une valise - Teaser\" width=\"618\" height=\"348\" src=\"https:\/\/www.youtube.com\/embed\/DXM3lclptNs?feature=oembed\" frameborder=\"0\" allow=\"accelerometer; autoplay; clipboard-write; encrypted-media; gyroscope; picture-in-picture; web-share\" referrerpolicy=\"strict-origin-when-cross-origin\" allowfullscreen><\/iframe><\/p>\n<hr \/>\n<h4><em><strong>Matriochkas<\/strong><\/em> de B\u00e9rang\u00e8re Mc Neese \u00e0 23h25<\/h4>\n<p><em>Avec H\u00e9lo\u00efse Valle, Victoire Du Bois, Guillaume Duhesme, Louis Durant&#8230;<\/em><\/p>\n<p class=\"\">Anna, 16 ans, vit avec Rebecca, sa jeune m\u00e8re, et au rythme des conqu\u00eates de celle-ci. C\u2019est la fin de l\u2019\u00e9t\u00e9, celui o\u00f9 Anna a commenc\u00e9 \u00e0 d\u00e9couvrir sa propre sensualit\u00e9. Lorsque Anna apprend qu\u2019elle est enceinte, sa m\u00e8re se voit en elle, au m\u00eame \u00e2ge. Anna se retrouve confront\u00e9e \u00e0 un choix, et si ce choix implique peut-\u00eatre de rompre avec Rebecca, Anna trouvera un soutien l\u00e0 o\u00f9 elle s\u2019y attend le moins.<\/p>\n<p><iframe loading=\"lazy\" title=\"Matriochkas - Official Trailer\" src=\"https:\/\/player.vimeo.com\/video\/364771066?dnt=1&amp;app_id=122963\" width=\"618\" height=\"348\" frameborder=\"0\" allow=\"autoplay; fullscreen; picture-in-picture; clipboard-write; encrypted-media\"><\/iframe><\/p>\n<p>&nbsp;<\/p>\n","protected":false},"excerpt":{"rendered":"<p>Au programme de \u00ab\u00a0Tout Court\u00a0\u00bb aujourd&rsquo;hui, un in\u00e9dit, Ceci n&rsquo;est pas une valise de Lou Du Pontavice, et une valeur sure, Matriochkas de B\u00e9rang\u00e8re Mc Neese. Ceci n&rsquo;est pas une valise de Lou Du Pontavice \u00e0 23h05 Avec Wim Willaert, Annie-Paris, Sarah Lefevre, et Andr\u00e9 Pasquazy Guy, chauffeur de taxi de 55 ans, s\u2019appr\u00eate \u00e0 &hellip;<\/p>\n","protected":false},"author":343,"featured_media":236888,"comment_status":"closed","ping_status":"closed","sticky":false,"template":"","format":"standard","meta":{"ngg_post_thumbnail":0,"footnotes":""},"categories":[14],"tags":[4187],"class_list":["post-236887","post","type-post","status-publish","format-standard","has-post-thumbnail","","category-home-cinema","tag-newsletter-fr"],"yoast_head":"<!-- This site is optimized with the Yoast SEO plugin v20.4 - https:\/\/yoast.com\/wordpress\/plugins\/seo\/ -->\n<title>&quot;Tout Court&quot;, programme du 21 avril 2021 - We Love Cinema<\/title>\n<meta name=\"robots\" content=\"index, follow, max-snippet:-1, max-image-preview:large, max-video-preview:-1\" \/>\n<link rel=\"canonical\" href=\"https:\/\/welovecinema.be\/fr\/tout-court-programme-du-21-avril-2021\/\" \/>\n<meta property=\"og:locale\" content=\"fr_FR\" \/>\n<meta property=\"og:type\" content=\"article\" \/>\n<meta property=\"og:title\" content=\"&quot;Tout Court&quot;, programme du 21 avril 2021 - We Love Cinema\" \/>\n<meta property=\"og:description\" content=\"Au programme de \u00ab\u00a0Tout Court\u00a0\u00bb aujourd&rsquo;hui, un in\u00e9dit, Ceci n&rsquo;est pas une valise de Lou Du Pontavice, et une valeur sure, Matriochkas de B\u00e9rang\u00e8re Mc Neese. Ceci n&rsquo;est pas une valise de Lou Du Pontavice \u00e0 23h05 Avec Wim Willaert, Annie-Paris, Sarah Lefevre, et Andr\u00e9 Pasquazy Guy, chauffeur de taxi de 55 ans, s\u2019appr\u00eate \u00e0 &hellip;\" \/>\n<meta property=\"og:url\" content=\"https:\/\/welovecinema.be\/fr\/tout-court-programme-du-21-avril-2021\/\" \/>\n<meta property=\"og:site_name\" content=\"We Love Cinema\" \/>\n<meta property=\"article:publisher\" content=\"https:\/\/www.facebook.com\/welovecinema.be\" \/>\n<meta property=\"article:published_time\" content=\"2021-04-21T08:02:27+00:00\" \/>\n<meta property=\"article:modified_time\" content=\"2021-04-21T08:08:09+00:00\" \/>\n<meta property=\"og:image\" content=\"https:\/\/welovecinema.be\/wp-content\/uploads\/sites\/2\/2021\/04\/FotoJet-4.jpg\" \/>\n\t<meta property=\"og:image:width\" content=\"1200\" \/>\n\t<meta property=\"og:image:height\" content=\"600\" \/>\n\t<meta property=\"og:image:type\" content=\"image\/jpeg\" \/>\n<meta name=\"author\" content=\"Aurore Engelen\" \/>\n<meta name=\"twitter:card\" content=\"summary_large_image\" \/>\n<meta name=\"twitter:label1\" content=\"\u00c9crit par\" \/>\n\t<meta name=\"twitter:data1\" content=\"Aurore Engelen\" \/>\n\t<meta name=\"twitter:label2\" content=\"Dur\u00e9e de lecture estim\u00e9e\" \/>\n\t<meta name=\"twitter:data2\" content=\"1 minute\" \/>\n<script type=\"application\/ld+json\" class=\"yoast-schema-graph\">{\"@context\":\"https:\/\/schema.org\",\"@graph\":[{\"@type\":\"Article\",\"@id\":\"https:\/\/welovecinema.be\/fr\/tout-court-programme-du-21-avril-2021\/#article\",\"isPartOf\":{\"@id\":\"https:\/\/welovecinema.be\/fr\/tout-court-programme-du-21-avril-2021\/\"},\"author\":{\"name\":\"Aurore Engelen\",\"@id\":\"https:\/\/welovecinema.be\/nl\/#\/schema\/person\/8084b68c6b176142d073695c654dc7cf\"},\"headline\":\"\u00ab\u00a0Tout Court\u00a0\u00bb, programme du 21 avril 2021\",\"datePublished\":\"2021-04-21T08:02:27+00:00\",\"dateModified\":\"2021-04-21T08:08:09+00:00\",\"mainEntityOfPage\":{\"@id\":\"https:\/\/welovecinema.be\/fr\/tout-court-programme-du-21-avril-2021\/\"},\"wordCount\":234,\"publisher\":{\"@id\":\"https:\/\/welovecinema.be\/nl\/#organization\"},\"keywords\":[\"newsletter\"],\"articleSection\":[\"Plateau t\u00e9l\u00e9\"],\"inLanguage\":\"fr-FR\"},{\"@type\":\"WebPage\",\"@id\":\"https:\/\/welovecinema.be\/fr\/tout-court-programme-du-21-avril-2021\/\",\"url\":\"https:\/\/welovecinema.be\/fr\/tout-court-programme-du-21-avril-2021\/\",\"name\":\"\\\"Tout Court\\\", programme du 21 avril 2021 - We Love Cinema\",\"isPartOf\":{\"@id\":\"https:\/\/welovecinema.be\/nl\/#website\"},\"datePublished\":\"2021-04-21T08:02:27+00:00\",\"dateModified\":\"2021-04-21T08:08:09+00:00\",\"breadcrumb\":{\"@id\":\"https:\/\/welovecinema.be\/fr\/tout-court-programme-du-21-avril-2021\/#breadcrumb\"},\"inLanguage\":\"fr-FR\",\"potentialAction\":[{\"@type\":\"ReadAction\",\"target\":[\"https:\/\/welovecinema.be\/fr\/tout-court-programme-du-21-avril-2021\/\"]}]},{\"@type\":\"BreadcrumbList\",\"@id\":\"https:\/\/welovecinema.be\/fr\/tout-court-programme-du-21-avril-2021\/#breadcrumb\",\"itemListElement\":[{\"@type\":\"ListItem\",\"position\":1,\"name\":\"Accueil\",\"item\":\"https:\/\/welovecinema.be\/fr\/\"},{\"@type\":\"ListItem\",\"position\":2,\"name\":\"\u00ab\u00a0Tout Court\u00a0\u00bb, programme du 21 avril 2021\"}]},{\"@type\":\"WebSite\",\"@id\":\"https:\/\/welovecinema.be\/nl\/#website\",\"url\":\"https:\/\/welovecinema.be\/nl\/\",\"name\":\"We Love Cinema\",\"description\":\"Toute l\u2019information du cin\u00e9ma en Belgique\",\"publisher\":{\"@id\":\"https:\/\/welovecinema.be\/nl\/#organization\"},\"potentialAction\":[{\"@type\":\"SearchAction\",\"target\":{\"@type\":\"EntryPoint\",\"urlTemplate\":\"https:\/\/welovecinema.be\/nl\/?s={search_term_string}\"},\"query-input\":\"required name=search_term_string\"}],\"inLanguage\":\"fr-FR\"},{\"@type\":\"Organization\",\"@id\":\"https:\/\/welovecinema.be\/nl\/#organization\",\"name\":\"We Love Cinema\",\"url\":\"https:\/\/welovecinema.be\/nl\/\",\"logo\":{\"@type\":\"ImageObject\",\"inLanguage\":\"fr-FR\",\"@id\":\"https:\/\/welovecinema.be\/nl\/#\/schema\/logo\/image\/\",\"url\":\"https:\/\/welovecinema.be\/wp-content\/uploads\/sites\/2\/2023\/03\/Logo-We-Love-Cinema305x128.jpg\",\"contentUrl\":\"https:\/\/welovecinema.be\/wp-content\/uploads\/sites\/2\/2023\/03\/Logo-We-Love-Cinema305x128.jpg\",\"width\":305,\"height\":128,\"caption\":\"We Love Cinema\"},\"image\":{\"@id\":\"https:\/\/welovecinema.be\/nl\/#\/schema\/logo\/image\/\"},\"sameAs\":[\"https:\/\/www.facebook.com\/welovecinema.be\",\"https:\/\/www.youtube.com\/channel\/UCX5LYGVhnKvYauW4Nta4HJA\",\"https:\/\/www.instagram.com\/welovecinema.be\/\"]},{\"@type\":\"Person\",\"@id\":\"https:\/\/welovecinema.be\/nl\/#\/schema\/person\/8084b68c6b176142d073695c654dc7cf\",\"name\":\"Aurore Engelen\",\"url\":\"https:\/\/welovecinema.be\/fr\/author\/aurore-engelen\/\"}]}<\/script>\n<!-- \/ Yoast SEO plugin. -->","yoast_head_json":{"title":"\"Tout Court\", programme du 21 avril 2021 - We Love Cinema","robots":{"index":"index","follow":"follow","max-snippet":"max-snippet:-1","max-image-preview":"max-image-preview:large","max-video-preview":"max-video-preview:-1"},"canonical":"https:\/\/welovecinema.be\/fr\/tout-court-programme-du-21-avril-2021\/","og_locale":"fr_FR","og_type":"article","og_title":"\"Tout Court\", programme du 21 avril 2021 - We Love Cinema","og_description":"Au programme de \u00ab\u00a0Tout Court\u00a0\u00bb aujourd&rsquo;hui, un in\u00e9dit, Ceci n&rsquo;est pas une valise de Lou Du Pontavice, et une valeur sure, Matriochkas de B\u00e9rang\u00e8re Mc Neese. Ceci n&rsquo;est pas une valise de Lou Du Pontavice \u00e0 23h05 Avec Wim Willaert, Annie-Paris, Sarah Lefevre, et Andr\u00e9 Pasquazy Guy, chauffeur de taxi de 55 ans, s\u2019appr\u00eate \u00e0 &hellip;","og_url":"https:\/\/welovecinema.be\/fr\/tout-court-programme-du-21-avril-2021\/","og_site_name":"We Love Cinema","article_publisher":"https:\/\/www.facebook.com\/welovecinema.be","article_published_time":"2021-04-21T08:02:27+00:00","article_modified_time":"2021-04-21T08:08:09+00:00","og_image":[{"width":1200,"height":600,"url":"https:\/\/welovecinema.be\/wp-content\/uploads\/sites\/2\/2021\/04\/FotoJet-4.jpg","type":"image\/jpeg"}],"author":"Aurore Engelen","twitter_card":"summary_large_image","twitter_misc":{"\u00c9crit par":"Aurore Engelen","Dur\u00e9e de lecture estim\u00e9e":"1 minute"},"schema":{"@context":"https:\/\/schema.org","@graph":[{"@type":"Article","@id":"https:\/\/welovecinema.be\/fr\/tout-court-programme-du-21-avril-2021\/#article","isPartOf":{"@id":"https:\/\/welovecinema.be\/fr\/tout-court-programme-du-21-avril-2021\/"},"author":{"name":"Aurore Engelen","@id":"https:\/\/welovecinema.be\/nl\/#\/schema\/person\/8084b68c6b176142d073695c654dc7cf"},"headline":"\u00ab\u00a0Tout Court\u00a0\u00bb, programme du 21 avril 2021","datePublished":"2021-04-21T08:02:27+00:00","dateModified":"2021-04-21T08:08:09+00:00","mainEntityOfPage":{"@id":"https:\/\/welovecinema.be\/fr\/tout-court-programme-du-21-avril-2021\/"},"wordCount":234,"publisher":{"@id":"https:\/\/welovecinema.be\/nl\/#organization"},"keywords":["newsletter"],"articleSection":["Plateau t\u00e9l\u00e9"],"inLanguage":"fr-FR"},{"@type":"WebPage","@id":"https:\/\/welovecinema.be\/fr\/tout-court-programme-du-21-avril-2021\/","url":"https:\/\/welovecinema.be\/fr\/tout-court-programme-du-21-avril-2021\/","name":"\"Tout Court\", programme du 21 avril 2021 - We Love Cinema","isPartOf":{"@id":"https:\/\/welovecinema.be\/nl\/#website"},"datePublished":"2021-04-21T08:02:27+00:00","dateModified":"2021-04-21T08:08:09+00:00","breadcrumb":{"@id":"https:\/\/welovecinema.be\/fr\/tout-court-programme-du-21-avril-2021\/#breadcrumb"},"inLanguage":"fr-FR","potentialAction":[{"@type":"ReadAction","target":["https:\/\/welovecinema.be\/fr\/tout-court-programme-du-21-avril-2021\/"]}]},{"@type":"BreadcrumbList","@id":"https:\/\/welovecinema.be\/fr\/tout-court-programme-du-21-avril-2021\/#breadcrumb","itemListElement":[{"@type":"ListItem","position":1,"name":"Accueil","item":"https:\/\/welovecinema.be\/fr\/"},{"@type":"ListItem","position":2,"name":"\u00ab\u00a0Tout Court\u00a0\u00bb, programme du 21 avril 2021"}]},{"@type":"WebSite","@id":"https:\/\/welovecinema.be\/nl\/#website","url":"https:\/\/welovecinema.be\/nl\/","name":"We Love Cinema","description":"Toute l\u2019information du cin\u00e9ma en Belgique","publisher":{"@id":"https:\/\/welovecinema.be\/nl\/#organization"},"potentialAction":[{"@type":"SearchAction","target":{"@type":"EntryPoint","urlTemplate":"https:\/\/welovecinema.be\/nl\/?s={search_term_string}"},"query-input":"required name=search_term_string"}],"inLanguage":"fr-FR"},{"@type":"Organization","@id":"https:\/\/welovecinema.be\/nl\/#organization","name":"We Love Cinema","url":"https:\/\/welovecinema.be\/nl\/","logo":{"@type":"ImageObject","inLanguage":"fr-FR","@id":"https:\/\/welovecinema.be\/nl\/#\/schema\/logo\/image\/","url":"https:\/\/welovecinema.be\/wp-content\/uploads\/sites\/2\/2023\/03\/Logo-We-Love-Cinema305x128.jpg","contentUrl":"https:\/\/welovecinema.be\/wp-content\/uploads\/sites\/2\/2023\/03\/Logo-We-Love-Cinema305x128.jpg","width":305,"height":128,"caption":"We Love Cinema"},"image":{"@id":"https:\/\/welovecinema.be\/nl\/#\/schema\/logo\/image\/"},"sameAs":["https:\/\/www.facebook.com\/welovecinema.be","https:\/\/www.youtube.com\/channel\/UCX5LYGVhnKvYauW4Nta4HJA","https:\/\/www.instagram.com\/welovecinema.be\/"]},{"@type":"Person","@id":"https:\/\/welovecinema.be\/nl\/#\/schema\/person\/8084b68c6b176142d073695c654dc7cf","name":"Aurore Engelen","url":"https:\/\/welovecinema.be\/fr\/author\/aurore-engelen\/"}]}},"_links":{"self":[{"href":"https:\/\/welovecinema.be\/fr\/wp-json\/wp\/v2\/posts\/236887","targetHints":{"allow":["GET"]}}],"collection":[{"href":"https:\/\/welovecinema.be\/fr\/wp-json\/wp\/v2\/posts"}],"about":[{"href":"https:\/\/welovecinema.be\/fr\/wp-json\/wp\/v2\/types\/post"}],"author":[{"embeddable":true,"href":"https:\/\/welovecinema.be\/fr\/wp-json\/wp\/v2\/users\/343"}],"replies":[{"embeddable":true,"href":"https:\/\/welovecinema.be\/fr\/wp-json\/wp\/v2\/comments?post=236887"}],"version-history":[{"count":0,"href":"https:\/\/welovecinema.be\/fr\/wp-json\/wp\/v2\/posts\/236887\/revisions"}],"wp:featuredmedia":[{"embeddable":true,"href":"https:\/\/welovecinema.be\/fr\/wp-json\/wp\/v2\/media\/236888"}],"wp:attachment":[{"href":"https:\/\/welovecinema.be\/fr\/wp-json\/wp\/v2\/media?parent=236887"}],"wp:term":[{"taxonomy":"category","embeddable":true,"href":"https:\/\/welovecinema.be\/fr\/wp-json\/wp\/v2\/categories?post=236887"},{"taxonomy":"post_tag","embeddable":true,"href":"https:\/\/welovecinema.be\/fr\/wp-json\/wp\/v2\/tags?post=236887"}],"curies":[{"name":"wp","href":"https:\/\/api.w.org\/{rel}","templated":true}]}}