{"id":236873,"date":"2021-04-21T10:07:28","date_gmt":"2021-04-21T08:07:28","guid":{"rendered":"https:\/\/www.cinevox.be\/?p=236873"},"modified":"2021-04-21T11:40:55","modified_gmt":"2021-04-21T09:40:55","slug":"les-ritournelles-de-la-chouette-nouveau-cinepilou","status":"publish","type":"post","link":"https:\/\/welovecinema.be\/fr\/les-ritournelles-de-la-chouette-nouveau-cinepilou\/","title":{"rendered":"\u00ab\u00a0Les Ritournelles de la Chouette\u00a0\u00bb, nouveau Cin\u00e9pilou!"},"content":{"rendered":"<p><strong>Cinepilou vous convie \u00e0 une nouvelle s\u00e9ance\u00a0sur canap\u00e9 ce vendredi avec la diffusion de\u00a0<em>Les Ritournelles de la Chouette<\/em>, pour le plus grand plaisir des tous petits et des plus grands.<\/strong><\/p>\n<p><em>Les Ritournelles de la Chouette <\/em>est l\u2019un des programmes propos\u00e9s par\u00a0<em>La Chouette du cin\u00e9ma<\/em>, le programme destin\u00e9 aux tous petits imagin\u00e9 par le producteur et r\u00e9alisateur Arnaud Demuynck, un programme consacr\u00e9 aux ritournelles.<\/p>\n<p>Ici, la ritournelle, c\u2019est ce conseil donn\u00e9 par la Chouette, qui pr\u00f4ne l\u2019humilit\u00e9 et la modestie, deux valeurs qui reviennent comme de petits mantra au fil des 5 films qui composent le programme. Quiconque a d\u00e9j\u00e0 lu une histoire \u00e0 un jeune enfant conna\u00eet le pouvoir hypnotique de la r\u00e9p\u00e9tition. Les messages ass\u00e9n\u00e9s ici connaissent au fil du r\u00e9cit de l\u00e9g\u00e8res variations, pour aboutir sur des chutes pleines parfois de malice et souvent de sagesse.<\/p>\n<p>Dans\u00a0<em><strong>Un travail de fourmi,<\/strong><\/em>\u00a0Ana\u00efs Sorrentino un livre de\u00a0Zemanel et Vanessa Gautier. Par une fra\u00eeche journ\u00e9e d\u2019automne, un ours prend froid dans la rivi\u00e8re. De retour dans sa grotte, il \u00e9ternue si fort qu\u2019un \u00e9norme rocher tombe devant l\u2019entr\u00e9e et le bloque \u00e0 l\u2019int\u00e9rieur. Malgr\u00e9 tous ses efforts, et malgr\u00e9 l\u2019aide de la fourmi, du blaireau, du loup, de l\u2019\u00e9lan et du bison, il ne parvient pas \u00e0 d\u00e9placer le bloc de pierre. Mais c\u2019est sans compter la perspicacit\u00e9 de la petite fourmi\u2026<\/p>\n<p class=\"font_8\">Avec\u00a0<em><strong>L\u2019Arbre \u00e0 grosse voix<\/strong><\/em>, Ana\u00efs Sorrentino toujours propose une variation d\u2019un conte d\u2019humour\u00a0africain. Une souris veut se loger dans le tronc d\u2019un vieil arbre quand celui-ci la menace d\u2019une grosse voix. La souris s\u2019enfuit et croise un \u00e9cureuil, qui, d\u2019abord sceptique, va vivre la m\u00eame exp\u00e9rience. Viendra le tour d\u2019un lapin, puis d\u2019un pinson et, enfin, d\u2019une tortue qui, elle, ne s\u2019en laissera pas conter.<\/p>\n<p>C\u00e9lia Tisserant et C\u00e9lia Tocco racontent avec\u00a0<em><strong>La Tortue d\u2019or<\/strong><\/em>\u00a0l\u2019histoire d\u2019un couple qui vit heureux dans une humble masure. Un jour, l\u2019homme p\u00eache dans ses filets une tortue aux \u00e9cailles d\u2019or. En \u00e9change de sa libert\u00e9, l\u2019animal promet\u00a0au\u00a0p\u00eacheur d\u2019exaucer tous ses v\u0153ux. Une\u00a0approche\u00a0tendre et moderne de cette fable classique qui illustre la f\u00e2cheuse\u00a0tendance humaine \u00e0 l\u2019avidit\u00e9.<\/p>\n<p>Avidit\u00e9 toujours avec le\u00a0banquier vaniteux et opulent qui croyait poss\u00e9der toutes les richesses, mais que l\u2019ennui l\u2019accablait de tristesse de\u00a0<strong><em>L\u2019Humble tailleur de pierres<\/em><\/strong>, r\u00e9alis\u00e9 par Frits Standaert. Un jour, il s\u2019approche de la maison d\u2019un humble tailleur de pierre qui, dit-on, vit satisfait de sa libert\u00e9, de son rocher et d\u2019une tasse de th\u00e9 \u00e0 l\u2019aurore.\u00a0\u00ab\u00a0\u00a0Mais que peut-on faire sans or ?\u00a0\u00bb, rugit le\u00a0banquier tout en pariant que cet homme d\u00e9sire l\u2019or avec ardeur !<\/p>\n<p>Enfin avec\u00a0<em><strong>O\u00f9 vas-tu Basile?<\/strong><\/em>, J\u00e9r\u00e9mie Mazurek met en images une chanson de Line Renaud, qui\u00a0montre que, contrairement aux apparences, celui qu\u2019on croyait prendre n\u2019est pas toujours pris! Alors que Basile part au march\u00e9 vendre son cheval, il croise sur sa route un malin qui lui troque le canasson contre une vache. Basile \u00e9change un peu plus loin sa vache contre une ch\u00e8vre, puis la ch\u00e8vre contre une poule\u2026<\/p>\n<p>Ca fait envie, non? Et \u00e7a tombe bien, on a des pass \u00e0 vous offrir\u00a0<a href=\"https:\/\/www.cinevox.be\/fr\/vos-cinewishes\/#\/fan-groups\/0b72b143-bae4-4a92-99ae-8d9be68df70c\/wish-lists\/60e2cc33-9dbe-4cb0-8766-2d47b4dfc8d2\">ici<\/a>!<\/p>\n","protected":false},"excerpt":{"rendered":"<p>Cinepilou vous convie \u00e0 une nouvelle s\u00e9ance\u00a0sur canap\u00e9 ce vendredi avec la diffusion de\u00a0Les Ritournelles de la Chouette, pour le plus grand plaisir des tous petits et des plus grands. Les Ritournelles de la Chouette est l\u2019un des programmes propos\u00e9s par\u00a0La Chouette du cin\u00e9ma, le programme destin\u00e9 aux tous petits imagin\u00e9 par le producteur et &hellip;<\/p>\n","protected":false},"author":343,"featured_media":217079,"comment_status":"closed","ping_status":"closed","sticky":false,"template":"","format":"standard","meta":{"ngg_post_thumbnail":0,"footnotes":""},"categories":[12],"tags":[4187],"class_list":["post-236873","post","type-post","status-publish","format-standard","has-post-thumbnail","","category-awards","tag-newsletter-fr"],"yoast_head":"<!-- This site is optimized with the Yoast SEO plugin v20.4 - https:\/\/yoast.com\/wordpress\/plugins\/seo\/ -->\n<title>&quot;Les Ritournelles de la Chouette&quot;, nouveau Cin\u00e9pilou! - We Love Cinema<\/title>\n<meta name=\"robots\" content=\"index, follow, max-snippet:-1, max-image-preview:large, max-video-preview:-1\" \/>\n<link rel=\"canonical\" href=\"https:\/\/welovecinema.be\/fr\/les-ritournelles-de-la-chouette-nouveau-cinepilou\/\" \/>\n<meta property=\"og:locale\" content=\"fr_FR\" \/>\n<meta property=\"og:type\" content=\"article\" \/>\n<meta property=\"og:title\" content=\"&quot;Les Ritournelles de la Chouette&quot;, nouveau Cin\u00e9pilou! - We Love Cinema\" \/>\n<meta property=\"og:description\" content=\"Cinepilou vous convie \u00e0 une nouvelle s\u00e9ance\u00a0sur canap\u00e9 ce vendredi avec la diffusion de\u00a0Les Ritournelles de la Chouette, pour le plus grand plaisir des tous petits et des plus grands. Les Ritournelles de la Chouette est l\u2019un des programmes propos\u00e9s par\u00a0La Chouette du cin\u00e9ma, le programme destin\u00e9 aux tous petits imagin\u00e9 par le producteur et &hellip;\" \/>\n<meta property=\"og:url\" content=\"https:\/\/welovecinema.be\/fr\/les-ritournelles-de-la-chouette-nouveau-cinepilou\/\" \/>\n<meta property=\"og:site_name\" content=\"We Love Cinema\" \/>\n<meta property=\"article:publisher\" content=\"https:\/\/www.facebook.com\/welovecinema.be\" \/>\n<meta property=\"article:published_time\" content=\"2021-04-21T08:07:28+00:00\" \/>\n<meta property=\"article:modified_time\" content=\"2021-04-21T09:40:55+00:00\" \/>\n<meta property=\"og:image\" content=\"https:\/\/welovecinema.be\/wp-content\/uploads\/sites\/2\/2019\/02\/ritournelleschouette_affiche.jpg\" \/>\n\t<meta property=\"og:image:width\" content=\"1500\" \/>\n\t<meta property=\"og:image:height\" content=\"1092\" \/>\n\t<meta property=\"og:image:type\" content=\"image\/jpeg\" \/>\n<meta name=\"author\" content=\"Aurore Engelen\" \/>\n<meta name=\"twitter:card\" content=\"summary_large_image\" \/>\n<meta name=\"twitter:label1\" content=\"\u00c9crit par\" \/>\n\t<meta name=\"twitter:data1\" content=\"Aurore Engelen\" \/>\n\t<meta name=\"twitter:label2\" content=\"Dur\u00e9e de lecture estim\u00e9e\" \/>\n\t<meta name=\"twitter:data2\" content=\"3 minutes\" \/>\n<script type=\"application\/ld+json\" class=\"yoast-schema-graph\">{\"@context\":\"https:\/\/schema.org\",\"@graph\":[{\"@type\":\"Article\",\"@id\":\"https:\/\/welovecinema.be\/fr\/les-ritournelles-de-la-chouette-nouveau-cinepilou\/#article\",\"isPartOf\":{\"@id\":\"https:\/\/welovecinema.be\/fr\/les-ritournelles-de-la-chouette-nouveau-cinepilou\/\"},\"author\":{\"name\":\"Aurore Engelen\",\"@id\":\"https:\/\/welovecinema.be\/nl\/#\/schema\/person\/8084b68c6b176142d073695c654dc7cf\"},\"headline\":\"\u00ab\u00a0Les Ritournelles de la Chouette\u00a0\u00bb, nouveau Cin\u00e9pilou!\",\"datePublished\":\"2021-04-21T08:07:28+00:00\",\"dateModified\":\"2021-04-21T09:40:55+00:00\",\"mainEntityOfPage\":{\"@id\":\"https:\/\/welovecinema.be\/fr\/les-ritournelles-de-la-chouette-nouveau-cinepilou\/\"},\"wordCount\":593,\"publisher\":{\"@id\":\"https:\/\/welovecinema.be\/nl\/#organization\"},\"keywords\":[\"newsletter\"],\"articleSection\":[\"Evenements\"],\"inLanguage\":\"fr-FR\"},{\"@type\":\"WebPage\",\"@id\":\"https:\/\/welovecinema.be\/fr\/les-ritournelles-de-la-chouette-nouveau-cinepilou\/\",\"url\":\"https:\/\/welovecinema.be\/fr\/les-ritournelles-de-la-chouette-nouveau-cinepilou\/\",\"name\":\"\\\"Les Ritournelles de la Chouette\\\", nouveau Cin\u00e9pilou! - We Love Cinema\",\"isPartOf\":{\"@id\":\"https:\/\/welovecinema.be\/nl\/#website\"},\"datePublished\":\"2021-04-21T08:07:28+00:00\",\"dateModified\":\"2021-04-21T09:40:55+00:00\",\"breadcrumb\":{\"@id\":\"https:\/\/welovecinema.be\/fr\/les-ritournelles-de-la-chouette-nouveau-cinepilou\/#breadcrumb\"},\"inLanguage\":\"fr-FR\",\"potentialAction\":[{\"@type\":\"ReadAction\",\"target\":[\"https:\/\/welovecinema.be\/fr\/les-ritournelles-de-la-chouette-nouveau-cinepilou\/\"]}]},{\"@type\":\"BreadcrumbList\",\"@id\":\"https:\/\/welovecinema.be\/fr\/les-ritournelles-de-la-chouette-nouveau-cinepilou\/#breadcrumb\",\"itemListElement\":[{\"@type\":\"ListItem\",\"position\":1,\"name\":\"Accueil\",\"item\":\"https:\/\/welovecinema.be\/fr\/\"},{\"@type\":\"ListItem\",\"position\":2,\"name\":\"\u00ab\u00a0Les Ritournelles de la Chouette\u00a0\u00bb, nouveau Cin\u00e9pilou!\"}]},{\"@type\":\"WebSite\",\"@id\":\"https:\/\/welovecinema.be\/nl\/#website\",\"url\":\"https:\/\/welovecinema.be\/nl\/\",\"name\":\"We Love Cinema\",\"description\":\"Toute l\u2019information du cin\u00e9ma en Belgique\",\"publisher\":{\"@id\":\"https:\/\/welovecinema.be\/nl\/#organization\"},\"potentialAction\":[{\"@type\":\"SearchAction\",\"target\":{\"@type\":\"EntryPoint\",\"urlTemplate\":\"https:\/\/welovecinema.be\/nl\/?s={search_term_string}\"},\"query-input\":\"required name=search_term_string\"}],\"inLanguage\":\"fr-FR\"},{\"@type\":\"Organization\",\"@id\":\"https:\/\/welovecinema.be\/nl\/#organization\",\"name\":\"We Love Cinema\",\"url\":\"https:\/\/welovecinema.be\/nl\/\",\"logo\":{\"@type\":\"ImageObject\",\"inLanguage\":\"fr-FR\",\"@id\":\"https:\/\/welovecinema.be\/nl\/#\/schema\/logo\/image\/\",\"url\":\"https:\/\/welovecinema.be\/wp-content\/uploads\/sites\/2\/2023\/03\/Logo-We-Love-Cinema305x128.jpg\",\"contentUrl\":\"https:\/\/welovecinema.be\/wp-content\/uploads\/sites\/2\/2023\/03\/Logo-We-Love-Cinema305x128.jpg\",\"width\":305,\"height\":128,\"caption\":\"We Love Cinema\"},\"image\":{\"@id\":\"https:\/\/welovecinema.be\/nl\/#\/schema\/logo\/image\/\"},\"sameAs\":[\"https:\/\/www.facebook.com\/welovecinema.be\",\"https:\/\/www.youtube.com\/channel\/UCX5LYGVhnKvYauW4Nta4HJA\",\"https:\/\/www.instagram.com\/welovecinema.be\/\"]},{\"@type\":\"Person\",\"@id\":\"https:\/\/welovecinema.be\/nl\/#\/schema\/person\/8084b68c6b176142d073695c654dc7cf\",\"name\":\"Aurore Engelen\",\"url\":\"https:\/\/welovecinema.be\/fr\/author\/aurore-engelen\/\"}]}<\/script>\n<!-- \/ Yoast SEO plugin. -->","yoast_head_json":{"title":"\"Les Ritournelles de la Chouette\", nouveau Cin\u00e9pilou! - We Love Cinema","robots":{"index":"index","follow":"follow","max-snippet":"max-snippet:-1","max-image-preview":"max-image-preview:large","max-video-preview":"max-video-preview:-1"},"canonical":"https:\/\/welovecinema.be\/fr\/les-ritournelles-de-la-chouette-nouveau-cinepilou\/","og_locale":"fr_FR","og_type":"article","og_title":"\"Les Ritournelles de la Chouette\", nouveau Cin\u00e9pilou! - We Love Cinema","og_description":"Cinepilou vous convie \u00e0 une nouvelle s\u00e9ance\u00a0sur canap\u00e9 ce vendredi avec la diffusion de\u00a0Les Ritournelles de la Chouette, pour le plus grand plaisir des tous petits et des plus grands. Les Ritournelles de la Chouette est l\u2019un des programmes propos\u00e9s par\u00a0La Chouette du cin\u00e9ma, le programme destin\u00e9 aux tous petits imagin\u00e9 par le producteur et &hellip;","og_url":"https:\/\/welovecinema.be\/fr\/les-ritournelles-de-la-chouette-nouveau-cinepilou\/","og_site_name":"We Love Cinema","article_publisher":"https:\/\/www.facebook.com\/welovecinema.be","article_published_time":"2021-04-21T08:07:28+00:00","article_modified_time":"2021-04-21T09:40:55+00:00","og_image":[{"width":1500,"height":1092,"url":"https:\/\/welovecinema.be\/wp-content\/uploads\/sites\/2\/2019\/02\/ritournelleschouette_affiche.jpg","type":"image\/jpeg"}],"author":"Aurore Engelen","twitter_card":"summary_large_image","twitter_misc":{"\u00c9crit par":"Aurore Engelen","Dur\u00e9e de lecture estim\u00e9e":"3 minutes"},"schema":{"@context":"https:\/\/schema.org","@graph":[{"@type":"Article","@id":"https:\/\/welovecinema.be\/fr\/les-ritournelles-de-la-chouette-nouveau-cinepilou\/#article","isPartOf":{"@id":"https:\/\/welovecinema.be\/fr\/les-ritournelles-de-la-chouette-nouveau-cinepilou\/"},"author":{"name":"Aurore Engelen","@id":"https:\/\/welovecinema.be\/nl\/#\/schema\/person\/8084b68c6b176142d073695c654dc7cf"},"headline":"\u00ab\u00a0Les Ritournelles de la Chouette\u00a0\u00bb, nouveau Cin\u00e9pilou!","datePublished":"2021-04-21T08:07:28+00:00","dateModified":"2021-04-21T09:40:55+00:00","mainEntityOfPage":{"@id":"https:\/\/welovecinema.be\/fr\/les-ritournelles-de-la-chouette-nouveau-cinepilou\/"},"wordCount":593,"publisher":{"@id":"https:\/\/welovecinema.be\/nl\/#organization"},"keywords":["newsletter"],"articleSection":["Evenements"],"inLanguage":"fr-FR"},{"@type":"WebPage","@id":"https:\/\/welovecinema.be\/fr\/les-ritournelles-de-la-chouette-nouveau-cinepilou\/","url":"https:\/\/welovecinema.be\/fr\/les-ritournelles-de-la-chouette-nouveau-cinepilou\/","name":"\"Les Ritournelles de la Chouette\", nouveau Cin\u00e9pilou! - We Love Cinema","isPartOf":{"@id":"https:\/\/welovecinema.be\/nl\/#website"},"datePublished":"2021-04-21T08:07:28+00:00","dateModified":"2021-04-21T09:40:55+00:00","breadcrumb":{"@id":"https:\/\/welovecinema.be\/fr\/les-ritournelles-de-la-chouette-nouveau-cinepilou\/#breadcrumb"},"inLanguage":"fr-FR","potentialAction":[{"@type":"ReadAction","target":["https:\/\/welovecinema.be\/fr\/les-ritournelles-de-la-chouette-nouveau-cinepilou\/"]}]},{"@type":"BreadcrumbList","@id":"https:\/\/welovecinema.be\/fr\/les-ritournelles-de-la-chouette-nouveau-cinepilou\/#breadcrumb","itemListElement":[{"@type":"ListItem","position":1,"name":"Accueil","item":"https:\/\/welovecinema.be\/fr\/"},{"@type":"ListItem","position":2,"name":"\u00ab\u00a0Les Ritournelles de la Chouette\u00a0\u00bb, nouveau Cin\u00e9pilou!"}]},{"@type":"WebSite","@id":"https:\/\/welovecinema.be\/nl\/#website","url":"https:\/\/welovecinema.be\/nl\/","name":"We Love Cinema","description":"Toute l\u2019information du cin\u00e9ma en Belgique","publisher":{"@id":"https:\/\/welovecinema.be\/nl\/#organization"},"potentialAction":[{"@type":"SearchAction","target":{"@type":"EntryPoint","urlTemplate":"https:\/\/welovecinema.be\/nl\/?s={search_term_string}"},"query-input":"required name=search_term_string"}],"inLanguage":"fr-FR"},{"@type":"Organization","@id":"https:\/\/welovecinema.be\/nl\/#organization","name":"We Love Cinema","url":"https:\/\/welovecinema.be\/nl\/","logo":{"@type":"ImageObject","inLanguage":"fr-FR","@id":"https:\/\/welovecinema.be\/nl\/#\/schema\/logo\/image\/","url":"https:\/\/welovecinema.be\/wp-content\/uploads\/sites\/2\/2023\/03\/Logo-We-Love-Cinema305x128.jpg","contentUrl":"https:\/\/welovecinema.be\/wp-content\/uploads\/sites\/2\/2023\/03\/Logo-We-Love-Cinema305x128.jpg","width":305,"height":128,"caption":"We Love Cinema"},"image":{"@id":"https:\/\/welovecinema.be\/nl\/#\/schema\/logo\/image\/"},"sameAs":["https:\/\/www.facebook.com\/welovecinema.be","https:\/\/www.youtube.com\/channel\/UCX5LYGVhnKvYauW4Nta4HJA","https:\/\/www.instagram.com\/welovecinema.be\/"]},{"@type":"Person","@id":"https:\/\/welovecinema.be\/nl\/#\/schema\/person\/8084b68c6b176142d073695c654dc7cf","name":"Aurore Engelen","url":"https:\/\/welovecinema.be\/fr\/author\/aurore-engelen\/"}]}},"_links":{"self":[{"href":"https:\/\/welovecinema.be\/fr\/wp-json\/wp\/v2\/posts\/236873","targetHints":{"allow":["GET"]}}],"collection":[{"href":"https:\/\/welovecinema.be\/fr\/wp-json\/wp\/v2\/posts"}],"about":[{"href":"https:\/\/welovecinema.be\/fr\/wp-json\/wp\/v2\/types\/post"}],"author":[{"embeddable":true,"href":"https:\/\/welovecinema.be\/fr\/wp-json\/wp\/v2\/users\/343"}],"replies":[{"embeddable":true,"href":"https:\/\/welovecinema.be\/fr\/wp-json\/wp\/v2\/comments?post=236873"}],"version-history":[{"count":0,"href":"https:\/\/welovecinema.be\/fr\/wp-json\/wp\/v2\/posts\/236873\/revisions"}],"wp:featuredmedia":[{"embeddable":true,"href":"https:\/\/welovecinema.be\/fr\/wp-json\/wp\/v2\/media\/217079"}],"wp:attachment":[{"href":"https:\/\/welovecinema.be\/fr\/wp-json\/wp\/v2\/media?parent=236873"}],"wp:term":[{"taxonomy":"category","embeddable":true,"href":"https:\/\/welovecinema.be\/fr\/wp-json\/wp\/v2\/categories?post=236873"},{"taxonomy":"post_tag","embeddable":true,"href":"https:\/\/welovecinema.be\/fr\/wp-json\/wp\/v2\/tags?post=236873"}],"curies":[{"name":"wp","href":"https:\/\/api.w.org\/{rel}","templated":true}]}}