{"id":236568,"date":"2021-04-06T11:28:25","date_gmt":"2021-04-06T09:28:25","guid":{"rendered":"https:\/\/www.cinevox.be\/?p=236568"},"modified":"2021-04-07T10:45:04","modified_gmt":"2021-04-07T08:45:04","slug":"terreur-a-bruxelles-the-shift-ouvre-le-bifff","status":"publish","type":"post","link":"https:\/\/welovecinema.be\/fr\/terreur-a-bruxelles-the-shift-ouvre-le-bifff\/","title":{"rendered":"Terreur \u00e0 Bruxelles, \u00ab\u00a0The Shift\u00a0\u00bb ouvre le BIFFF"},"content":{"rendered":"<p><strong>Envers et contre toute pand\u00e9mie, le BIFFF ouvre ce soir, en ligne certes, mais avec une vraie c\u00e9r\u00e9monie d&rsquo;ouverture, et un vrai grand film bien angoissant qui devrait s\u00e9rieusement vous faire vous accrocher \u00e0 l&rsquo;accoudoir de votre canap\u00e9.<\/strong><\/p>\n<p>D\u00e8s aujourd&rsquo;hui et jusqu&rsquo;au 18 avril prochain, le BIFFF va faire frissonner votre ordinateur, avec une programmation riche et repr\u00e9sentative de son approche vaste et diversifi\u00e9e du genre, de l&rsquo;horreur traditionnel au thriller gla\u00e7ant, de la com\u00e9die horrifique au film d&rsquo;auteur \u00e0 suspens, respectant les codes du genre, sachant cr\u00e9er la tension, tout en observant avec acuit\u00e9 l&rsquo;aujourd&rsquo;hui et le maintenant.<\/p>\n<p>C&rsquo;est le cas notamment de <em>The Shift<\/em>, premier long m\u00e9trage d&rsquo;Alessandro Tonda, qui fait l&rsquo;ouverture du festival. Si le cin\u00e9aste est italien, le film lui est pourtant profond\u00e9ment belge, faisant \u00e9cho \u00e0 l&rsquo;histoire r\u00e9cente et encore \u00e0 vif du pays, une histoire traumatique que l&rsquo;on n&rsquo;a pas encore vue sur grand \u00e9cran, si ce n&rsquo;est, en filigrane, dans l&rsquo;atmosph\u00e9rique <em>Hellhole<\/em> de Bas Devos.<\/p>\n<p><em>The Shift<\/em> d\u00e9bute dans un bus. Une bande d&rsquo;adolescents devise de tout et de rien, de filles, de gar\u00e7ons, de soir\u00e9es, d&rsquo;\u00e9cole, avant de s&rsquo;engouffrer, insouciants et sourire aux l\u00e8vres, dans le hall d&rsquo;entr\u00e9e de l&rsquo;\u00e9cole. Sourire qui tourne vite au rictus quand r\u00e9sonne le premier coup de feu.<\/p>\n<p><img loading=\"lazy\" decoding=\"async\" class=\"alignnone size-large wp-image-236571\" src=\"https:\/\/www.cinevox.be\/wp-content\/uploads\/sites\/2\/2021\/04\/1601898677492-800x533.jpeg\" alt=\"\" width=\"618\" height=\"412\" srcset=\"https:\/\/welovecinema.be\/wp-content\/uploads\/sites\/2\/2021\/04\/1601898677492-800x533.jpeg 800w, https:\/\/welovecinema.be\/wp-content\/uploads\/sites\/2\/2021\/04\/1601898677492-405x270.jpeg 405w, https:\/\/welovecinema.be\/wp-content\/uploads\/sites\/2\/2021\/04\/1601898677492-768x512.jpeg 768w, https:\/\/welovecinema.be\/wp-content\/uploads\/sites\/2\/2021\/04\/1601898677492-1536x1024.jpeg 1536w, https:\/\/welovecinema.be\/wp-content\/uploads\/sites\/2\/2021\/04\/1601898677492-2048x1365.jpeg 2048w\" sizes=\"auto, (max-width: 618px) 100vw, 618px\" \/><\/p>\n<p>Code rouge \u00e0 Schaerbeek. Les \u00e9l\u00e8ves tombent l&rsquo;un apr\u00e8s l&rsquo;autre, avant que le premier kamikaze n&rsquo;explose. La d\u00e9flagration est d&rsquo;une grande violence, la bombe loin d&rsquo;\u00eatre artisanale. Les secours d\u00e9barquent toutes sir\u00e8nes hurlantes sur place, d\u00e9couvrant une sc\u00e8ne de carnage. Isabelle et Adamo viennent de terminer leur service, mais arrivent pour pr\u00eater main forte. Ils d\u00e9gagent un jeune gar\u00e7on des d\u00e9combres, gravement bless\u00e9 au cou, qu&rsquo;ils embarquent dans leur ambulance.<\/p>\n<p>Malgr\u00e9 le chaos g\u00e9n\u00e9ral d&rsquo;une ville en \u00e9tat de si\u00e8ge, les h\u00f4pitaux d\u00e9bord\u00e9s, les canaux de la police qui gr\u00e9sillent sans cesse, Adamo conduit, et Isabelle tente de stabiliser le gar\u00e7on. Pour d\u00e9couvrir avec stup\u00e9faction que ce gar\u00e7on, qui ressemble un peu \u00e0 son propre fils de 16 ans, porte une ceinture explosive.<\/p>\n<p>C&rsquo;est une course contre la montre qui s&rsquo;engage, entre cette bombe qui file dans les rues de Bruxelles \u00e9chue entre les mains de deux ambulanciers d\u00e9sarm\u00e9s, et l&rsquo;\u00e9quipe d&rsquo;intervention sur-\u00e9quip\u00e9e et sur-entra\u00een\u00e9e qui traque le terroriste \u00e9chapp\u00e9.<\/p>\n<p><em>The Shift<\/em> est un thriller sous tension, tension psychologique, et tension polici\u00e8re. Un <em>Speed<\/em> post-moderne, un film de bombe, pr\u00eat \u00e0 exploser. Mais la bombe ici est autant un dispositif rempli d&rsquo;explosif, qu&rsquo;un jeune gar\u00e7on insondable. Un jeune gar\u00e7on, et m\u00eame peut-\u00eatre un enfant, qui ne trouve pas l&rsquo;amour qu&rsquo;il cherche &#8211; et comme il le cherche &#8211; chez ses parents. Le jeune com\u00e9dien Adam Amara, excellent, lui donne ses traits, et son regard devrait nous hanter quelques nuits encore&#8230;<\/p>\n<p><img loading=\"lazy\" decoding=\"async\" class=\"alignnone size-large wp-image-236573\" src=\"https:\/\/www.cinevox.be\/wp-content\/uploads\/sites\/2\/2021\/04\/DF21E9EF-3011-4E51-973A-D1CA4538AB2E-1280x720-1-800x450.jpeg\" alt=\"\" width=\"618\" height=\"348\" srcset=\"https:\/\/welovecinema.be\/wp-content\/uploads\/sites\/2\/2021\/04\/DF21E9EF-3011-4E51-973A-D1CA4538AB2E-1280x720-1-800x450.jpeg 800w, https:\/\/welovecinema.be\/wp-content\/uploads\/sites\/2\/2021\/04\/DF21E9EF-3011-4E51-973A-D1CA4538AB2E-1280x720-1-480x270.jpeg 480w, https:\/\/welovecinema.be\/wp-content\/uploads\/sites\/2\/2021\/04\/DF21E9EF-3011-4E51-973A-D1CA4538AB2E-1280x720-1-200x113.jpeg 200w, https:\/\/welovecinema.be\/wp-content\/uploads\/sites\/2\/2021\/04\/DF21E9EF-3011-4E51-973A-D1CA4538AB2E-1280x720-1-768x432.jpeg 768w, https:\/\/welovecinema.be\/wp-content\/uploads\/sites\/2\/2021\/04\/DF21E9EF-3011-4E51-973A-D1CA4538AB2E-1280x720-1-599x337.jpeg 599w, https:\/\/welovecinema.be\/wp-content\/uploads\/sites\/2\/2021\/04\/DF21E9EF-3011-4E51-973A-D1CA4538AB2E-1280x720-1.jpeg 1280w\" sizes=\"auto, (max-width: 618px) 100vw, 618px\" \/><\/p>\n<p>Face \u00e0 lui, Clothilde Hesme joue les ambulanci\u00e8res prudente mais tenace, h\u00e9ro\u00efne malgr\u00e9 elle d&rsquo;une trag\u00e9die hyper-moderne, aux c\u00f4t\u00e9s du com\u00e9dien italien Adamo Dionisi (vu dans <em>Dogman<\/em> et <em>Suburra<\/em>), qui repr\u00e9sente une autre facette des populations issues de l&rsquo;immigration \u00e0 Bruxelles, ville bouillonnante, creuset de populations.<\/p>\n<p>Dans la brigade d&rsquo;intervention, on retrouve trois com\u00e9dien\u00b7nes belges de talent, Jan Hammenecker, Steve Driesen et Myriam Akheddiou. Le film tourn\u00e9 en partie \u00e0 Li\u00e8ge et Bruxelles, est d&rsquo;ailleurs produit en Belgique par Tarantula.<\/p>\n<p>Un film sous haute tension donc, \u00e0 d\u00e9couvrir ce soir en premi\u00e8re internationale en ouverture du Brussels International Fantastic Film Festival. Pour r\u00e9server vos places, \u00e7a se passe <a href=\"https:\/\/www.bifff.net\/fr\/bifff-online\/\">ici<\/a>!<\/p>\n","protected":false},"excerpt":{"rendered":"<p>Envers et contre toute pand\u00e9mie, le BIFFF ouvre ce soir, en ligne certes, mais avec une vraie c\u00e9r\u00e9monie d&rsquo;ouverture, et un vrai grand film bien angoissant qui devrait s\u00e9rieusement vous faire vous accrocher \u00e0 l&rsquo;accoudoir de votre canap\u00e9. D\u00e8s aujourd&rsquo;hui et jusqu&rsquo;au 18 avril prochain, le BIFFF va faire frissonner votre ordinateur, avec une programmation &hellip;<\/p>\n","protected":false},"author":343,"featured_media":236569,"comment_status":"closed","ping_status":"closed","sticky":false,"template":"","format":"standard","meta":{"ngg_post_thumbnail":0,"footnotes":""},"categories":[12],"tags":[6054,4187],"class_list":["post-236568","post","type-post","status-publish","format-standard","has-post-thumbnail","","category-awards","tag-bifff-2","tag-newsletter-fr"],"yoast_head":"<!-- This site is optimized with the Yoast SEO plugin v20.4 - https:\/\/yoast.com\/wordpress\/plugins\/seo\/ -->\n<title>Terreur \u00e0 Bruxelles, &quot;The Shift&quot; ouvre le BIFFF - We Love Cinema<\/title>\n<meta name=\"robots\" content=\"index, follow, max-snippet:-1, max-image-preview:large, max-video-preview:-1\" \/>\n<link rel=\"canonical\" href=\"https:\/\/welovecinema.be\/fr\/terreur-a-bruxelles-the-shift-ouvre-le-bifff\/\" \/>\n<meta property=\"og:locale\" content=\"fr_FR\" \/>\n<meta property=\"og:type\" content=\"article\" \/>\n<meta property=\"og:title\" content=\"Terreur \u00e0 Bruxelles, &quot;The Shift&quot; ouvre le BIFFF - We Love Cinema\" \/>\n<meta property=\"og:description\" content=\"Envers et contre toute pand\u00e9mie, le BIFFF ouvre ce soir, en ligne certes, mais avec une vraie c\u00e9r\u00e9monie d&rsquo;ouverture, et un vrai grand film bien angoissant qui devrait s\u00e9rieusement vous faire vous accrocher \u00e0 l&rsquo;accoudoir de votre canap\u00e9. D\u00e8s aujourd&rsquo;hui et jusqu&rsquo;au 18 avril prochain, le BIFFF va faire frissonner votre ordinateur, avec une programmation &hellip;\" \/>\n<meta property=\"og:url\" content=\"https:\/\/welovecinema.be\/fr\/terreur-a-bruxelles-the-shift-ouvre-le-bifff\/\" \/>\n<meta property=\"og:site_name\" content=\"We Love Cinema\" \/>\n<meta property=\"article:publisher\" content=\"https:\/\/www.facebook.com\/welovecinema.be\" \/>\n<meta property=\"article:published_time\" content=\"2021-04-06T09:28:25+00:00\" \/>\n<meta property=\"article:modified_time\" content=\"2021-04-07T08:45:04+00:00\" \/>\n<meta property=\"og:image\" content=\"https:\/\/welovecinema.be\/wp-content\/uploads\/sites\/2\/2021\/04\/cover-Tonda-The-Shift-2.jpeg\" \/>\n\t<meta property=\"og:image:width\" content=\"2560\" \/>\n\t<meta property=\"og:image:height\" content=\"1433\" \/>\n\t<meta property=\"og:image:type\" content=\"image\/jpeg\" \/>\n<meta name=\"author\" content=\"Aurore Engelen\" \/>\n<meta name=\"twitter:card\" content=\"summary_large_image\" \/>\n<meta name=\"twitter:label1\" content=\"\u00c9crit par\" \/>\n\t<meta name=\"twitter:data1\" content=\"Aurore Engelen\" \/>\n\t<meta name=\"twitter:label2\" content=\"Dur\u00e9e de lecture estim\u00e9e\" \/>\n\t<meta name=\"twitter:data2\" content=\"3 minutes\" \/>\n<script type=\"application\/ld+json\" class=\"yoast-schema-graph\">{\"@context\":\"https:\/\/schema.org\",\"@graph\":[{\"@type\":\"Article\",\"@id\":\"https:\/\/welovecinema.be\/fr\/terreur-a-bruxelles-the-shift-ouvre-le-bifff\/#article\",\"isPartOf\":{\"@id\":\"https:\/\/welovecinema.be\/fr\/terreur-a-bruxelles-the-shift-ouvre-le-bifff\/\"},\"author\":{\"name\":\"Aurore Engelen\",\"@id\":\"https:\/\/welovecinema.be\/nl\/#\/schema\/person\/8084b68c6b176142d073695c654dc7cf\"},\"headline\":\"Terreur \u00e0 Bruxelles, \u00ab\u00a0The Shift\u00a0\u00bb ouvre le BIFFF\",\"datePublished\":\"2021-04-06T09:28:25+00:00\",\"dateModified\":\"2021-04-07T08:45:04+00:00\",\"mainEntityOfPage\":{\"@id\":\"https:\/\/welovecinema.be\/fr\/terreur-a-bruxelles-the-shift-ouvre-le-bifff\/\"},\"wordCount\":664,\"publisher\":{\"@id\":\"https:\/\/welovecinema.be\/nl\/#organization\"},\"keywords\":[\"BIFFF\",\"newsletter\"],\"articleSection\":[\"Evenements\"],\"inLanguage\":\"fr-FR\"},{\"@type\":\"WebPage\",\"@id\":\"https:\/\/welovecinema.be\/fr\/terreur-a-bruxelles-the-shift-ouvre-le-bifff\/\",\"url\":\"https:\/\/welovecinema.be\/fr\/terreur-a-bruxelles-the-shift-ouvre-le-bifff\/\",\"name\":\"Terreur \u00e0 Bruxelles, \\\"The Shift\\\" ouvre le BIFFF - We Love Cinema\",\"isPartOf\":{\"@id\":\"https:\/\/welovecinema.be\/nl\/#website\"},\"datePublished\":\"2021-04-06T09:28:25+00:00\",\"dateModified\":\"2021-04-07T08:45:04+00:00\",\"breadcrumb\":{\"@id\":\"https:\/\/welovecinema.be\/fr\/terreur-a-bruxelles-the-shift-ouvre-le-bifff\/#breadcrumb\"},\"inLanguage\":\"fr-FR\",\"potentialAction\":[{\"@type\":\"ReadAction\",\"target\":[\"https:\/\/welovecinema.be\/fr\/terreur-a-bruxelles-the-shift-ouvre-le-bifff\/\"]}]},{\"@type\":\"BreadcrumbList\",\"@id\":\"https:\/\/welovecinema.be\/fr\/terreur-a-bruxelles-the-shift-ouvre-le-bifff\/#breadcrumb\",\"itemListElement\":[{\"@type\":\"ListItem\",\"position\":1,\"name\":\"Accueil\",\"item\":\"https:\/\/welovecinema.be\/fr\/\"},{\"@type\":\"ListItem\",\"position\":2,\"name\":\"Terreur \u00e0 Bruxelles, \u00ab\u00a0The Shift\u00a0\u00bb ouvre le BIFFF\"}]},{\"@type\":\"WebSite\",\"@id\":\"https:\/\/welovecinema.be\/nl\/#website\",\"url\":\"https:\/\/welovecinema.be\/nl\/\",\"name\":\"We Love Cinema\",\"description\":\"Toute l\u2019information du cin\u00e9ma en Belgique\",\"publisher\":{\"@id\":\"https:\/\/welovecinema.be\/nl\/#organization\"},\"potentialAction\":[{\"@type\":\"SearchAction\",\"target\":{\"@type\":\"EntryPoint\",\"urlTemplate\":\"https:\/\/welovecinema.be\/nl\/?s={search_term_string}\"},\"query-input\":\"required name=search_term_string\"}],\"inLanguage\":\"fr-FR\"},{\"@type\":\"Organization\",\"@id\":\"https:\/\/welovecinema.be\/nl\/#organization\",\"name\":\"We Love Cinema\",\"url\":\"https:\/\/welovecinema.be\/nl\/\",\"logo\":{\"@type\":\"ImageObject\",\"inLanguage\":\"fr-FR\",\"@id\":\"https:\/\/welovecinema.be\/nl\/#\/schema\/logo\/image\/\",\"url\":\"https:\/\/welovecinema.be\/wp-content\/uploads\/sites\/2\/2023\/03\/Logo-We-Love-Cinema305x128.jpg\",\"contentUrl\":\"https:\/\/welovecinema.be\/wp-content\/uploads\/sites\/2\/2023\/03\/Logo-We-Love-Cinema305x128.jpg\",\"width\":305,\"height\":128,\"caption\":\"We Love Cinema\"},\"image\":{\"@id\":\"https:\/\/welovecinema.be\/nl\/#\/schema\/logo\/image\/\"},\"sameAs\":[\"https:\/\/www.facebook.com\/welovecinema.be\",\"https:\/\/www.youtube.com\/channel\/UCX5LYGVhnKvYauW4Nta4HJA\",\"https:\/\/www.instagram.com\/welovecinema.be\/\"]},{\"@type\":\"Person\",\"@id\":\"https:\/\/welovecinema.be\/nl\/#\/schema\/person\/8084b68c6b176142d073695c654dc7cf\",\"name\":\"Aurore Engelen\",\"url\":\"https:\/\/welovecinema.be\/fr\/author\/aurore-engelen\/\"}]}<\/script>\n<!-- \/ Yoast SEO plugin. -->","yoast_head_json":{"title":"Terreur \u00e0 Bruxelles, \"The Shift\" ouvre le BIFFF - We Love Cinema","robots":{"index":"index","follow":"follow","max-snippet":"max-snippet:-1","max-image-preview":"max-image-preview:large","max-video-preview":"max-video-preview:-1"},"canonical":"https:\/\/welovecinema.be\/fr\/terreur-a-bruxelles-the-shift-ouvre-le-bifff\/","og_locale":"fr_FR","og_type":"article","og_title":"Terreur \u00e0 Bruxelles, \"The Shift\" ouvre le BIFFF - We Love Cinema","og_description":"Envers et contre toute pand\u00e9mie, le BIFFF ouvre ce soir, en ligne certes, mais avec une vraie c\u00e9r\u00e9monie d&rsquo;ouverture, et un vrai grand film bien angoissant qui devrait s\u00e9rieusement vous faire vous accrocher \u00e0 l&rsquo;accoudoir de votre canap\u00e9. D\u00e8s aujourd&rsquo;hui et jusqu&rsquo;au 18 avril prochain, le BIFFF va faire frissonner votre ordinateur, avec une programmation &hellip;","og_url":"https:\/\/welovecinema.be\/fr\/terreur-a-bruxelles-the-shift-ouvre-le-bifff\/","og_site_name":"We Love Cinema","article_publisher":"https:\/\/www.facebook.com\/welovecinema.be","article_published_time":"2021-04-06T09:28:25+00:00","article_modified_time":"2021-04-07T08:45:04+00:00","og_image":[{"width":2560,"height":1433,"url":"https:\/\/welovecinema.be\/wp-content\/uploads\/sites\/2\/2021\/04\/cover-Tonda-The-Shift-2.jpeg","type":"image\/jpeg"}],"author":"Aurore Engelen","twitter_card":"summary_large_image","twitter_misc":{"\u00c9crit par":"Aurore Engelen","Dur\u00e9e de lecture estim\u00e9e":"3 minutes"},"schema":{"@context":"https:\/\/schema.org","@graph":[{"@type":"Article","@id":"https:\/\/welovecinema.be\/fr\/terreur-a-bruxelles-the-shift-ouvre-le-bifff\/#article","isPartOf":{"@id":"https:\/\/welovecinema.be\/fr\/terreur-a-bruxelles-the-shift-ouvre-le-bifff\/"},"author":{"name":"Aurore Engelen","@id":"https:\/\/welovecinema.be\/nl\/#\/schema\/person\/8084b68c6b176142d073695c654dc7cf"},"headline":"Terreur \u00e0 Bruxelles, \u00ab\u00a0The Shift\u00a0\u00bb ouvre le BIFFF","datePublished":"2021-04-06T09:28:25+00:00","dateModified":"2021-04-07T08:45:04+00:00","mainEntityOfPage":{"@id":"https:\/\/welovecinema.be\/fr\/terreur-a-bruxelles-the-shift-ouvre-le-bifff\/"},"wordCount":664,"publisher":{"@id":"https:\/\/welovecinema.be\/nl\/#organization"},"keywords":["BIFFF","newsletter"],"articleSection":["Evenements"],"inLanguage":"fr-FR"},{"@type":"WebPage","@id":"https:\/\/welovecinema.be\/fr\/terreur-a-bruxelles-the-shift-ouvre-le-bifff\/","url":"https:\/\/welovecinema.be\/fr\/terreur-a-bruxelles-the-shift-ouvre-le-bifff\/","name":"Terreur \u00e0 Bruxelles, \"The Shift\" ouvre le BIFFF - We Love Cinema","isPartOf":{"@id":"https:\/\/welovecinema.be\/nl\/#website"},"datePublished":"2021-04-06T09:28:25+00:00","dateModified":"2021-04-07T08:45:04+00:00","breadcrumb":{"@id":"https:\/\/welovecinema.be\/fr\/terreur-a-bruxelles-the-shift-ouvre-le-bifff\/#breadcrumb"},"inLanguage":"fr-FR","potentialAction":[{"@type":"ReadAction","target":["https:\/\/welovecinema.be\/fr\/terreur-a-bruxelles-the-shift-ouvre-le-bifff\/"]}]},{"@type":"BreadcrumbList","@id":"https:\/\/welovecinema.be\/fr\/terreur-a-bruxelles-the-shift-ouvre-le-bifff\/#breadcrumb","itemListElement":[{"@type":"ListItem","position":1,"name":"Accueil","item":"https:\/\/welovecinema.be\/fr\/"},{"@type":"ListItem","position":2,"name":"Terreur \u00e0 Bruxelles, \u00ab\u00a0The Shift\u00a0\u00bb ouvre le BIFFF"}]},{"@type":"WebSite","@id":"https:\/\/welovecinema.be\/nl\/#website","url":"https:\/\/welovecinema.be\/nl\/","name":"We Love Cinema","description":"Toute l\u2019information du cin\u00e9ma en Belgique","publisher":{"@id":"https:\/\/welovecinema.be\/nl\/#organization"},"potentialAction":[{"@type":"SearchAction","target":{"@type":"EntryPoint","urlTemplate":"https:\/\/welovecinema.be\/nl\/?s={search_term_string}"},"query-input":"required name=search_term_string"}],"inLanguage":"fr-FR"},{"@type":"Organization","@id":"https:\/\/welovecinema.be\/nl\/#organization","name":"We Love Cinema","url":"https:\/\/welovecinema.be\/nl\/","logo":{"@type":"ImageObject","inLanguage":"fr-FR","@id":"https:\/\/welovecinema.be\/nl\/#\/schema\/logo\/image\/","url":"https:\/\/welovecinema.be\/wp-content\/uploads\/sites\/2\/2023\/03\/Logo-We-Love-Cinema305x128.jpg","contentUrl":"https:\/\/welovecinema.be\/wp-content\/uploads\/sites\/2\/2023\/03\/Logo-We-Love-Cinema305x128.jpg","width":305,"height":128,"caption":"We Love Cinema"},"image":{"@id":"https:\/\/welovecinema.be\/nl\/#\/schema\/logo\/image\/"},"sameAs":["https:\/\/www.facebook.com\/welovecinema.be","https:\/\/www.youtube.com\/channel\/UCX5LYGVhnKvYauW4Nta4HJA","https:\/\/www.instagram.com\/welovecinema.be\/"]},{"@type":"Person","@id":"https:\/\/welovecinema.be\/nl\/#\/schema\/person\/8084b68c6b176142d073695c654dc7cf","name":"Aurore Engelen","url":"https:\/\/welovecinema.be\/fr\/author\/aurore-engelen\/"}]}},"_links":{"self":[{"href":"https:\/\/welovecinema.be\/fr\/wp-json\/wp\/v2\/posts\/236568","targetHints":{"allow":["GET"]}}],"collection":[{"href":"https:\/\/welovecinema.be\/fr\/wp-json\/wp\/v2\/posts"}],"about":[{"href":"https:\/\/welovecinema.be\/fr\/wp-json\/wp\/v2\/types\/post"}],"author":[{"embeddable":true,"href":"https:\/\/welovecinema.be\/fr\/wp-json\/wp\/v2\/users\/343"}],"replies":[{"embeddable":true,"href":"https:\/\/welovecinema.be\/fr\/wp-json\/wp\/v2\/comments?post=236568"}],"version-history":[{"count":0,"href":"https:\/\/welovecinema.be\/fr\/wp-json\/wp\/v2\/posts\/236568\/revisions"}],"wp:featuredmedia":[{"embeddable":true,"href":"https:\/\/welovecinema.be\/fr\/wp-json\/wp\/v2\/media\/236569"}],"wp:attachment":[{"href":"https:\/\/welovecinema.be\/fr\/wp-json\/wp\/v2\/media?parent=236568"}],"wp:term":[{"taxonomy":"category","embeddable":true,"href":"https:\/\/welovecinema.be\/fr\/wp-json\/wp\/v2\/categories?post=236568"},{"taxonomy":"post_tag","embeddable":true,"href":"https:\/\/welovecinema.be\/fr\/wp-json\/wp\/v2\/tags?post=236568"}],"curies":[{"name":"wp","href":"https:\/\/api.w.org\/{rel}","templated":true}]}}