{"id":236381,"date":"2021-03-26T10:13:57","date_gmt":"2021-03-26T09:13:57","guid":{"rendered":"https:\/\/www.cinevox.be\/?p=236381"},"modified":"2021-03-29T10:33:09","modified_gmt":"2021-03-29T08:33:09","slug":"frisson-home-pour-le-bifff-2021","status":"publish","type":"post","link":"https:\/\/welovecinema.be\/fr\/frisson-home-pour-le-bifff-2021\/","title":{"rendered":"Frisson @home pour le BIFFF 2021"},"content":{"rendered":"<p><strong>Du 6 au 18 avril prochains, d\u00e9couvrez, regardez et appr\u00e9ciez la s\u00e9lection du BIFFF 2021 confortablement install\u00e9s dans votre canap\u00e9 ! 48 longs-m\u00e9trages et 63 courts-m\u00e9trages sont pr\u00eats \u00e0 \u00eatre d\u00e9vor\u00e9s&#8230;<\/strong><\/p>\n<p>En ouverture, d\u00e9couvrez <em>The Shift<\/em>, un film belgo-italien d&rsquo;Alessandro Tonda, tourn\u00e9 en Belgique, et pour cause, l&rsquo;action se situe \u00e0 Bruxelles&#8230; On retrouve d&rsquo;ailleurs au g\u00e9n\u00e9rique notamment les com\u00e9diens belges Jan Hammenecker et Steve Driesen. Mais voici ce qu&rsquo;en dit le BIFFF, avec la verve qu&rsquo;on lui connait.<\/p>\n<p><span dir=\"ltr\">Bruxelles, capitale de l\u2019Europe. Des ados insouciants se di<\/span><span dir=\"ltr\">rigent vers leur lyc\u00e9e. On charrie, on cause de tout et de rien,\u00a0<\/span><span dir=\"ltr\">et la cloche sonne. Elle sonne en m\u00eame temps que des coups\u00a0<\/span><span dir=\"ltr\">de feu qui r\u00e9sonnent brutalement dans l\u2019\u00e9tablissement. Des\u00a0<\/span><span dir=\"ltr\">corps tombent, le sang gicle et deux jeunes se transforment\u00a0<\/span><span dir=\"ltr\">alors en kamikazes arm\u00e9s d\u2019une ceinture d\u2019explosifs. Puis,\u00a0<\/span><span dir=\"ltr\">c\u2019est la d\u00e9tonation\u2026 Les secours arrivent vite. Isabelle et\u00a0<\/span><span dir=\"ltr\">Adamo, deux ambulanciers en fin de service, se fraient un\u00a0<\/span><span dir=\"ltr\">chemin \u00e0 travers ce chaos de brume, de sang et de corps\u00a0<\/span><span dir=\"ltr\">calcin\u00e9s. Ils embarquent une victime inconsciente dans leur\u00a0<\/span><span dir=\"ltr\">ambulance. Pour lui sauver la vie. Mais, dans la pr\u00e9cipitation,\u00a0<\/span><span dir=\"ltr\">ils n\u2019ont pas fait attention \u00e0 ce qui se cachait sous le t-shirt\u00a0<\/span><span dir=\"ltr\">de la victime. Ou plut\u00f4t d\u2019un des coupables de ce massacre\u00a0<\/span><span dir=\"ltr\">sans nom\u2026 Apr\u00e8s avoir offici\u00e9 comme assistant r\u00e9alisateur\u00a0<\/span><span dir=\"ltr\">sur des films et des s\u00e9ries tels que <em>Suburra<\/em> et <em>Romanzo Criminale<\/em><\/span><span dir=\"ltr\">, Alessandro Tonda s\u2019empare d\u2019un sujet aus<\/span><span dir=\"ltr\">si embl\u00e9matique qu\u2019actuel. Mais, bien plus que le terrorisme\u00a0<\/span><span dir=\"ltr\">comme ph\u00e9nom\u00e8ne id\u00e9ologique, le r\u00e9alisateur s\u2019int\u00e9resse ici\u00a0<\/span><span dir=\"ltr\">\u00e0 l\u2019humain, \u00e0 trois personnages dont le point commun est l\u2019im<\/span><span dir=\"ltr\">\u2013<\/span><span dir=\"ltr\">migration et qui se retrouvent dans un cercueil roulant sur les\u00a0<\/span><span dir=\"ltr\">grandes art\u00e8res de Bruxelles. C\u2019est magistral, et c\u2019est d\u00e9di\u00e9 \u00ab\u00a0<\/span><span dir=\"ltr\">\u00e0 tous ceux qui combattent au front sans aucune arme \u00bb.\u00a0<\/span><\/p>\n<p>Quand \u00e0 la bande-annonce (bon, d&rsquo;accord, l\u00e0, c&rsquo;est en italien, mais promis, le film sera en fran\u00e7ais), elle donne une bonne id\u00e9e de la tension.<\/p>\n<p>https:\/\/youtu.be\/MkZhJY9cWzI<\/p>\n<p>Ca fait envie, non? Rendez-vous le 6 avril pour cette s\u00e9ance d&rsquo;ouverture, \u00e0 l&rsquo;occasion de laquelle le festival proposera \u00e9galement une animation en ligne, de m\u00eame que pour la cl\u00f4ture.<\/p>\n<p>On retrouvera \u00e9galement un film flamand dans la Comp\u00e9tition 7e Orbit, Hotel Poseidon, de Stef Lernous, avec notamment Tom Vermeir dans le r\u00f4le principal. L\u00e0 aussi, la pr\u00e9sentation du BIFFF fait envie, de m\u00eame que le trailer \u00e0 l&rsquo;\u00e9nergie s\u00e9rieusement punk&#8230;<\/p>\n<p>G\u00e9rant malgr\u00e9 lui d\u2019un h\u00f4tel en soins palliatifs, Dave est un paum\u00e9 de classe internationale. Errant tel un zombie dans les couloirs de son Overlook personnel, il se laisse constamment d\u00e9passer par des \u00e9v\u00e9nements les plus \u00e9tranges les uns que les autres : qu\u2019il s\u2019agisse de clients sans pognon, d\u2019une m\u00e8re castratrice ou d\u2019une tante provisoirement morte dans le hall d\u2019entr\u00e9e, Dave va petit \u00e0 petit perdre pied et se retrouver embarqu\u00e9 dans un cauchemar total, o\u00f9 sa propre salle des f\u00eates se transforme en purgatoire existentiel. Entre ses d\u00e9mons int\u00e9rieurs qui se poivrent \u00e0 coups de schnaps, les cr\u00e9atures lubriques qui poussent cette \u00e2me esseul\u00e9e au vice et le grand plongeon vers le n\u2019importe quoi m\u00e9taphysique, Dave pourra s\u2019attendre \u00e0 des commentaires gratin\u00e9s sur Trip Advisor\u2026 Bien plus qu\u2019une version cin\u00e9matographique d\u2019Abattoir Ferm\u00e9 \u2013 l\u2019univers th\u00e9\u00e2tral unique de Stef Lernous \u2013 <em>Hotel Poseidon<\/em> est une \u00e9norme louche de caviar pour les yeux. Semblable \u00e0 une suite de tableaux cauchemardesques dignes de Bosch, avec un plat de r\u00e9sistance visuellement dingue (une f\u00eate qui fera couler beaucoup d\u2019encre hors de nos fronti\u00e8res), ce chef d\u2019\u0153uvre de surr\u00e9alisme glauque est probablement ce que Delvaux aurait pu faire s\u2019il avait r\u00e9alis\u00e9 <em>Shining<\/em> sous ecstasy.<\/p>\n<p><iframe loading=\"lazy\" title=\"HOTEL POSEIDON - Trailer | BIFFF 2021\" width=\"618\" height=\"348\" src=\"https:\/\/www.youtube.com\/embed\/dbsBrJISCNE?feature=oembed\" frameborder=\"0\" allow=\"accelerometer; autoplay; clipboard-write; encrypted-media; gyroscope; picture-in-picture; web-share\" referrerpolicy=\"strict-origin-when-cross-origin\" allowfullscreen><\/iframe><\/p>\n<div class=\"entry-content clearfix\">\n<p>On notera que le BIFFF pr\u00e9sentera \u00e9galement \u00ab\u00a0The infected section\u00a0\u00bb, qui reprend la cr\u00e8me des films qui auraient d\u00fb participer \u00e0 l&rsquo;\u00e9dition 2020.<\/p>\n<\/div>\n<p>Enfin comme chaque ann\u00e9e, le BIFFF, c&rsquo;est aussi une s\u00e9lection de courts m\u00e9trages belges en comp\u00e9tition, (dont <a href=\"https:\/\/www.cinevox.be\/fr\/jean-le-peltier-baptiste-sornin-et-youri-dirckx-font-sprotch-pour-xavier-seron\/\"><em>Spr\u00f6tch<\/em><\/a> et <a href=\"https:\/\/www.cinevox.be\/fr\/tes-morte-helene-grand-prix-du-court-metrage-a-gerardmer\/\"><em>T&rsquo;es morte H\u00e9l\u00e8ne<\/em><\/a> dont nous avons d\u00e9j\u00e0 eu le plaisir de vous parler) voici les heureux \u00e9lus:<\/p>\n<section class=\"elementor-section elementor-top-section elementor-element elementor-element-1dcb4df elementor-section-boxed elementor-section-height-default elementor-section-height-default\" data-id=\"1dcb4df\" data-element_type=\"section\">\n<div class=\"elementor-container elementor-column-gap-default\">\n<div class=\"elementor-row\">\n<div class=\"elementor-column elementor-col-16 elementor-top-column elementor-element elementor-element-d6f20c1\" data-id=\"d6f20c1\" data-element_type=\"column\">\n<div class=\"elementor-column-wrap elementor-element-populated\">\n<div class=\"elementor-widget-wrap\">\n<div class=\"elementor-element elementor-element-3bbf493 elementor-widget elementor-widget-text-editor\" data-id=\"3bbf493\" data-element_type=\"widget\" data-widget_type=\"text-editor.default\">\n<div class=\"elementor-widget-container\">\n<div class=\"elementor-text-editor elementor-clearfix\">\n<h4><strong><em>The scent of a forest<\/em> <\/strong>de Servaes Dewispelaere<\/h4>\n<p>Avec Eliza Stuyck, Luca Persan<\/p>\n<\/div>\n<\/div>\n<\/div>\n<\/div>\n<\/div>\n<\/div>\n<\/div>\n<\/div>\n<\/section>\n<section class=\"elementor-section elementor-top-section elementor-element elementor-element-97c4c38 elementor-section-boxed elementor-section-height-default elementor-section-height-default\" data-id=\"97c4c38\" data-element_type=\"section\">\n<div class=\"elementor-container elementor-column-gap-default\">\n<div class=\"elementor-row\">\n<div class=\"elementor-column elementor-col-66 elementor-top-column elementor-element elementor-element-b529b58\" data-id=\"b529b58\" data-element_type=\"column\">\n<div class=\"elementor-column-wrap elementor-element-populated\">\n<div class=\"elementor-widget-wrap\">\n<div class=\"elementor-element elementor-element-7f9f772 elementor-widget elementor-widget-text-editor\" data-id=\"7f9f772\" data-element_type=\"widget\" data-widget_type=\"text-editor.default\">\n<div class=\"elementor-widget-container\">\n<div class=\"elementor-text-editor elementor-clearfix\"><em>Deux amants tentent de pr\u00e9server leur relation dans un monde dystopique o\u00f9 les individus vendent leurs \u00e2mes pour \u00e9chapper \u00e0 la r\u00e9alit\u00e9.<\/em><\/div>\n<h4 class=\"elementor-text-editor elementor-clearfix\"><strong><em>Migrations <\/em><\/strong>de Jerome Peters<\/h4>\n<\/div>\n<\/div>\n<\/div>\n<\/div>\n<\/div>\n<\/div>\n<\/div>\n<\/section>\n<section class=\"elementor-section elementor-top-section elementor-element elementor-element-9e3ae83 elementor-section-boxed elementor-section-height-default elementor-section-height-default\" data-id=\"9e3ae83\" data-element_type=\"section\">\n<div class=\"elementor-container elementor-column-gap-default\">\n<div class=\"elementor-row\">\n<div class=\"elementor-column elementor-col-16 elementor-top-column elementor-element elementor-element-008780e\" data-id=\"008780e\" data-element_type=\"column\">\n<div class=\"elementor-column-wrap elementor-element-populated\">\n<div class=\"elementor-widget-wrap\">\n<div class=\"elementor-element elementor-element-df18082 elementor-widget elementor-widget-text-editor\" data-id=\"df18082\" data-element_type=\"widget\" data-widget_type=\"text-editor.default\">\n<div class=\"elementor-widget-container\">\n<div class=\"elementor-text-editor elementor-clearfix\">\n<p>Avec Jean-Luc Couchard, Didier Colfs, Jan Debski<\/p>\n<\/div>\n<\/div>\n<\/div>\n<\/div>\n<\/div>\n<\/div>\n<\/div>\n<\/div>\n<\/section>\n<section class=\"elementor-section elementor-top-section elementor-element elementor-element-ba4bca4 elementor-section-boxed elementor-section-height-default elementor-section-height-default\" data-id=\"ba4bca4\" data-element_type=\"section\">\n<div class=\"elementor-container elementor-column-gap-default\">\n<div class=\"elementor-row\">\n<div class=\"elementor-column elementor-col-66 elementor-top-column elementor-element elementor-element-94434b3\" data-id=\"94434b3\" data-element_type=\"column\">\n<div class=\"elementor-column-wrap elementor-element-populated\">\n<div class=\"elementor-widget-wrap\">\n<div class=\"elementor-element elementor-element-fff4714 elementor-widget elementor-widget-text-editor\" data-id=\"fff4714\" data-element_type=\"widget\" data-widget_type=\"text-editor.default\">\n<div class=\"elementor-widget-container\">\n<div class=\"elementor-text-editor elementor-clearfix\"><em>Une famille de fermiers rencontre un \u00e9tranger avec un message de paix. Le probl\u00e8me est qu\u2019ils n\u2019aiment pas les visiteurs.<\/em><\/div>\n<\/div>\n<\/div>\n<\/div>\n<\/div>\n<\/div>\n<\/div>\n<\/div>\n<\/section>\n<section class=\"elementor-section elementor-top-section elementor-element elementor-element-9166616 elementor-section-boxed elementor-section-height-default elementor-section-height-default\" data-id=\"9166616\" data-element_type=\"section\">\n<div class=\"elementor-container elementor-column-gap-default\">\n<div class=\"elementor-row\">\n<div class=\"elementor-column elementor-col-16 elementor-top-column elementor-element elementor-element-92c13f7\" data-id=\"92c13f7\" data-element_type=\"column\">\n<div class=\"elementor-column-wrap elementor-element-populated\">\n<div class=\"elementor-widget-wrap\">\n<div class=\"elementor-element elementor-element-98c27e2 elementor-widget elementor-widget-text-editor\" data-id=\"98c27e2\" data-element_type=\"widget\" data-widget_type=\"text-editor.default\">\n<div class=\"elementor-widget-container\">\n<div class=\"elementor-text-editor elementor-clearfix\">\n<h4><strong><em>Old Born <\/em><\/strong>de Jordan De Deken<\/h4>\n<p>Avec Kimke Desart, C\u00e9line Timmerman, Tim Van Der Donck<\/p>\n<\/div>\n<\/div>\n<\/div>\n<\/div>\n<\/div>\n<\/div>\n<\/div>\n<\/div>\n<\/section>\n<section class=\"elementor-section elementor-top-section elementor-element elementor-element-f7194be elementor-section-boxed elementor-section-height-default elementor-section-height-default\" data-id=\"f7194be\" data-element_type=\"section\">\n<div class=\"elementor-container elementor-column-gap-default\">\n<div class=\"elementor-row\">\n<div class=\"elementor-column elementor-col-66 elementor-top-column elementor-element elementor-element-d23f44a\" data-id=\"d23f44a\" data-element_type=\"column\">\n<div class=\"elementor-column-wrap elementor-element-populated\">\n<div class=\"elementor-widget-wrap\">\n<div class=\"elementor-element elementor-element-cd77086 elementor-widget elementor-widget-text-editor\" data-id=\"cd77086\" data-element_type=\"widget\" data-widget_type=\"text-editor.default\">\n<div class=\"elementor-widget-container\">\n<div class=\"elementor-text-editor elementor-clearfix\"><em>Dawa est une fille n\u00e9e dans une soci\u00e9t\u00e9 apathique de cr\u00e9atures sans visage. Elle s\u2019aventure hors de son village pour d\u00e9couvrir les limites de son monde.<\/em><\/div>\n<\/div>\n<\/div>\n<\/div>\n<\/div>\n<\/div>\n<\/div>\n<\/div>\n<\/section>\n<section class=\"elementor-section elementor-top-section elementor-element elementor-element-12397b1 elementor-section-boxed elementor-section-height-default elementor-section-height-default\" data-id=\"12397b1\" data-element_type=\"section\">\n<div class=\"elementor-container elementor-column-gap-default\">\n<div class=\"elementor-row\">\n<div class=\"elementor-column elementor-col-16 elementor-top-column elementor-element elementor-element-273f670\" data-id=\"273f670\" data-element_type=\"column\">\n<div class=\"elementor-column-wrap elementor-element-populated\">\n<div class=\"elementor-widget-wrap\">\n<div class=\"elementor-element elementor-element-fef8f28 elementor-widget elementor-widget-text-editor\" data-id=\"fef8f28\" data-element_type=\"widget\" data-widget_type=\"text-editor.default\">\n<div class=\"elementor-widget-container\">\n<div class=\"elementor-text-editor elementor-clearfix\">\n<h4><strong><em>Triskelion <\/em><\/strong>de Jessica Raes<\/h4>\n<p>Avec Sim Meavorn, Casey Meavorn<\/p>\n<\/div>\n<\/div>\n<\/div>\n<\/div>\n<\/div>\n<\/div>\n<\/div>\n<\/div>\n<\/section>\n<section class=\"elementor-section elementor-top-section elementor-element elementor-element-dbe16ae elementor-section-boxed elementor-section-height-default elementor-section-height-default\" data-id=\"dbe16ae\" data-element_type=\"section\">\n<div class=\"elementor-container elementor-column-gap-default\">\n<div class=\"elementor-row\">\n<div class=\"elementor-column elementor-col-66 elementor-top-column elementor-element elementor-element-e3cfa42\" data-id=\"e3cfa42\" data-element_type=\"column\">\n<div class=\"elementor-column-wrap elementor-element-populated\">\n<div class=\"elementor-widget-wrap\">\n<div class=\"elementor-element elementor-element-f76db0f elementor-widget elementor-widget-text-editor\" data-id=\"f76db0f\" data-element_type=\"widget\" data-widget_type=\"text-editor.default\">\n<div class=\"elementor-widget-container\">\n<div class=\"elementor-text-editor elementor-clearfix\"><em>Une fable celtique en animation en volume : alors que le chef de clan meurt sous la fl\u00e8che d\u2019un clan ennemi, il confie \u00e0 sa fille la mission de faire la paix avec cette tribu.<\/em><\/div>\n<div>\n<section class=\"elementor-section elementor-top-section elementor-element elementor-element-1b59b5d elementor-section-boxed elementor-section-height-default elementor-section-height-default\" data-id=\"1b59b5d\" data-element_type=\"section\">\n<div class=\"elementor-container elementor-column-gap-default\">\n<div class=\"elementor-row\">\n<div class=\"elementor-column elementor-col-16 elementor-top-column elementor-element elementor-element-21aa363\" data-id=\"21aa363\" data-element_type=\"column\">\n<div class=\"elementor-column-wrap elementor-element-populated\">\n<div class=\"elementor-widget-wrap\">\n<div class=\"elementor-element elementor-element-bb31e59 elementor-widget elementor-widget-text-editor\" data-id=\"bb31e59\" data-element_type=\"widget\" data-widget_type=\"text-editor.default\">\n<div class=\"elementor-widget-container\">\n<div class=\"elementor-text-editor elementor-clearfix\">\n<h4><em><strong>Spr\u00f6tch <\/strong><\/em>de Xavier Seron<\/h4>\n<p>Avec Jean Le Peltier, Martin Verset, Youri Dirkx<\/p>\n<\/div>\n<\/div>\n<\/div>\n<\/div>\n<\/div>\n<\/div>\n<\/div>\n<\/div>\n<\/section>\n<section class=\"elementor-section elementor-top-section elementor-element elementor-element-f3fc082 elementor-section-boxed elementor-section-height-default elementor-section-height-default\" data-id=\"f3fc082\" data-element_type=\"section\">\n<div class=\"elementor-container elementor-column-gap-default\">\n<div class=\"elementor-row\">\n<div class=\"elementor-column elementor-col-66 elementor-top-column elementor-element elementor-element-bda86dc\" data-id=\"bda86dc\" data-element_type=\"column\">\n<div class=\"elementor-column-wrap elementor-element-populated\">\n<div class=\"elementor-widget-wrap\">\n<div class=\"elementor-element elementor-element-b031358 elementor-widget elementor-widget-text-editor\" data-id=\"b031358\" data-element_type=\"widget\" data-widget_type=\"text-editor.default\">\n<div class=\"elementor-widget-container\">\n<div class=\"elementor-text-editor elementor-clearfix\"><em>Tom a oubli\u00e9 d\u2019emmener son fils Sam \u00e0 son cours de guitare. Vite, il d\u00e9marre la voiture, fait marche arri\u00e8re. SPR\u00d6TCH\u2026<\/em><\/div>\n<\/div>\n<\/div>\n<\/div>\n<\/div>\n<\/div>\n<\/div>\n<\/div>\n<\/section>\n<section class=\"elementor-section elementor-top-section elementor-element elementor-element-337eb59 elementor-section-boxed elementor-section-height-default elementor-section-height-default\" data-id=\"337eb59\" data-element_type=\"section\">\n<div class=\"elementor-container elementor-column-gap-default\">\n<div class=\"elementor-row\">\n<div class=\"elementor-column elementor-col-16 elementor-top-column elementor-element elementor-element-0fc0e88\" data-id=\"0fc0e88\" data-element_type=\"column\">\n<div class=\"elementor-column-wrap elementor-element-populated\">\n<div class=\"elementor-widget-wrap\">\n<div class=\"elementor-element elementor-element-e2a4c55 elementor-widget elementor-widget-text-editor\" data-id=\"e2a4c55\" data-element_type=\"widget\" data-widget_type=\"text-editor.default\">\n<div class=\"elementor-widget-container\">\n<div class=\"elementor-text-editor elementor-clearfix\">\n<h4><em><strong>Lips <\/strong><\/em>de Nicole Tegelaar<\/h4>\n<p>Avec Celine Verbeeck, Phedra Vandenbergh, Caroline Stas<\/p>\n<p><em>Quand Lily se r\u00e9veille dans une clinique cosm\u00e9tique avec les l\u00e8vres de quelqu\u2019un d\u2019autre sur son visage, elle est d\u00e9termin\u00e9e \u00e0 d\u00e9couvrir ce qu\u2019il lui est arriv\u00e9 Un voyage color\u00e9 et stylis\u00e9 avec un rouge \u00e0 l\u00e8vres mortel.<\/em><\/p>\n<\/div>\n<\/div>\n<\/div>\n<\/div>\n<\/div>\n<\/div>\n<\/div>\n<\/div>\n<\/section>\n<section class=\"elementor-section elementor-top-section elementor-element elementor-element-0073367 elementor-section-boxed elementor-section-height-default elementor-section-height-default\" data-id=\"0073367\" data-element_type=\"section\">\n<div class=\"elementor-container elementor-column-gap-default\">\n<div class=\"elementor-row\">\n<div class=\"elementor-column elementor-col-16 elementor-top-column elementor-element elementor-element-7534905\" data-id=\"7534905\" data-element_type=\"column\">\n<div class=\"elementor-column-wrap elementor-element-populated\">\n<div class=\"elementor-widget-wrap\">\n<div class=\"elementor-element elementor-element-bd75d0c elementor-widget elementor-widget-text-editor\" data-id=\"bd75d0c\" data-element_type=\"widget\" data-widget_type=\"text-editor.default\">\n<div class=\"elementor-widget-container\">\n<div class=\"elementor-text-editor elementor-clearfix\">\n<h4><em><strong>Zealandia <\/strong><\/em>de Bruno du Bois<\/h4>\n<p>Avec Laura Thompson, John Bach, Shane Rangi<\/p>\n<\/div>\n<\/div>\n<\/div>\n<\/div>\n<\/div>\n<\/div>\n<\/div>\n<\/div>\n<\/section>\n<section class=\"elementor-section elementor-top-section elementor-element elementor-element-0d5b7d8 elementor-section-boxed elementor-section-height-default elementor-section-height-default\" data-id=\"0d5b7d8\" data-element_type=\"section\">\n<div class=\"elementor-container elementor-column-gap-default\">\n<div class=\"elementor-row\">\n<div class=\"elementor-column elementor-col-66 elementor-top-column elementor-element elementor-element-92f2f9d\" data-id=\"92f2f9d\" data-element_type=\"column\">\n<div class=\"elementor-column-wrap elementor-element-populated\">\n<div class=\"elementor-widget-wrap\">\n<div class=\"elementor-element elementor-element-ae76a5d elementor-widget elementor-widget-text-editor\" data-id=\"ae76a5d\" data-element_type=\"widget\" data-widget_type=\"text-editor.default\">\n<div class=\"elementor-widget-container\">\n<div class=\"elementor-text-editor elementor-clearfix\"><em>En 2032, Zealandia est le seul pays au monde sans virus dont le co\u00fbt pour la population est \u00e9lev\u00e9. Est-ce que le sac port\u00e9 par une femme sans peur entrant dans le pays pourrait causer la chute d\u2019un \u00e9tat oppressif ?<\/em><\/div>\n<\/div>\n<\/div>\n<\/div>\n<\/div>\n<\/div>\n<\/div>\n<\/div>\n<\/section>\n<section class=\"elementor-section elementor-top-section elementor-element elementor-element-58184a6 elementor-section-boxed elementor-section-height-default elementor-section-height-default\" data-id=\"58184a6\" data-element_type=\"section\">\n<div class=\"elementor-container elementor-column-gap-default\">\n<div class=\"elementor-row\">\n<div class=\"elementor-column elementor-col-16 elementor-top-column elementor-element elementor-element-682a2bb\" data-id=\"682a2bb\" data-element_type=\"column\">\n<div class=\"elementor-column-wrap elementor-element-populated\">\n<div class=\"elementor-widget-wrap\">\n<div class=\"elementor-element elementor-element-31c7e91 elementor-widget elementor-widget-text-editor\" data-id=\"31c7e91\" data-element_type=\"widget\" data-widget_type=\"text-editor.default\">\n<div class=\"elementor-widget-container\">\n<div class=\"elementor-text-editor elementor-clearfix\">\n<h4><em><strong>T\u2019es Morte H\u00e9l\u00e8ne <\/strong><\/em>de Michiel Blanchart<\/h4>\n<p>Avec Th\u00e9ophile Mou, Lucile Vignolles, Maylis Dumon<\/p>\n<\/div>\n<\/div>\n<\/div>\n<\/div>\n<\/div>\n<\/div>\n<\/div>\n<\/div>\n<\/section>\n<section class=\"elementor-section elementor-top-section elementor-element elementor-element-af0beba elementor-section-boxed elementor-section-height-default elementor-section-height-default\" data-id=\"af0beba\" data-element_type=\"section\">\n<div class=\"elementor-container elementor-column-gap-default\">\n<div class=\"elementor-row\">\n<div class=\"elementor-column elementor-col-66 elementor-top-column elementor-element elementor-element-789c3fa\" data-id=\"789c3fa\" data-element_type=\"column\">\n<div class=\"elementor-column-wrap elementor-element-populated\">\n<div class=\"elementor-widget-wrap\">\n<div class=\"elementor-element elementor-element-925507c elementor-widget elementor-widget-text-editor\" data-id=\"925507c\" data-element_type=\"widget\" data-widget_type=\"text-editor.default\">\n<div class=\"elementor-widget-container\">\n<div class=\"elementor-text-editor elementor-clearfix\"><em>Elle \u00e9tait l\u2019amour de sa vie, il sera l\u2019amour de sa mort.<\/em><\/div>\n<\/div>\n<\/div>\n<\/div>\n<\/div>\n<\/div>\n<\/div>\n<\/div>\n<\/section>\n<\/div>\n<\/div>\n<\/div>\n<\/div>\n<\/div>\n<\/div>\n<\/div>\n<\/div>\n<\/section>\n<div class=\"entry-content clearfix\">\n<p>&nbsp;<\/p>\n<h4>Alors, vous y serez? Pour ce faire, rendez-vous sur <a href=\"https:\/\/online.bifff.net\/\">le site du festival<\/a>.<\/h4>\n<\/div>\n<div class=\" entry-content\">\n<div class=\"ficheProd trailer\"><\/div>\n<\/div>\n","protected":false},"excerpt":{"rendered":"<p>Du 6 au 18 avril prochains, d\u00e9couvrez, regardez et appr\u00e9ciez la s\u00e9lection du BIFFF 2021 confortablement install\u00e9s dans votre canap\u00e9 ! 48 longs-m\u00e9trages et 63 courts-m\u00e9trages sont pr\u00eats \u00e0 \u00eatre d\u00e9vor\u00e9s&#8230; En ouverture, d\u00e9couvrez The Shift, un film belgo-italien d&rsquo;Alessandro Tonda, tourn\u00e9 en Belgique, et pour cause, l&rsquo;action se situe \u00e0 Bruxelles&#8230; On retrouve d&rsquo;ailleurs &hellip;<\/p>\n","protected":false},"author":343,"featured_media":236389,"comment_status":"closed","ping_status":"closed","sticky":false,"template":"","format":"standard","meta":{"ngg_post_thumbnail":0,"footnotes":""},"categories":[12],"tags":[6054,4187],"class_list":["post-236381","post","type-post","status-publish","format-standard","has-post-thumbnail","","category-awards","tag-bifff-2","tag-newsletter-fr"],"yoast_head":"<!-- This site is optimized with the Yoast SEO plugin v20.4 - https:\/\/yoast.com\/wordpress\/plugins\/seo\/ -->\n<title>Frisson @home pour le BIFFF 2021 - We Love Cinema<\/title>\n<meta name=\"robots\" content=\"index, follow, max-snippet:-1, max-image-preview:large, max-video-preview:-1\" \/>\n<link rel=\"canonical\" href=\"https:\/\/welovecinema.be\/fr\/frisson-home-pour-le-bifff-2021\/\" \/>\n<meta property=\"og:locale\" content=\"fr_FR\" \/>\n<meta property=\"og:type\" content=\"article\" \/>\n<meta property=\"og:title\" content=\"Frisson @home pour le BIFFF 2021 - We Love Cinema\" \/>\n<meta property=\"og:description\" content=\"Du 6 au 18 avril prochains, d\u00e9couvrez, regardez et appr\u00e9ciez la s\u00e9lection du BIFFF 2021 confortablement install\u00e9s dans votre canap\u00e9 ! 48 longs-m\u00e9trages et 63 courts-m\u00e9trages sont pr\u00eats \u00e0 \u00eatre d\u00e9vor\u00e9s&#8230; En ouverture, d\u00e9couvrez The Shift, un film belgo-italien d&rsquo;Alessandro Tonda, tourn\u00e9 en Belgique, et pour cause, l&rsquo;action se situe \u00e0 Bruxelles&#8230; On retrouve d&rsquo;ailleurs &hellip;\" \/>\n<meta property=\"og:url\" content=\"https:\/\/welovecinema.be\/fr\/frisson-home-pour-le-bifff-2021\/\" \/>\n<meta property=\"og:site_name\" content=\"We Love Cinema\" \/>\n<meta property=\"article:publisher\" content=\"https:\/\/www.facebook.com\/welovecinema.be\" \/>\n<meta property=\"article:published_time\" content=\"2021-03-26T09:13:57+00:00\" \/>\n<meta property=\"article:modified_time\" content=\"2021-03-29T08:33:09+00:00\" \/>\n<meta property=\"og:image\" content=\"https:\/\/welovecinema.be\/wp-content\/uploads\/sites\/2\/2021\/03\/163501753_10158576006359753_3760147204649084420_o.png\" \/>\n\t<meta property=\"og:image:width\" content=\"3365\" \/>\n\t<meta property=\"og:image:height\" content=\"1245\" \/>\n\t<meta property=\"og:image:type\" content=\"image\/png\" \/>\n<meta name=\"author\" content=\"Aurore Engelen\" \/>\n<meta name=\"twitter:card\" content=\"summary_large_image\" \/>\n<meta name=\"twitter:label1\" content=\"\u00c9crit par\" \/>\n\t<meta name=\"twitter:data1\" content=\"Aurore Engelen\" \/>\n\t<meta name=\"twitter:label2\" content=\"Dur\u00e9e de lecture estim\u00e9e\" \/>\n\t<meta name=\"twitter:data2\" content=\"5 minutes\" \/>\n<script type=\"application\/ld+json\" class=\"yoast-schema-graph\">{\"@context\":\"https:\/\/schema.org\",\"@graph\":[{\"@type\":\"Article\",\"@id\":\"https:\/\/welovecinema.be\/fr\/frisson-home-pour-le-bifff-2021\/#article\",\"isPartOf\":{\"@id\":\"https:\/\/welovecinema.be\/fr\/frisson-home-pour-le-bifff-2021\/\"},\"author\":{\"name\":\"Aurore Engelen\",\"@id\":\"https:\/\/welovecinema.be\/nl\/#\/schema\/person\/8084b68c6b176142d073695c654dc7cf\"},\"headline\":\"Frisson @home pour le BIFFF 2021\",\"datePublished\":\"2021-03-26T09:13:57+00:00\",\"dateModified\":\"2021-03-29T08:33:09+00:00\",\"mainEntityOfPage\":{\"@id\":\"https:\/\/welovecinema.be\/fr\/frisson-home-pour-le-bifff-2021\/\"},\"wordCount\":1106,\"publisher\":{\"@id\":\"https:\/\/welovecinema.be\/nl\/#organization\"},\"keywords\":[\"BIFFF\",\"newsletter\"],\"articleSection\":[\"Evenements\"],\"inLanguage\":\"fr-FR\"},{\"@type\":\"WebPage\",\"@id\":\"https:\/\/welovecinema.be\/fr\/frisson-home-pour-le-bifff-2021\/\",\"url\":\"https:\/\/welovecinema.be\/fr\/frisson-home-pour-le-bifff-2021\/\",\"name\":\"Frisson @home pour le BIFFF 2021 - We Love Cinema\",\"isPartOf\":{\"@id\":\"https:\/\/welovecinema.be\/nl\/#website\"},\"datePublished\":\"2021-03-26T09:13:57+00:00\",\"dateModified\":\"2021-03-29T08:33:09+00:00\",\"breadcrumb\":{\"@id\":\"https:\/\/welovecinema.be\/fr\/frisson-home-pour-le-bifff-2021\/#breadcrumb\"},\"inLanguage\":\"fr-FR\",\"potentialAction\":[{\"@type\":\"ReadAction\",\"target\":[\"https:\/\/welovecinema.be\/fr\/frisson-home-pour-le-bifff-2021\/\"]}]},{\"@type\":\"BreadcrumbList\",\"@id\":\"https:\/\/welovecinema.be\/fr\/frisson-home-pour-le-bifff-2021\/#breadcrumb\",\"itemListElement\":[{\"@type\":\"ListItem\",\"position\":1,\"name\":\"Accueil\",\"item\":\"https:\/\/welovecinema.be\/fr\/\"},{\"@type\":\"ListItem\",\"position\":2,\"name\":\"Frisson @home pour le BIFFF 2021\"}]},{\"@type\":\"WebSite\",\"@id\":\"https:\/\/welovecinema.be\/nl\/#website\",\"url\":\"https:\/\/welovecinema.be\/nl\/\",\"name\":\"We Love Cinema\",\"description\":\"Toute l\u2019information du cin\u00e9ma en Belgique\",\"publisher\":{\"@id\":\"https:\/\/welovecinema.be\/nl\/#organization\"},\"potentialAction\":[{\"@type\":\"SearchAction\",\"target\":{\"@type\":\"EntryPoint\",\"urlTemplate\":\"https:\/\/welovecinema.be\/nl\/?s={search_term_string}\"},\"query-input\":\"required name=search_term_string\"}],\"inLanguage\":\"fr-FR\"},{\"@type\":\"Organization\",\"@id\":\"https:\/\/welovecinema.be\/nl\/#organization\",\"name\":\"We Love Cinema\",\"url\":\"https:\/\/welovecinema.be\/nl\/\",\"logo\":{\"@type\":\"ImageObject\",\"inLanguage\":\"fr-FR\",\"@id\":\"https:\/\/welovecinema.be\/nl\/#\/schema\/logo\/image\/\",\"url\":\"https:\/\/welovecinema.be\/wp-content\/uploads\/sites\/2\/2023\/03\/Logo-We-Love-Cinema305x128.jpg\",\"contentUrl\":\"https:\/\/welovecinema.be\/wp-content\/uploads\/sites\/2\/2023\/03\/Logo-We-Love-Cinema305x128.jpg\",\"width\":305,\"height\":128,\"caption\":\"We Love Cinema\"},\"image\":{\"@id\":\"https:\/\/welovecinema.be\/nl\/#\/schema\/logo\/image\/\"},\"sameAs\":[\"https:\/\/www.facebook.com\/welovecinema.be\",\"https:\/\/www.youtube.com\/channel\/UCX5LYGVhnKvYauW4Nta4HJA\",\"https:\/\/www.instagram.com\/welovecinema.be\/\"]},{\"@type\":\"Person\",\"@id\":\"https:\/\/welovecinema.be\/nl\/#\/schema\/person\/8084b68c6b176142d073695c654dc7cf\",\"name\":\"Aurore Engelen\",\"url\":\"https:\/\/welovecinema.be\/fr\/author\/aurore-engelen\/\"}]}<\/script>\n<!-- \/ Yoast SEO plugin. -->","yoast_head_json":{"title":"Frisson @home pour le BIFFF 2021 - We Love Cinema","robots":{"index":"index","follow":"follow","max-snippet":"max-snippet:-1","max-image-preview":"max-image-preview:large","max-video-preview":"max-video-preview:-1"},"canonical":"https:\/\/welovecinema.be\/fr\/frisson-home-pour-le-bifff-2021\/","og_locale":"fr_FR","og_type":"article","og_title":"Frisson @home pour le BIFFF 2021 - We Love Cinema","og_description":"Du 6 au 18 avril prochains, d\u00e9couvrez, regardez et appr\u00e9ciez la s\u00e9lection du BIFFF 2021 confortablement install\u00e9s dans votre canap\u00e9 ! 48 longs-m\u00e9trages et 63 courts-m\u00e9trages sont pr\u00eats \u00e0 \u00eatre d\u00e9vor\u00e9s&#8230; En ouverture, d\u00e9couvrez The Shift, un film belgo-italien d&rsquo;Alessandro Tonda, tourn\u00e9 en Belgique, et pour cause, l&rsquo;action se situe \u00e0 Bruxelles&#8230; On retrouve d&rsquo;ailleurs &hellip;","og_url":"https:\/\/welovecinema.be\/fr\/frisson-home-pour-le-bifff-2021\/","og_site_name":"We Love Cinema","article_publisher":"https:\/\/www.facebook.com\/welovecinema.be","article_published_time":"2021-03-26T09:13:57+00:00","article_modified_time":"2021-03-29T08:33:09+00:00","og_image":[{"width":3365,"height":1245,"url":"https:\/\/welovecinema.be\/wp-content\/uploads\/sites\/2\/2021\/03\/163501753_10158576006359753_3760147204649084420_o.png","type":"image\/png"}],"author":"Aurore Engelen","twitter_card":"summary_large_image","twitter_misc":{"\u00c9crit par":"Aurore Engelen","Dur\u00e9e de lecture estim\u00e9e":"5 minutes"},"schema":{"@context":"https:\/\/schema.org","@graph":[{"@type":"Article","@id":"https:\/\/welovecinema.be\/fr\/frisson-home-pour-le-bifff-2021\/#article","isPartOf":{"@id":"https:\/\/welovecinema.be\/fr\/frisson-home-pour-le-bifff-2021\/"},"author":{"name":"Aurore Engelen","@id":"https:\/\/welovecinema.be\/nl\/#\/schema\/person\/8084b68c6b176142d073695c654dc7cf"},"headline":"Frisson @home pour le BIFFF 2021","datePublished":"2021-03-26T09:13:57+00:00","dateModified":"2021-03-29T08:33:09+00:00","mainEntityOfPage":{"@id":"https:\/\/welovecinema.be\/fr\/frisson-home-pour-le-bifff-2021\/"},"wordCount":1106,"publisher":{"@id":"https:\/\/welovecinema.be\/nl\/#organization"},"keywords":["BIFFF","newsletter"],"articleSection":["Evenements"],"inLanguage":"fr-FR"},{"@type":"WebPage","@id":"https:\/\/welovecinema.be\/fr\/frisson-home-pour-le-bifff-2021\/","url":"https:\/\/welovecinema.be\/fr\/frisson-home-pour-le-bifff-2021\/","name":"Frisson @home pour le BIFFF 2021 - We Love Cinema","isPartOf":{"@id":"https:\/\/welovecinema.be\/nl\/#website"},"datePublished":"2021-03-26T09:13:57+00:00","dateModified":"2021-03-29T08:33:09+00:00","breadcrumb":{"@id":"https:\/\/welovecinema.be\/fr\/frisson-home-pour-le-bifff-2021\/#breadcrumb"},"inLanguage":"fr-FR","potentialAction":[{"@type":"ReadAction","target":["https:\/\/welovecinema.be\/fr\/frisson-home-pour-le-bifff-2021\/"]}]},{"@type":"BreadcrumbList","@id":"https:\/\/welovecinema.be\/fr\/frisson-home-pour-le-bifff-2021\/#breadcrumb","itemListElement":[{"@type":"ListItem","position":1,"name":"Accueil","item":"https:\/\/welovecinema.be\/fr\/"},{"@type":"ListItem","position":2,"name":"Frisson @home pour le BIFFF 2021"}]},{"@type":"WebSite","@id":"https:\/\/welovecinema.be\/nl\/#website","url":"https:\/\/welovecinema.be\/nl\/","name":"We Love Cinema","description":"Toute l\u2019information du cin\u00e9ma en Belgique","publisher":{"@id":"https:\/\/welovecinema.be\/nl\/#organization"},"potentialAction":[{"@type":"SearchAction","target":{"@type":"EntryPoint","urlTemplate":"https:\/\/welovecinema.be\/nl\/?s={search_term_string}"},"query-input":"required name=search_term_string"}],"inLanguage":"fr-FR"},{"@type":"Organization","@id":"https:\/\/welovecinema.be\/nl\/#organization","name":"We Love Cinema","url":"https:\/\/welovecinema.be\/nl\/","logo":{"@type":"ImageObject","inLanguage":"fr-FR","@id":"https:\/\/welovecinema.be\/nl\/#\/schema\/logo\/image\/","url":"https:\/\/welovecinema.be\/wp-content\/uploads\/sites\/2\/2023\/03\/Logo-We-Love-Cinema305x128.jpg","contentUrl":"https:\/\/welovecinema.be\/wp-content\/uploads\/sites\/2\/2023\/03\/Logo-We-Love-Cinema305x128.jpg","width":305,"height":128,"caption":"We Love Cinema"},"image":{"@id":"https:\/\/welovecinema.be\/nl\/#\/schema\/logo\/image\/"},"sameAs":["https:\/\/www.facebook.com\/welovecinema.be","https:\/\/www.youtube.com\/channel\/UCX5LYGVhnKvYauW4Nta4HJA","https:\/\/www.instagram.com\/welovecinema.be\/"]},{"@type":"Person","@id":"https:\/\/welovecinema.be\/nl\/#\/schema\/person\/8084b68c6b176142d073695c654dc7cf","name":"Aurore Engelen","url":"https:\/\/welovecinema.be\/fr\/author\/aurore-engelen\/"}]}},"_links":{"self":[{"href":"https:\/\/welovecinema.be\/fr\/wp-json\/wp\/v2\/posts\/236381","targetHints":{"allow":["GET"]}}],"collection":[{"href":"https:\/\/welovecinema.be\/fr\/wp-json\/wp\/v2\/posts"}],"about":[{"href":"https:\/\/welovecinema.be\/fr\/wp-json\/wp\/v2\/types\/post"}],"author":[{"embeddable":true,"href":"https:\/\/welovecinema.be\/fr\/wp-json\/wp\/v2\/users\/343"}],"replies":[{"embeddable":true,"href":"https:\/\/welovecinema.be\/fr\/wp-json\/wp\/v2\/comments?post=236381"}],"version-history":[{"count":0,"href":"https:\/\/welovecinema.be\/fr\/wp-json\/wp\/v2\/posts\/236381\/revisions"}],"wp:featuredmedia":[{"embeddable":true,"href":"https:\/\/welovecinema.be\/fr\/wp-json\/wp\/v2\/media\/236389"}],"wp:attachment":[{"href":"https:\/\/welovecinema.be\/fr\/wp-json\/wp\/v2\/media?parent=236381"}],"wp:term":[{"taxonomy":"category","embeddable":true,"href":"https:\/\/welovecinema.be\/fr\/wp-json\/wp\/v2\/categories?post=236381"},{"taxonomy":"post_tag","embeddable":true,"href":"https:\/\/welovecinema.be\/fr\/wp-json\/wp\/v2\/tags?post=236381"}],"curies":[{"name":"wp","href":"https:\/\/api.w.org\/{rel}","templated":true}]}}