{"id":235839,"date":"2021-03-05T12:17:00","date_gmt":"2021-03-05T11:17:00","guid":{"rendered":"https:\/\/www.cinevox.be\/?p=235839"},"modified":"2021-03-08T10:43:57","modified_gmt":"2021-03-08T09:43:57","slug":"erika-sainte-jaime-la-reciprocite-du-duo-que-je-forme-avec-olivier-marchal","status":"publish","type":"post","link":"https:\/\/welovecinema.be\/fr\/erika-sainte-jaime-la-reciprocite-du-duo-que-je-forme-avec-olivier-marchal\/","title":{"rendered":"Erika Sainte: \u00ab\u00a0J&rsquo;aime la r\u00e9ciprocit\u00e9 du duo que je forme avec Olivier Marchal\u00a0\u00bb"},"content":{"rendered":"<p><strong>Rencontre avec la com\u00e9dienne belge Erika Sainte, \u00e0 l&rsquo;affiche de la troisi\u00e8me saison des <em>Rivi\u00e8res Pourpres<\/em>, dont la diffusion d\u00e9bute lundi soir sur France 2.<\/strong><\/p>\n<p>C&rsquo;est en 2011 que l&rsquo;on d\u00e9couvre Erika Sainte dans <a href=\"https:\/\/www.cinevox.be\/fr\/elle-ne-pleure-pas-elle-chante-on-en-frissonne-encore%e2%80%a6\/\"><em>Elle ne pleure pas elle chante<\/em><\/a> de Philippe de Pierpont, o\u00f9 elle interpr\u00e8te Laura, m\u00ealant force et fragilit\u00e9 dans le long m\u00e9trage bouleversant traitant de la question de l&rsquo;inceste. Elle remporte d&rsquo;ailleurs le Magritte du Meilleur espoir f\u00e9minin pour sa performance. On la verra ensuite au cin\u00e9ma notamment dans <em><a href=\"https:\/\/www.cinevox.be\/fr\/bxlusa-et-la-vieille-dame-chantait\/\">Bxl-USA<\/a>, <a href=\"https:\/\/www.cinevox.be\/fr\/walking-on-the-moon\/\">Moonwalkers<\/a>, Jeune femme<\/em> ou <em>Le Grand Bain<\/em>, ou encore <a href=\"https:\/\/www.cinevox.be\/fr\/je-suis-reste-dans-les-bois-le-fantastique-trio\/\"><em>Je suis rest\u00e9 dans les bois<\/em><\/a>, qu&rsquo;elle co-\u00e9crit et co-r\u00e9alise avec Vincent Solheid et Micha\u00ebl Bier, mais aussi \u00e0 la t\u00e9l\u00e9vision dans <em>Baron Noir<\/em> et donc, <em>Les Rivi\u00e8res Pourpres<\/em>, pour lesquelles elles endossent le costume de Camille Delaunay d\u00e9but 2018. Elles nous en dit un peu plus \u00e0 ce sujet&#8230;<\/p>\n<h4 class=\"p1\"><em><strong>Les Rivi\u00e8res Pourpres<\/strong> <\/em>se pr\u00e9sentent comme une s\u00e9rie polici\u00e8re \u00e0 l&rsquo;atmosph\u00e8re tr\u00e8s particuli\u00e8re. Pouvez-vous nous dire quelques mots sur son univers?<\/h4>\n<p class=\"p1\">C&rsquo;est un univers tr\u00e8s, tr\u00e8s noir, o\u00f9 l&rsquo;on fr\u00f4le les limites de la psych\u00e9 humaine. La s\u00e9rie flirte avec le fantastique. Les meurtriers font des choses impensables, qui d\u00e9passent les limites de la raison. Les sc\u00e9naristes vont tr\u00e8s loin pour fouiller l&rsquo;\u00e2me humaine. Des choses tr\u00e8s intimes, et tr\u00e8s noires.<\/p>\n<h4 class=\"p1\">On touche souvent l&rsquo;inconscient, on d\u00e9terre des secrets.<\/h4>\n<p class=\"p1\">Ce qui est tr\u00e8s int\u00e9ressant, c&rsquo;est que les enqu\u00eateurs font souvent incursion dans des communaut\u00e9s tr\u00e8s ferm\u00e9es, s&rsquo;immiscent dans des cercles obscurs. On observe comment au sein d&rsquo;une communaut\u00e9, quand on ne regarde plus le monde ext\u00e9rieur, on peut en arriver \u00e0 des situations extr\u00eames.<\/p>\n<h4 class=\"p1\">Pouvez-vous nous parler de la relation qui unit Camille Delaunay et Niemans (Olivier Marchal), les deux enqu\u00eateurs? Fait rare \u00e0 la t\u00e9l\u00e9vision en prime time, il n&rsquo;y a pas de tension amoureuse entre eux&#8230;<\/h4>\n<p class=\"p1\">Oui, c&rsquo;est d&rsquo;ailleurs l&rsquo;une des raisons pour lesquelles j&rsquo;ai eu envie de participer aux <em>Rivi\u00e8res Pourpres<\/em>. D\u00e8s le d\u00e9but on nous a assur\u00e9 que non, ce duo n&rsquo;allait pas tomber amoureux, non, il n&rsquo;y aurait pas de rivalit\u00e9 destructrice entre eux. Ce sont deux \u00eatres seuls, qui partagent la m\u00eame solitude. Ils sont indissociables, s&rsquo;aiment d&rsquo;un amour infini, mais non charnel, m\u00eame s&rsquo;ils sont incapables de se le dire.<\/p>\n<p class=\"p1\">Niemans est la raison pour laquelle Camille est flic. Il l&rsquo;a sauv\u00e9e, l&rsquo;a sortie de beaucoup d&#8217;emmerdes. Et Camille est la raison pour laquelle Niemans continue \u00e0 se lever le matin. Il y a une belle r\u00e9ciprocit\u00e9 dans ce duo, que je trouve int\u00e9ressante, qui n&rsquo;est pas une opposition de l&rsquo;ordre f\u00e9minin\/ masculin, mais une vraie \u00e9galit\u00e9, chacun avec ses forces et ses faiblesses.<\/p>\n<figure id=\"attachment_235843\" aria-describedby=\"caption-attachment-235843\" style=\"width: 618px\" class=\"wp-caption alignnone\"><img loading=\"lazy\" decoding=\"async\" class=\"size-large wp-image-235843\" src=\"https:\/\/www.cinevox.be\/wp-content\/uploads\/sites\/2\/2021\/03\/211A6327-LRP3P.Leroux-Storia_Television-800x533.jpg\" alt=\"\" width=\"618\" height=\"412\" srcset=\"https:\/\/welovecinema.be\/wp-content\/uploads\/sites\/2\/2021\/03\/211A6327-LRP3P.Leroux-Storia_Television-800x533.jpg 800w, https:\/\/welovecinema.be\/wp-content\/uploads\/sites\/2\/2021\/03\/211A6327-LRP3P.Leroux-Storia_Television-405x270.jpg 405w, https:\/\/welovecinema.be\/wp-content\/uploads\/sites\/2\/2021\/03\/211A6327-LRP3P.Leroux-Storia_Television-768x512.jpg 768w, https:\/\/welovecinema.be\/wp-content\/uploads\/sites\/2\/2021\/03\/211A6327-LRP3P.Leroux-Storia_Television-1536x1024.jpg 1536w, https:\/\/welovecinema.be\/wp-content\/uploads\/sites\/2\/2021\/03\/211A6327-LRP3P.Leroux-Storia_Television-2048x1365.jpg 2048w\" sizes=\"auto, (max-width: 618px) 100vw, 618px\" \/><figcaption id=\"caption-attachment-235843\" class=\"wp-caption-text\">\u00a9 Philippe LE ROUX &#8211; STORIA TELEVISION &#8211; FTV<\/figcaption><\/figure>\n<h4 class=\"p1\">Une \u00e9galit\u00e9 d&rsquo;autant plus int\u00e9ressante que bien que Camille et Niemans appartiennent \u00e0 deux g\u00e9n\u00e9rations diff\u00e9rentes, le savoir et l&rsquo;attention transitent de l&rsquo;un \u00e0 l&rsquo;autre.<\/h4>\n<p class=\"p1\">Oui, et la force \u00e9motionnelle, la force mentale est parfois du c\u00f4t\u00e9 de Camille, parfois de celui de Niemans, il y a une confiance absolue. M\u00eame si dans cette troisi\u00e8me saison, on joue sur cette confiance, les choses que l&rsquo;on se cache, les secrets. J&rsquo;aime vraiment beaucoup ce duo.<\/p>\n<h4 class=\"p1\">Comment avez-vous imagin\u00e9e Camille quand vous avez cr\u00e9\u00e9 le personnage?<\/h4>\n<p class=\"p1\">Camille \u00e0 la base \u00e9tait moins \u00e9crite, puisque contrairement \u00e0 Niemans, elle nexistait pas dans le roman de Jean-Christophe Grang\u00e9. Il y avait tout un univers \u00e0 inventer en creux de Niemans. Le premier r\u00e9alisateur avec lequel nous avons travaill\u00e9 a vraiment creus\u00e9 le fait que Niemans est l\u00e0 avec son \u00e2ge, son exp\u00e9rience, quand on arrive quelque part, c&rsquo;est \u00e0 lui qu&rsquo;on s&rsquo;adresse, parce que c&rsquo;est un homme, parce qu&rsquo;il est plus vieux. Et donc Camille est en retrait, elle observe. Elle est taiseuse, mais voit ce que les autres ne voient pas. Je l&rsquo;ai construite comme \u00e7a, dans l&rsquo;observation, non pas qu&rsquo;elle accepte ce monde machiste, mais plut\u00f4t qu&rsquo;elle l&rsquo;utilise, en se rendant presque invisible. Elle est petite, elle est jeune, du coup on ne se m\u00e9fie pas d&rsquo;elle. Camille ne peut pas rivaliser sur l&rsquo;exp\u00e9rience, la taille, l&rsquo;\u00e2ge, mais elle a d&rsquo;autres armes. J&rsquo;avais donc beaucoup de place \u00e0 investir en fait!<\/p>\n<h4 class=\"p1\">Quel type de pr\u00e9paration avez-vous d\u00fb faire pour incarner une polici\u00e8re, c&rsquo;est particulier?<\/h4>\n<p class=\"p1\">C&rsquo;est vraiment tr\u00e8s \u00e9loign\u00e9 de moi, donc tr\u00e8s particulier. Pour la saison 1, je me suis entra\u00een\u00e9e avec un cascadeur. Pour apprendre \u00e0 tenir une arme, la monter, la d\u00e9monter, apprendre \u00e0 marcher, savoir o\u00f9 l&rsquo;on regarde. Et puis j&rsquo;avais \u00e0 mes c\u00f4t\u00e9s Olivier Marchal, qui a \u00e9t\u00e9 flic. Ca voulait dire que je pouvais me fier \u00e0 lui et \u00e0 sa v\u00e9rit\u00e9. On avait quelqu&rsquo;un qui savait comment on d\u00e9fonce une porte, comment on m\u00e8ne une perquisition.<\/p>\n<figure id=\"attachment_235845\" aria-describedby=\"caption-attachment-235845\" style=\"width: 618px\" class=\"wp-caption alignnone\"><img loading=\"lazy\" decoding=\"async\" class=\"size-large wp-image-235845\" src=\"https:\/\/www.cinevox.be\/wp-content\/uploads\/sites\/2\/2021\/03\/DSC09961-LRP3G.Chekaiban-Storia_Television-800x534.jpg\" alt=\"\" width=\"618\" height=\"413\" srcset=\"https:\/\/welovecinema.be\/wp-content\/uploads\/sites\/2\/2021\/03\/DSC09961-LRP3G.Chekaiban-Storia_Television-800x534.jpg 800w, https:\/\/welovecinema.be\/wp-content\/uploads\/sites\/2\/2021\/03\/DSC09961-LRP3G.Chekaiban-Storia_Television-405x270.jpg 405w, https:\/\/welovecinema.be\/wp-content\/uploads\/sites\/2\/2021\/03\/DSC09961-LRP3G.Chekaiban-Storia_Television-768x512.jpg 768w, https:\/\/welovecinema.be\/wp-content\/uploads\/sites\/2\/2021\/03\/DSC09961-LRP3G.Chekaiban-Storia_Television-1536x1025.jpg 1536w, https:\/\/welovecinema.be\/wp-content\/uploads\/sites\/2\/2021\/03\/DSC09961-LRP3G.Chekaiban-Storia_Television-2048x1366.jpg 2048w, https:\/\/welovecinema.be\/wp-content\/uploads\/sites\/2\/2021\/03\/DSC09961-LRP3G.Chekaiban-Storia_Television-110x75.jpg 110w\" sizes=\"auto, (max-width: 618px) 100vw, 618px\" \/><figcaption id=\"caption-attachment-235845\" class=\"wp-caption-text\">\u00a9 G. CHEKAIBAN &#8211; STORIA TELEVISON<\/figcaption><\/figure>\n<h4 class=\"p1\">Comment s&rsquo;est nou\u00e9e la relation de travail avec Olivier Marchal?<\/h4>\n<p class=\"p1\">Je l&rsquo;ai rencontr\u00e9 lors des essais. Lui \u00e9tait d\u00e9j\u00e0 cast\u00e9 pour le personnage de Niemans, et je crois que \u00e7a a pris deux secondes pour qu&rsquo;on se marre ensemble. On a tout de suite senti qu&rsquo;on allait s&rsquo;entendre comme cul et chemise. Et c&rsquo;est \u00e7a qui donne de l&rsquo;\u00e9paisseur aussi \u00e0 la relation entre Camille et Niemans, la v\u00e9rit\u00e9 de notre duo, des sentiments qui l&rsquo;animent. On ne joue pas sur la s\u00e9duction, on est l\u00e0 l&rsquo;un pour l&rsquo;autre, on se soutient. C&rsquo;est quelqu&rsquo;un que j&rsquo;admire, sur le plateau et humainement.<\/p>\n<h4 class=\"p1\">Qu\u2019est-ce que \u00e7a fait pour vous de retrouver Camille, tous les ans?<\/h4>\n<p class=\"p1\">Ce qui est assez \u00e9trange pour moi dans <em>Les Rivi\u00e8res Pourpres<\/em>, c\u2019est qu\u2019\u00e0 chaque fois, je retrouve Olivier, par contre, on croise beaucoup de r\u00e9alisateurs diff\u00e9rents. De fait, ce que j\u2019aime dans cette situation, et ce qui me permet aussi de ne pas me lasser, c\u2019est de r\u00e9ussir \u00e0 trouver la singularit\u00e9 que chaque r\u00e9alisateur voudrait donner \u00e0 Camille, sans trahir le personnage. Je dois donc \u00e9clairer Camille d\u2019une mani\u00e8re diff\u00e9rente, tout en essayant de la respecter. Parfois elle est un peu plus fragile, parfois un peu plus femme, ou un peu plus dure.<\/p>\n<figure id=\"attachment_52689\" aria-describedby=\"caption-attachment-52689\" style=\"width: 618px\" class=\"wp-caption alignnone\"><img loading=\"lazy\" decoding=\"async\" class=\"size-large wp-image-52689\" src=\"https:\/\/www.cinevox.be\/wp-content\/uploads\/sites\/2\/2014\/02\/IMAGELLAN_00003239-103-800x515.jpg\" alt=\"\" width=\"618\" height=\"398\" srcset=\"https:\/\/welovecinema.be\/wp-content\/uploads\/sites\/2\/2014\/02\/IMAGELLAN_00003239-103-800x515.jpg 800w, https:\/\/welovecinema.be\/wp-content\/uploads\/sites\/2\/2014\/02\/IMAGELLAN_00003239-103-419x270.jpg 419w\" sizes=\"auto, (max-width: 618px) 100vw, 618px\" \/><figcaption id=\"caption-attachment-52689\" class=\"wp-caption-text\">@Magritte du Cin\u00e9ma 2012 \/ Imagellan<\/figcaption><\/figure>\n<h4 class=\"p1\">Quel souvenir gardez-vous du Magritte du Meilleur espoir re\u00e7u en 2012 pour <em>Elle ne pleure pas elle chante<\/em>?<\/h4>\n<p class=\"p1\">En fait je ne me souviens pas tr\u00e8s bien du moment o\u00f9 j\u2019ai re\u00e7u le prix, j\u2019\u00e9tais tr\u00e8s \u00e9mue, et tr\u00e8s stress\u00e9e. Mais j\u2019\u00e9tais tr\u00e8s contente de le recevoir pour ce film, qui \u00e9tait tr\u00e8s important, qui parlait d\u2019inceste, et que Philippe de Pierpont avait eu du mal \u00e0 tourner. A l\u2019\u00e9poque, la parole \u00e9tait beaucoup moins lib\u00e9r\u00e9 que depuis quelques mois sur le sujet. C\u2019\u00e9tait un moyen de mettre en lumi\u00e8re le film, et c\u2019est \u00e7a que je retiens. On voyait les retours des spectateurs, les retours des associations, et j\u2019\u00e9tais vraiment tr\u00e8s touch\u00e9e.<\/p>\n<h4 class=\"p1\">On retient depuis que votre carri\u00e8re s\u2019est \u00e9panouie en de nombreux endroits, cin\u00e9ma, th\u00e9\u00e2tre, t\u00e9l\u00e9vision, qu\u2019est-ce qui vous meut quand vous choisissez vos projets?<\/h4>\n<p class=\"p1\">Justement, je pense que c\u2019est la diversit\u00e9. J\u2019adore ce m\u00e9tier parce que je ne m\u2019enferme pas dans quelque chose. J\u2019ai r\u00e9fl\u00e9chi longuement avant de me lancer dans <em>Les Rivi\u00e8res Pourpres<\/em> justement, parce que j\u2019aime changer, j\u2019adore les rencontres inattendues. Quand je tournais la saison 2, la journ\u00e9e, j\u2019\u00e9tais dans un faux camp de migrants avec une grosse veste, et le soir, j\u2019\u00e9tais sur sc\u00e8ne en talons de 12 et en petite culotte pour <em>La V\u00e9nus \u00e0 la fourrure<\/em>.<\/p>\n<p class=\"p1\">J\u2019adore cette recherche incessante, les projets un peu fragiles parfois. Je choisis souvent les projets pour leur sujet, ce dont ils parlent plus que \u00e0 qui ils parlent, et combien de personnes vont le voir. Je suis attach\u00e9e \u00e0 la pertinence du propos, il faut que j\u2019ai envie de le d\u00e9fendre.<\/p>\n<h4 class=\"p1\">Quels sont vos projets, avez-vous de nouvelle envies d\u2019\u00e9criture ou de r\u00e9alisation apr\u00e8s <em>Je suis rest\u00e9 dans les bois<\/em>?<\/h4>\n<p class=\"p1\">Je viens de m\u2019engager sur un projet de r\u00e9alisation de clip pour la chanteuse Rapha\u00eble Germser. Je reviens \u00e0 la r\u00e9alisation, j\u2019en suis ravie. Pour les films, \u00e7a plane au dessus de moi, j\u2019ai envie de l\u2019attraper quand ce sera le bon moment. Tant que je n\u2019ai pas l\u2019urgence vitale de raconter une histoire et de la r\u00e9aliser, j\u2019attends.<\/p>\n<p class=\"p1\">J\u2019ai \u00e9galement un projet th\u00e9\u00e2tral avec Micha\u00ebl Bier, mais qui est sans cesse report\u00e9 depuis quelques mois, avec les fermetures asphyxiantes des lieux culturels. J\u2019ai appris hier que c\u2019\u00e9tait d\u00e9cal\u00e9 \u00e0 2023!<\/p>\n","protected":false},"excerpt":{"rendered":"<p>Rencontre avec la com\u00e9dienne belge Erika Sainte, \u00e0 l&rsquo;affiche de la troisi\u00e8me saison des Rivi\u00e8res Pourpres, dont la diffusion d\u00e9bute lundi soir sur France 2. C&rsquo;est en 2011 que l&rsquo;on d\u00e9couvre Erika Sainte dans Elle ne pleure pas elle chante de Philippe de Pierpont, o\u00f9 elle interpr\u00e8te Laura, m\u00ealant force et fragilit\u00e9 dans le long &hellip;<\/p>\n","protected":false},"author":343,"featured_media":235841,"comment_status":"closed","ping_status":"closed","sticky":false,"template":"","format":"standard","meta":{"ngg_post_thumbnail":0,"footnotes":""},"categories":[1978],"tags":[1957,4187],"class_list":["post-235839","post","type-post","status-publish","format-standard","has-post-thumbnail","","category-interviews","tag-erika-sainte","tag-newsletter-fr"],"yoast_head":"<!-- This site is optimized with the Yoast SEO plugin v20.4 - https:\/\/yoast.com\/wordpress\/plugins\/seo\/ -->\n<title>Erika Sainte: &quot;J&#039;aime la r\u00e9ciprocit\u00e9 du duo que je forme avec Olivier Marchal&quot; - We Love Cinema<\/title>\n<meta name=\"robots\" content=\"index, follow, max-snippet:-1, max-image-preview:large, max-video-preview:-1\" \/>\n<link rel=\"canonical\" href=\"https:\/\/welovecinema.be\/fr\/erika-sainte-jaime-la-reciprocite-du-duo-que-je-forme-avec-olivier-marchal\/\" \/>\n<meta property=\"og:locale\" content=\"fr_FR\" \/>\n<meta property=\"og:type\" content=\"article\" \/>\n<meta property=\"og:title\" content=\"Erika Sainte: &quot;J&#039;aime la r\u00e9ciprocit\u00e9 du duo que je forme avec Olivier Marchal&quot; - We Love Cinema\" \/>\n<meta property=\"og:description\" content=\"Rencontre avec la com\u00e9dienne belge Erika Sainte, \u00e0 l&rsquo;affiche de la troisi\u00e8me saison des Rivi\u00e8res Pourpres, dont la diffusion d\u00e9bute lundi soir sur France 2. C&rsquo;est en 2011 que l&rsquo;on d\u00e9couvre Erika Sainte dans Elle ne pleure pas elle chante de Philippe de Pierpont, o\u00f9 elle interpr\u00e8te Laura, m\u00ealant force et fragilit\u00e9 dans le long &hellip;\" \/>\n<meta property=\"og:url\" content=\"https:\/\/welovecinema.be\/fr\/erika-sainte-jaime-la-reciprocite-du-duo-que-je-forme-avec-olivier-marchal\/\" \/>\n<meta property=\"og:site_name\" content=\"We Love Cinema\" \/>\n<meta property=\"article:publisher\" content=\"https:\/\/www.facebook.com\/welovecinema.be\" \/>\n<meta property=\"article:published_time\" content=\"2021-03-05T11:17:00+00:00\" \/>\n<meta property=\"article:modified_time\" content=\"2021-03-08T09:43:57+00:00\" \/>\n<meta property=\"og:image\" content=\"https:\/\/welovecinema.be\/wp-content\/uploads\/sites\/2\/2021\/03\/211A5928-LRP3P.Leroux-Storia_Television-800x533.jpg\" \/>\n\t<meta property=\"og:image:width\" content=\"800\" \/>\n\t<meta property=\"og:image:height\" content=\"533\" \/>\n\t<meta property=\"og:image:type\" content=\"image\/jpeg\" \/>\n<meta name=\"author\" content=\"Aurore Engelen\" \/>\n<meta name=\"twitter:card\" content=\"summary_large_image\" \/>\n<meta name=\"twitter:label1\" content=\"\u00c9crit par\" \/>\n\t<meta name=\"twitter:data1\" content=\"Aurore Engelen\" \/>\n\t<meta name=\"twitter:label2\" content=\"Dur\u00e9e de lecture estim\u00e9e\" \/>\n\t<meta name=\"twitter:data2\" content=\"7 minutes\" \/>\n<script type=\"application\/ld+json\" class=\"yoast-schema-graph\">{\"@context\":\"https:\/\/schema.org\",\"@graph\":[{\"@type\":\"Article\",\"@id\":\"https:\/\/welovecinema.be\/fr\/erika-sainte-jaime-la-reciprocite-du-duo-que-je-forme-avec-olivier-marchal\/#article\",\"isPartOf\":{\"@id\":\"https:\/\/welovecinema.be\/fr\/erika-sainte-jaime-la-reciprocite-du-duo-que-je-forme-avec-olivier-marchal\/\"},\"author\":{\"name\":\"Aurore Engelen\",\"@id\":\"https:\/\/welovecinema.be\/nl\/#\/schema\/person\/8084b68c6b176142d073695c654dc7cf\"},\"headline\":\"Erika Sainte: \u00ab\u00a0J&rsquo;aime la r\u00e9ciprocit\u00e9 du duo que je forme avec Olivier Marchal\u00a0\u00bb\",\"datePublished\":\"2021-03-05T11:17:00+00:00\",\"dateModified\":\"2021-03-08T09:43:57+00:00\",\"mainEntityOfPage\":{\"@id\":\"https:\/\/welovecinema.be\/fr\/erika-sainte-jaime-la-reciprocite-du-duo-que-je-forme-avec-olivier-marchal\/\"},\"wordCount\":1594,\"publisher\":{\"@id\":\"https:\/\/welovecinema.be\/nl\/#organization\"},\"keywords\":[\"Erika Sainte\",\"newsletter\"],\"articleSection\":[\"Rencontres\"],\"inLanguage\":\"fr-FR\"},{\"@type\":\"WebPage\",\"@id\":\"https:\/\/welovecinema.be\/fr\/erika-sainte-jaime-la-reciprocite-du-duo-que-je-forme-avec-olivier-marchal\/\",\"url\":\"https:\/\/welovecinema.be\/fr\/erika-sainte-jaime-la-reciprocite-du-duo-que-je-forme-avec-olivier-marchal\/\",\"name\":\"Erika Sainte: \\\"J'aime la r\u00e9ciprocit\u00e9 du duo que je forme avec Olivier Marchal\\\" - We Love Cinema\",\"isPartOf\":{\"@id\":\"https:\/\/welovecinema.be\/nl\/#website\"},\"datePublished\":\"2021-03-05T11:17:00+00:00\",\"dateModified\":\"2021-03-08T09:43:57+00:00\",\"breadcrumb\":{\"@id\":\"https:\/\/welovecinema.be\/fr\/erika-sainte-jaime-la-reciprocite-du-duo-que-je-forme-avec-olivier-marchal\/#breadcrumb\"},\"inLanguage\":\"fr-FR\",\"potentialAction\":[{\"@type\":\"ReadAction\",\"target\":[\"https:\/\/welovecinema.be\/fr\/erika-sainte-jaime-la-reciprocite-du-duo-que-je-forme-avec-olivier-marchal\/\"]}]},{\"@type\":\"BreadcrumbList\",\"@id\":\"https:\/\/welovecinema.be\/fr\/erika-sainte-jaime-la-reciprocite-du-duo-que-je-forme-avec-olivier-marchal\/#breadcrumb\",\"itemListElement\":[{\"@type\":\"ListItem\",\"position\":1,\"name\":\"Accueil\",\"item\":\"https:\/\/welovecinema.be\/fr\/\"},{\"@type\":\"ListItem\",\"position\":2,\"name\":\"Erika Sainte: \u00ab\u00a0J&rsquo;aime la r\u00e9ciprocit\u00e9 du duo que je forme avec Olivier Marchal\u00a0\u00bb\"}]},{\"@type\":\"WebSite\",\"@id\":\"https:\/\/welovecinema.be\/nl\/#website\",\"url\":\"https:\/\/welovecinema.be\/nl\/\",\"name\":\"We Love Cinema\",\"description\":\"Toute l\u2019information du cin\u00e9ma en Belgique\",\"publisher\":{\"@id\":\"https:\/\/welovecinema.be\/nl\/#organization\"},\"potentialAction\":[{\"@type\":\"SearchAction\",\"target\":{\"@type\":\"EntryPoint\",\"urlTemplate\":\"https:\/\/welovecinema.be\/nl\/?s={search_term_string}\"},\"query-input\":\"required name=search_term_string\"}],\"inLanguage\":\"fr-FR\"},{\"@type\":\"Organization\",\"@id\":\"https:\/\/welovecinema.be\/nl\/#organization\",\"name\":\"We Love Cinema\",\"url\":\"https:\/\/welovecinema.be\/nl\/\",\"logo\":{\"@type\":\"ImageObject\",\"inLanguage\":\"fr-FR\",\"@id\":\"https:\/\/welovecinema.be\/nl\/#\/schema\/logo\/image\/\",\"url\":\"https:\/\/welovecinema.be\/wp-content\/uploads\/sites\/2\/2023\/03\/Logo-We-Love-Cinema305x128.jpg\",\"contentUrl\":\"https:\/\/welovecinema.be\/wp-content\/uploads\/sites\/2\/2023\/03\/Logo-We-Love-Cinema305x128.jpg\",\"width\":305,\"height\":128,\"caption\":\"We Love Cinema\"},\"image\":{\"@id\":\"https:\/\/welovecinema.be\/nl\/#\/schema\/logo\/image\/\"},\"sameAs\":[\"https:\/\/www.facebook.com\/welovecinema.be\",\"https:\/\/www.youtube.com\/channel\/UCX5LYGVhnKvYauW4Nta4HJA\",\"https:\/\/www.instagram.com\/welovecinema.be\/\"]},{\"@type\":\"Person\",\"@id\":\"https:\/\/welovecinema.be\/nl\/#\/schema\/person\/8084b68c6b176142d073695c654dc7cf\",\"name\":\"Aurore Engelen\",\"url\":\"https:\/\/welovecinema.be\/fr\/author\/aurore-engelen\/\"}]}<\/script>\n<!-- \/ Yoast SEO plugin. -->","yoast_head_json":{"title":"Erika Sainte: \"J'aime la r\u00e9ciprocit\u00e9 du duo que je forme avec Olivier Marchal\" - We Love Cinema","robots":{"index":"index","follow":"follow","max-snippet":"max-snippet:-1","max-image-preview":"max-image-preview:large","max-video-preview":"max-video-preview:-1"},"canonical":"https:\/\/welovecinema.be\/fr\/erika-sainte-jaime-la-reciprocite-du-duo-que-je-forme-avec-olivier-marchal\/","og_locale":"fr_FR","og_type":"article","og_title":"Erika Sainte: \"J'aime la r\u00e9ciprocit\u00e9 du duo que je forme avec Olivier Marchal\" - We Love Cinema","og_description":"Rencontre avec la com\u00e9dienne belge Erika Sainte, \u00e0 l&rsquo;affiche de la troisi\u00e8me saison des Rivi\u00e8res Pourpres, dont la diffusion d\u00e9bute lundi soir sur France 2. C&rsquo;est en 2011 que l&rsquo;on d\u00e9couvre Erika Sainte dans Elle ne pleure pas elle chante de Philippe de Pierpont, o\u00f9 elle interpr\u00e8te Laura, m\u00ealant force et fragilit\u00e9 dans le long &hellip;","og_url":"https:\/\/welovecinema.be\/fr\/erika-sainte-jaime-la-reciprocite-du-duo-que-je-forme-avec-olivier-marchal\/","og_site_name":"We Love Cinema","article_publisher":"https:\/\/www.facebook.com\/welovecinema.be","article_published_time":"2021-03-05T11:17:00+00:00","article_modified_time":"2021-03-08T09:43:57+00:00","og_image":[{"width":800,"height":533,"url":"https:\/\/welovecinema.be\/wp-content\/uploads\/sites\/2\/2021\/03\/211A5928-LRP3P.Leroux-Storia_Television-800x533.jpg","type":"image\/jpeg"}],"author":"Aurore Engelen","twitter_card":"summary_large_image","twitter_misc":{"\u00c9crit par":"Aurore Engelen","Dur\u00e9e de lecture estim\u00e9e":"7 minutes"},"schema":{"@context":"https:\/\/schema.org","@graph":[{"@type":"Article","@id":"https:\/\/welovecinema.be\/fr\/erika-sainte-jaime-la-reciprocite-du-duo-que-je-forme-avec-olivier-marchal\/#article","isPartOf":{"@id":"https:\/\/welovecinema.be\/fr\/erika-sainte-jaime-la-reciprocite-du-duo-que-je-forme-avec-olivier-marchal\/"},"author":{"name":"Aurore Engelen","@id":"https:\/\/welovecinema.be\/nl\/#\/schema\/person\/8084b68c6b176142d073695c654dc7cf"},"headline":"Erika Sainte: \u00ab\u00a0J&rsquo;aime la r\u00e9ciprocit\u00e9 du duo que je forme avec Olivier Marchal\u00a0\u00bb","datePublished":"2021-03-05T11:17:00+00:00","dateModified":"2021-03-08T09:43:57+00:00","mainEntityOfPage":{"@id":"https:\/\/welovecinema.be\/fr\/erika-sainte-jaime-la-reciprocite-du-duo-que-je-forme-avec-olivier-marchal\/"},"wordCount":1594,"publisher":{"@id":"https:\/\/welovecinema.be\/nl\/#organization"},"keywords":["Erika Sainte","newsletter"],"articleSection":["Rencontres"],"inLanguage":"fr-FR"},{"@type":"WebPage","@id":"https:\/\/welovecinema.be\/fr\/erika-sainte-jaime-la-reciprocite-du-duo-que-je-forme-avec-olivier-marchal\/","url":"https:\/\/welovecinema.be\/fr\/erika-sainte-jaime-la-reciprocite-du-duo-que-je-forme-avec-olivier-marchal\/","name":"Erika Sainte: \"J'aime la r\u00e9ciprocit\u00e9 du duo que je forme avec Olivier Marchal\" - We Love Cinema","isPartOf":{"@id":"https:\/\/welovecinema.be\/nl\/#website"},"datePublished":"2021-03-05T11:17:00+00:00","dateModified":"2021-03-08T09:43:57+00:00","breadcrumb":{"@id":"https:\/\/welovecinema.be\/fr\/erika-sainte-jaime-la-reciprocite-du-duo-que-je-forme-avec-olivier-marchal\/#breadcrumb"},"inLanguage":"fr-FR","potentialAction":[{"@type":"ReadAction","target":["https:\/\/welovecinema.be\/fr\/erika-sainte-jaime-la-reciprocite-du-duo-que-je-forme-avec-olivier-marchal\/"]}]},{"@type":"BreadcrumbList","@id":"https:\/\/welovecinema.be\/fr\/erika-sainte-jaime-la-reciprocite-du-duo-que-je-forme-avec-olivier-marchal\/#breadcrumb","itemListElement":[{"@type":"ListItem","position":1,"name":"Accueil","item":"https:\/\/welovecinema.be\/fr\/"},{"@type":"ListItem","position":2,"name":"Erika Sainte: \u00ab\u00a0J&rsquo;aime la r\u00e9ciprocit\u00e9 du duo que je forme avec Olivier Marchal\u00a0\u00bb"}]},{"@type":"WebSite","@id":"https:\/\/welovecinema.be\/nl\/#website","url":"https:\/\/welovecinema.be\/nl\/","name":"We Love Cinema","description":"Toute l\u2019information du cin\u00e9ma en Belgique","publisher":{"@id":"https:\/\/welovecinema.be\/nl\/#organization"},"potentialAction":[{"@type":"SearchAction","target":{"@type":"EntryPoint","urlTemplate":"https:\/\/welovecinema.be\/nl\/?s={search_term_string}"},"query-input":"required name=search_term_string"}],"inLanguage":"fr-FR"},{"@type":"Organization","@id":"https:\/\/welovecinema.be\/nl\/#organization","name":"We Love Cinema","url":"https:\/\/welovecinema.be\/nl\/","logo":{"@type":"ImageObject","inLanguage":"fr-FR","@id":"https:\/\/welovecinema.be\/nl\/#\/schema\/logo\/image\/","url":"https:\/\/welovecinema.be\/wp-content\/uploads\/sites\/2\/2023\/03\/Logo-We-Love-Cinema305x128.jpg","contentUrl":"https:\/\/welovecinema.be\/wp-content\/uploads\/sites\/2\/2023\/03\/Logo-We-Love-Cinema305x128.jpg","width":305,"height":128,"caption":"We Love Cinema"},"image":{"@id":"https:\/\/welovecinema.be\/nl\/#\/schema\/logo\/image\/"},"sameAs":["https:\/\/www.facebook.com\/welovecinema.be","https:\/\/www.youtube.com\/channel\/UCX5LYGVhnKvYauW4Nta4HJA","https:\/\/www.instagram.com\/welovecinema.be\/"]},{"@type":"Person","@id":"https:\/\/welovecinema.be\/nl\/#\/schema\/person\/8084b68c6b176142d073695c654dc7cf","name":"Aurore Engelen","url":"https:\/\/welovecinema.be\/fr\/author\/aurore-engelen\/"}]}},"_links":{"self":[{"href":"https:\/\/welovecinema.be\/fr\/wp-json\/wp\/v2\/posts\/235839","targetHints":{"allow":["GET"]}}],"collection":[{"href":"https:\/\/welovecinema.be\/fr\/wp-json\/wp\/v2\/posts"}],"about":[{"href":"https:\/\/welovecinema.be\/fr\/wp-json\/wp\/v2\/types\/post"}],"author":[{"embeddable":true,"href":"https:\/\/welovecinema.be\/fr\/wp-json\/wp\/v2\/users\/343"}],"replies":[{"embeddable":true,"href":"https:\/\/welovecinema.be\/fr\/wp-json\/wp\/v2\/comments?post=235839"}],"version-history":[{"count":0,"href":"https:\/\/welovecinema.be\/fr\/wp-json\/wp\/v2\/posts\/235839\/revisions"}],"wp:featuredmedia":[{"embeddable":true,"href":"https:\/\/welovecinema.be\/fr\/wp-json\/wp\/v2\/media\/235841"}],"wp:attachment":[{"href":"https:\/\/welovecinema.be\/fr\/wp-json\/wp\/v2\/media?parent=235839"}],"wp:term":[{"taxonomy":"category","embeddable":true,"href":"https:\/\/welovecinema.be\/fr\/wp-json\/wp\/v2\/categories?post=235839"},{"taxonomy":"post_tag","embeddable":true,"href":"https:\/\/welovecinema.be\/fr\/wp-json\/wp\/v2\/tags?post=235839"}],"curies":[{"name":"wp","href":"https:\/\/api.w.org\/{rel}","templated":true}]}}