{"id":235717,"date":"2021-03-02T10:17:45","date_gmt":"2021-03-02T09:17:45","guid":{"rendered":"https:\/\/www.cinevox.be\/?p=235717"},"modified":"2021-03-02T12:37:12","modified_gmt":"2021-03-02T11:37:12","slug":"fabrizio-rongione-heros-de-azor-selectionne-a-la-berlinale","status":"publish","type":"post","link":"https:\/\/welovecinema.be\/fr\/fabrizio-rongione-heros-de-azor-selectionne-a-la-berlinale\/","title":{"rendered":"Fabrizio Rongione h\u00e9ros de \u00ab\u00a0Azor\u00a0\u00bb, s\u00e9lectionn\u00e9 \u00e0 la Berlinale"},"content":{"rendered":"<p><strong>Fabrizio Rongione est le h\u00e9ros de <em>Azor<\/em>, d&rsquo;Andreas Fontana, montr\u00e9 cette semaine \u00e0 la Berlinale online dans la section Encounters.<\/strong><\/p>\n<p>Yvan De Wiel, banquier priv\u00e9 genevois, se rend dans une Argentine en pleine dictature pour remplacer son associ\u00e9, objet des rumeurs les plus inqui\u00e9tantes, qui a disparu du jour au lendemain. Entre salons feutr\u00e9s, piscines et jardins sous surveillance, un duel \u00e0 distance entre deux banquiers qui, malgr\u00e9 des m\u00e9thodes diff\u00e9rentes, sont les complices d\u2019une forme de colonisation discr\u00e8te et impitoyable.<\/p>\n<p><iframe loading=\"lazy\" src=\"https:\/\/www.cineuropa.org\/fr\/videoembed\/398296\/rdid\/397414\/\" width=\"620\" height=\"350\" frameborder=\"0\" marginwidth=\"0\" marginheight=\"0\" scrolling=\"no\" allowfullscreen=\"allowfullscreen\"><\/iframe><\/p>\n<p>Ce r\u00e9cit cosmopolite, tourn\u00e9 en fran\u00e7ais, en espagnol et en italien, a entra\u00een\u00e9 le com\u00e9dien jusqu&rsquo;en Argentine, l&rsquo;Argentine de la junte, \u00e0 une \u00e9poque o\u00f9 les Europ\u00e9ens se comportent encore comme de v\u00e9ritables conquistadors, convaincus que l&rsquo;Am\u00e9rique reste \u00e0 \u00ab\u00a0d\u00e9couvrir\u00a0\u00bb.<\/p>\n<p>Aux c\u00f4t\u00e9s du com\u00e9dien belge, on retrouve St\u00e9phanie Cl\u00e9au, Elli Medeiros, Juan Trench, Pablo Torre Nilson, Gilles Privat, Juan Pablo Gerreto et Alexandre Trocki. On esp\u00e8re d\u00e9couvrir le film bient\u00f4t en Belgique, pourquoi pas au Festival de Namur?<\/p>\n","protected":false},"excerpt":{"rendered":"<p>Fabrizio Rongione est le h\u00e9ros de Azor, d&rsquo;Andreas Fontana, montr\u00e9 cette semaine \u00e0 la Berlinale online dans la section Encounters. Yvan De Wiel, banquier priv\u00e9 genevois, se rend dans une Argentine en pleine dictature pour remplacer son associ\u00e9, objet des rumeurs les plus inqui\u00e9tantes, qui a disparu du jour au lendemain. Entre salons feutr\u00e9s, piscines &hellip;<\/p>\n","protected":false},"author":343,"featured_media":235719,"comment_status":"closed","ping_status":"closed","sticky":false,"template":"","format":"standard","meta":{"ngg_post_thumbnail":0,"footnotes":""},"categories":[1923],"tags":[4187],"class_list":["post-235717","post","type-post","status-publish","format-standard","has-post-thumbnail","","category-en-bref","tag-newsletter-fr"],"yoast_head":"<!-- This site is optimized with the Yoast SEO plugin v20.4 - https:\/\/yoast.com\/wordpress\/plugins\/seo\/ -->\n<title>Fabrizio Rongione h\u00e9ros de &quot;Azor&quot;, s\u00e9lectionn\u00e9 \u00e0 la Berlinale - We Love Cinema<\/title>\n<meta name=\"robots\" content=\"index, follow, max-snippet:-1, max-image-preview:large, max-video-preview:-1\" \/>\n<link rel=\"canonical\" href=\"https:\/\/welovecinema.be\/fr\/fabrizio-rongione-heros-de-azor-selectionne-a-la-berlinale\/\" \/>\n<meta property=\"og:locale\" content=\"fr_FR\" \/>\n<meta property=\"og:type\" content=\"article\" \/>\n<meta property=\"og:title\" content=\"Fabrizio Rongione h\u00e9ros de &quot;Azor&quot;, s\u00e9lectionn\u00e9 \u00e0 la Berlinale - We Love Cinema\" \/>\n<meta property=\"og:description\" content=\"Fabrizio Rongione est le h\u00e9ros de Azor, d&rsquo;Andreas Fontana, montr\u00e9 cette semaine \u00e0 la Berlinale online dans la section Encounters. Yvan De Wiel, banquier priv\u00e9 genevois, se rend dans une Argentine en pleine dictature pour remplacer son associ\u00e9, objet des rumeurs les plus inqui\u00e9tantes, qui a disparu du jour au lendemain. Entre salons feutr\u00e9s, piscines &hellip;\" \/>\n<meta property=\"og:url\" content=\"https:\/\/welovecinema.be\/fr\/fabrizio-rongione-heros-de-azor-selectionne-a-la-berlinale\/\" \/>\n<meta property=\"og:site_name\" content=\"We Love Cinema\" \/>\n<meta property=\"article:publisher\" content=\"https:\/\/www.facebook.com\/welovecinema.be\" \/>\n<meta property=\"article:published_time\" content=\"2021-03-02T09:17:45+00:00\" \/>\n<meta property=\"article:modified_time\" content=\"2021-03-02T11:37:12+00:00\" \/>\n<meta property=\"og:image\" content=\"https:\/\/welovecinema.be\/wp-content\/uploads\/sites\/2\/2021\/03\/azor-2-1.jpg\" \/>\n\t<meta property=\"og:image:width\" content=\"1200\" \/>\n\t<meta property=\"og:image:height\" content=\"724\" \/>\n\t<meta property=\"og:image:type\" content=\"image\/jpeg\" \/>\n<meta name=\"author\" content=\"Aurore Engelen\" \/>\n<meta name=\"twitter:card\" content=\"summary_large_image\" \/>\n<meta name=\"twitter:label1\" content=\"\u00c9crit par\" \/>\n\t<meta name=\"twitter:data1\" content=\"Aurore Engelen\" \/>\n\t<meta name=\"twitter:label2\" content=\"Dur\u00e9e de lecture estim\u00e9e\" \/>\n\t<meta name=\"twitter:data2\" content=\"1 minute\" \/>\n<script type=\"application\/ld+json\" class=\"yoast-schema-graph\">{\"@context\":\"https:\/\/schema.org\",\"@graph\":[{\"@type\":\"Article\",\"@id\":\"https:\/\/welovecinema.be\/fr\/fabrizio-rongione-heros-de-azor-selectionne-a-la-berlinale\/#article\",\"isPartOf\":{\"@id\":\"https:\/\/welovecinema.be\/fr\/fabrizio-rongione-heros-de-azor-selectionne-a-la-berlinale\/\"},\"author\":{\"name\":\"Aurore Engelen\",\"@id\":\"https:\/\/welovecinema.be\/nl\/#\/schema\/person\/8084b68c6b176142d073695c654dc7cf\"},\"headline\":\"Fabrizio Rongione h\u00e9ros de \u00ab\u00a0Azor\u00a0\u00bb, s\u00e9lectionn\u00e9 \u00e0 la Berlinale\",\"datePublished\":\"2021-03-02T09:17:45+00:00\",\"dateModified\":\"2021-03-02T11:37:12+00:00\",\"mainEntityOfPage\":{\"@id\":\"https:\/\/welovecinema.be\/fr\/fabrizio-rongione-heros-de-azor-selectionne-a-la-berlinale\/\"},\"wordCount\":192,\"publisher\":{\"@id\":\"https:\/\/welovecinema.be\/nl\/#organization\"},\"keywords\":[\"newsletter\"],\"articleSection\":[\"En bref\"],\"inLanguage\":\"fr-FR\"},{\"@type\":\"WebPage\",\"@id\":\"https:\/\/welovecinema.be\/fr\/fabrizio-rongione-heros-de-azor-selectionne-a-la-berlinale\/\",\"url\":\"https:\/\/welovecinema.be\/fr\/fabrizio-rongione-heros-de-azor-selectionne-a-la-berlinale\/\",\"name\":\"Fabrizio Rongione h\u00e9ros de \\\"Azor\\\", s\u00e9lectionn\u00e9 \u00e0 la Berlinale - We Love Cinema\",\"isPartOf\":{\"@id\":\"https:\/\/welovecinema.be\/nl\/#website\"},\"datePublished\":\"2021-03-02T09:17:45+00:00\",\"dateModified\":\"2021-03-02T11:37:12+00:00\",\"breadcrumb\":{\"@id\":\"https:\/\/welovecinema.be\/fr\/fabrizio-rongione-heros-de-azor-selectionne-a-la-berlinale\/#breadcrumb\"},\"inLanguage\":\"fr-FR\",\"potentialAction\":[{\"@type\":\"ReadAction\",\"target\":[\"https:\/\/welovecinema.be\/fr\/fabrizio-rongione-heros-de-azor-selectionne-a-la-berlinale\/\"]}]},{\"@type\":\"BreadcrumbList\",\"@id\":\"https:\/\/welovecinema.be\/fr\/fabrizio-rongione-heros-de-azor-selectionne-a-la-berlinale\/#breadcrumb\",\"itemListElement\":[{\"@type\":\"ListItem\",\"position\":1,\"name\":\"Accueil\",\"item\":\"https:\/\/welovecinema.be\/fr\/\"},{\"@type\":\"ListItem\",\"position\":2,\"name\":\"Fabrizio Rongione h\u00e9ros de \u00ab\u00a0Azor\u00a0\u00bb, s\u00e9lectionn\u00e9 \u00e0 la Berlinale\"}]},{\"@type\":\"WebSite\",\"@id\":\"https:\/\/welovecinema.be\/nl\/#website\",\"url\":\"https:\/\/welovecinema.be\/nl\/\",\"name\":\"We Love Cinema\",\"description\":\"Toute l\u2019information du cin\u00e9ma en Belgique\",\"publisher\":{\"@id\":\"https:\/\/welovecinema.be\/nl\/#organization\"},\"potentialAction\":[{\"@type\":\"SearchAction\",\"target\":{\"@type\":\"EntryPoint\",\"urlTemplate\":\"https:\/\/welovecinema.be\/nl\/?s={search_term_string}\"},\"query-input\":\"required name=search_term_string\"}],\"inLanguage\":\"fr-FR\"},{\"@type\":\"Organization\",\"@id\":\"https:\/\/welovecinema.be\/nl\/#organization\",\"name\":\"We Love Cinema\",\"url\":\"https:\/\/welovecinema.be\/nl\/\",\"logo\":{\"@type\":\"ImageObject\",\"inLanguage\":\"fr-FR\",\"@id\":\"https:\/\/welovecinema.be\/nl\/#\/schema\/logo\/image\/\",\"url\":\"https:\/\/welovecinema.be\/wp-content\/uploads\/sites\/2\/2023\/03\/Logo-We-Love-Cinema305x128.jpg\",\"contentUrl\":\"https:\/\/welovecinema.be\/wp-content\/uploads\/sites\/2\/2023\/03\/Logo-We-Love-Cinema305x128.jpg\",\"width\":305,\"height\":128,\"caption\":\"We Love Cinema\"},\"image\":{\"@id\":\"https:\/\/welovecinema.be\/nl\/#\/schema\/logo\/image\/\"},\"sameAs\":[\"https:\/\/www.facebook.com\/welovecinema.be\",\"https:\/\/www.youtube.com\/channel\/UCX5LYGVhnKvYauW4Nta4HJA\",\"https:\/\/www.instagram.com\/welovecinema.be\/\"]},{\"@type\":\"Person\",\"@id\":\"https:\/\/welovecinema.be\/nl\/#\/schema\/person\/8084b68c6b176142d073695c654dc7cf\",\"name\":\"Aurore Engelen\",\"url\":\"https:\/\/welovecinema.be\/fr\/author\/aurore-engelen\/\"}]}<\/script>\n<!-- \/ Yoast SEO plugin. -->","yoast_head_json":{"title":"Fabrizio Rongione h\u00e9ros de \"Azor\", s\u00e9lectionn\u00e9 \u00e0 la Berlinale - We Love Cinema","robots":{"index":"index","follow":"follow","max-snippet":"max-snippet:-1","max-image-preview":"max-image-preview:large","max-video-preview":"max-video-preview:-1"},"canonical":"https:\/\/welovecinema.be\/fr\/fabrizio-rongione-heros-de-azor-selectionne-a-la-berlinale\/","og_locale":"fr_FR","og_type":"article","og_title":"Fabrizio Rongione h\u00e9ros de \"Azor\", s\u00e9lectionn\u00e9 \u00e0 la Berlinale - We Love Cinema","og_description":"Fabrizio Rongione est le h\u00e9ros de Azor, d&rsquo;Andreas Fontana, montr\u00e9 cette semaine \u00e0 la Berlinale online dans la section Encounters. Yvan De Wiel, banquier priv\u00e9 genevois, se rend dans une Argentine en pleine dictature pour remplacer son associ\u00e9, objet des rumeurs les plus inqui\u00e9tantes, qui a disparu du jour au lendemain. Entre salons feutr\u00e9s, piscines &hellip;","og_url":"https:\/\/welovecinema.be\/fr\/fabrizio-rongione-heros-de-azor-selectionne-a-la-berlinale\/","og_site_name":"We Love Cinema","article_publisher":"https:\/\/www.facebook.com\/welovecinema.be","article_published_time":"2021-03-02T09:17:45+00:00","article_modified_time":"2021-03-02T11:37:12+00:00","og_image":[{"width":1200,"height":724,"url":"https:\/\/welovecinema.be\/wp-content\/uploads\/sites\/2\/2021\/03\/azor-2-1.jpg","type":"image\/jpeg"}],"author":"Aurore Engelen","twitter_card":"summary_large_image","twitter_misc":{"\u00c9crit par":"Aurore Engelen","Dur\u00e9e de lecture estim\u00e9e":"1 minute"},"schema":{"@context":"https:\/\/schema.org","@graph":[{"@type":"Article","@id":"https:\/\/welovecinema.be\/fr\/fabrizio-rongione-heros-de-azor-selectionne-a-la-berlinale\/#article","isPartOf":{"@id":"https:\/\/welovecinema.be\/fr\/fabrizio-rongione-heros-de-azor-selectionne-a-la-berlinale\/"},"author":{"name":"Aurore Engelen","@id":"https:\/\/welovecinema.be\/nl\/#\/schema\/person\/8084b68c6b176142d073695c654dc7cf"},"headline":"Fabrizio Rongione h\u00e9ros de \u00ab\u00a0Azor\u00a0\u00bb, s\u00e9lectionn\u00e9 \u00e0 la Berlinale","datePublished":"2021-03-02T09:17:45+00:00","dateModified":"2021-03-02T11:37:12+00:00","mainEntityOfPage":{"@id":"https:\/\/welovecinema.be\/fr\/fabrizio-rongione-heros-de-azor-selectionne-a-la-berlinale\/"},"wordCount":192,"publisher":{"@id":"https:\/\/welovecinema.be\/nl\/#organization"},"keywords":["newsletter"],"articleSection":["En bref"],"inLanguage":"fr-FR"},{"@type":"WebPage","@id":"https:\/\/welovecinema.be\/fr\/fabrizio-rongione-heros-de-azor-selectionne-a-la-berlinale\/","url":"https:\/\/welovecinema.be\/fr\/fabrizio-rongione-heros-de-azor-selectionne-a-la-berlinale\/","name":"Fabrizio Rongione h\u00e9ros de \"Azor\", s\u00e9lectionn\u00e9 \u00e0 la Berlinale - We Love Cinema","isPartOf":{"@id":"https:\/\/welovecinema.be\/nl\/#website"},"datePublished":"2021-03-02T09:17:45+00:00","dateModified":"2021-03-02T11:37:12+00:00","breadcrumb":{"@id":"https:\/\/welovecinema.be\/fr\/fabrizio-rongione-heros-de-azor-selectionne-a-la-berlinale\/#breadcrumb"},"inLanguage":"fr-FR","potentialAction":[{"@type":"ReadAction","target":["https:\/\/welovecinema.be\/fr\/fabrizio-rongione-heros-de-azor-selectionne-a-la-berlinale\/"]}]},{"@type":"BreadcrumbList","@id":"https:\/\/welovecinema.be\/fr\/fabrizio-rongione-heros-de-azor-selectionne-a-la-berlinale\/#breadcrumb","itemListElement":[{"@type":"ListItem","position":1,"name":"Accueil","item":"https:\/\/welovecinema.be\/fr\/"},{"@type":"ListItem","position":2,"name":"Fabrizio Rongione h\u00e9ros de \u00ab\u00a0Azor\u00a0\u00bb, s\u00e9lectionn\u00e9 \u00e0 la Berlinale"}]},{"@type":"WebSite","@id":"https:\/\/welovecinema.be\/nl\/#website","url":"https:\/\/welovecinema.be\/nl\/","name":"We Love Cinema","description":"Toute l\u2019information du cin\u00e9ma en Belgique","publisher":{"@id":"https:\/\/welovecinema.be\/nl\/#organization"},"potentialAction":[{"@type":"SearchAction","target":{"@type":"EntryPoint","urlTemplate":"https:\/\/welovecinema.be\/nl\/?s={search_term_string}"},"query-input":"required name=search_term_string"}],"inLanguage":"fr-FR"},{"@type":"Organization","@id":"https:\/\/welovecinema.be\/nl\/#organization","name":"We Love Cinema","url":"https:\/\/welovecinema.be\/nl\/","logo":{"@type":"ImageObject","inLanguage":"fr-FR","@id":"https:\/\/welovecinema.be\/nl\/#\/schema\/logo\/image\/","url":"https:\/\/welovecinema.be\/wp-content\/uploads\/sites\/2\/2023\/03\/Logo-We-Love-Cinema305x128.jpg","contentUrl":"https:\/\/welovecinema.be\/wp-content\/uploads\/sites\/2\/2023\/03\/Logo-We-Love-Cinema305x128.jpg","width":305,"height":128,"caption":"We Love Cinema"},"image":{"@id":"https:\/\/welovecinema.be\/nl\/#\/schema\/logo\/image\/"},"sameAs":["https:\/\/www.facebook.com\/welovecinema.be","https:\/\/www.youtube.com\/channel\/UCX5LYGVhnKvYauW4Nta4HJA","https:\/\/www.instagram.com\/welovecinema.be\/"]},{"@type":"Person","@id":"https:\/\/welovecinema.be\/nl\/#\/schema\/person\/8084b68c6b176142d073695c654dc7cf","name":"Aurore Engelen","url":"https:\/\/welovecinema.be\/fr\/author\/aurore-engelen\/"}]}},"_links":{"self":[{"href":"https:\/\/welovecinema.be\/fr\/wp-json\/wp\/v2\/posts\/235717","targetHints":{"allow":["GET"]}}],"collection":[{"href":"https:\/\/welovecinema.be\/fr\/wp-json\/wp\/v2\/posts"}],"about":[{"href":"https:\/\/welovecinema.be\/fr\/wp-json\/wp\/v2\/types\/post"}],"author":[{"embeddable":true,"href":"https:\/\/welovecinema.be\/fr\/wp-json\/wp\/v2\/users\/343"}],"replies":[{"embeddable":true,"href":"https:\/\/welovecinema.be\/fr\/wp-json\/wp\/v2\/comments?post=235717"}],"version-history":[{"count":0,"href":"https:\/\/welovecinema.be\/fr\/wp-json\/wp\/v2\/posts\/235717\/revisions"}],"wp:featuredmedia":[{"embeddable":true,"href":"https:\/\/welovecinema.be\/fr\/wp-json\/wp\/v2\/media\/235719"}],"wp:attachment":[{"href":"https:\/\/welovecinema.be\/fr\/wp-json\/wp\/v2\/media?parent=235717"}],"wp:term":[{"taxonomy":"category","embeddable":true,"href":"https:\/\/welovecinema.be\/fr\/wp-json\/wp\/v2\/categories?post=235717"},{"taxonomy":"post_tag","embeddable":true,"href":"https:\/\/welovecinema.be\/fr\/wp-json\/wp\/v2\/tags?post=235717"}],"curies":[{"name":"wp","href":"https:\/\/api.w.org\/{rel}","templated":true}]}}