{"id":235494,"date":"2021-02-22T22:55:06","date_gmt":"2021-02-22T21:55:06","guid":{"rendered":"https:\/\/www.cinevox.be\/?p=235494"},"modified":"2021-02-24T12:41:23","modified_gmt":"2021-02-24T11:41:23","slug":"eve-duchemin-xavier-seron-et-lequipe-de-la-treve-bientot-en-tournage","status":"publish","type":"post","link":"https:\/\/welovecinema.be\/fr\/eve-duchemin-xavier-seron-et-lequipe-de-la-treve-bientot-en-tournage\/","title":{"rendered":"Eve Duchemin, Xavier Seron et l\u2019\u00e9quipe de \u00ab La Tr\u00eave \u00bb bient\u00f4t en tournage!"},"content":{"rendered":"<p><strong>screen.brussels et Wallimage, les fonds d\u2019investissement r\u00e9gionaux bruxellois et wallon, viennent d\u2019annoncer les r\u00e9sultats de leurs derni\u00e8res sessions d\u2019aide. Et l\u2019on apprend qu\u2019Eve Duchemin (r\u00e9alisatrice du doc prim\u00e9 aux Magritte\u00a0<em>En bataille<\/em>), Xavier Seron, et les auteurs de\u00a0<em>La Tr\u00eave<\/em>\u00a0reprennent bient\u00f4t le chemin des plateaux de tournage!<\/strong><\/p>\n<p>On attendait le premier long de fiction de la r\u00e9alisatrice bruxelloise Eve Duchemin, apr\u00e8s des courts (notamment\u00a0<em>Sac de noeud\u00a0<\/em>et<em>\u00a0L\u2019Age adulte<\/em>), et surtout, son documentaire\u00a0<em>En bataille, portrait d\u2019une directrice de prison<\/em>, prim\u00e9 aux Magritte en 2018. Ce documentaire est justement \u00e0 l\u2019origine de ce projet de fiction. Le pitch? La prison leur a accord\u00e9 une permission de sortie. Pour la premi\u00e8re fois depuis longtemps, trois d\u00e9tenus vont se retrouver dehors pour le weekend. 48h pour atterrir. 48h pour renouer avec leurs proches. 48h pour rattraper le temps perdu.<\/p>\n<figure id=\"attachment_196481\" aria-describedby=\"caption-attachment-196481\" style=\"width: 600px\" class=\"wp-caption alignnone\"><img loading=\"lazy\" decoding=\"async\" class=\"size-large wp-image-196481\" src=\"https:\/\/www.cinevox.be\/wp-content\/uploads\/sites\/2\/2017\/02\/AnnabellaNezriEveDucheminBis-LesMagritteducine\u0301ma2017-600x600.jpg\" alt=\"\" width=\"600\" height=\"600\" srcset=\"https:\/\/welovecinema.be\/wp-content\/uploads\/sites\/2\/2017\/02\/AnnabellaNezriEveDucheminBis-LesMagritteducine\u0301ma2017-600x600.jpg 600w, https:\/\/welovecinema.be\/wp-content\/uploads\/sites\/2\/2017\/02\/AnnabellaNezriEveDucheminBis-LesMagritteducine\u0301ma2017-270x270.jpg 270w, https:\/\/welovecinema.be\/wp-content\/uploads\/sites\/2\/2017\/02\/AnnabellaNezriEveDucheminBis-LesMagritteducine\u0301ma2017-768x768.jpg 768w, https:\/\/welovecinema.be\/wp-content\/uploads\/sites\/2\/2017\/02\/AnnabellaNezriEveDucheminBis-LesMagritteducine\u0301ma2017-100x100.jpg 100w, https:\/\/welovecinema.be\/wp-content\/uploads\/sites\/2\/2017\/02\/AnnabellaNezriEveDucheminBis-LesMagritteducine\u0301ma2017-87x87.jpg 87w, https:\/\/welovecinema.be\/wp-content\/uploads\/sites\/2\/2017\/02\/AnnabellaNezriEveDucheminBis-LesMagritteducine\u0301ma2017.jpg 1024w\" sizes=\"auto, (max-width: 600px) 100vw, 600px\" \/><figcaption id=\"caption-attachment-196481\" class=\"wp-caption-text\">Eve Duchemin et son Magritte, en compagnie de sa productrice Annabella Nezri<\/figcaption><\/figure>\n<p>Produit par Kwassa Films, avec le soutien de screen.brussels, le tournage d\u00e9butera mi-mars, essentiellement \u00e0 Bruxelles.<\/p>\n<p>On retrouvera \u00e9galement tr\u00e8s vite Xavier Seron. Depuis\u00a0<em>Je me tue \u00e0 le dire<\/em>, on attendait avec impatience son deuxi\u00e8me long m\u00e9trage. Si\u00a0<a href=\"https:\/\/www.cinevox.be\/fr\/jean-le-peltier-baptiste-sornin-et-youri-dirckx-font-sprotch-pour-xavier-seron\/\"><em>Spr\u00f6tch<\/em><\/a>, court m\u00e9trage produit dans le cadre de la Belge Collection, avec Jean Le Peltier, Baptiste Sornin et Youri Dirckx, a pu faire office de luxueux ap\u00e9ritif (disons, un kir royal), on attend pour bient\u00f4t le plat principal,\u00a0<em>Chienne de vie<\/em>, qui devrait l\u00e0 aussi se tourner bient\u00f4t.<\/p>\n<figure id=\"attachment_196499\" aria-describedby=\"caption-attachment-196499\" style=\"width: 618px\" class=\"wp-caption alignnone\"><img loading=\"lazy\" decoding=\"async\" class=\"size-large wp-image-196499\" src=\"https:\/\/www.cinevox.be\/wp-content\/uploads\/sites\/2\/2017\/02\/XavierSeron-LesMagritteducine\u0301ma2017-800x534.jpg\" alt=\"\" width=\"618\" height=\"413\" srcset=\"https:\/\/welovecinema.be\/wp-content\/uploads\/sites\/2\/2017\/02\/XavierSeron-LesMagritteducine\u0301ma2017-800x534.jpg 800w, https:\/\/welovecinema.be\/wp-content\/uploads\/sites\/2\/2017\/02\/XavierSeron-LesMagritteducine\u0301ma2017-405x270.jpg 405w, https:\/\/welovecinema.be\/wp-content\/uploads\/sites\/2\/2017\/02\/XavierSeron-LesMagritteducine\u0301ma2017-768x512.jpg 768w, https:\/\/welovecinema.be\/wp-content\/uploads\/sites\/2\/2017\/02\/XavierSeron-LesMagritteducine\u0301ma2017.jpg 1024w\" sizes=\"auto, (max-width: 618px) 100vw, 618px\" \/><figcaption id=\"caption-attachment-196499\" class=\"wp-caption-text\">Xavier Seron (lui aussi avec son Magritte)<\/figcaption><\/figure>\n<p>Mais de quoi \u00e7a parle?\u00a0<em>Chienne de vie<\/em>, ce sont trois histoires de chiens qui s\u2019entrem\u00ealent et d\u00e9peignent avec humour les \u00eatres humains, leurs doutes, leurs r\u00eaves, leur solitude et leur qu\u00eate d\u2019amour. Le cin\u00e9aste nous en parlait d\u2019ailleurs il y a quelques semaines dans l\u2019\u00e9pisode de notre podcast,<a href=\"https:\/\/www.cinevox.be\/fr\/podcast-les-rituels-de-xavier-seron\/\">\u00a0Les Rituels<\/a>, qui lui \u00e9t\u00e9 consacr\u00e9. Le film sera produit par H\u00e9licotronc, avec le soutien de screen.brussels, et enti\u00e8rement tourn\u00e9 \u00e0 Bruxelles.<\/p>\n<p>On retrouve d\u2019ailleurs H\u00e9licotronc \u00e0 la manoeuvre avec\u00a0<em>Des gens bien<\/em>, s\u00e9rie cr\u00e9\u00e9e par l\u2019\u00e9quipe artistique de\u00a0<em>La Tr\u00eave<\/em>, soit Matthieu Donck, Benjamin D\u2019Aoust et St\u00e9phane Bergmans. Cette nouvelle s\u00e9rie, c\u2019est l\u2019histoire de Tom et Laura Leroy, un couple de trentenaires endett\u00e9s, qui d\u00e9cide de monter une arnaque \u00e0 l\u2019assurance vie pour r\u00e9cup\u00e9rer l\u2019argent de la prime et recommencer leur vie au soleil. C\u2019est l\u2019histoire de Philippe, un flic qui aurait pu tout arr\u00eater mais qui meurt accidentellement. C\u2019est l\u2019histoire de Cathy, une courti\u00e8re en assurance qui se met \u00e0 enqu\u00eater contre vents et mar\u00e9es\u2026 C\u2019est l\u2019histoire d\u2019une petite communaut\u00e9 frontali\u00e8re, laiss\u00e9e de c\u00f4t\u00e9 par la modernit\u00e9, qui ne veut pas voir le mal qui la ronge. C\u2019est une histoire de dominos qui tombent et que rien n\u2019arr\u00eate. C\u2019est l\u2019histoire de gens bien qui ne voulaient faire de mal \u00e0 personne.<\/p>\n<p>Cette s\u00e9rie ambitieuse, con\u00e7ue pour conna\u00eetre trois saisons, est soutenue par le Fonds s\u00e9rie de la RTBF et de la FWB, bien s\u00fbr, mais est \u00e9galement coproduite par Arte, avec le soutien de Wallimage, et de screen.brussels.<\/p>\n<p>Pour tout savoir sur les 15 projets aid\u00e9s par screen.brussels, c\u2019est\u00a0<a href=\"https:\/\/screen.brussels\/fr\/fund\/actualite\/session-15\">ici<\/a>.<\/p>\n<p>Pour tout savoir sur les 8 projets aid\u00e9es par Wallimage, c\u2019est\u00a0<a href=\"https:\/\/wallimage.be\/fr\/news\/1572\">ici<\/a>.<\/p>\n","protected":false},"excerpt":{"rendered":"<p>screen.brussels et Wallimage, les fonds d\u2019investissement r\u00e9gionaux bruxellois et wallon, viennent d\u2019annoncer les r\u00e9sultats de leurs derni\u00e8res sessions d\u2019aide. Et l\u2019on apprend qu\u2019Eve Duchemin (r\u00e9alisatrice du doc prim\u00e9 aux Magritte\u00a0En bataille), Xavier Seron, et les auteurs de\u00a0La Tr\u00eave\u00a0reprennent bient\u00f4t le chemin des plateaux de tournage! On attendait le premier long de fiction de la r\u00e9alisatrice &hellip;<\/p>\n","protected":false},"author":343,"featured_media":235497,"comment_status":"closed","ping_status":"closed","sticky":false,"template":"","format":"standard","meta":{"ngg_post_thumbnail":0,"footnotes":""},"categories":[53],"tags":[5889,4187],"class_list":["post-235494","post","type-post","status-publish","format-standard","has-post-thumbnail","","category-coming-soon","tag-des-gens-bien","tag-newsletter-fr"],"yoast_head":"<!-- This site is optimized with the Yoast SEO plugin v20.4 - https:\/\/yoast.com\/wordpress\/plugins\/seo\/ -->\n<title>Eve Duchemin, Xavier Seron et l\u2019\u00e9quipe de \u00ab La Tr\u00eave \u00bb bient\u00f4t en tournage! - We Love Cinema<\/title>\n<meta name=\"robots\" content=\"index, follow, max-snippet:-1, max-image-preview:large, max-video-preview:-1\" \/>\n<link rel=\"canonical\" href=\"https:\/\/welovecinema.be\/fr\/eve-duchemin-xavier-seron-et-lequipe-de-la-treve-bientot-en-tournage\/\" \/>\n<meta property=\"og:locale\" content=\"fr_FR\" \/>\n<meta property=\"og:type\" content=\"article\" \/>\n<meta property=\"og:title\" content=\"Eve Duchemin, Xavier Seron et l\u2019\u00e9quipe de \u00ab La Tr\u00eave \u00bb bient\u00f4t en tournage! - We Love Cinema\" \/>\n<meta property=\"og:description\" content=\"screen.brussels et Wallimage, les fonds d\u2019investissement r\u00e9gionaux bruxellois et wallon, viennent d\u2019annoncer les r\u00e9sultats de leurs derni\u00e8res sessions d\u2019aide. Et l\u2019on apprend qu\u2019Eve Duchemin (r\u00e9alisatrice du doc prim\u00e9 aux Magritte\u00a0En bataille), Xavier Seron, et les auteurs de\u00a0La Tr\u00eave\u00a0reprennent bient\u00f4t le chemin des plateaux de tournage! On attendait le premier long de fiction de la r\u00e9alisatrice &hellip;\" \/>\n<meta property=\"og:url\" content=\"https:\/\/welovecinema.be\/fr\/eve-duchemin-xavier-seron-et-lequipe-de-la-treve-bientot-en-tournage\/\" \/>\n<meta property=\"og:site_name\" content=\"We Love Cinema\" \/>\n<meta property=\"article:publisher\" content=\"https:\/\/www.facebook.com\/welovecinema.be\" \/>\n<meta property=\"article:published_time\" content=\"2021-02-22T21:55:06+00:00\" \/>\n<meta property=\"article:modified_time\" content=\"2021-02-24T11:41:23+00:00\" \/>\n<meta property=\"og:image\" content=\"https:\/\/welovecinema.be\/wp-content\/uploads\/sites\/2\/2021\/02\/IMG_3568-1-scaled.jpeg\" \/>\n\t<meta property=\"og:image:width\" content=\"2560\" \/>\n\t<meta property=\"og:image:height\" content=\"1920\" \/>\n\t<meta property=\"og:image:type\" content=\"image\/jpeg\" \/>\n<meta name=\"author\" content=\"Aurore Engelen\" \/>\n<meta name=\"twitter:card\" content=\"summary_large_image\" \/>\n<meta name=\"twitter:label1\" content=\"\u00c9crit par\" \/>\n\t<meta name=\"twitter:data1\" content=\"Aurore Engelen\" \/>\n\t<meta name=\"twitter:label2\" content=\"Dur\u00e9e de lecture estim\u00e9e\" \/>\n\t<meta name=\"twitter:data2\" content=\"3 minutes\" \/>\n<script type=\"application\/ld+json\" class=\"yoast-schema-graph\">{\"@context\":\"https:\/\/schema.org\",\"@graph\":[{\"@type\":\"Article\",\"@id\":\"https:\/\/welovecinema.be\/fr\/eve-duchemin-xavier-seron-et-lequipe-de-la-treve-bientot-en-tournage\/#article\",\"isPartOf\":{\"@id\":\"https:\/\/welovecinema.be\/fr\/eve-duchemin-xavier-seron-et-lequipe-de-la-treve-bientot-en-tournage\/\"},\"author\":{\"name\":\"Aurore Engelen\",\"@id\":\"https:\/\/welovecinema.be\/nl\/#\/schema\/person\/8084b68c6b176142d073695c654dc7cf\"},\"headline\":\"Eve Duchemin, Xavier Seron et l\u2019\u00e9quipe de \u00ab La Tr\u00eave \u00bb bient\u00f4t en tournage!\",\"datePublished\":\"2021-02-22T21:55:06+00:00\",\"dateModified\":\"2021-02-24T11:41:23+00:00\",\"mainEntityOfPage\":{\"@id\":\"https:\/\/welovecinema.be\/fr\/eve-duchemin-xavier-seron-et-lequipe-de-la-treve-bientot-en-tournage\/\"},\"wordCount\":624,\"publisher\":{\"@id\":\"https:\/\/welovecinema.be\/nl\/#organization\"},\"keywords\":[\"Des gens bien\",\"newsletter\"],\"articleSection\":[\"Coming soon\"],\"inLanguage\":\"fr-FR\"},{\"@type\":\"WebPage\",\"@id\":\"https:\/\/welovecinema.be\/fr\/eve-duchemin-xavier-seron-et-lequipe-de-la-treve-bientot-en-tournage\/\",\"url\":\"https:\/\/welovecinema.be\/fr\/eve-duchemin-xavier-seron-et-lequipe-de-la-treve-bientot-en-tournage\/\",\"name\":\"Eve Duchemin, Xavier Seron et l\u2019\u00e9quipe de \u00ab La Tr\u00eave \u00bb bient\u00f4t en tournage! - We Love Cinema\",\"isPartOf\":{\"@id\":\"https:\/\/welovecinema.be\/nl\/#website\"},\"datePublished\":\"2021-02-22T21:55:06+00:00\",\"dateModified\":\"2021-02-24T11:41:23+00:00\",\"breadcrumb\":{\"@id\":\"https:\/\/welovecinema.be\/fr\/eve-duchemin-xavier-seron-et-lequipe-de-la-treve-bientot-en-tournage\/#breadcrumb\"},\"inLanguage\":\"fr-FR\",\"potentialAction\":[{\"@type\":\"ReadAction\",\"target\":[\"https:\/\/welovecinema.be\/fr\/eve-duchemin-xavier-seron-et-lequipe-de-la-treve-bientot-en-tournage\/\"]}]},{\"@type\":\"BreadcrumbList\",\"@id\":\"https:\/\/welovecinema.be\/fr\/eve-duchemin-xavier-seron-et-lequipe-de-la-treve-bientot-en-tournage\/#breadcrumb\",\"itemListElement\":[{\"@type\":\"ListItem\",\"position\":1,\"name\":\"Accueil\",\"item\":\"https:\/\/welovecinema.be\/fr\/\"},{\"@type\":\"ListItem\",\"position\":2,\"name\":\"Eve Duchemin, Xavier Seron et l\u2019\u00e9quipe de \u00ab La Tr\u00eave \u00bb bient\u00f4t en tournage!\"}]},{\"@type\":\"WebSite\",\"@id\":\"https:\/\/welovecinema.be\/nl\/#website\",\"url\":\"https:\/\/welovecinema.be\/nl\/\",\"name\":\"We Love Cinema\",\"description\":\"Toute l\u2019information du cin\u00e9ma en Belgique\",\"publisher\":{\"@id\":\"https:\/\/welovecinema.be\/nl\/#organization\"},\"potentialAction\":[{\"@type\":\"SearchAction\",\"target\":{\"@type\":\"EntryPoint\",\"urlTemplate\":\"https:\/\/welovecinema.be\/nl\/?s={search_term_string}\"},\"query-input\":\"required name=search_term_string\"}],\"inLanguage\":\"fr-FR\"},{\"@type\":\"Organization\",\"@id\":\"https:\/\/welovecinema.be\/nl\/#organization\",\"name\":\"We Love Cinema\",\"url\":\"https:\/\/welovecinema.be\/nl\/\",\"logo\":{\"@type\":\"ImageObject\",\"inLanguage\":\"fr-FR\",\"@id\":\"https:\/\/welovecinema.be\/nl\/#\/schema\/logo\/image\/\",\"url\":\"https:\/\/welovecinema.be\/wp-content\/uploads\/sites\/2\/2023\/03\/Logo-We-Love-Cinema305x128.jpg\",\"contentUrl\":\"https:\/\/welovecinema.be\/wp-content\/uploads\/sites\/2\/2023\/03\/Logo-We-Love-Cinema305x128.jpg\",\"width\":305,\"height\":128,\"caption\":\"We Love Cinema\"},\"image\":{\"@id\":\"https:\/\/welovecinema.be\/nl\/#\/schema\/logo\/image\/\"},\"sameAs\":[\"https:\/\/www.facebook.com\/welovecinema.be\",\"https:\/\/www.youtube.com\/channel\/UCX5LYGVhnKvYauW4Nta4HJA\",\"https:\/\/www.instagram.com\/welovecinema.be\/\"]},{\"@type\":\"Person\",\"@id\":\"https:\/\/welovecinema.be\/nl\/#\/schema\/person\/8084b68c6b176142d073695c654dc7cf\",\"name\":\"Aurore Engelen\",\"url\":\"https:\/\/welovecinema.be\/fr\/author\/aurore-engelen\/\"}]}<\/script>\n<!-- \/ Yoast SEO plugin. -->","yoast_head_json":{"title":"Eve Duchemin, Xavier Seron et l\u2019\u00e9quipe de \u00ab La Tr\u00eave \u00bb bient\u00f4t en tournage! - We Love Cinema","robots":{"index":"index","follow":"follow","max-snippet":"max-snippet:-1","max-image-preview":"max-image-preview:large","max-video-preview":"max-video-preview:-1"},"canonical":"https:\/\/welovecinema.be\/fr\/eve-duchemin-xavier-seron-et-lequipe-de-la-treve-bientot-en-tournage\/","og_locale":"fr_FR","og_type":"article","og_title":"Eve Duchemin, Xavier Seron et l\u2019\u00e9quipe de \u00ab La Tr\u00eave \u00bb bient\u00f4t en tournage! - We Love Cinema","og_description":"screen.brussels et Wallimage, les fonds d\u2019investissement r\u00e9gionaux bruxellois et wallon, viennent d\u2019annoncer les r\u00e9sultats de leurs derni\u00e8res sessions d\u2019aide. Et l\u2019on apprend qu\u2019Eve Duchemin (r\u00e9alisatrice du doc prim\u00e9 aux Magritte\u00a0En bataille), Xavier Seron, et les auteurs de\u00a0La Tr\u00eave\u00a0reprennent bient\u00f4t le chemin des plateaux de tournage! On attendait le premier long de fiction de la r\u00e9alisatrice &hellip;","og_url":"https:\/\/welovecinema.be\/fr\/eve-duchemin-xavier-seron-et-lequipe-de-la-treve-bientot-en-tournage\/","og_site_name":"We Love Cinema","article_publisher":"https:\/\/www.facebook.com\/welovecinema.be","article_published_time":"2021-02-22T21:55:06+00:00","article_modified_time":"2021-02-24T11:41:23+00:00","og_image":[{"width":2560,"height":1920,"url":"https:\/\/welovecinema.be\/wp-content\/uploads\/sites\/2\/2021\/02\/IMG_3568-1-scaled.jpeg","type":"image\/jpeg"}],"author":"Aurore Engelen","twitter_card":"summary_large_image","twitter_misc":{"\u00c9crit par":"Aurore Engelen","Dur\u00e9e de lecture estim\u00e9e":"3 minutes"},"schema":{"@context":"https:\/\/schema.org","@graph":[{"@type":"Article","@id":"https:\/\/welovecinema.be\/fr\/eve-duchemin-xavier-seron-et-lequipe-de-la-treve-bientot-en-tournage\/#article","isPartOf":{"@id":"https:\/\/welovecinema.be\/fr\/eve-duchemin-xavier-seron-et-lequipe-de-la-treve-bientot-en-tournage\/"},"author":{"name":"Aurore Engelen","@id":"https:\/\/welovecinema.be\/nl\/#\/schema\/person\/8084b68c6b176142d073695c654dc7cf"},"headline":"Eve Duchemin, Xavier Seron et l\u2019\u00e9quipe de \u00ab La Tr\u00eave \u00bb bient\u00f4t en tournage!","datePublished":"2021-02-22T21:55:06+00:00","dateModified":"2021-02-24T11:41:23+00:00","mainEntityOfPage":{"@id":"https:\/\/welovecinema.be\/fr\/eve-duchemin-xavier-seron-et-lequipe-de-la-treve-bientot-en-tournage\/"},"wordCount":624,"publisher":{"@id":"https:\/\/welovecinema.be\/nl\/#organization"},"keywords":["Des gens bien","newsletter"],"articleSection":["Coming soon"],"inLanguage":"fr-FR"},{"@type":"WebPage","@id":"https:\/\/welovecinema.be\/fr\/eve-duchemin-xavier-seron-et-lequipe-de-la-treve-bientot-en-tournage\/","url":"https:\/\/welovecinema.be\/fr\/eve-duchemin-xavier-seron-et-lequipe-de-la-treve-bientot-en-tournage\/","name":"Eve Duchemin, Xavier Seron et l\u2019\u00e9quipe de \u00ab La Tr\u00eave \u00bb bient\u00f4t en tournage! - We Love Cinema","isPartOf":{"@id":"https:\/\/welovecinema.be\/nl\/#website"},"datePublished":"2021-02-22T21:55:06+00:00","dateModified":"2021-02-24T11:41:23+00:00","breadcrumb":{"@id":"https:\/\/welovecinema.be\/fr\/eve-duchemin-xavier-seron-et-lequipe-de-la-treve-bientot-en-tournage\/#breadcrumb"},"inLanguage":"fr-FR","potentialAction":[{"@type":"ReadAction","target":["https:\/\/welovecinema.be\/fr\/eve-duchemin-xavier-seron-et-lequipe-de-la-treve-bientot-en-tournage\/"]}]},{"@type":"BreadcrumbList","@id":"https:\/\/welovecinema.be\/fr\/eve-duchemin-xavier-seron-et-lequipe-de-la-treve-bientot-en-tournage\/#breadcrumb","itemListElement":[{"@type":"ListItem","position":1,"name":"Accueil","item":"https:\/\/welovecinema.be\/fr\/"},{"@type":"ListItem","position":2,"name":"Eve Duchemin, Xavier Seron et l\u2019\u00e9quipe de \u00ab La Tr\u00eave \u00bb bient\u00f4t en tournage!"}]},{"@type":"WebSite","@id":"https:\/\/welovecinema.be\/nl\/#website","url":"https:\/\/welovecinema.be\/nl\/","name":"We Love Cinema","description":"Toute l\u2019information du cin\u00e9ma en Belgique","publisher":{"@id":"https:\/\/welovecinema.be\/nl\/#organization"},"potentialAction":[{"@type":"SearchAction","target":{"@type":"EntryPoint","urlTemplate":"https:\/\/welovecinema.be\/nl\/?s={search_term_string}"},"query-input":"required name=search_term_string"}],"inLanguage":"fr-FR"},{"@type":"Organization","@id":"https:\/\/welovecinema.be\/nl\/#organization","name":"We Love Cinema","url":"https:\/\/welovecinema.be\/nl\/","logo":{"@type":"ImageObject","inLanguage":"fr-FR","@id":"https:\/\/welovecinema.be\/nl\/#\/schema\/logo\/image\/","url":"https:\/\/welovecinema.be\/wp-content\/uploads\/sites\/2\/2023\/03\/Logo-We-Love-Cinema305x128.jpg","contentUrl":"https:\/\/welovecinema.be\/wp-content\/uploads\/sites\/2\/2023\/03\/Logo-We-Love-Cinema305x128.jpg","width":305,"height":128,"caption":"We Love Cinema"},"image":{"@id":"https:\/\/welovecinema.be\/nl\/#\/schema\/logo\/image\/"},"sameAs":["https:\/\/www.facebook.com\/welovecinema.be","https:\/\/www.youtube.com\/channel\/UCX5LYGVhnKvYauW4Nta4HJA","https:\/\/www.instagram.com\/welovecinema.be\/"]},{"@type":"Person","@id":"https:\/\/welovecinema.be\/nl\/#\/schema\/person\/8084b68c6b176142d073695c654dc7cf","name":"Aurore Engelen","url":"https:\/\/welovecinema.be\/fr\/author\/aurore-engelen\/"}]}},"_links":{"self":[{"href":"https:\/\/welovecinema.be\/fr\/wp-json\/wp\/v2\/posts\/235494","targetHints":{"allow":["GET"]}}],"collection":[{"href":"https:\/\/welovecinema.be\/fr\/wp-json\/wp\/v2\/posts"}],"about":[{"href":"https:\/\/welovecinema.be\/fr\/wp-json\/wp\/v2\/types\/post"}],"author":[{"embeddable":true,"href":"https:\/\/welovecinema.be\/fr\/wp-json\/wp\/v2\/users\/343"}],"replies":[{"embeddable":true,"href":"https:\/\/welovecinema.be\/fr\/wp-json\/wp\/v2\/comments?post=235494"}],"version-history":[{"count":0,"href":"https:\/\/welovecinema.be\/fr\/wp-json\/wp\/v2\/posts\/235494\/revisions"}],"wp:featuredmedia":[{"embeddable":true,"href":"https:\/\/welovecinema.be\/fr\/wp-json\/wp\/v2\/media\/235497"}],"wp:attachment":[{"href":"https:\/\/welovecinema.be\/fr\/wp-json\/wp\/v2\/media?parent=235494"}],"wp:term":[{"taxonomy":"category","embeddable":true,"href":"https:\/\/welovecinema.be\/fr\/wp-json\/wp\/v2\/categories?post=235494"},{"taxonomy":"post_tag","embeddable":true,"href":"https:\/\/welovecinema.be\/fr\/wp-json\/wp\/v2\/tags?post=235494"}],"curies":[{"name":"wp","href":"https:\/\/api.w.org\/{rel}","templated":true}]}}