{"id":235383,"date":"2021-02-18T09:40:04","date_gmt":"2021-02-18T08:40:04","guid":{"rendered":"https:\/\/www.cinevox.be\/?p=235383"},"modified":"2021-02-19T07:48:48","modified_gmt":"2021-02-19T06:48:48","slug":"disparition-du-producteur-bernard-de-dessus-les-moustier","status":"publish","type":"post","link":"https:\/\/welovecinema.be\/fr\/disparition-du-producteur-bernard-de-dessus-les-moustier\/","title":{"rendered":"Disparition du producteur Bernard De Dessus Les Moustier"},"content":{"rendered":"<p style=\"text-align: left;\"><strong>On a appris hier la disparition du producteur belge Bernard De Dessus Les Moustier. Nos pens\u00e9es vont \u00e0 sa famille et \u00e0 ses proches.<\/strong><\/p>\n<p>Cette disparition est un choc pour la profession audiovisuelle belge, qui perd ainsi un producteur reconnu pour sa bienveillance et son enthousiasme, appr\u00e9ci\u00e9 de tous et toutes.<\/p>\n<p>Depuis pr\u00e8s de 20 ans, il oeuvrait au sein de la soci\u00e9t\u00e9 Novak Prod, avec laquelle il avait notamment accompagn\u00e9 les premiers longs m\u00e9trages de Xavier Seron, <em>Je me tue \u00e0 le dire <\/em>(Magritte du Meilleur sc\u00e9nario et Magritte du Meilleur acteur), et de Jo\u00ebl Franka, <em>Une chanson pour ma m\u00e8re<\/em> (Magritte du Meilleur premier film) et enseignait \u00e0 l&rsquo;IAD. Il \u00e9tait \u00e9galement un directeur de production tr\u00e8s r\u00e9put\u00e9, et avait r\u00e9cemment particip\u00e9 \u00e0 des tournages comme ceux de <em>Jumbo<\/em> de Zo\u00e9 Wittock ou<em> Space Boy<\/em> d\u2019Olivier Pairoux.<\/p>\n<p>Xavier Seron, Joachim Lafosse, Jo\u00ebl Franka, Bouli Lanners, Martine Doyen, le Centre du Cin\u00e9ma, Wallimage, screen.brussels, l&rsquo;Union des Producteurs de Films Francophones saluent ce producteur qui aura marqu\u00e9 d&rsquo;une profonde empreinte toustes les professionnel\u00b7les et les \u00e9tudiant\u00b7es qui auront eu le privil\u00e8ge de croiser sa route.<\/p>\n<p>&nbsp;<\/p>\n","protected":false},"excerpt":{"rendered":"<p>On a appris hier la disparition du producteur belge Bernard De Dessus Les Moustier. Nos pens\u00e9es vont \u00e0 sa famille et \u00e0 ses proches. Cette disparition est un choc pour la profession audiovisuelle belge, qui perd ainsi un producteur reconnu pour sa bienveillance et son enthousiasme, appr\u00e9ci\u00e9 de tous et toutes. Depuis pr\u00e8s de 20 &hellip;<\/p>\n","protected":false},"author":343,"featured_media":235386,"comment_status":"closed","ping_status":"closed","sticky":false,"template":"","format":"standard","meta":{"ngg_post_thumbnail":0,"footnotes":""},"categories":[1923],"tags":[5861,4187],"class_list":["post-235383","post","type-post","status-publish","format-standard","has-post-thumbnail","","category-en-bref","tag-bernard-de-dessus-les-moustier","tag-newsletter-fr"],"yoast_head":"<!-- This site is optimized with the Yoast SEO plugin v20.4 - https:\/\/yoast.com\/wordpress\/plugins\/seo\/ -->\n<title>Disparition du producteur Bernard De Dessus Les Moustier - We Love Cinema<\/title>\n<meta name=\"robots\" content=\"index, follow, max-snippet:-1, max-image-preview:large, max-video-preview:-1\" \/>\n<link rel=\"canonical\" href=\"https:\/\/welovecinema.be\/fr\/disparition-du-producteur-bernard-de-dessus-les-moustier\/\" \/>\n<meta property=\"og:locale\" content=\"fr_FR\" \/>\n<meta property=\"og:type\" content=\"article\" \/>\n<meta property=\"og:title\" content=\"Disparition du producteur Bernard De Dessus Les Moustier - We Love Cinema\" \/>\n<meta property=\"og:description\" content=\"On a appris hier la disparition du producteur belge Bernard De Dessus Les Moustier. Nos pens\u00e9es vont \u00e0 sa famille et \u00e0 ses proches. Cette disparition est un choc pour la profession audiovisuelle belge, qui perd ainsi un producteur reconnu pour sa bienveillance et son enthousiasme, appr\u00e9ci\u00e9 de tous et toutes. Depuis pr\u00e8s de 20 &hellip;\" \/>\n<meta property=\"og:url\" content=\"https:\/\/welovecinema.be\/fr\/disparition-du-producteur-bernard-de-dessus-les-moustier\/\" \/>\n<meta property=\"og:site_name\" content=\"We Love Cinema\" \/>\n<meta property=\"article:publisher\" content=\"https:\/\/www.facebook.com\/welovecinema.be\" \/>\n<meta property=\"article:published_time\" content=\"2021-02-18T08:40:04+00:00\" \/>\n<meta property=\"article:modified_time\" content=\"2021-02-19T06:48:48+00:00\" \/>\n<meta property=\"og:image\" content=\"https:\/\/welovecinema.be\/wp-content\/uploads\/sites\/2\/2021\/02\/Bernard.jpg\" \/>\n\t<meta property=\"og:image:width\" content=\"1450\" \/>\n\t<meta property=\"og:image:height\" content=\"725\" \/>\n\t<meta property=\"og:image:type\" content=\"image\/jpeg\" \/>\n<meta name=\"author\" content=\"Aurore Engelen\" \/>\n<meta name=\"twitter:card\" content=\"summary_large_image\" \/>\n<meta name=\"twitter:label1\" content=\"\u00c9crit par\" \/>\n\t<meta name=\"twitter:data1\" content=\"Aurore Engelen\" \/>\n\t<meta name=\"twitter:label2\" content=\"Dur\u00e9e de lecture estim\u00e9e\" \/>\n\t<meta name=\"twitter:data2\" content=\"1 minute\" \/>\n<script type=\"application\/ld+json\" class=\"yoast-schema-graph\">{\"@context\":\"https:\/\/schema.org\",\"@graph\":[{\"@type\":\"Article\",\"@id\":\"https:\/\/welovecinema.be\/fr\/disparition-du-producteur-bernard-de-dessus-les-moustier\/#article\",\"isPartOf\":{\"@id\":\"https:\/\/welovecinema.be\/fr\/disparition-du-producteur-bernard-de-dessus-les-moustier\/\"},\"author\":{\"name\":\"Aurore Engelen\",\"@id\":\"https:\/\/welovecinema.be\/nl\/#\/schema\/person\/8084b68c6b176142d073695c654dc7cf\"},\"headline\":\"Disparition du producteur Bernard De Dessus Les Moustier\",\"datePublished\":\"2021-02-18T08:40:04+00:00\",\"dateModified\":\"2021-02-19T06:48:48+00:00\",\"mainEntityOfPage\":{\"@id\":\"https:\/\/welovecinema.be\/fr\/disparition-du-producteur-bernard-de-dessus-les-moustier\/\"},\"wordCount\":209,\"publisher\":{\"@id\":\"https:\/\/welovecinema.be\/nl\/#organization\"},\"keywords\":[\"Bernard de dessus les moustier\",\"newsletter\"],\"articleSection\":[\"En bref\"],\"inLanguage\":\"fr-FR\"},{\"@type\":\"WebPage\",\"@id\":\"https:\/\/welovecinema.be\/fr\/disparition-du-producteur-bernard-de-dessus-les-moustier\/\",\"url\":\"https:\/\/welovecinema.be\/fr\/disparition-du-producteur-bernard-de-dessus-les-moustier\/\",\"name\":\"Disparition du producteur Bernard De Dessus Les Moustier - We Love Cinema\",\"isPartOf\":{\"@id\":\"https:\/\/welovecinema.be\/nl\/#website\"},\"datePublished\":\"2021-02-18T08:40:04+00:00\",\"dateModified\":\"2021-02-19T06:48:48+00:00\",\"breadcrumb\":{\"@id\":\"https:\/\/welovecinema.be\/fr\/disparition-du-producteur-bernard-de-dessus-les-moustier\/#breadcrumb\"},\"inLanguage\":\"fr-FR\",\"potentialAction\":[{\"@type\":\"ReadAction\",\"target\":[\"https:\/\/welovecinema.be\/fr\/disparition-du-producteur-bernard-de-dessus-les-moustier\/\"]}]},{\"@type\":\"BreadcrumbList\",\"@id\":\"https:\/\/welovecinema.be\/fr\/disparition-du-producteur-bernard-de-dessus-les-moustier\/#breadcrumb\",\"itemListElement\":[{\"@type\":\"ListItem\",\"position\":1,\"name\":\"Accueil\",\"item\":\"https:\/\/welovecinema.be\/fr\/\"},{\"@type\":\"ListItem\",\"position\":2,\"name\":\"Disparition du producteur Bernard De Dessus Les Moustier\"}]},{\"@type\":\"WebSite\",\"@id\":\"https:\/\/welovecinema.be\/nl\/#website\",\"url\":\"https:\/\/welovecinema.be\/nl\/\",\"name\":\"We Love Cinema\",\"description\":\"Toute l\u2019information du cin\u00e9ma en Belgique\",\"publisher\":{\"@id\":\"https:\/\/welovecinema.be\/nl\/#organization\"},\"potentialAction\":[{\"@type\":\"SearchAction\",\"target\":{\"@type\":\"EntryPoint\",\"urlTemplate\":\"https:\/\/welovecinema.be\/nl\/?s={search_term_string}\"},\"query-input\":\"required name=search_term_string\"}],\"inLanguage\":\"fr-FR\"},{\"@type\":\"Organization\",\"@id\":\"https:\/\/welovecinema.be\/nl\/#organization\",\"name\":\"We Love Cinema\",\"url\":\"https:\/\/welovecinema.be\/nl\/\",\"logo\":{\"@type\":\"ImageObject\",\"inLanguage\":\"fr-FR\",\"@id\":\"https:\/\/welovecinema.be\/nl\/#\/schema\/logo\/image\/\",\"url\":\"https:\/\/welovecinema.be\/wp-content\/uploads\/sites\/2\/2023\/03\/Logo-We-Love-Cinema305x128.jpg\",\"contentUrl\":\"https:\/\/welovecinema.be\/wp-content\/uploads\/sites\/2\/2023\/03\/Logo-We-Love-Cinema305x128.jpg\",\"width\":305,\"height\":128,\"caption\":\"We Love Cinema\"},\"image\":{\"@id\":\"https:\/\/welovecinema.be\/nl\/#\/schema\/logo\/image\/\"},\"sameAs\":[\"https:\/\/www.facebook.com\/welovecinema.be\",\"https:\/\/www.youtube.com\/channel\/UCX5LYGVhnKvYauW4Nta4HJA\",\"https:\/\/www.instagram.com\/welovecinema.be\/\"]},{\"@type\":\"Person\",\"@id\":\"https:\/\/welovecinema.be\/nl\/#\/schema\/person\/8084b68c6b176142d073695c654dc7cf\",\"name\":\"Aurore Engelen\",\"url\":\"https:\/\/welovecinema.be\/fr\/author\/aurore-engelen\/\"}]}<\/script>\n<!-- \/ Yoast SEO plugin. -->","yoast_head_json":{"title":"Disparition du producteur Bernard De Dessus Les Moustier - We Love Cinema","robots":{"index":"index","follow":"follow","max-snippet":"max-snippet:-1","max-image-preview":"max-image-preview:large","max-video-preview":"max-video-preview:-1"},"canonical":"https:\/\/welovecinema.be\/fr\/disparition-du-producteur-bernard-de-dessus-les-moustier\/","og_locale":"fr_FR","og_type":"article","og_title":"Disparition du producteur Bernard De Dessus Les Moustier - We Love Cinema","og_description":"On a appris hier la disparition du producteur belge Bernard De Dessus Les Moustier. Nos pens\u00e9es vont \u00e0 sa famille et \u00e0 ses proches. Cette disparition est un choc pour la profession audiovisuelle belge, qui perd ainsi un producteur reconnu pour sa bienveillance et son enthousiasme, appr\u00e9ci\u00e9 de tous et toutes. Depuis pr\u00e8s de 20 &hellip;","og_url":"https:\/\/welovecinema.be\/fr\/disparition-du-producteur-bernard-de-dessus-les-moustier\/","og_site_name":"We Love Cinema","article_publisher":"https:\/\/www.facebook.com\/welovecinema.be","article_published_time":"2021-02-18T08:40:04+00:00","article_modified_time":"2021-02-19T06:48:48+00:00","og_image":[{"width":1450,"height":725,"url":"https:\/\/welovecinema.be\/wp-content\/uploads\/sites\/2\/2021\/02\/Bernard.jpg","type":"image\/jpeg"}],"author":"Aurore Engelen","twitter_card":"summary_large_image","twitter_misc":{"\u00c9crit par":"Aurore Engelen","Dur\u00e9e de lecture estim\u00e9e":"1 minute"},"schema":{"@context":"https:\/\/schema.org","@graph":[{"@type":"Article","@id":"https:\/\/welovecinema.be\/fr\/disparition-du-producteur-bernard-de-dessus-les-moustier\/#article","isPartOf":{"@id":"https:\/\/welovecinema.be\/fr\/disparition-du-producteur-bernard-de-dessus-les-moustier\/"},"author":{"name":"Aurore Engelen","@id":"https:\/\/welovecinema.be\/nl\/#\/schema\/person\/8084b68c6b176142d073695c654dc7cf"},"headline":"Disparition du producteur Bernard De Dessus Les Moustier","datePublished":"2021-02-18T08:40:04+00:00","dateModified":"2021-02-19T06:48:48+00:00","mainEntityOfPage":{"@id":"https:\/\/welovecinema.be\/fr\/disparition-du-producteur-bernard-de-dessus-les-moustier\/"},"wordCount":209,"publisher":{"@id":"https:\/\/welovecinema.be\/nl\/#organization"},"keywords":["Bernard de dessus les moustier","newsletter"],"articleSection":["En bref"],"inLanguage":"fr-FR"},{"@type":"WebPage","@id":"https:\/\/welovecinema.be\/fr\/disparition-du-producteur-bernard-de-dessus-les-moustier\/","url":"https:\/\/welovecinema.be\/fr\/disparition-du-producteur-bernard-de-dessus-les-moustier\/","name":"Disparition du producteur Bernard De Dessus Les Moustier - We Love Cinema","isPartOf":{"@id":"https:\/\/welovecinema.be\/nl\/#website"},"datePublished":"2021-02-18T08:40:04+00:00","dateModified":"2021-02-19T06:48:48+00:00","breadcrumb":{"@id":"https:\/\/welovecinema.be\/fr\/disparition-du-producteur-bernard-de-dessus-les-moustier\/#breadcrumb"},"inLanguage":"fr-FR","potentialAction":[{"@type":"ReadAction","target":["https:\/\/welovecinema.be\/fr\/disparition-du-producteur-bernard-de-dessus-les-moustier\/"]}]},{"@type":"BreadcrumbList","@id":"https:\/\/welovecinema.be\/fr\/disparition-du-producteur-bernard-de-dessus-les-moustier\/#breadcrumb","itemListElement":[{"@type":"ListItem","position":1,"name":"Accueil","item":"https:\/\/welovecinema.be\/fr\/"},{"@type":"ListItem","position":2,"name":"Disparition du producteur Bernard De Dessus Les Moustier"}]},{"@type":"WebSite","@id":"https:\/\/welovecinema.be\/nl\/#website","url":"https:\/\/welovecinema.be\/nl\/","name":"We Love Cinema","description":"Toute l\u2019information du cin\u00e9ma en Belgique","publisher":{"@id":"https:\/\/welovecinema.be\/nl\/#organization"},"potentialAction":[{"@type":"SearchAction","target":{"@type":"EntryPoint","urlTemplate":"https:\/\/welovecinema.be\/nl\/?s={search_term_string}"},"query-input":"required name=search_term_string"}],"inLanguage":"fr-FR"},{"@type":"Organization","@id":"https:\/\/welovecinema.be\/nl\/#organization","name":"We Love Cinema","url":"https:\/\/welovecinema.be\/nl\/","logo":{"@type":"ImageObject","inLanguage":"fr-FR","@id":"https:\/\/welovecinema.be\/nl\/#\/schema\/logo\/image\/","url":"https:\/\/welovecinema.be\/wp-content\/uploads\/sites\/2\/2023\/03\/Logo-We-Love-Cinema305x128.jpg","contentUrl":"https:\/\/welovecinema.be\/wp-content\/uploads\/sites\/2\/2023\/03\/Logo-We-Love-Cinema305x128.jpg","width":305,"height":128,"caption":"We Love Cinema"},"image":{"@id":"https:\/\/welovecinema.be\/nl\/#\/schema\/logo\/image\/"},"sameAs":["https:\/\/www.facebook.com\/welovecinema.be","https:\/\/www.youtube.com\/channel\/UCX5LYGVhnKvYauW4Nta4HJA","https:\/\/www.instagram.com\/welovecinema.be\/"]},{"@type":"Person","@id":"https:\/\/welovecinema.be\/nl\/#\/schema\/person\/8084b68c6b176142d073695c654dc7cf","name":"Aurore Engelen","url":"https:\/\/welovecinema.be\/fr\/author\/aurore-engelen\/"}]}},"_links":{"self":[{"href":"https:\/\/welovecinema.be\/fr\/wp-json\/wp\/v2\/posts\/235383","targetHints":{"allow":["GET"]}}],"collection":[{"href":"https:\/\/welovecinema.be\/fr\/wp-json\/wp\/v2\/posts"}],"about":[{"href":"https:\/\/welovecinema.be\/fr\/wp-json\/wp\/v2\/types\/post"}],"author":[{"embeddable":true,"href":"https:\/\/welovecinema.be\/fr\/wp-json\/wp\/v2\/users\/343"}],"replies":[{"embeddable":true,"href":"https:\/\/welovecinema.be\/fr\/wp-json\/wp\/v2\/comments?post=235383"}],"version-history":[{"count":0,"href":"https:\/\/welovecinema.be\/fr\/wp-json\/wp\/v2\/posts\/235383\/revisions"}],"wp:featuredmedia":[{"embeddable":true,"href":"https:\/\/welovecinema.be\/fr\/wp-json\/wp\/v2\/media\/235386"}],"wp:attachment":[{"href":"https:\/\/welovecinema.be\/fr\/wp-json\/wp\/v2\/media?parent=235383"}],"wp:term":[{"taxonomy":"category","embeddable":true,"href":"https:\/\/welovecinema.be\/fr\/wp-json\/wp\/v2\/categories?post=235383"},{"taxonomy":"post_tag","embeddable":true,"href":"https:\/\/welovecinema.be\/fr\/wp-json\/wp\/v2\/tags?post=235383"}],"curies":[{"name":"wp","href":"https:\/\/api.w.org\/{rel}","templated":true}]}}