{"id":235364,"date":"2021-02-17T14:55:46","date_gmt":"2021-02-17T13:55:46","guid":{"rendered":"https:\/\/www.cinevox.be\/?p=235364"},"modified":"2021-02-18T09:40:36","modified_gmt":"2021-02-18T08:40:36","slug":"nicolas-karatsanis-dop-de-cruella","status":"publish","type":"post","link":"https:\/\/welovecinema.be\/fr\/nicolas-karatsanis-dop-de-cruella\/","title":{"rendered":"Nicolas Karatsanis DOP de \u00ab\u00a0Cruella\u00a0\u00bb"},"content":{"rendered":"<p><strong>Brillante. Tr\u00e8s m\u00e9chante. Un tout petit peu d\u00e9mente. Ainsi va Cruella d&rsquo;Enfer, qui apr\u00e8s avoir fait trembler les Dalmatiens petits et grands dans leurs diff\u00e9rentes apparitions chez Disney, sera l&rsquo;h\u00e9ro\u00efne principale de son propre film, <em>Cruella<\/em>, annonc\u00e9 pour mai prochain.<\/strong><\/p>\n<p>Le film revient sur la jeunesse de Cruella. Dans les ann\u00e9es 1970 \u00e0 Londres, la jeune styliste Estella \u00ab Cruella \u00bb d&rsquo;Enfer commence \u00e0 d\u00e9velopper une obsession pour la peau de chien, notamment celles de dalmatien.<\/p>\n<p>Cruella est incarn\u00e9e par Emma Stone, et elle fera face \u00e0 Emma Thompson, dans ce long m\u00e9trage r\u00e9alis\u00e9 par Craig Gillepsie, le r\u00e9alisateur du tr\u00e8s marquant <em>I, Tonya<\/em>.<\/p>\n<p>Et la Belgique dans tout \u00e7a, me direz-vous?<\/p>\n<p>Et bien apr\u00e8s <em>I, Tonya<\/em>, qui avait mis en avant son travail, et notamment son recours encore aujourd&rsquo;hui\u00a0 \u00e0 la pellicule, Nicolas Karakatsanis, le chef op\u00e9rateur belge, signe \u00e0 nouveau l&rsquo;image du nouveau film de Craig Gillepsie. De <em>Rundskop<\/em> \u00e0 Disney, un parcours surprenant mais exigeant, qui entraine le DOP belge des plateaux d&rsquo;Hollywood au cin\u00e9ma \u00e2pre et pr\u00e9cis de Bas Devos, qu&rsquo;il a accompagn\u00e9 sur <em>Violet<\/em> et <em>Hellhole<\/em>, ou de Koen Mortier, pour qui il a sign\u00e9 l&rsquo;image de <em>Un ange<\/em>.<\/p>\n<p>Un parcours d&rsquo;\u00e9quilibriste, entre grands studios et films d&rsquo;auteur, que d\u00e9veloppent de plus en plus de techniciens belges, \u00e0 l&rsquo;image du monteur Nico Leunen, ou de Robrecht Heyvaert, qui a notamment sign\u00e9 la lumi\u00e8re de <em>D&rsquo;Ardennen<\/em>, et qui accompagne le duo form\u00e9 par Adil El Arbi et Bilall Fallah, d&rsquo;Anvers \u00e0 Miami.<\/p>\n","protected":false},"excerpt":{"rendered":"<p>Brillante. Tr\u00e8s m\u00e9chante. Un tout petit peu d\u00e9mente. Ainsi va Cruella d&rsquo;Enfer, qui apr\u00e8s avoir fait trembler les Dalmatiens petits et grands dans leurs diff\u00e9rentes apparitions chez Disney, sera l&rsquo;h\u00e9ro\u00efne principale de son propre film, Cruella, annonc\u00e9 pour mai prochain. Le film revient sur la jeunesse de Cruella. Dans les ann\u00e9es 1970 \u00e0 Londres, la &hellip;<\/p>\n","protected":false},"author":343,"featured_media":235365,"comment_status":"closed","ping_status":"closed","sticky":false,"template":"","format":"standard","meta":{"ngg_post_thumbnail":0,"footnotes":""},"categories":[1923],"tags":[4187,5859],"class_list":["post-235364","post","type-post","status-publish","format-standard","has-post-thumbnail","","category-en-bref","tag-newsletter-fr","tag-nicolas-karakatsanis-2"],"yoast_head":"<!-- This site is optimized with the Yoast SEO plugin v20.4 - https:\/\/yoast.com\/wordpress\/plugins\/seo\/ -->\n<title>Nicolas Karatsanis DOP de &quot;Cruella&quot; - We Love Cinema<\/title>\n<meta name=\"robots\" content=\"index, follow, max-snippet:-1, max-image-preview:large, max-video-preview:-1\" \/>\n<link rel=\"canonical\" href=\"https:\/\/welovecinema.be\/fr\/nicolas-karatsanis-dop-de-cruella\/\" \/>\n<meta property=\"og:locale\" content=\"fr_FR\" \/>\n<meta property=\"og:type\" content=\"article\" \/>\n<meta property=\"og:title\" content=\"Nicolas Karatsanis DOP de &quot;Cruella&quot; - We Love Cinema\" \/>\n<meta property=\"og:description\" content=\"Brillante. Tr\u00e8s m\u00e9chante. Un tout petit peu d\u00e9mente. Ainsi va Cruella d&rsquo;Enfer, qui apr\u00e8s avoir fait trembler les Dalmatiens petits et grands dans leurs diff\u00e9rentes apparitions chez Disney, sera l&rsquo;h\u00e9ro\u00efne principale de son propre film, Cruella, annonc\u00e9 pour mai prochain. Le film revient sur la jeunesse de Cruella. Dans les ann\u00e9es 1970 \u00e0 Londres, la &hellip;\" \/>\n<meta property=\"og:url\" content=\"https:\/\/welovecinema.be\/fr\/nicolas-karatsanis-dop-de-cruella\/\" \/>\n<meta property=\"og:site_name\" content=\"We Love Cinema\" \/>\n<meta property=\"article:publisher\" content=\"https:\/\/www.facebook.com\/welovecinema.be\" \/>\n<meta property=\"article:published_time\" content=\"2021-02-17T13:55:46+00:00\" \/>\n<meta property=\"article:modified_time\" content=\"2021-02-18T08:40:36+00:00\" \/>\n<meta property=\"og:image\" content=\"https:\/\/welovecinema.be\/wp-content\/uploads\/sites\/2\/2021\/02\/FotoJet-copie.jpg\" \/>\n\t<meta property=\"og:image:width\" content=\"1200\" \/>\n\t<meta property=\"og:image:height\" content=\"600\" \/>\n\t<meta property=\"og:image:type\" content=\"image\/jpeg\" \/>\n<meta name=\"author\" content=\"Aurore Engelen\" \/>\n<meta name=\"twitter:card\" content=\"summary_large_image\" \/>\n<meta name=\"twitter:label1\" content=\"\u00c9crit par\" \/>\n\t<meta name=\"twitter:data1\" content=\"Aurore Engelen\" \/>\n\t<meta name=\"twitter:label2\" content=\"Dur\u00e9e de lecture estim\u00e9e\" \/>\n\t<meta name=\"twitter:data2\" content=\"2 minutes\" \/>\n<script type=\"application\/ld+json\" class=\"yoast-schema-graph\">{\"@context\":\"https:\/\/schema.org\",\"@graph\":[{\"@type\":\"Article\",\"@id\":\"https:\/\/welovecinema.be\/fr\/nicolas-karatsanis-dop-de-cruella\/#article\",\"isPartOf\":{\"@id\":\"https:\/\/welovecinema.be\/fr\/nicolas-karatsanis-dop-de-cruella\/\"},\"author\":{\"name\":\"Aurore Engelen\",\"@id\":\"https:\/\/welovecinema.be\/nl\/#\/schema\/person\/8084b68c6b176142d073695c654dc7cf\"},\"headline\":\"Nicolas Karatsanis DOP de \u00ab\u00a0Cruella\u00a0\u00bb\",\"datePublished\":\"2021-02-17T13:55:46+00:00\",\"dateModified\":\"2021-02-18T08:40:36+00:00\",\"mainEntityOfPage\":{\"@id\":\"https:\/\/welovecinema.be\/fr\/nicolas-karatsanis-dop-de-cruella\/\"},\"wordCount\":273,\"publisher\":{\"@id\":\"https:\/\/welovecinema.be\/nl\/#organization\"},\"keywords\":[\"newsletter\",\"nicolas karakatsanis\"],\"articleSection\":[\"En bref\"],\"inLanguage\":\"fr-FR\"},{\"@type\":\"WebPage\",\"@id\":\"https:\/\/welovecinema.be\/fr\/nicolas-karatsanis-dop-de-cruella\/\",\"url\":\"https:\/\/welovecinema.be\/fr\/nicolas-karatsanis-dop-de-cruella\/\",\"name\":\"Nicolas Karatsanis DOP de \\\"Cruella\\\" - We Love Cinema\",\"isPartOf\":{\"@id\":\"https:\/\/welovecinema.be\/nl\/#website\"},\"datePublished\":\"2021-02-17T13:55:46+00:00\",\"dateModified\":\"2021-02-18T08:40:36+00:00\",\"breadcrumb\":{\"@id\":\"https:\/\/welovecinema.be\/fr\/nicolas-karatsanis-dop-de-cruella\/#breadcrumb\"},\"inLanguage\":\"fr-FR\",\"potentialAction\":[{\"@type\":\"ReadAction\",\"target\":[\"https:\/\/welovecinema.be\/fr\/nicolas-karatsanis-dop-de-cruella\/\"]}]},{\"@type\":\"BreadcrumbList\",\"@id\":\"https:\/\/welovecinema.be\/fr\/nicolas-karatsanis-dop-de-cruella\/#breadcrumb\",\"itemListElement\":[{\"@type\":\"ListItem\",\"position\":1,\"name\":\"Accueil\",\"item\":\"https:\/\/welovecinema.be\/fr\/\"},{\"@type\":\"ListItem\",\"position\":2,\"name\":\"Nicolas Karatsanis DOP de \u00ab\u00a0Cruella\u00a0\u00bb\"}]},{\"@type\":\"WebSite\",\"@id\":\"https:\/\/welovecinema.be\/nl\/#website\",\"url\":\"https:\/\/welovecinema.be\/nl\/\",\"name\":\"We Love Cinema\",\"description\":\"Toute l\u2019information du cin\u00e9ma en Belgique\",\"publisher\":{\"@id\":\"https:\/\/welovecinema.be\/nl\/#organization\"},\"potentialAction\":[{\"@type\":\"SearchAction\",\"target\":{\"@type\":\"EntryPoint\",\"urlTemplate\":\"https:\/\/welovecinema.be\/nl\/?s={search_term_string}\"},\"query-input\":\"required name=search_term_string\"}],\"inLanguage\":\"fr-FR\"},{\"@type\":\"Organization\",\"@id\":\"https:\/\/welovecinema.be\/nl\/#organization\",\"name\":\"We Love Cinema\",\"url\":\"https:\/\/welovecinema.be\/nl\/\",\"logo\":{\"@type\":\"ImageObject\",\"inLanguage\":\"fr-FR\",\"@id\":\"https:\/\/welovecinema.be\/nl\/#\/schema\/logo\/image\/\",\"url\":\"https:\/\/welovecinema.be\/wp-content\/uploads\/sites\/2\/2023\/03\/Logo-We-Love-Cinema305x128.jpg\",\"contentUrl\":\"https:\/\/welovecinema.be\/wp-content\/uploads\/sites\/2\/2023\/03\/Logo-We-Love-Cinema305x128.jpg\",\"width\":305,\"height\":128,\"caption\":\"We Love Cinema\"},\"image\":{\"@id\":\"https:\/\/welovecinema.be\/nl\/#\/schema\/logo\/image\/\"},\"sameAs\":[\"https:\/\/www.facebook.com\/welovecinema.be\",\"https:\/\/www.youtube.com\/channel\/UCX5LYGVhnKvYauW4Nta4HJA\",\"https:\/\/www.instagram.com\/welovecinema.be\/\"]},{\"@type\":\"Person\",\"@id\":\"https:\/\/welovecinema.be\/nl\/#\/schema\/person\/8084b68c6b176142d073695c654dc7cf\",\"name\":\"Aurore Engelen\",\"url\":\"https:\/\/welovecinema.be\/fr\/author\/aurore-engelen\/\"}]}<\/script>\n<!-- \/ Yoast SEO plugin. -->","yoast_head_json":{"title":"Nicolas Karatsanis DOP de \"Cruella\" - We Love Cinema","robots":{"index":"index","follow":"follow","max-snippet":"max-snippet:-1","max-image-preview":"max-image-preview:large","max-video-preview":"max-video-preview:-1"},"canonical":"https:\/\/welovecinema.be\/fr\/nicolas-karatsanis-dop-de-cruella\/","og_locale":"fr_FR","og_type":"article","og_title":"Nicolas Karatsanis DOP de \"Cruella\" - We Love Cinema","og_description":"Brillante. Tr\u00e8s m\u00e9chante. Un tout petit peu d\u00e9mente. Ainsi va Cruella d&rsquo;Enfer, qui apr\u00e8s avoir fait trembler les Dalmatiens petits et grands dans leurs diff\u00e9rentes apparitions chez Disney, sera l&rsquo;h\u00e9ro\u00efne principale de son propre film, Cruella, annonc\u00e9 pour mai prochain. Le film revient sur la jeunesse de Cruella. Dans les ann\u00e9es 1970 \u00e0 Londres, la &hellip;","og_url":"https:\/\/welovecinema.be\/fr\/nicolas-karatsanis-dop-de-cruella\/","og_site_name":"We Love Cinema","article_publisher":"https:\/\/www.facebook.com\/welovecinema.be","article_published_time":"2021-02-17T13:55:46+00:00","article_modified_time":"2021-02-18T08:40:36+00:00","og_image":[{"width":1200,"height":600,"url":"https:\/\/welovecinema.be\/wp-content\/uploads\/sites\/2\/2021\/02\/FotoJet-copie.jpg","type":"image\/jpeg"}],"author":"Aurore Engelen","twitter_card":"summary_large_image","twitter_misc":{"\u00c9crit par":"Aurore Engelen","Dur\u00e9e de lecture estim\u00e9e":"2 minutes"},"schema":{"@context":"https:\/\/schema.org","@graph":[{"@type":"Article","@id":"https:\/\/welovecinema.be\/fr\/nicolas-karatsanis-dop-de-cruella\/#article","isPartOf":{"@id":"https:\/\/welovecinema.be\/fr\/nicolas-karatsanis-dop-de-cruella\/"},"author":{"name":"Aurore Engelen","@id":"https:\/\/welovecinema.be\/nl\/#\/schema\/person\/8084b68c6b176142d073695c654dc7cf"},"headline":"Nicolas Karatsanis DOP de \u00ab\u00a0Cruella\u00a0\u00bb","datePublished":"2021-02-17T13:55:46+00:00","dateModified":"2021-02-18T08:40:36+00:00","mainEntityOfPage":{"@id":"https:\/\/welovecinema.be\/fr\/nicolas-karatsanis-dop-de-cruella\/"},"wordCount":273,"publisher":{"@id":"https:\/\/welovecinema.be\/nl\/#organization"},"keywords":["newsletter","nicolas karakatsanis"],"articleSection":["En bref"],"inLanguage":"fr-FR"},{"@type":"WebPage","@id":"https:\/\/welovecinema.be\/fr\/nicolas-karatsanis-dop-de-cruella\/","url":"https:\/\/welovecinema.be\/fr\/nicolas-karatsanis-dop-de-cruella\/","name":"Nicolas Karatsanis DOP de \"Cruella\" - We Love Cinema","isPartOf":{"@id":"https:\/\/welovecinema.be\/nl\/#website"},"datePublished":"2021-02-17T13:55:46+00:00","dateModified":"2021-02-18T08:40:36+00:00","breadcrumb":{"@id":"https:\/\/welovecinema.be\/fr\/nicolas-karatsanis-dop-de-cruella\/#breadcrumb"},"inLanguage":"fr-FR","potentialAction":[{"@type":"ReadAction","target":["https:\/\/welovecinema.be\/fr\/nicolas-karatsanis-dop-de-cruella\/"]}]},{"@type":"BreadcrumbList","@id":"https:\/\/welovecinema.be\/fr\/nicolas-karatsanis-dop-de-cruella\/#breadcrumb","itemListElement":[{"@type":"ListItem","position":1,"name":"Accueil","item":"https:\/\/welovecinema.be\/fr\/"},{"@type":"ListItem","position":2,"name":"Nicolas Karatsanis DOP de \u00ab\u00a0Cruella\u00a0\u00bb"}]},{"@type":"WebSite","@id":"https:\/\/welovecinema.be\/nl\/#website","url":"https:\/\/welovecinema.be\/nl\/","name":"We Love Cinema","description":"Toute l\u2019information du cin\u00e9ma en Belgique","publisher":{"@id":"https:\/\/welovecinema.be\/nl\/#organization"},"potentialAction":[{"@type":"SearchAction","target":{"@type":"EntryPoint","urlTemplate":"https:\/\/welovecinema.be\/nl\/?s={search_term_string}"},"query-input":"required name=search_term_string"}],"inLanguage":"fr-FR"},{"@type":"Organization","@id":"https:\/\/welovecinema.be\/nl\/#organization","name":"We Love Cinema","url":"https:\/\/welovecinema.be\/nl\/","logo":{"@type":"ImageObject","inLanguage":"fr-FR","@id":"https:\/\/welovecinema.be\/nl\/#\/schema\/logo\/image\/","url":"https:\/\/welovecinema.be\/wp-content\/uploads\/sites\/2\/2023\/03\/Logo-We-Love-Cinema305x128.jpg","contentUrl":"https:\/\/welovecinema.be\/wp-content\/uploads\/sites\/2\/2023\/03\/Logo-We-Love-Cinema305x128.jpg","width":305,"height":128,"caption":"We Love Cinema"},"image":{"@id":"https:\/\/welovecinema.be\/nl\/#\/schema\/logo\/image\/"},"sameAs":["https:\/\/www.facebook.com\/welovecinema.be","https:\/\/www.youtube.com\/channel\/UCX5LYGVhnKvYauW4Nta4HJA","https:\/\/www.instagram.com\/welovecinema.be\/"]},{"@type":"Person","@id":"https:\/\/welovecinema.be\/nl\/#\/schema\/person\/8084b68c6b176142d073695c654dc7cf","name":"Aurore Engelen","url":"https:\/\/welovecinema.be\/fr\/author\/aurore-engelen\/"}]}},"_links":{"self":[{"href":"https:\/\/welovecinema.be\/fr\/wp-json\/wp\/v2\/posts\/235364","targetHints":{"allow":["GET"]}}],"collection":[{"href":"https:\/\/welovecinema.be\/fr\/wp-json\/wp\/v2\/posts"}],"about":[{"href":"https:\/\/welovecinema.be\/fr\/wp-json\/wp\/v2\/types\/post"}],"author":[{"embeddable":true,"href":"https:\/\/welovecinema.be\/fr\/wp-json\/wp\/v2\/users\/343"}],"replies":[{"embeddable":true,"href":"https:\/\/welovecinema.be\/fr\/wp-json\/wp\/v2\/comments?post=235364"}],"version-history":[{"count":0,"href":"https:\/\/welovecinema.be\/fr\/wp-json\/wp\/v2\/posts\/235364\/revisions"}],"wp:featuredmedia":[{"embeddable":true,"href":"https:\/\/welovecinema.be\/fr\/wp-json\/wp\/v2\/media\/235365"}],"wp:attachment":[{"href":"https:\/\/welovecinema.be\/fr\/wp-json\/wp\/v2\/media?parent=235364"}],"wp:term":[{"taxonomy":"category","embeddable":true,"href":"https:\/\/welovecinema.be\/fr\/wp-json\/wp\/v2\/categories?post=235364"},{"taxonomy":"post_tag","embeddable":true,"href":"https:\/\/welovecinema.be\/fr\/wp-json\/wp\/v2\/tags?post=235364"}],"curies":[{"name":"wp","href":"https:\/\/api.w.org\/{rel}","templated":true}]}}