{"id":235358,"date":"2021-02-17T09:55:26","date_gmt":"2021-02-17T08:55:26","guid":{"rendered":"https:\/\/www.cinevox.be\/?p=235358"},"modified":"2021-02-17T14:26:16","modified_gmt":"2021-02-17T13:26:16","slug":"tout-court-du-17-fevrier-special-anima","status":"publish","type":"post","link":"https:\/\/welovecinema.be\/fr\/tout-court-du-17-fevrier-special-anima\/","title":{"rendered":"\u00ab\u00a0Tout court\u00a0\u00bb du 17 f\u00e9vrier, sp\u00e9cial Anima"},"content":{"rendered":"<p><strong>Au programme de \u00ab\u00a0Tout court\u00a0\u00bb ce soir, une sp\u00e9ciale Anima, et deux courts hyper anim\u00e9s!<\/strong><\/p>\n<hr \/>\n<h4><strong><em>T\u00eate de linotte<\/em> <\/strong>de Gaspar Chabaud<\/h4>\n<div class=\"information-blocks\">\n<div class=\"row\">\n<div class=\"col-sm-12\">\n<p>Un enfant confront\u00e9 \u00e0 un probl\u00e8me de math\u00e9matiques, \u00e0 ses propres probl\u00e8mes de concentration, accompagn\u00e9 d&rsquo;une m\u00e8re perdant doucement mais s\u00fbrement sa patience.<\/p>\n<p><iframe loading=\"lazy\" title=\"T\u00eate de linotte ! - teaser\" src=\"https:\/\/player.vimeo.com\/video\/354919508?dnt=1&amp;app_id=122963\" width=\"618\" height=\"334\" frameborder=\"0\" allow=\"autoplay; fullscreen; picture-in-picture; clipboard-write; encrypted-media\"><\/iframe><\/p>\n<hr \/>\n<h4><em><strong>L&rsquo;\u00e9cume de la ville<\/strong><\/em> de Pierre Watteyne<\/h4>\n<div class=\"information-blocks\">\n<div class=\"row\">\n<div class=\"col-sm-12\">\n<p>C\u00e9lestin est un vieux p\u00eacheur urbain solitaire vivant dans sa bulle tandis qu&rsquo;il s&rsquo;adonne \u00e0 sa routine : p\u00eacher le long du canal de la ville. Un jour ses cauchemars et ses souvenirs le rattrapent, l&rsquo;amenant finalement vers une nouvelle rencontre.<\/p>\n<p><img loading=\"lazy\" decoding=\"async\" class=\"alignnone size-large wp-image-235359\" src=\"https:\/\/www.cinevox.be\/wp-content\/uploads\/sites\/2\/2021\/02\/l_ecume_de_la_ville_1ok-800x421.jpg\" alt=\"\" width=\"618\" height=\"325\" srcset=\"https:\/\/welovecinema.be\/wp-content\/uploads\/sites\/2\/2021\/02\/l_ecume_de_la_ville_1ok-800x421.jpg 800w, https:\/\/welovecinema.be\/wp-content\/uploads\/sites\/2\/2021\/02\/l_ecume_de_la_ville_1ok-480x253.jpg 480w, https:\/\/welovecinema.be\/wp-content\/uploads\/sites\/2\/2021\/02\/l_ecume_de_la_ville_1ok-768x404.jpg 768w, https:\/\/welovecinema.be\/wp-content\/uploads\/sites\/2\/2021\/02\/l_ecume_de_la_ville_1ok.jpg 1140w\" sizes=\"auto, (max-width: 618px) 100vw, 618px\" \/><\/p>\n<p>&nbsp;<\/p>\n<\/div>\n<\/div>\n<\/div>\n<\/div>\n<\/div>\n<\/div>\n","protected":false},"excerpt":{"rendered":"<p>Au programme de \u00ab\u00a0Tout court\u00a0\u00bb ce soir, une sp\u00e9ciale Anima, et deux courts hyper anim\u00e9s! T\u00eate de linotte de Gaspar Chabaud Un enfant confront\u00e9 \u00e0 un probl\u00e8me de math\u00e9matiques, \u00e0 ses propres probl\u00e8mes de concentration, accompagn\u00e9 d&rsquo;une m\u00e8re perdant doucement mais s\u00fbrement sa patience. L&rsquo;\u00e9cume de la ville de Pierre Watteyne C\u00e9lestin est un vieux &hellip;<\/p>\n","protected":false},"author":343,"featured_media":235361,"comment_status":"closed","ping_status":"closed","sticky":false,"template":"","format":"standard","meta":{"ngg_post_thumbnail":0,"footnotes":""},"categories":[14],"tags":[],"class_list":["post-235358","post","type-post","status-publish","format-standard","has-post-thumbnail","","category-home-cinema"],"yoast_head":"<!-- This site is optimized with the Yoast SEO plugin v20.4 - https:\/\/yoast.com\/wordpress\/plugins\/seo\/ -->\n<title>&quot;Tout court&quot; du 17 f\u00e9vrier, sp\u00e9cial Anima - We Love Cinema<\/title>\n<meta name=\"robots\" content=\"index, follow, max-snippet:-1, max-image-preview:large, max-video-preview:-1\" \/>\n<link rel=\"canonical\" href=\"https:\/\/welovecinema.be\/fr\/tout-court-du-17-fevrier-special-anima\/\" \/>\n<meta property=\"og:locale\" content=\"fr_FR\" \/>\n<meta property=\"og:type\" content=\"article\" \/>\n<meta property=\"og:title\" content=\"&quot;Tout court&quot; du 17 f\u00e9vrier, sp\u00e9cial Anima - We Love Cinema\" \/>\n<meta property=\"og:description\" content=\"Au programme de \u00ab\u00a0Tout court\u00a0\u00bb ce soir, une sp\u00e9ciale Anima, et deux courts hyper anim\u00e9s! T\u00eate de linotte de Gaspar Chabaud Un enfant confront\u00e9 \u00e0 un probl\u00e8me de math\u00e9matiques, \u00e0 ses propres probl\u00e8mes de concentration, accompagn\u00e9 d&rsquo;une m\u00e8re perdant doucement mais s\u00fbrement sa patience. L&rsquo;\u00e9cume de la ville de Pierre Watteyne C\u00e9lestin est un vieux &hellip;\" \/>\n<meta property=\"og:url\" content=\"https:\/\/welovecinema.be\/fr\/tout-court-du-17-fevrier-special-anima\/\" \/>\n<meta property=\"og:site_name\" content=\"We Love Cinema\" \/>\n<meta property=\"article:publisher\" content=\"https:\/\/www.facebook.com\/welovecinema.be\" \/>\n<meta property=\"article:published_time\" content=\"2021-02-17T08:55:26+00:00\" \/>\n<meta property=\"article:modified_time\" content=\"2021-02-17T13:26:16+00:00\" \/>\n<meta property=\"og:image\" content=\"https:\/\/welovecinema.be\/wp-content\/uploads\/sites\/2\/2021\/02\/FotoJet-2.jpg\" \/>\n\t<meta property=\"og:image:width\" content=\"1200\" \/>\n\t<meta property=\"og:image:height\" content=\"600\" \/>\n\t<meta property=\"og:image:type\" content=\"image\/jpeg\" \/>\n<meta name=\"author\" content=\"Aurore Engelen\" \/>\n<meta name=\"twitter:card\" content=\"summary_large_image\" \/>\n<meta name=\"twitter:label1\" content=\"\u00c9crit par\" \/>\n\t<meta name=\"twitter:data1\" content=\"Aurore Engelen\" \/>\n\t<meta name=\"twitter:label2\" content=\"Dur\u00e9e de lecture estim\u00e9e\" \/>\n\t<meta name=\"twitter:data2\" content=\"1 minute\" \/>\n<script type=\"application\/ld+json\" class=\"yoast-schema-graph\">{\"@context\":\"https:\/\/schema.org\",\"@graph\":[{\"@type\":\"Article\",\"@id\":\"https:\/\/welovecinema.be\/fr\/tout-court-du-17-fevrier-special-anima\/#article\",\"isPartOf\":{\"@id\":\"https:\/\/welovecinema.be\/fr\/tout-court-du-17-fevrier-special-anima\/\"},\"author\":{\"name\":\"Aurore Engelen\",\"@id\":\"https:\/\/welovecinema.be\/nl\/#\/schema\/person\/8084b68c6b176142d073695c654dc7cf\"},\"headline\":\"\u00ab\u00a0Tout court\u00a0\u00bb du 17 f\u00e9vrier, sp\u00e9cial Anima\",\"datePublished\":\"2021-02-17T08:55:26+00:00\",\"dateModified\":\"2021-02-17T13:26:16+00:00\",\"mainEntityOfPage\":{\"@id\":\"https:\/\/welovecinema.be\/fr\/tout-court-du-17-fevrier-special-anima\/\"},\"wordCount\":116,\"publisher\":{\"@id\":\"https:\/\/welovecinema.be\/nl\/#organization\"},\"articleSection\":[\"Plateau t\u00e9l\u00e9\"],\"inLanguage\":\"fr-FR\"},{\"@type\":\"WebPage\",\"@id\":\"https:\/\/welovecinema.be\/fr\/tout-court-du-17-fevrier-special-anima\/\",\"url\":\"https:\/\/welovecinema.be\/fr\/tout-court-du-17-fevrier-special-anima\/\",\"name\":\"\\\"Tout court\\\" du 17 f\u00e9vrier, sp\u00e9cial Anima - We Love Cinema\",\"isPartOf\":{\"@id\":\"https:\/\/welovecinema.be\/nl\/#website\"},\"datePublished\":\"2021-02-17T08:55:26+00:00\",\"dateModified\":\"2021-02-17T13:26:16+00:00\",\"breadcrumb\":{\"@id\":\"https:\/\/welovecinema.be\/fr\/tout-court-du-17-fevrier-special-anima\/#breadcrumb\"},\"inLanguage\":\"fr-FR\",\"potentialAction\":[{\"@type\":\"ReadAction\",\"target\":[\"https:\/\/welovecinema.be\/fr\/tout-court-du-17-fevrier-special-anima\/\"]}]},{\"@type\":\"BreadcrumbList\",\"@id\":\"https:\/\/welovecinema.be\/fr\/tout-court-du-17-fevrier-special-anima\/#breadcrumb\",\"itemListElement\":[{\"@type\":\"ListItem\",\"position\":1,\"name\":\"Accueil\",\"item\":\"https:\/\/welovecinema.be\/fr\/\"},{\"@type\":\"ListItem\",\"position\":2,\"name\":\"\u00ab\u00a0Tout court\u00a0\u00bb du 17 f\u00e9vrier, sp\u00e9cial Anima\"}]},{\"@type\":\"WebSite\",\"@id\":\"https:\/\/welovecinema.be\/nl\/#website\",\"url\":\"https:\/\/welovecinema.be\/nl\/\",\"name\":\"We Love Cinema\",\"description\":\"Toute l\u2019information du cin\u00e9ma en Belgique\",\"publisher\":{\"@id\":\"https:\/\/welovecinema.be\/nl\/#organization\"},\"potentialAction\":[{\"@type\":\"SearchAction\",\"target\":{\"@type\":\"EntryPoint\",\"urlTemplate\":\"https:\/\/welovecinema.be\/nl\/?s={search_term_string}\"},\"query-input\":\"required name=search_term_string\"}],\"inLanguage\":\"fr-FR\"},{\"@type\":\"Organization\",\"@id\":\"https:\/\/welovecinema.be\/nl\/#organization\",\"name\":\"We Love Cinema\",\"url\":\"https:\/\/welovecinema.be\/nl\/\",\"logo\":{\"@type\":\"ImageObject\",\"inLanguage\":\"fr-FR\",\"@id\":\"https:\/\/welovecinema.be\/nl\/#\/schema\/logo\/image\/\",\"url\":\"https:\/\/welovecinema.be\/wp-content\/uploads\/sites\/2\/2023\/03\/Logo-We-Love-Cinema305x128.jpg\",\"contentUrl\":\"https:\/\/welovecinema.be\/wp-content\/uploads\/sites\/2\/2023\/03\/Logo-We-Love-Cinema305x128.jpg\",\"width\":305,\"height\":128,\"caption\":\"We Love Cinema\"},\"image\":{\"@id\":\"https:\/\/welovecinema.be\/nl\/#\/schema\/logo\/image\/\"},\"sameAs\":[\"https:\/\/www.facebook.com\/welovecinema.be\",\"https:\/\/www.youtube.com\/channel\/UCX5LYGVhnKvYauW4Nta4HJA\",\"https:\/\/www.instagram.com\/welovecinema.be\/\"]},{\"@type\":\"Person\",\"@id\":\"https:\/\/welovecinema.be\/nl\/#\/schema\/person\/8084b68c6b176142d073695c654dc7cf\",\"name\":\"Aurore Engelen\",\"url\":\"https:\/\/welovecinema.be\/fr\/author\/aurore-engelen\/\"}]}<\/script>\n<!-- \/ Yoast SEO plugin. -->","yoast_head_json":{"title":"\"Tout court\" du 17 f\u00e9vrier, sp\u00e9cial Anima - We Love Cinema","robots":{"index":"index","follow":"follow","max-snippet":"max-snippet:-1","max-image-preview":"max-image-preview:large","max-video-preview":"max-video-preview:-1"},"canonical":"https:\/\/welovecinema.be\/fr\/tout-court-du-17-fevrier-special-anima\/","og_locale":"fr_FR","og_type":"article","og_title":"\"Tout court\" du 17 f\u00e9vrier, sp\u00e9cial Anima - We Love Cinema","og_description":"Au programme de \u00ab\u00a0Tout court\u00a0\u00bb ce soir, une sp\u00e9ciale Anima, et deux courts hyper anim\u00e9s! T\u00eate de linotte de Gaspar Chabaud Un enfant confront\u00e9 \u00e0 un probl\u00e8me de math\u00e9matiques, \u00e0 ses propres probl\u00e8mes de concentration, accompagn\u00e9 d&rsquo;une m\u00e8re perdant doucement mais s\u00fbrement sa patience. L&rsquo;\u00e9cume de la ville de Pierre Watteyne C\u00e9lestin est un vieux &hellip;","og_url":"https:\/\/welovecinema.be\/fr\/tout-court-du-17-fevrier-special-anima\/","og_site_name":"We Love Cinema","article_publisher":"https:\/\/www.facebook.com\/welovecinema.be","article_published_time":"2021-02-17T08:55:26+00:00","article_modified_time":"2021-02-17T13:26:16+00:00","og_image":[{"width":1200,"height":600,"url":"https:\/\/welovecinema.be\/wp-content\/uploads\/sites\/2\/2021\/02\/FotoJet-2.jpg","type":"image\/jpeg"}],"author":"Aurore Engelen","twitter_card":"summary_large_image","twitter_misc":{"\u00c9crit par":"Aurore Engelen","Dur\u00e9e de lecture estim\u00e9e":"1 minute"},"schema":{"@context":"https:\/\/schema.org","@graph":[{"@type":"Article","@id":"https:\/\/welovecinema.be\/fr\/tout-court-du-17-fevrier-special-anima\/#article","isPartOf":{"@id":"https:\/\/welovecinema.be\/fr\/tout-court-du-17-fevrier-special-anima\/"},"author":{"name":"Aurore Engelen","@id":"https:\/\/welovecinema.be\/nl\/#\/schema\/person\/8084b68c6b176142d073695c654dc7cf"},"headline":"\u00ab\u00a0Tout court\u00a0\u00bb du 17 f\u00e9vrier, sp\u00e9cial Anima","datePublished":"2021-02-17T08:55:26+00:00","dateModified":"2021-02-17T13:26:16+00:00","mainEntityOfPage":{"@id":"https:\/\/welovecinema.be\/fr\/tout-court-du-17-fevrier-special-anima\/"},"wordCount":116,"publisher":{"@id":"https:\/\/welovecinema.be\/nl\/#organization"},"articleSection":["Plateau t\u00e9l\u00e9"],"inLanguage":"fr-FR"},{"@type":"WebPage","@id":"https:\/\/welovecinema.be\/fr\/tout-court-du-17-fevrier-special-anima\/","url":"https:\/\/welovecinema.be\/fr\/tout-court-du-17-fevrier-special-anima\/","name":"\"Tout court\" du 17 f\u00e9vrier, sp\u00e9cial Anima - We Love Cinema","isPartOf":{"@id":"https:\/\/welovecinema.be\/nl\/#website"},"datePublished":"2021-02-17T08:55:26+00:00","dateModified":"2021-02-17T13:26:16+00:00","breadcrumb":{"@id":"https:\/\/welovecinema.be\/fr\/tout-court-du-17-fevrier-special-anima\/#breadcrumb"},"inLanguage":"fr-FR","potentialAction":[{"@type":"ReadAction","target":["https:\/\/welovecinema.be\/fr\/tout-court-du-17-fevrier-special-anima\/"]}]},{"@type":"BreadcrumbList","@id":"https:\/\/welovecinema.be\/fr\/tout-court-du-17-fevrier-special-anima\/#breadcrumb","itemListElement":[{"@type":"ListItem","position":1,"name":"Accueil","item":"https:\/\/welovecinema.be\/fr\/"},{"@type":"ListItem","position":2,"name":"\u00ab\u00a0Tout court\u00a0\u00bb du 17 f\u00e9vrier, sp\u00e9cial Anima"}]},{"@type":"WebSite","@id":"https:\/\/welovecinema.be\/nl\/#website","url":"https:\/\/welovecinema.be\/nl\/","name":"We Love Cinema","description":"Toute l\u2019information du cin\u00e9ma en Belgique","publisher":{"@id":"https:\/\/welovecinema.be\/nl\/#organization"},"potentialAction":[{"@type":"SearchAction","target":{"@type":"EntryPoint","urlTemplate":"https:\/\/welovecinema.be\/nl\/?s={search_term_string}"},"query-input":"required name=search_term_string"}],"inLanguage":"fr-FR"},{"@type":"Organization","@id":"https:\/\/welovecinema.be\/nl\/#organization","name":"We Love Cinema","url":"https:\/\/welovecinema.be\/nl\/","logo":{"@type":"ImageObject","inLanguage":"fr-FR","@id":"https:\/\/welovecinema.be\/nl\/#\/schema\/logo\/image\/","url":"https:\/\/welovecinema.be\/wp-content\/uploads\/sites\/2\/2023\/03\/Logo-We-Love-Cinema305x128.jpg","contentUrl":"https:\/\/welovecinema.be\/wp-content\/uploads\/sites\/2\/2023\/03\/Logo-We-Love-Cinema305x128.jpg","width":305,"height":128,"caption":"We Love Cinema"},"image":{"@id":"https:\/\/welovecinema.be\/nl\/#\/schema\/logo\/image\/"},"sameAs":["https:\/\/www.facebook.com\/welovecinema.be","https:\/\/www.youtube.com\/channel\/UCX5LYGVhnKvYauW4Nta4HJA","https:\/\/www.instagram.com\/welovecinema.be\/"]},{"@type":"Person","@id":"https:\/\/welovecinema.be\/nl\/#\/schema\/person\/8084b68c6b176142d073695c654dc7cf","name":"Aurore Engelen","url":"https:\/\/welovecinema.be\/fr\/author\/aurore-engelen\/"}]}},"_links":{"self":[{"href":"https:\/\/welovecinema.be\/fr\/wp-json\/wp\/v2\/posts\/235358","targetHints":{"allow":["GET"]}}],"collection":[{"href":"https:\/\/welovecinema.be\/fr\/wp-json\/wp\/v2\/posts"}],"about":[{"href":"https:\/\/welovecinema.be\/fr\/wp-json\/wp\/v2\/types\/post"}],"author":[{"embeddable":true,"href":"https:\/\/welovecinema.be\/fr\/wp-json\/wp\/v2\/users\/343"}],"replies":[{"embeddable":true,"href":"https:\/\/welovecinema.be\/fr\/wp-json\/wp\/v2\/comments?post=235358"}],"version-history":[{"count":0,"href":"https:\/\/welovecinema.be\/fr\/wp-json\/wp\/v2\/posts\/235358\/revisions"}],"wp:featuredmedia":[{"embeddable":true,"href":"https:\/\/welovecinema.be\/fr\/wp-json\/wp\/v2\/media\/235361"}],"wp:attachment":[{"href":"https:\/\/welovecinema.be\/fr\/wp-json\/wp\/v2\/media?parent=235358"}],"wp:term":[{"taxonomy":"category","embeddable":true,"href":"https:\/\/welovecinema.be\/fr\/wp-json\/wp\/v2\/categories?post=235358"},{"taxonomy":"post_tag","embeddable":true,"href":"https:\/\/welovecinema.be\/fr\/wp-json\/wp\/v2\/tags?post=235358"}],"curies":[{"name":"wp","href":"https:\/\/api.w.org\/{rel}","templated":true}]}}