{"id":235353,"date":"2021-02-19T07:47:12","date_gmt":"2021-02-19T06:47:12","guid":{"rendered":"https:\/\/www.cinevox.be\/?p=235353"},"modified":"2021-02-22T22:56:50","modified_gmt":"2021-02-22T21:56:50","slug":"sur-le-tournage-de-pandore","status":"publish","type":"post","link":"https:\/\/welovecinema.be\/fr\/sur-le-tournage-de-pandore\/","title":{"rendered":"Sur le tournage de&#8230; \u00ab\u00a0Pandore\u00a0\u00bb"},"content":{"rendered":"<p><strong>Vendredi 12 f\u00e9vrier, 18h, -5\u00b0. Un immense projecteur \u00e9claire les vitraux de l&rsquo;Eglise Saint Pie X \u00e0 Forest. A l&rsquo;ext\u00e9rieur, un technicien tourne sur lui-m\u00eame et souffle sur ses mains pour se r\u00e9chauffer. A l&rsquo;int\u00e9rieur, m\u00eame stratag\u00e8me. Les com\u00e9dien\u00b7nes sont emmitoufl\u00e9\u00b7es dans des doudounes de circonstance, cachent des bouillottes sous leurs \u00e9charpes.<\/strong><\/p>\n<p>Dehors \u00e7a g\u00e8le, litt\u00e9ralement. C&rsquo;est le cas depuis plusieurs jours, et les trois derni\u00e8res prises de la semaine sont encha\u00een\u00e9es \u00e0 vive allure, avec technicit\u00e9 et efficacit\u00e9. Un face-\u00e0-face tendu entre les deux protagonistes principaux de la s\u00e9rie, incarn\u00e9s par Anne Coesens et Yoann Blanc, interrompu par la com\u00e9dienne Edwige Bailly, qui interpr\u00e8te la femme de Marc Van Dyck, le personnage jou\u00e9 par Yoann Blanc.<\/p>\n<p>C&rsquo;est donc un soulagement pour l&rsquo;\u00e9quipe de migrer vers la salle paroissiale attenante pour discuter quelques minutes de cette nouvelle s\u00e9rie soutenue par la RTBF, <em>Pandore<\/em>, s\u00e9rie d&rsquo;autant plus attendue que son tournage a d\u00fb \u00eatre d\u00e9cal\u00e9 de six mois, pand\u00e9mie oblige. Attendue \u00e9galement, car il s&rsquo;agit de la premi\u00e8re s\u00e9rie du fonds cr\u00e9\u00e9e par un trio f\u00e9minin: Anne Coesens, Savina Dellicour et Vania Leturcq. Et c&rsquo;est loin d&rsquo;\u00eatre anecdotique.<\/p>\n<p><img loading=\"lazy\" decoding=\"async\" class=\"alignnone size-large wp-image-235370\" src=\"https:\/\/www.cinevox.be\/wp-content\/uploads\/sites\/2\/2021\/02\/IMG_1122-800x401.jpg\" alt=\"\" width=\"618\" height=\"310\" srcset=\"https:\/\/welovecinema.be\/wp-content\/uploads\/sites\/2\/2021\/02\/IMG_1122-800x401.jpg 800w, https:\/\/welovecinema.be\/wp-content\/uploads\/sites\/2\/2021\/02\/IMG_1122-480x241.jpg 480w, https:\/\/welovecinema.be\/wp-content\/uploads\/sites\/2\/2021\/02\/IMG_1122-768x385.jpg 768w, https:\/\/welovecinema.be\/wp-content\/uploads\/sites\/2\/2021\/02\/IMG_1122-1536x771.jpg 1536w, https:\/\/welovecinema.be\/wp-content\/uploads\/sites\/2\/2021\/02\/IMG_1122-2048x1027.jpg 2048w, https:\/\/welovecinema.be\/wp-content\/uploads\/sites\/2\/2021\/02\/IMG_1122-660x330.jpg 660w, https:\/\/welovecinema.be\/wp-content\/uploads\/sites\/2\/2021\/02\/IMG_1122-1050x525.jpg 1050w\" sizes=\"auto, (max-width: 618px) 100vw, 618px\" \/><\/p>\n<h4>Une s\u00e9rie de femmes, dure, et sombre<\/h4>\n<p>Savina Dellicour et Vania Leturcq se retrouvent r\u00e9unies il y a quelques ann\u00e9es par Artemis Productions pour travailler sur un projet de s\u00e9rie qui ne verra finalement pas le jour. Elles viennent toutes deux de sortir leur premier long m\u00e9trage (respectivement <em>Tous les chats sont gris<\/em>, et <em>L&rsquo;Ann\u00e9e prochaine<\/em>), et se demandent \u00e0 quoi va ressembler la suite, tant le passage au deuxi\u00e8me long est r\u00e9put\u00e9 difficile. Cette premi\u00e8re tentative avort\u00e9e leur donne le go\u00fbt de travailler ensemble.<\/p>\n<p class=\"p1\"><em>\u00ab\u00a0On s\u2019est vues comme \u00e7a pendant un \u00e9t\u00e9, avec Anne Coesens,<\/em> nous explique Vania Leturcq.<em> On discutait, on essayait de voir s\u2019il y avait des envies ou des sujets qui nous parlaient \u00e0 toutes les trois. Et la question centrale, c\u2019\u00e9tait celle des droits des femmes. L\u2019envie de dire, avec insistance, que m\u00eame ici, m\u00eame aujourd\u2019hui, tout est loin d\u2019\u00eatre r\u00e9gl\u00e9. M\u00eame dans des milieux bourgeois, \u00e9duqu\u00e9s, privil\u00e9gi\u00e9s, ce n\u2019est pas du tout la m\u00eame chose d\u2019\u00eatre une femme que d\u2019\u00eatre un homme. Ce ne sont pas les m\u00eames opportunit\u00e9s, le m\u00eame traitement. Notre d\u00e9marche s&rsquo;est vite affirm\u00e9e f\u00e9ministe.\u00a0\u00bb<\/em><\/p>\n<p>Savina Dellicour compl\u00e8te: <em>\u00ab\u00a0On voulait \u00e9voquer des th\u00e8mes qui nous sont propres en tant que femmes, et qu&rsquo;on ne voit que rarement \u00e0 l\u2019\u00e9cran. Parler de la m\u00e9nopause, des femmes de plus de 50 ans\u2026 De maternit\u00e9, de grand-maternit\u00e9, de comment concilier travail et parentalit\u00e9. En m\u00eame temps, on n\u2019avait pas envie de faire un truc de femmes comme on l\u2019entend souvent, d&rsquo;\u00eatre cantonn\u00e9es \u00e0 des petites histoires, des micro-\u00e9v\u00e8nements du quotidien.\u00a0\u00bb<\/em><\/p>\n<figure id=\"attachment_235391\" aria-describedby=\"caption-attachment-235391\" style=\"width: 618px\" class=\"wp-caption alignnone\"><img loading=\"lazy\" decoding=\"async\" class=\"wp-image-235391 size-large\" src=\"https:\/\/www.cinevox.be\/wp-content\/uploads\/sites\/2\/2021\/02\/897523-savina-dellicour-800x533.jpg\" alt=\"\" width=\"618\" height=\"412\" srcset=\"https:\/\/welovecinema.be\/wp-content\/uploads\/sites\/2\/2021\/02\/897523-savina-dellicour-800x533.jpg 800w, https:\/\/welovecinema.be\/wp-content\/uploads\/sites\/2\/2021\/02\/897523-savina-dellicour-405x270.jpg 405w, https:\/\/welovecinema.be\/wp-content\/uploads\/sites\/2\/2021\/02\/897523-savina-dellicour-768x512.jpg 768w, https:\/\/welovecinema.be\/wp-content\/uploads\/sites\/2\/2021\/02\/897523-savina-dellicour.jpg 923w\" sizes=\"auto, (max-width: 618px) 100vw, 618px\" \/><figcaption id=\"caption-attachment-235391\" class=\"wp-caption-text\">Savina Dellicour<\/figcaption><\/figure>\n<p>Une s\u00e9rie de femmes, r\u00e9solument. Une s\u00e9rie sombre et dure, qui embrasse des th\u00e9matiques complexes, et s&rsquo;attaque aux milieux de la justice et de la politique.<em> \u00ab\u00a0Une s\u00e9rie de femme n\u2019est pas forc\u00e9ment douce et sociale,<\/em> r\u00e9sume Vania Leturcq.\u00a0\u00bb <em>\u00ab\u00a0C\u2019est juste poser un regard f\u00e9minin sur le monde d\u2019aujourd\u2019hui,<\/em> rench\u00e9rit Savina Dellicour. <em>Notre producteur est un homme, plus \u00e2g\u00e9, et on s\u2019est dit si lui \u00e7a l\u2019int\u00e9resse, c\u2019est que \u00e7a int\u00e9ressera tout le monde.\u00a0\u00bb<\/em><\/p>\n<h4>Etre trop juste<\/h4>\n<p>A l&rsquo;origine de l&rsquo;envie de situer l&rsquo;action dans le milieu de la justice, une lecture, celle de <em>L&rsquo;Int\u00e9r\u00eat de l&rsquo;enfant (The Children Act)<\/em> de Ian Mc Ewan. Fortement marqu\u00e9e par ce roman, Anne Coesens s&rsquo;y int\u00e9resse, pense \u00e0 l&rsquo;adapter, mais les droits sont pris. Mais avec Vania Leturcq et Savina Dellicour, elles retiennent une id\u00e9e forte, et un personnage, <em>\u00ab\u00a0une juge jusqu\u2019au-boutiste,<\/em> nous expose l&rsquo;autrice et com\u00e9dienne, <em>extr\u00eamement passionn\u00e9e, et qui veut tellement \u00e9mettre le bon jugement, \u00eatre la plus pr\u00e9cise et la plus fine possible, qu\u2019elle en devient obsessionnelle, et que cette obsession finit par lui faire faire des erreurs. On a essay\u00e9 de transposer \u00e7a dans mon personnage, un personnage qui veut tellement rendre la justice, qu&rsquo;elle finit par \u00eatre aveugl\u00e9e par ce sentiment, et commettre elle aussi des erreurs.\u00a0\u00bb<\/em><\/p>\n<figure id=\"attachment_235372\" aria-describedby=\"caption-attachment-235372\" style=\"width: 512px\" class=\"wp-caption alignnone\"><img loading=\"lazy\" decoding=\"async\" class=\"wp-image-235372 size-full\" src=\"https:\/\/www.cinevox.be\/wp-content\/uploads\/sites\/2\/2021\/02\/AnneCoesens.jpg\" alt=\"\" width=\"512\" height=\"282\" srcset=\"https:\/\/welovecinema.be\/wp-content\/uploads\/sites\/2\/2021\/02\/AnneCoesens.jpg 512w, https:\/\/welovecinema.be\/wp-content\/uploads\/sites\/2\/2021\/02\/AnneCoesens-480x264.jpg 480w\" sizes=\"auto, (max-width: 512px) 100vw, 512px\" \/><figcaption id=\"caption-attachment-235372\" class=\"wp-caption-text\">Anne Coesens (photo: Ga\u00ebl Maleux)<\/figcaption><\/figure>\n<p><em>\u00ab\u00a0Mark Van Dyck, mon personnage,<\/em> continue Yoann Blanc, <em>est un homme politique qui au d\u00e9but de la s\u00e9rie n\u2019est pas tr\u00e8s connu du grand public. Il est d\u00e9put\u00e9, et incarne une pens\u00e9e qui existe peu en Belgique francophone, plut\u00f4t identitaire, voire populiste. Depuis des ann\u00e9es, on lui promet de plus grandes responsabilit\u00e9s, mais quand le moment est venu, on lui reproche son manque de charisme, et il se retrouve remis en cause par d\u2019autres courants politiques au sein de son parti, des repr\u00e9sentants d\u2019une droite plus lib\u00e9rale, plus pro-europ\u00e9enne.\u00a0\u00bb<\/em><\/p>\n<p>Sauf que Marc Van Dyck est spectaculairement opportuniste. A la faveur d&rsquo;un accident &#8211; il \u00ab\u00a0sauve\u00a0\u00bb une jeune militante f\u00e9ministe qui vient de se faire agress\u00e9e et viol\u00e9e, qu&rsquo;il \u00ab\u00a0trouve\u00a0\u00bb dans un parking et am\u00e8ne \u00e0 l&rsquo;h\u00f4pital &#8211; il se retrouve sur le devant de la sc\u00e8ne m\u00e9diatique.<\/p>\n<p><em>\u00ab\u00a0En fait, c&rsquo;est une v\u00e9ritable anguille,<\/em> continue le com\u00e9dien.<em> Il a un c\u00f4t\u00e9 tr\u00e8s maladroit, mais parall\u00e8lement, il se sort sans cesse de situations qui semblent inextricables. C&rsquo;est un personnage extr\u00eamement riche et complexe. C&rsquo;\u00e9tait vraiment passionnant d&rsquo;imaginer cet homme politique, si loin de mes convictions, et d&rsquo;essayer d&rsquo;en faire un portrait d\u00e9nu\u00e9 de st\u00e9r\u00e9otypes.\u00a0\u00bb<\/em><\/p>\n<figure id=\"attachment_212470\" aria-describedby=\"caption-attachment-212470\" style=\"width: 618px\" class=\"wp-caption alignnone\"><img loading=\"lazy\" decoding=\"async\" class=\"wp-image-212470 size-large\" src=\"https:\/\/www.cinevox.be\/wp-content\/uploads\/sites\/2\/2018\/08\/Yoann-Blanc-800x533.jpg\" alt=\"\" width=\"618\" height=\"412\" srcset=\"https:\/\/welovecinema.be\/wp-content\/uploads\/sites\/2\/2018\/08\/Yoann-Blanc-800x533.jpg 800w, https:\/\/welovecinema.be\/wp-content\/uploads\/sites\/2\/2018\/08\/Yoann-Blanc-405x270.jpg 405w, https:\/\/welovecinema.be\/wp-content\/uploads\/sites\/2\/2018\/08\/Yoann-Blanc-768x512.jpg 768w, https:\/\/welovecinema.be\/wp-content\/uploads\/sites\/2\/2018\/08\/Yoann-Blanc.jpg 960w\" sizes=\"auto, (max-width: 618px) 100vw, 618px\" \/><figcaption id=\"caption-attachment-212470\" class=\"wp-caption-text\">Yoann Blanc<\/figcaption><\/figure>\n<p>C&rsquo;est \u00e0 l&rsquo;occasion de cet accident que les destins de Claire Delval, la juge d&rsquo;instruction, et Mark Van Dyck vont se croiser. Il ne sont pas tout \u00e0 fait des inconnus l&rsquo;un pour l&rsquo;autre, car le p\u00e8re de Claire \u00e9tait l&rsquo;un des cadres du parti de Van Dyck, destitu\u00e9 suite \u00e0 une enqu\u00eate judiciaire men\u00e9e par sa propre fille.<\/p>\n<p>On demande aux r\u00e9alisatrices si les milieux de la justice et de la politique se sont vite impos\u00e9s pour aborder ces vastes questions sur la place des femmes dans la soci\u00e9t\u00e9. <em>\u00ab\u00a0On s\u2019est interrog\u00e9: o\u00f9 peut-on montrer avec \u00e9vidence la diff\u00e9rence de traitement entre les hommes et les femmes?<\/em> explique Vania Leturcq. <em>Anne nous avait parl\u00e9 de ce personnage de juge d&rsquo;instruction, et c&rsquo;est bien l\u00e0, au niveau de la justice, qu&rsquo;\u00e9merge au grand jour les violences faites au femmes. Et puis nous \u00e9tions inqui\u00e8tes par la mont\u00e9e en puissance non pas tant d\u2019une extr\u00eame-droite qui s\u2019assume, avec laquelle on sait o\u00f9 on met les pieds, mais plut\u00f4t d&rsquo;une droite conservatrice qui sous couvert de respect des valeurs familiales r\u00e9-enferme les femmes \u00e0 la maison, et tient des positions r\u00e9trogrades sur l\u2019avortement, par exemple.\u00a0\u00bb<\/em><\/p>\n<p><em>\u00ab\u00a0C\u2019\u00e9tait \u00e9galement des lieux \u00e9vidents pour traiter du th\u00e8me du pouvoir,<\/em> ajoute Savina Dellicour.<em> On pouvait y avoir des personnages principaux en position de responsabilit\u00e9. Quand ils d\u00e9cident de quelque chose, cela a un impact sur beaucoup de gens.\u00a0\u00bb \u00ab\u00a0En fait,<\/em> continue Vania Leturcq, <em>on voulait rappeler que quelque soit l\u2019ampleur de notre pouvoir, on n\u2019est tous que des \u00eatres humains, faillibles, disfonctionnels. Quand on est dans ces positions de pouvoir, la fa\u00e7on dont on vit sa famille, son intimit\u00e9, son rapport au corps, par exemple le vieillissement, va avoir des r\u00e9percussions sur plein de choses, et notamment sur la soci\u00e9t\u00e9. On ne peut pas prendre des d\u00e9cisions absolument objectives.\u00a0\u00bb<\/em><\/p>\n<h4>Engrenage<\/h4>\n<p>On change donc d&rsquo;ar\u00e8nes et de genre avec cette nouvelle s\u00e9rie. S&rsquo;il y a de l&rsquo;action, une enqu\u00eatrice, (au moins) un crime, coupables, victimes, on est aussi dans l&rsquo;\u00e9tude de moeurs, et l&rsquo;observation aiguis\u00e9e de l&rsquo;engrenage qui s&rsquo;enclenche et va engloutir petit \u00e0 petit Claire et Mark.<\/p>\n<p>Les autrices ont d&rsquo;ailleurs elle-m\u00eame binge watch\u00e9 leur lot de s\u00e9ries, pour explorer l&rsquo;art particulier de l&rsquo;\u00e9criture des s\u00e9ries, qui ne leur \u00e9tait pas famili\u00e8re. Elles les citent, de bons souvenirs, comme une partie de ping-pong, <em>Top of the Lake, I Love Dick, Succession, Borgen, Unbelievable, When They See Us<\/em>&#8230;<\/p>\n<p><em>\u00ab\u00a0On a eu un tr\u00e8s bon script doctor,<\/em> confie Savina Dellicour, <em>Willem Wallyn, un ancien avocat, dont la famille \u00e9tait en politique. Il nous a fait r\u00e9\u00e9crire tous les \u00e9pisodes en 5 actes (\u00e0 l\u2019am\u00e9ricaine, pour les quatre coupures pubs!), ce qui nous a oblig\u00e9es \u00e0 trouver plusieurs retournements par \u00e9pisode.\u00a0\u00bb<\/em><\/p>\n<p>Il y a un plaisir \u00e0 travailler en \u00e9quipe, \u00e9crire, r\u00e9fl\u00e9chir, imaginer. Le format de la s\u00e9rie apporte des nouvelles choses, une nouvelle \u00e9nergie, un nouveau timing, mais aussi une nouvelle reconnaissance. <em>\u00ab\u00a0C\u2019est tellement difficile de faire des films en Belgique,<\/em> pr\u00e9cise Vania Leturcq, <em>on est \u00e0 peine pay\u00e9 pour l\u2019\u00e9criture, le d\u00e9veloppement. Avec les s\u00e9ries, une fois qu\u2019elles sont s\u00e9lectionn\u00e9es par la RTBF, on est pay\u00e9 \u00e0 chaque \u00e9tape, pour l\u2019\u00e9criture, le d\u00e9veloppement, \u00e7a professionnalise en fait!\u00a0\u00bb<\/em><\/p>\n<figure id=\"attachment_235374\" aria-describedby=\"caption-attachment-235374\" style=\"width: 618px\" class=\"wp-caption alignnone\"><img loading=\"lazy\" decoding=\"async\" class=\"wp-image-235374 size-large\" src=\"https:\/\/www.cinevox.be\/wp-content\/uploads\/sites\/2\/2021\/02\/V.Leturcq@Tu\u0308bingen-1light-800x533.jpg\" alt=\"\" width=\"618\" height=\"412\" srcset=\"https:\/\/welovecinema.be\/wp-content\/uploads\/sites\/2\/2021\/02\/V.Leturcq@Tu\u0308bingen-1light-800x533.jpg 800w, https:\/\/welovecinema.be\/wp-content\/uploads\/sites\/2\/2021\/02\/V.Leturcq@Tu\u0308bingen-1light-405x270.jpg 405w, https:\/\/welovecinema.be\/wp-content\/uploads\/sites\/2\/2021\/02\/V.Leturcq@Tu\u0308bingen-1light-768x512.jpg 768w, https:\/\/welovecinema.be\/wp-content\/uploads\/sites\/2\/2021\/02\/V.Leturcq@Tu\u0308bingen-1light-1536x1024.jpg 1536w, https:\/\/welovecinema.be\/wp-content\/uploads\/sites\/2\/2021\/02\/V.Leturcq@Tu\u0308bingen-1light-2048x1365.jpg 2048w\" sizes=\"auto, (max-width: 618px) 100vw, 618px\" \/><figcaption id=\"caption-attachment-235374\" class=\"wp-caption-text\">Vania Leturcq<\/figcaption><\/figure>\n<p><em>\u00ab\u00a0Pendant trois ans, on allait tous les jours au bureau, avec des coll\u00e8gues,<\/em> rench\u00e9rit Savina Dellicour. <em>C\u2019est une \u00e9nergie tr\u00e8s diff\u00e9rente que de rester seule chez soi \u00e0 se demander ce qu\u2019on fait! On discute beaucoup, et le fait de devoir justifier nos intuitions en \u00e9criture, \u00e7a permet de mener une id\u00e9e jusqu\u2019au bout.\u00a0\u00bb<\/em><\/p>\n<p class=\"p1\"><em>\u00ab\u00a0On a aussi appris \u00e0 pas glorifier ce qu\u2019on \u00e9crit,<\/em> confirme Vania Leturcq. <em>Tu dois aller vite, tu \u00e9cris une s\u00e9quence le matin, tu la jettes l\u2019apr\u00e8s-midi. \u00c7a apprend l\u2019humilit\u00e9, \u00e7a apprend aussi \u00e0 accepter la critique, \u00e0 mettre l\u2019orgueil au bon endroit.\u00a0\u00bb<\/em><\/p>\n<h4>Sous surveillance<\/h4>\n<p>Une \u00e9nergie et une \u00e9mulation bien utiles pour faire face \u00e0 la situation, suite au premier confinement au printemps dernier quand le tournage a d\u00fb \u00eatre repouss\u00e9 \u00e0 deux semaines du premier clap, puis pour la reprise \u00e0 l&rsquo;automne, un tournage sous surveillance virus, un tournage masqu\u00e9, inspect\u00e9, mais un tournage malgr\u00e9 tout.<\/p>\n<p class=\"p1\"><em>\u00ab\u00a0C\u2019est s\u00fbr que cela enl\u00e8ve de la convivialit\u00e9 au tournage,<\/em> remarque Savina Dellicour, <em>la communication non verbale en prend un coup. Ce ne sont pas des conditions id\u00e9ales, mais on a eu la chance de pouvoir tourner et travailler.\u00a0\u00bb<\/em><\/p>\n<p><em>\u00ab\u00a0On ne va pas se mentir,<\/em> dit de son c\u00f4t\u00e9 Yoann Blanc, <em>c&rsquo;est dur. Ce sont des tournages longs et complexes, o\u00f9 l&rsquo;ambiance et l&rsquo;\u00e9mulation de l&rsquo;\u00e9quipe compte beaucoup, et les masques et le Covid n&rsquo;aident pas. On a clairement l\u2019impression de passer \u00e0 c\u00f4t\u00e9 de quelque chose. Mais en m\u00eame temps, on a la chance de travailler. Moi je fais beaucoup de th\u00e9\u00e2tre, donc je mesure la chance que l\u2019on a.\u00a0\u00bb<\/em><\/p>\n<p>Rendez-vous est pris \u00e0 l&rsquo;automne prochain pour d\u00e9couvrir la premi\u00e8re saison de Pandore, au g\u00e9n\u00e9rique de laquelle on retrouvera, aux c\u00f4t\u00e9s d&rsquo;Anne Coesens et Yoann Blanc, M\u00e9lissa Diarra, Myriem Akheddiou, Salom\u00e9 Richard ou encore Edwige Baily.<\/p>\n<p>&nbsp;<\/p>\n<p>&nbsp;<\/p>\n<p>&nbsp;<\/p>\n<p>&nbsp;<\/p>\n<p>&nbsp;<\/p>\n","protected":false},"excerpt":{"rendered":"<p>Vendredi 12 f\u00e9vrier, 18h, -5\u00b0. Un immense projecteur \u00e9claire les vitraux de l&rsquo;Eglise Saint Pie X \u00e0 Forest. A l&rsquo;ext\u00e9rieur, un technicien tourne sur lui-m\u00eame et souffle sur ses mains pour se r\u00e9chauffer. A l&rsquo;int\u00e9rieur, m\u00eame stratag\u00e8me. Les com\u00e9dien\u00b7nes sont emmitoufl\u00e9\u00b7es dans des doudounes de circonstance, cachent des bouillottes sous leurs \u00e9charpes. Dehors \u00e7a g\u00e8le, &hellip;<\/p>\n","protected":false},"author":343,"featured_media":231246,"comment_status":"closed","ping_status":"closed","sticky":false,"template":"","format":"standard","meta":{"ngg_post_thumbnail":0,"footnotes":""},"categories":[53,12,1978],"tags":[4187,2987,2984],"class_list":["post-235353","post","type-post","status-publish","format-standard","has-post-thumbnail","","category-coming-soon","category-awards","category-interviews","tag-newsletter-fr","tag-pandore","tag-serie"],"yoast_head":"<!-- This site is optimized with the Yoast SEO plugin v20.4 - https:\/\/yoast.com\/wordpress\/plugins\/seo\/ -->\n<title>Sur le tournage de... &quot;Pandore&quot; - We Love Cinema<\/title>\n<meta name=\"robots\" content=\"index, follow, max-snippet:-1, max-image-preview:large, max-video-preview:-1\" \/>\n<link rel=\"canonical\" href=\"https:\/\/welovecinema.be\/fr\/sur-le-tournage-de-pandore\/\" \/>\n<meta property=\"og:locale\" content=\"fr_FR\" \/>\n<meta property=\"og:type\" content=\"article\" \/>\n<meta property=\"og:title\" content=\"Sur le tournage de... &quot;Pandore&quot; - We Love Cinema\" \/>\n<meta property=\"og:description\" content=\"Vendredi 12 f\u00e9vrier, 18h, -5\u00b0. Un immense projecteur \u00e9claire les vitraux de l&rsquo;Eglise Saint Pie X \u00e0 Forest. A l&rsquo;ext\u00e9rieur, un technicien tourne sur lui-m\u00eame et souffle sur ses mains pour se r\u00e9chauffer. A l&rsquo;int\u00e9rieur, m\u00eame stratag\u00e8me. Les com\u00e9dien\u00b7nes sont emmitoufl\u00e9\u00b7es dans des doudounes de circonstance, cachent des bouillottes sous leurs \u00e9charpes. Dehors \u00e7a g\u00e8le, &hellip;\" \/>\n<meta property=\"og:url\" content=\"https:\/\/welovecinema.be\/fr\/sur-le-tournage-de-pandore\/\" \/>\n<meta property=\"og:site_name\" content=\"We Love Cinema\" \/>\n<meta property=\"article:publisher\" content=\"https:\/\/www.facebook.com\/welovecinema.be\" \/>\n<meta property=\"article:published_time\" content=\"2021-02-19T06:47:12+00:00\" \/>\n<meta property=\"article:modified_time\" content=\"2021-02-22T21:56:50+00:00\" \/>\n<meta property=\"og:image\" content=\"https:\/\/welovecinema.be\/wp-content\/uploads\/sites\/2\/2020\/09\/ClapPandore.jpg\" \/>\n\t<meta property=\"og:image:width\" content=\"1914\" \/>\n\t<meta property=\"og:image:height\" content=\"965\" \/>\n\t<meta property=\"og:image:type\" content=\"image\/jpeg\" \/>\n<meta name=\"author\" content=\"Aurore Engelen\" \/>\n<meta name=\"twitter:card\" content=\"summary_large_image\" \/>\n<meta name=\"twitter:label1\" content=\"\u00c9crit par\" \/>\n\t<meta name=\"twitter:data1\" content=\"Aurore Engelen\" \/>\n\t<meta name=\"twitter:label2\" content=\"Dur\u00e9e de lecture estim\u00e9e\" \/>\n\t<meta name=\"twitter:data2\" content=\"9 minutes\" \/>\n<script type=\"application\/ld+json\" class=\"yoast-schema-graph\">{\"@context\":\"https:\/\/schema.org\",\"@graph\":[{\"@type\":\"Article\",\"@id\":\"https:\/\/welovecinema.be\/fr\/sur-le-tournage-de-pandore\/#article\",\"isPartOf\":{\"@id\":\"https:\/\/welovecinema.be\/fr\/sur-le-tournage-de-pandore\/\"},\"author\":{\"name\":\"Aurore Engelen\",\"@id\":\"https:\/\/welovecinema.be\/nl\/#\/schema\/person\/8084b68c6b176142d073695c654dc7cf\"},\"headline\":\"Sur le tournage de&#8230; \u00ab\u00a0Pandore\u00a0\u00bb\",\"datePublished\":\"2021-02-19T06:47:12+00:00\",\"dateModified\":\"2021-02-22T21:56:50+00:00\",\"mainEntityOfPage\":{\"@id\":\"https:\/\/welovecinema.be\/fr\/sur-le-tournage-de-pandore\/\"},\"wordCount\":1969,\"publisher\":{\"@id\":\"https:\/\/welovecinema.be\/nl\/#organization\"},\"keywords\":[\"newsletter\",\"pandore\",\"s\u00e9rie\"],\"articleSection\":[\"Coming soon\",\"Evenements\",\"Rencontres\"],\"inLanguage\":\"fr-FR\"},{\"@type\":\"WebPage\",\"@id\":\"https:\/\/welovecinema.be\/fr\/sur-le-tournage-de-pandore\/\",\"url\":\"https:\/\/welovecinema.be\/fr\/sur-le-tournage-de-pandore\/\",\"name\":\"Sur le tournage de... \\\"Pandore\\\" - We Love Cinema\",\"isPartOf\":{\"@id\":\"https:\/\/welovecinema.be\/nl\/#website\"},\"datePublished\":\"2021-02-19T06:47:12+00:00\",\"dateModified\":\"2021-02-22T21:56:50+00:00\",\"breadcrumb\":{\"@id\":\"https:\/\/welovecinema.be\/fr\/sur-le-tournage-de-pandore\/#breadcrumb\"},\"inLanguage\":\"fr-FR\",\"potentialAction\":[{\"@type\":\"ReadAction\",\"target\":[\"https:\/\/welovecinema.be\/fr\/sur-le-tournage-de-pandore\/\"]}]},{\"@type\":\"BreadcrumbList\",\"@id\":\"https:\/\/welovecinema.be\/fr\/sur-le-tournage-de-pandore\/#breadcrumb\",\"itemListElement\":[{\"@type\":\"ListItem\",\"position\":1,\"name\":\"Accueil\",\"item\":\"https:\/\/welovecinema.be\/fr\/\"},{\"@type\":\"ListItem\",\"position\":2,\"name\":\"Sur le tournage de&#8230; \u00ab\u00a0Pandore\u00a0\u00bb\"}]},{\"@type\":\"WebSite\",\"@id\":\"https:\/\/welovecinema.be\/nl\/#website\",\"url\":\"https:\/\/welovecinema.be\/nl\/\",\"name\":\"We Love Cinema\",\"description\":\"Toute l\u2019information du cin\u00e9ma en Belgique\",\"publisher\":{\"@id\":\"https:\/\/welovecinema.be\/nl\/#organization\"},\"potentialAction\":[{\"@type\":\"SearchAction\",\"target\":{\"@type\":\"EntryPoint\",\"urlTemplate\":\"https:\/\/welovecinema.be\/nl\/?s={search_term_string}\"},\"query-input\":\"required name=search_term_string\"}],\"inLanguage\":\"fr-FR\"},{\"@type\":\"Organization\",\"@id\":\"https:\/\/welovecinema.be\/nl\/#organization\",\"name\":\"We Love Cinema\",\"url\":\"https:\/\/welovecinema.be\/nl\/\",\"logo\":{\"@type\":\"ImageObject\",\"inLanguage\":\"fr-FR\",\"@id\":\"https:\/\/welovecinema.be\/nl\/#\/schema\/logo\/image\/\",\"url\":\"https:\/\/welovecinema.be\/wp-content\/uploads\/sites\/2\/2023\/03\/Logo-We-Love-Cinema305x128.jpg\",\"contentUrl\":\"https:\/\/welovecinema.be\/wp-content\/uploads\/sites\/2\/2023\/03\/Logo-We-Love-Cinema305x128.jpg\",\"width\":305,\"height\":128,\"caption\":\"We Love Cinema\"},\"image\":{\"@id\":\"https:\/\/welovecinema.be\/nl\/#\/schema\/logo\/image\/\"},\"sameAs\":[\"https:\/\/www.facebook.com\/welovecinema.be\",\"https:\/\/www.youtube.com\/channel\/UCX5LYGVhnKvYauW4Nta4HJA\",\"https:\/\/www.instagram.com\/welovecinema.be\/\"]},{\"@type\":\"Person\",\"@id\":\"https:\/\/welovecinema.be\/nl\/#\/schema\/person\/8084b68c6b176142d073695c654dc7cf\",\"name\":\"Aurore Engelen\",\"url\":\"https:\/\/welovecinema.be\/fr\/author\/aurore-engelen\/\"}]}<\/script>\n<!-- \/ Yoast SEO plugin. -->","yoast_head_json":{"title":"Sur le tournage de... \"Pandore\" - We Love Cinema","robots":{"index":"index","follow":"follow","max-snippet":"max-snippet:-1","max-image-preview":"max-image-preview:large","max-video-preview":"max-video-preview:-1"},"canonical":"https:\/\/welovecinema.be\/fr\/sur-le-tournage-de-pandore\/","og_locale":"fr_FR","og_type":"article","og_title":"Sur le tournage de... \"Pandore\" - We Love Cinema","og_description":"Vendredi 12 f\u00e9vrier, 18h, -5\u00b0. Un immense projecteur \u00e9claire les vitraux de l&rsquo;Eglise Saint Pie X \u00e0 Forest. A l&rsquo;ext\u00e9rieur, un technicien tourne sur lui-m\u00eame et souffle sur ses mains pour se r\u00e9chauffer. A l&rsquo;int\u00e9rieur, m\u00eame stratag\u00e8me. Les com\u00e9dien\u00b7nes sont emmitoufl\u00e9\u00b7es dans des doudounes de circonstance, cachent des bouillottes sous leurs \u00e9charpes. Dehors \u00e7a g\u00e8le, &hellip;","og_url":"https:\/\/welovecinema.be\/fr\/sur-le-tournage-de-pandore\/","og_site_name":"We Love Cinema","article_publisher":"https:\/\/www.facebook.com\/welovecinema.be","article_published_time":"2021-02-19T06:47:12+00:00","article_modified_time":"2021-02-22T21:56:50+00:00","og_image":[{"width":1914,"height":965,"url":"https:\/\/welovecinema.be\/wp-content\/uploads\/sites\/2\/2020\/09\/ClapPandore.jpg","type":"image\/jpeg"}],"author":"Aurore Engelen","twitter_card":"summary_large_image","twitter_misc":{"\u00c9crit par":"Aurore Engelen","Dur\u00e9e de lecture estim\u00e9e":"9 minutes"},"schema":{"@context":"https:\/\/schema.org","@graph":[{"@type":"Article","@id":"https:\/\/welovecinema.be\/fr\/sur-le-tournage-de-pandore\/#article","isPartOf":{"@id":"https:\/\/welovecinema.be\/fr\/sur-le-tournage-de-pandore\/"},"author":{"name":"Aurore Engelen","@id":"https:\/\/welovecinema.be\/nl\/#\/schema\/person\/8084b68c6b176142d073695c654dc7cf"},"headline":"Sur le tournage de&#8230; \u00ab\u00a0Pandore\u00a0\u00bb","datePublished":"2021-02-19T06:47:12+00:00","dateModified":"2021-02-22T21:56:50+00:00","mainEntityOfPage":{"@id":"https:\/\/welovecinema.be\/fr\/sur-le-tournage-de-pandore\/"},"wordCount":1969,"publisher":{"@id":"https:\/\/welovecinema.be\/nl\/#organization"},"keywords":["newsletter","pandore","s\u00e9rie"],"articleSection":["Coming soon","Evenements","Rencontres"],"inLanguage":"fr-FR"},{"@type":"WebPage","@id":"https:\/\/welovecinema.be\/fr\/sur-le-tournage-de-pandore\/","url":"https:\/\/welovecinema.be\/fr\/sur-le-tournage-de-pandore\/","name":"Sur le tournage de... \"Pandore\" - We Love Cinema","isPartOf":{"@id":"https:\/\/welovecinema.be\/nl\/#website"},"datePublished":"2021-02-19T06:47:12+00:00","dateModified":"2021-02-22T21:56:50+00:00","breadcrumb":{"@id":"https:\/\/welovecinema.be\/fr\/sur-le-tournage-de-pandore\/#breadcrumb"},"inLanguage":"fr-FR","potentialAction":[{"@type":"ReadAction","target":["https:\/\/welovecinema.be\/fr\/sur-le-tournage-de-pandore\/"]}]},{"@type":"BreadcrumbList","@id":"https:\/\/welovecinema.be\/fr\/sur-le-tournage-de-pandore\/#breadcrumb","itemListElement":[{"@type":"ListItem","position":1,"name":"Accueil","item":"https:\/\/welovecinema.be\/fr\/"},{"@type":"ListItem","position":2,"name":"Sur le tournage de&#8230; \u00ab\u00a0Pandore\u00a0\u00bb"}]},{"@type":"WebSite","@id":"https:\/\/welovecinema.be\/nl\/#website","url":"https:\/\/welovecinema.be\/nl\/","name":"We Love Cinema","description":"Toute l\u2019information du cin\u00e9ma en Belgique","publisher":{"@id":"https:\/\/welovecinema.be\/nl\/#organization"},"potentialAction":[{"@type":"SearchAction","target":{"@type":"EntryPoint","urlTemplate":"https:\/\/welovecinema.be\/nl\/?s={search_term_string}"},"query-input":"required name=search_term_string"}],"inLanguage":"fr-FR"},{"@type":"Organization","@id":"https:\/\/welovecinema.be\/nl\/#organization","name":"We Love Cinema","url":"https:\/\/welovecinema.be\/nl\/","logo":{"@type":"ImageObject","inLanguage":"fr-FR","@id":"https:\/\/welovecinema.be\/nl\/#\/schema\/logo\/image\/","url":"https:\/\/welovecinema.be\/wp-content\/uploads\/sites\/2\/2023\/03\/Logo-We-Love-Cinema305x128.jpg","contentUrl":"https:\/\/welovecinema.be\/wp-content\/uploads\/sites\/2\/2023\/03\/Logo-We-Love-Cinema305x128.jpg","width":305,"height":128,"caption":"We Love Cinema"},"image":{"@id":"https:\/\/welovecinema.be\/nl\/#\/schema\/logo\/image\/"},"sameAs":["https:\/\/www.facebook.com\/welovecinema.be","https:\/\/www.youtube.com\/channel\/UCX5LYGVhnKvYauW4Nta4HJA","https:\/\/www.instagram.com\/welovecinema.be\/"]},{"@type":"Person","@id":"https:\/\/welovecinema.be\/nl\/#\/schema\/person\/8084b68c6b176142d073695c654dc7cf","name":"Aurore Engelen","url":"https:\/\/welovecinema.be\/fr\/author\/aurore-engelen\/"}]}},"_links":{"self":[{"href":"https:\/\/welovecinema.be\/fr\/wp-json\/wp\/v2\/posts\/235353","targetHints":{"allow":["GET"]}}],"collection":[{"href":"https:\/\/welovecinema.be\/fr\/wp-json\/wp\/v2\/posts"}],"about":[{"href":"https:\/\/welovecinema.be\/fr\/wp-json\/wp\/v2\/types\/post"}],"author":[{"embeddable":true,"href":"https:\/\/welovecinema.be\/fr\/wp-json\/wp\/v2\/users\/343"}],"replies":[{"embeddable":true,"href":"https:\/\/welovecinema.be\/fr\/wp-json\/wp\/v2\/comments?post=235353"}],"version-history":[{"count":0,"href":"https:\/\/welovecinema.be\/fr\/wp-json\/wp\/v2\/posts\/235353\/revisions"}],"wp:featuredmedia":[{"embeddable":true,"href":"https:\/\/welovecinema.be\/fr\/wp-json\/wp\/v2\/media\/231246"}],"wp:attachment":[{"href":"https:\/\/welovecinema.be\/fr\/wp-json\/wp\/v2\/media?parent=235353"}],"wp:term":[{"taxonomy":"category","embeddable":true,"href":"https:\/\/welovecinema.be\/fr\/wp-json\/wp\/v2\/categories?post=235353"},{"taxonomy":"post_tag","embeddable":true,"href":"https:\/\/welovecinema.be\/fr\/wp-json\/wp\/v2\/tags?post=235353"}],"curies":[{"name":"wp","href":"https:\/\/api.w.org\/{rel}","templated":true}]}}