{"id":234538,"date":"2021-01-11T12:29:08","date_gmt":"2021-01-11T11:29:08","guid":{"rendered":"https:\/\/www.cinevox.be\/?p=234538"},"modified":"2021-01-13T14:08:49","modified_gmt":"2021-01-13T13:08:49","slug":"filles-de-joie-pour-my-french-film-festival","status":"publish","type":"post","link":"https:\/\/welovecinema.be\/fr\/filles-de-joie-pour-my-french-film-festival\/","title":{"rendered":"\u00ab\u00a0Filles de joie\u00a0\u00bb pour My French Film Festival"},"content":{"rendered":"<p><strong>Une s\u00e9lection riche et vivante de films francophones dans votre salon, c&rsquo;est possible d\u00e8s le 15 janvier prochain, gr\u00e2ce \u00e0 My French Film Festival, qui est de retour avec des longs et courts-m\u00e9trages, ainsi que des \u0153uvres en r\u00e9alit\u00e9 virtuelle, sous-titr\u00e9s en 10 langues et disponibles dans le monde entier jusqu&rsquo;au 15 f\u00e9vrier 2021. Les films seront disponibles d\u00e8s le 15 janvier sur la plateforme\u00a0<a href=\"https:\/\/www.myfrenchfilmfestival.com\/fr\/\" target=\"_blank\" rel=\"noopener noreferrer\">MyFrenchFilmFestival.com<\/a> et sur plus de soixante plateformes partenaires \u00e0 travers le monde. Les courts-m\u00e9trages y seront propos\u00e9s gratuitement pour le monde entier, et les longs-m\u00e9trages accessibles \u00e0 l\u2019unit\u00e9 pour 1,99 \u20ac (ou 7,99 \u20ac le pack).<\/strong><\/p>\n<p>Parmi ces films, on retrouve deux films belges.<\/p>\n<p><a href=\"https:\/\/www.cinevox.be\/fr\/filles-de-joie-super-heroines\/\"><em><strong>Filles de Joie<\/strong><\/em><\/a> de Fr\u00e9d\u00e9ric Fonteyne et Anne Paulicevich, sorti en f\u00e9vrier dernier (souvenez-vous, nous avions organis\u00e9 avec leur complicit\u00e9 un Cinevox Happening exceptionnel \u00e0 l&rsquo;occasion des Magritte du Cin\u00e9ma), sera donc disponible d\u00e8s le 15 janvier prochain. Le film suit le parcours de trois femmes, trois super-h\u00e9ro\u00efnes du quotidien, qui chaque jour traversent la fronti\u00e8re \u00e0 l&rsquo;insu de leurs proches pour travailler dans une maison close en Belgique. Filles de joie, c&rsquo;est la lutte quotidienne de trois femmes d\u00e9termin\u00e9es \u00e0 s&rsquo;en sortir, par tous les moyens.<\/p>\n<p>Au g\u00e9n\u00e9rique de ce film fort et percutant, il fallait trois actrices hors normes. Sara Forestier, No\u00e9mie Lvovsky et Annabelle Lengronne incarnent avec une folle \u00e9nergie Axelle, Conso et Dominique, alli\u00e9es malgr\u00e9 elle, pour le pire bien s\u00fbr, mais aussi pour le meilleur. Le film repr\u00e9sente la Belgique pour la course \u00e0 l&rsquo;Oscar du Meilleur film \u00e9tranger.<\/p>\n<p><img loading=\"lazy\" decoding=\"async\" class=\"alignnone size-full wp-image-233424\" src=\"https:\/\/www.cinevox.be\/wp-content\/uploads\/sites\/2\/2020\/11\/Famille-Nucleaire-Faustine-Crespy.png\" alt=\"\" width=\"500\" height=\"281\" srcset=\"https:\/\/welovecinema.be\/wp-content\/uploads\/sites\/2\/2020\/11\/Famille-Nucleaire-Faustine-Crespy.png 500w, https:\/\/welovecinema.be\/wp-content\/uploads\/sites\/2\/2020\/11\/Famille-Nucleaire-Faustine-Crespy-480x270.png 480w, https:\/\/welovecinema.be\/wp-content\/uploads\/sites\/2\/2020\/11\/Famille-Nucleaire-Faustine-Crespy-200x113.png 200w\" sizes=\"auto, (max-width: 500px) 100vw, 500px\" \/><\/p>\n<p>On retrouvera \u00e9galement, gratuitement donc, <em><strong>Famille Nucl\u00e9aire<\/strong><\/em>, le court m\u00e9trage de Faustine Crespy, avec dans les r\u00f4les principaux le jeune com\u00e9dien Louka Minella, une r\u00e9v\u00e9lation, que l&rsquo;on retrouvera bient\u00f4t en t\u00eate d&rsquo;affiche de la s\u00e9rie <em>Coyotes<\/em> (on vous en parle <a href=\"https:\/\/www.cinevox.be\/fr\/a-la-rencontre-des-coyotes\/\">ici<\/a>), et qui a d&rsquo;ailleurs re\u00e7u le Prix d&rsquo;interpr\u00e9tation masculine au Festival Le Court en dit long pour ce r\u00f4le, et l&rsquo;incroyable Catherine Grosjean, actrice rare \u00e0 l&rsquo;\u00e9cran, que l&rsquo;on voit plus souvent sur les planches.<\/p>\n<p>Jules, 18 ans, passe ses vacances \u00e0 contrec\u0153ur dans le camping naturiste de son enfance. Il est tiraill\u00e9 entre son attirance pour le beau Karim, saisonnier sur la plage des textiles, et la d\u00e9pression de sa m\u00e8re Ad\u00e8le, qui refuse de le laisser grandir.<\/p>\n<p>L\u00e0 aussi, le film sera disponible du 15 janvier au 15 f\u00e9vrier, et \u00e7a se passera <a href=\"https:\/\/www.myfrenchfilmfestival.com\/fr\/\">ici<\/a>.<\/p>\n","protected":false},"excerpt":{"rendered":"<p>Une s\u00e9lection riche et vivante de films francophones dans votre salon, c&rsquo;est possible d\u00e8s le 15 janvier prochain, gr\u00e2ce \u00e0 My French Film Festival, qui est de retour avec des longs et courts-m\u00e9trages, ainsi que des \u0153uvres en r\u00e9alit\u00e9 virtuelle, sous-titr\u00e9s en 10 langues et disponibles dans le monde entier jusqu&rsquo;au 15 f\u00e9vrier 2021. Les &hellip;<\/p>\n","protected":false},"author":343,"featured_media":225570,"comment_status":"closed","ping_status":"closed","sticky":false,"template":"","format":"standard","meta":{"ngg_post_thumbnail":0,"footnotes":""},"categories":[53],"tags":[4775,4187],"class_list":["post-234538","post","type-post","status-publish","format-standard","has-post-thumbnail","","category-coming-soon","tag-filles-de-joie","tag-newsletter-fr"],"yoast_head":"<!-- This site is optimized with the Yoast SEO plugin v20.4 - https:\/\/yoast.com\/wordpress\/plugins\/seo\/ -->\n<title>&quot;Filles de joie&quot; pour My French Film Festival - We Love Cinema<\/title>\n<meta name=\"robots\" content=\"index, follow, max-snippet:-1, max-image-preview:large, max-video-preview:-1\" \/>\n<link rel=\"canonical\" href=\"https:\/\/welovecinema.be\/fr\/filles-de-joie-pour-my-french-film-festival\/\" \/>\n<meta property=\"og:locale\" content=\"fr_FR\" \/>\n<meta property=\"og:type\" content=\"article\" \/>\n<meta property=\"og:title\" content=\"&quot;Filles de joie&quot; pour My French Film Festival - We Love Cinema\" \/>\n<meta property=\"og:description\" content=\"Une s\u00e9lection riche et vivante de films francophones dans votre salon, c&rsquo;est possible d\u00e8s le 15 janvier prochain, gr\u00e2ce \u00e0 My French Film Festival, qui est de retour avec des longs et courts-m\u00e9trages, ainsi que des \u0153uvres en r\u00e9alit\u00e9 virtuelle, sous-titr\u00e9s en 10 langues et disponibles dans le monde entier jusqu&rsquo;au 15 f\u00e9vrier 2021. Les &hellip;\" \/>\n<meta property=\"og:url\" content=\"https:\/\/welovecinema.be\/fr\/filles-de-joie-pour-my-french-film-festival\/\" \/>\n<meta property=\"og:site_name\" content=\"We Love Cinema\" \/>\n<meta property=\"article:publisher\" content=\"https:\/\/www.facebook.com\/welovecinema.be\" \/>\n<meta property=\"article:published_time\" content=\"2021-01-11T11:29:08+00:00\" \/>\n<meta property=\"article:modified_time\" content=\"2021-01-13T13:08:49+00:00\" \/>\n<meta property=\"og:image\" content=\"https:\/\/welovecinema.be\/wp-content\/uploads\/sites\/2\/2019\/12\/8.jpg\" \/>\n\t<meta property=\"og:image:width\" content=\"1960\" \/>\n\t<meta property=\"og:image:height\" content=\"1181\" \/>\n\t<meta property=\"og:image:type\" content=\"image\/jpeg\" \/>\n<meta name=\"author\" content=\"Aurore Engelen\" \/>\n<meta name=\"twitter:card\" content=\"summary_large_image\" \/>\n<meta name=\"twitter:label1\" content=\"\u00c9crit par\" \/>\n\t<meta name=\"twitter:data1\" content=\"Aurore Engelen\" \/>\n\t<meta name=\"twitter:label2\" content=\"Dur\u00e9e de lecture estim\u00e9e\" \/>\n\t<meta name=\"twitter:data2\" content=\"2 minutes\" \/>\n<script type=\"application\/ld+json\" class=\"yoast-schema-graph\">{\"@context\":\"https:\/\/schema.org\",\"@graph\":[{\"@type\":\"Article\",\"@id\":\"https:\/\/welovecinema.be\/fr\/filles-de-joie-pour-my-french-film-festival\/#article\",\"isPartOf\":{\"@id\":\"https:\/\/welovecinema.be\/fr\/filles-de-joie-pour-my-french-film-festival\/\"},\"author\":{\"name\":\"Aurore Engelen\",\"@id\":\"https:\/\/welovecinema.be\/nl\/#\/schema\/person\/8084b68c6b176142d073695c654dc7cf\"},\"headline\":\"\u00ab\u00a0Filles de joie\u00a0\u00bb pour My French Film Festival\",\"datePublished\":\"2021-01-11T11:29:08+00:00\",\"dateModified\":\"2021-01-13T13:08:49+00:00\",\"mainEntityOfPage\":{\"@id\":\"https:\/\/welovecinema.be\/fr\/filles-de-joie-pour-my-french-film-festival\/\"},\"wordCount\":436,\"publisher\":{\"@id\":\"https:\/\/welovecinema.be\/nl\/#organization\"},\"keywords\":[\"Filles de joie\",\"newsletter\"],\"articleSection\":[\"Coming soon\"],\"inLanguage\":\"fr-FR\"},{\"@type\":\"WebPage\",\"@id\":\"https:\/\/welovecinema.be\/fr\/filles-de-joie-pour-my-french-film-festival\/\",\"url\":\"https:\/\/welovecinema.be\/fr\/filles-de-joie-pour-my-french-film-festival\/\",\"name\":\"\\\"Filles de joie\\\" pour My French Film Festival - We Love Cinema\",\"isPartOf\":{\"@id\":\"https:\/\/welovecinema.be\/nl\/#website\"},\"datePublished\":\"2021-01-11T11:29:08+00:00\",\"dateModified\":\"2021-01-13T13:08:49+00:00\",\"breadcrumb\":{\"@id\":\"https:\/\/welovecinema.be\/fr\/filles-de-joie-pour-my-french-film-festival\/#breadcrumb\"},\"inLanguage\":\"fr-FR\",\"potentialAction\":[{\"@type\":\"ReadAction\",\"target\":[\"https:\/\/welovecinema.be\/fr\/filles-de-joie-pour-my-french-film-festival\/\"]}]},{\"@type\":\"BreadcrumbList\",\"@id\":\"https:\/\/welovecinema.be\/fr\/filles-de-joie-pour-my-french-film-festival\/#breadcrumb\",\"itemListElement\":[{\"@type\":\"ListItem\",\"position\":1,\"name\":\"Accueil\",\"item\":\"https:\/\/welovecinema.be\/fr\/\"},{\"@type\":\"ListItem\",\"position\":2,\"name\":\"\u00ab\u00a0Filles de joie\u00a0\u00bb pour My French Film Festival\"}]},{\"@type\":\"WebSite\",\"@id\":\"https:\/\/welovecinema.be\/nl\/#website\",\"url\":\"https:\/\/welovecinema.be\/nl\/\",\"name\":\"We Love Cinema\",\"description\":\"Toute l\u2019information du cin\u00e9ma en Belgique\",\"publisher\":{\"@id\":\"https:\/\/welovecinema.be\/nl\/#organization\"},\"potentialAction\":[{\"@type\":\"SearchAction\",\"target\":{\"@type\":\"EntryPoint\",\"urlTemplate\":\"https:\/\/welovecinema.be\/nl\/?s={search_term_string}\"},\"query-input\":\"required name=search_term_string\"}],\"inLanguage\":\"fr-FR\"},{\"@type\":\"Organization\",\"@id\":\"https:\/\/welovecinema.be\/nl\/#organization\",\"name\":\"We Love Cinema\",\"url\":\"https:\/\/welovecinema.be\/nl\/\",\"logo\":{\"@type\":\"ImageObject\",\"inLanguage\":\"fr-FR\",\"@id\":\"https:\/\/welovecinema.be\/nl\/#\/schema\/logo\/image\/\",\"url\":\"https:\/\/welovecinema.be\/wp-content\/uploads\/sites\/2\/2023\/03\/Logo-We-Love-Cinema305x128.jpg\",\"contentUrl\":\"https:\/\/welovecinema.be\/wp-content\/uploads\/sites\/2\/2023\/03\/Logo-We-Love-Cinema305x128.jpg\",\"width\":305,\"height\":128,\"caption\":\"We Love Cinema\"},\"image\":{\"@id\":\"https:\/\/welovecinema.be\/nl\/#\/schema\/logo\/image\/\"},\"sameAs\":[\"https:\/\/www.facebook.com\/welovecinema.be\",\"https:\/\/www.youtube.com\/channel\/UCX5LYGVhnKvYauW4Nta4HJA\",\"https:\/\/www.instagram.com\/welovecinema.be\/\"]},{\"@type\":\"Person\",\"@id\":\"https:\/\/welovecinema.be\/nl\/#\/schema\/person\/8084b68c6b176142d073695c654dc7cf\",\"name\":\"Aurore Engelen\",\"url\":\"https:\/\/welovecinema.be\/fr\/author\/aurore-engelen\/\"}]}<\/script>\n<!-- \/ Yoast SEO plugin. -->","yoast_head_json":{"title":"\"Filles de joie\" pour My French Film Festival - We Love Cinema","robots":{"index":"index","follow":"follow","max-snippet":"max-snippet:-1","max-image-preview":"max-image-preview:large","max-video-preview":"max-video-preview:-1"},"canonical":"https:\/\/welovecinema.be\/fr\/filles-de-joie-pour-my-french-film-festival\/","og_locale":"fr_FR","og_type":"article","og_title":"\"Filles de joie\" pour My French Film Festival - We Love Cinema","og_description":"Une s\u00e9lection riche et vivante de films francophones dans votre salon, c&rsquo;est possible d\u00e8s le 15 janvier prochain, gr\u00e2ce \u00e0 My French Film Festival, qui est de retour avec des longs et courts-m\u00e9trages, ainsi que des \u0153uvres en r\u00e9alit\u00e9 virtuelle, sous-titr\u00e9s en 10 langues et disponibles dans le monde entier jusqu&rsquo;au 15 f\u00e9vrier 2021. Les &hellip;","og_url":"https:\/\/welovecinema.be\/fr\/filles-de-joie-pour-my-french-film-festival\/","og_site_name":"We Love Cinema","article_publisher":"https:\/\/www.facebook.com\/welovecinema.be","article_published_time":"2021-01-11T11:29:08+00:00","article_modified_time":"2021-01-13T13:08:49+00:00","og_image":[{"width":1960,"height":1181,"url":"https:\/\/welovecinema.be\/wp-content\/uploads\/sites\/2\/2019\/12\/8.jpg","type":"image\/jpeg"}],"author":"Aurore Engelen","twitter_card":"summary_large_image","twitter_misc":{"\u00c9crit par":"Aurore Engelen","Dur\u00e9e de lecture estim\u00e9e":"2 minutes"},"schema":{"@context":"https:\/\/schema.org","@graph":[{"@type":"Article","@id":"https:\/\/welovecinema.be\/fr\/filles-de-joie-pour-my-french-film-festival\/#article","isPartOf":{"@id":"https:\/\/welovecinema.be\/fr\/filles-de-joie-pour-my-french-film-festival\/"},"author":{"name":"Aurore Engelen","@id":"https:\/\/welovecinema.be\/nl\/#\/schema\/person\/8084b68c6b176142d073695c654dc7cf"},"headline":"\u00ab\u00a0Filles de joie\u00a0\u00bb pour My French Film Festival","datePublished":"2021-01-11T11:29:08+00:00","dateModified":"2021-01-13T13:08:49+00:00","mainEntityOfPage":{"@id":"https:\/\/welovecinema.be\/fr\/filles-de-joie-pour-my-french-film-festival\/"},"wordCount":436,"publisher":{"@id":"https:\/\/welovecinema.be\/nl\/#organization"},"keywords":["Filles de joie","newsletter"],"articleSection":["Coming soon"],"inLanguage":"fr-FR"},{"@type":"WebPage","@id":"https:\/\/welovecinema.be\/fr\/filles-de-joie-pour-my-french-film-festival\/","url":"https:\/\/welovecinema.be\/fr\/filles-de-joie-pour-my-french-film-festival\/","name":"\"Filles de joie\" pour My French Film Festival - We Love Cinema","isPartOf":{"@id":"https:\/\/welovecinema.be\/nl\/#website"},"datePublished":"2021-01-11T11:29:08+00:00","dateModified":"2021-01-13T13:08:49+00:00","breadcrumb":{"@id":"https:\/\/welovecinema.be\/fr\/filles-de-joie-pour-my-french-film-festival\/#breadcrumb"},"inLanguage":"fr-FR","potentialAction":[{"@type":"ReadAction","target":["https:\/\/welovecinema.be\/fr\/filles-de-joie-pour-my-french-film-festival\/"]}]},{"@type":"BreadcrumbList","@id":"https:\/\/welovecinema.be\/fr\/filles-de-joie-pour-my-french-film-festival\/#breadcrumb","itemListElement":[{"@type":"ListItem","position":1,"name":"Accueil","item":"https:\/\/welovecinema.be\/fr\/"},{"@type":"ListItem","position":2,"name":"\u00ab\u00a0Filles de joie\u00a0\u00bb pour My French Film Festival"}]},{"@type":"WebSite","@id":"https:\/\/welovecinema.be\/nl\/#website","url":"https:\/\/welovecinema.be\/nl\/","name":"We Love Cinema","description":"Toute l\u2019information du cin\u00e9ma en Belgique","publisher":{"@id":"https:\/\/welovecinema.be\/nl\/#organization"},"potentialAction":[{"@type":"SearchAction","target":{"@type":"EntryPoint","urlTemplate":"https:\/\/welovecinema.be\/nl\/?s={search_term_string}"},"query-input":"required name=search_term_string"}],"inLanguage":"fr-FR"},{"@type":"Organization","@id":"https:\/\/welovecinema.be\/nl\/#organization","name":"We Love Cinema","url":"https:\/\/welovecinema.be\/nl\/","logo":{"@type":"ImageObject","inLanguage":"fr-FR","@id":"https:\/\/welovecinema.be\/nl\/#\/schema\/logo\/image\/","url":"https:\/\/welovecinema.be\/wp-content\/uploads\/sites\/2\/2023\/03\/Logo-We-Love-Cinema305x128.jpg","contentUrl":"https:\/\/welovecinema.be\/wp-content\/uploads\/sites\/2\/2023\/03\/Logo-We-Love-Cinema305x128.jpg","width":305,"height":128,"caption":"We Love Cinema"},"image":{"@id":"https:\/\/welovecinema.be\/nl\/#\/schema\/logo\/image\/"},"sameAs":["https:\/\/www.facebook.com\/welovecinema.be","https:\/\/www.youtube.com\/channel\/UCX5LYGVhnKvYauW4Nta4HJA","https:\/\/www.instagram.com\/welovecinema.be\/"]},{"@type":"Person","@id":"https:\/\/welovecinema.be\/nl\/#\/schema\/person\/8084b68c6b176142d073695c654dc7cf","name":"Aurore Engelen","url":"https:\/\/welovecinema.be\/fr\/author\/aurore-engelen\/"}]}},"_links":{"self":[{"href":"https:\/\/welovecinema.be\/fr\/wp-json\/wp\/v2\/posts\/234538","targetHints":{"allow":["GET"]}}],"collection":[{"href":"https:\/\/welovecinema.be\/fr\/wp-json\/wp\/v2\/posts"}],"about":[{"href":"https:\/\/welovecinema.be\/fr\/wp-json\/wp\/v2\/types\/post"}],"author":[{"embeddable":true,"href":"https:\/\/welovecinema.be\/fr\/wp-json\/wp\/v2\/users\/343"}],"replies":[{"embeddable":true,"href":"https:\/\/welovecinema.be\/fr\/wp-json\/wp\/v2\/comments?post=234538"}],"version-history":[{"count":0,"href":"https:\/\/welovecinema.be\/fr\/wp-json\/wp\/v2\/posts\/234538\/revisions"}],"wp:featuredmedia":[{"embeddable":true,"href":"https:\/\/welovecinema.be\/fr\/wp-json\/wp\/v2\/media\/225570"}],"wp:attachment":[{"href":"https:\/\/welovecinema.be\/fr\/wp-json\/wp\/v2\/media?parent=234538"}],"wp:term":[{"taxonomy":"category","embeddable":true,"href":"https:\/\/welovecinema.be\/fr\/wp-json\/wp\/v2\/categories?post=234538"},{"taxonomy":"post_tag","embeddable":true,"href":"https:\/\/welovecinema.be\/fr\/wp-json\/wp\/v2\/tags?post=234538"}],"curies":[{"name":"wp","href":"https:\/\/api.w.org\/{rel}","templated":true}]}}