{"id":233850,"date":"2020-12-15T11:52:23","date_gmt":"2020-12-15T10:52:23","guid":{"rendered":"https:\/\/www.cinevox.be\/?p=233850"},"modified":"2020-12-15T11:52:23","modified_gmt":"2020-12-15T10:52:23","slug":"casting-role-principal-les-indociles-serie-de-delphine-lehericey","status":"publish","type":"post","link":"https:\/\/welovecinema.be\/fr\/casting-role-principal-les-indociles-serie-de-delphine-lehericey\/","title":{"rendered":"Casting r\u00f4le principal, \u00ab\u00a0Les Indociles\u00a0\u00bb, s\u00e9rie de Delphine Lehericey"},"content":{"rendered":"<div class=\"bi6gxh9e\"><strong><span class=\"d2edcug0 hpfvmrgz qv66sw1b c1et5uql oi732d6d ik7dh3pa fgxwclzu jq4qci2q a3bd9o3v knj5qynh oo9gr5id\">ADK-KASTING recherche, pour un des r\u00f4les principaux de la s\u00e9rie <em>Les Indociles<\/em>, r\u00e9alis\u00e9e par Delphine Lehericey et produite par Box Productions:<\/span><\/strong><\/div>\n<div class=\"bi6gxh9e\"><\/div>\n<ul class=\"bi6gxh9e aov4n071 fjf4s8hc mf5omzu7\">\n<li>\n<div class=\"bi6gxh9e\"><span class=\"d2edcug0 hpfvmrgz qv66sw1b c1et5uql oi732d6d ik7dh3pa fgxwclzu jq4qci2q a3bd9o3v knj5qynh oo9gr5id\">une jeune femme (18 &#8211; 30 ans), parlant l&rsquo;Italien (langue maternelle) et le Fran\u00e7ais,\u00a0<u>domicili\u00e9e en Belgique ou en Suisse!<\/u><\/span><\/div>\n<\/li>\n<\/ul>\n<div class=\"bi6gxh9e\"><\/div>\n<div class=\"bi6gxh9e\"><span class=\"d2edcug0 hpfvmrgz qv66sw1b c1et5uql oi732d6d ik7dh3pa fgxwclzu jq4qci2q a3bd9o3v knj5qynh oo9gr5id\">Tournage, en Suisse, d\u00e9but 2022.<\/span><\/div>\n<div class=\"bi6gxh9e\"><\/div>\n<div class=\"bi6gxh9e\"><span class=\"d2edcug0 hpfvmrgz qv66sw1b c1et5uql oi732d6d ik7dh3pa fgxwclzu jq4qci2q a3bd9o3v knj5qynh oo9gr5id\">Merci d&rsquo;envoyer une ou deux photo(s) r\u00e9cente(s), votre CV, une vid\u00e9o de pr\u00e9sentation dans les deux langues et vos coordonn\u00e9es compl\u00e8tes\u00a0\u00e0 : michael@adk-kasting.com<\/span><\/div>\n","protected":false},"excerpt":{"rendered":"<p>ADK-KASTING recherche, pour un des r\u00f4les principaux de la s\u00e9rie Les Indociles, r\u00e9alis\u00e9e par Delphine Lehericey et produite par Box Productions: une jeune femme (18 &#8211; 30 ans), parlant l&rsquo;Italien (langue maternelle) et le Fran\u00e7ais,\u00a0domicili\u00e9e en Belgique ou en Suisse! Tournage, en Suisse, d\u00e9but 2022. Merci d&rsquo;envoyer une ou deux photo(s) r\u00e9cente(s), votre CV, une &hellip;<\/p>\n","protected":false},"author":343,"featured_media":233851,"comment_status":"closed","ping_status":"closed","sticky":false,"template":"","format":"standard","meta":{"ngg_post_thumbnail":0,"footnotes":""},"categories":[20],"tags":[],"class_list":["post-233850","post","type-post","status-publish","format-standard","has-post-thumbnail","","category-cinejobs"],"yoast_head":"<!-- This site is optimized with the Yoast SEO plugin v20.4 - https:\/\/yoast.com\/wordpress\/plugins\/seo\/ -->\n<title>Casting r\u00f4le principal, &quot;Les Indociles&quot;, s\u00e9rie de Delphine Lehericey - We Love Cinema<\/title>\n<meta name=\"robots\" content=\"index, follow, max-snippet:-1, max-image-preview:large, max-video-preview:-1\" \/>\n<link rel=\"canonical\" href=\"https:\/\/welovecinema.be\/fr\/casting-role-principal-les-indociles-serie-de-delphine-lehericey\/\" \/>\n<meta property=\"og:locale\" content=\"fr_FR\" \/>\n<meta property=\"og:type\" content=\"article\" \/>\n<meta property=\"og:title\" content=\"Casting r\u00f4le principal, &quot;Les Indociles&quot;, s\u00e9rie de Delphine Lehericey - We Love Cinema\" \/>\n<meta property=\"og:description\" content=\"ADK-KASTING recherche, pour un des r\u00f4les principaux de la s\u00e9rie Les Indociles, r\u00e9alis\u00e9e par Delphine Lehericey et produite par Box Productions: une jeune femme (18 &#8211; 30 ans), parlant l&rsquo;Italien (langue maternelle) et le Fran\u00e7ais,\u00a0domicili\u00e9e en Belgique ou en Suisse! Tournage, en Suisse, d\u00e9but 2022. Merci d&rsquo;envoyer une ou deux photo(s) r\u00e9cente(s), votre CV, une &hellip;\" \/>\n<meta property=\"og:url\" content=\"https:\/\/welovecinema.be\/fr\/casting-role-principal-les-indociles-serie-de-delphine-lehericey\/\" \/>\n<meta property=\"og:site_name\" content=\"We Love Cinema\" \/>\n<meta property=\"article:publisher\" content=\"https:\/\/www.facebook.com\/welovecinema.be\" \/>\n<meta property=\"article:published_time\" content=\"2020-12-15T10:52:23+00:00\" \/>\n<meta property=\"og:image\" content=\"https:\/\/welovecinema.be\/wp-content\/uploads\/sites\/2\/2020\/12\/131267730_1765483816956287_5716956699141100172_n.jpg\" \/>\n\t<meta property=\"og:image:width\" content=\"792\" \/>\n\t<meta property=\"og:image:height\" content=\"560\" \/>\n\t<meta property=\"og:image:type\" content=\"image\/jpeg\" \/>\n<meta name=\"author\" content=\"Aurore Engelen\" \/>\n<meta name=\"twitter:card\" content=\"summary_large_image\" \/>\n<meta name=\"twitter:label1\" content=\"\u00c9crit par\" \/>\n\t<meta name=\"twitter:data1\" content=\"Aurore Engelen\" \/>\n<script type=\"application\/ld+json\" class=\"yoast-schema-graph\">{\"@context\":\"https:\/\/schema.org\",\"@graph\":[{\"@type\":\"Article\",\"@id\":\"https:\/\/welovecinema.be\/fr\/casting-role-principal-les-indociles-serie-de-delphine-lehericey\/#article\",\"isPartOf\":{\"@id\":\"https:\/\/welovecinema.be\/fr\/casting-role-principal-les-indociles-serie-de-delphine-lehericey\/\"},\"author\":{\"name\":\"Aurore Engelen\",\"@id\":\"https:\/\/welovecinema.be\/nl\/#\/schema\/person\/8084b68c6b176142d073695c654dc7cf\"},\"headline\":\"Casting r\u00f4le principal, \u00ab\u00a0Les Indociles\u00a0\u00bb, s\u00e9rie de Delphine Lehericey\",\"datePublished\":\"2020-12-15T10:52:23+00:00\",\"dateModified\":\"2020-12-15T10:52:23+00:00\",\"mainEntityOfPage\":{\"@id\":\"https:\/\/welovecinema.be\/fr\/casting-role-principal-les-indociles-serie-de-delphine-lehericey\/\"},\"wordCount\":94,\"publisher\":{\"@id\":\"https:\/\/welovecinema.be\/nl\/#organization\"},\"articleSection\":[\"Cinejobs\"],\"inLanguage\":\"fr-FR\"},{\"@type\":\"WebPage\",\"@id\":\"https:\/\/welovecinema.be\/fr\/casting-role-principal-les-indociles-serie-de-delphine-lehericey\/\",\"url\":\"https:\/\/welovecinema.be\/fr\/casting-role-principal-les-indociles-serie-de-delphine-lehericey\/\",\"name\":\"Casting r\u00f4le principal, \\\"Les Indociles\\\", s\u00e9rie de Delphine Lehericey - We Love Cinema\",\"isPartOf\":{\"@id\":\"https:\/\/welovecinema.be\/nl\/#website\"},\"datePublished\":\"2020-12-15T10:52:23+00:00\",\"dateModified\":\"2020-12-15T10:52:23+00:00\",\"breadcrumb\":{\"@id\":\"https:\/\/welovecinema.be\/fr\/casting-role-principal-les-indociles-serie-de-delphine-lehericey\/#breadcrumb\"},\"inLanguage\":\"fr-FR\",\"potentialAction\":[{\"@type\":\"ReadAction\",\"target\":[\"https:\/\/welovecinema.be\/fr\/casting-role-principal-les-indociles-serie-de-delphine-lehericey\/\"]}]},{\"@type\":\"BreadcrumbList\",\"@id\":\"https:\/\/welovecinema.be\/fr\/casting-role-principal-les-indociles-serie-de-delphine-lehericey\/#breadcrumb\",\"itemListElement\":[{\"@type\":\"ListItem\",\"position\":1,\"name\":\"Accueil\",\"item\":\"https:\/\/welovecinema.be\/fr\/\"},{\"@type\":\"ListItem\",\"position\":2,\"name\":\"Casting r\u00f4le principal, \u00ab\u00a0Les Indociles\u00a0\u00bb, s\u00e9rie de Delphine Lehericey\"}]},{\"@type\":\"WebSite\",\"@id\":\"https:\/\/welovecinema.be\/nl\/#website\",\"url\":\"https:\/\/welovecinema.be\/nl\/\",\"name\":\"We Love Cinema\",\"description\":\"Toute l\u2019information du cin\u00e9ma en Belgique\",\"publisher\":{\"@id\":\"https:\/\/welovecinema.be\/nl\/#organization\"},\"potentialAction\":[{\"@type\":\"SearchAction\",\"target\":{\"@type\":\"EntryPoint\",\"urlTemplate\":\"https:\/\/welovecinema.be\/nl\/?s={search_term_string}\"},\"query-input\":\"required name=search_term_string\"}],\"inLanguage\":\"fr-FR\"},{\"@type\":\"Organization\",\"@id\":\"https:\/\/welovecinema.be\/nl\/#organization\",\"name\":\"We Love Cinema\",\"url\":\"https:\/\/welovecinema.be\/nl\/\",\"logo\":{\"@type\":\"ImageObject\",\"inLanguage\":\"fr-FR\",\"@id\":\"https:\/\/welovecinema.be\/nl\/#\/schema\/logo\/image\/\",\"url\":\"https:\/\/welovecinema.be\/wp-content\/uploads\/sites\/2\/2023\/03\/Logo-We-Love-Cinema305x128.jpg\",\"contentUrl\":\"https:\/\/welovecinema.be\/wp-content\/uploads\/sites\/2\/2023\/03\/Logo-We-Love-Cinema305x128.jpg\",\"width\":305,\"height\":128,\"caption\":\"We Love Cinema\"},\"image\":{\"@id\":\"https:\/\/welovecinema.be\/nl\/#\/schema\/logo\/image\/\"},\"sameAs\":[\"https:\/\/www.facebook.com\/welovecinema.be\",\"https:\/\/www.youtube.com\/channel\/UCX5LYGVhnKvYauW4Nta4HJA\",\"https:\/\/www.instagram.com\/welovecinema.be\/\"]},{\"@type\":\"Person\",\"@id\":\"https:\/\/welovecinema.be\/nl\/#\/schema\/person\/8084b68c6b176142d073695c654dc7cf\",\"name\":\"Aurore Engelen\",\"url\":\"https:\/\/welovecinema.be\/fr\/author\/aurore-engelen\/\"}]}<\/script>\n<!-- \/ Yoast SEO plugin. -->","yoast_head_json":{"title":"Casting r\u00f4le principal, \"Les Indociles\", s\u00e9rie de Delphine Lehericey - We Love Cinema","robots":{"index":"index","follow":"follow","max-snippet":"max-snippet:-1","max-image-preview":"max-image-preview:large","max-video-preview":"max-video-preview:-1"},"canonical":"https:\/\/welovecinema.be\/fr\/casting-role-principal-les-indociles-serie-de-delphine-lehericey\/","og_locale":"fr_FR","og_type":"article","og_title":"Casting r\u00f4le principal, \"Les Indociles\", s\u00e9rie de Delphine Lehericey - We Love Cinema","og_description":"ADK-KASTING recherche, pour un des r\u00f4les principaux de la s\u00e9rie Les Indociles, r\u00e9alis\u00e9e par Delphine Lehericey et produite par Box Productions: une jeune femme (18 &#8211; 30 ans), parlant l&rsquo;Italien (langue maternelle) et le Fran\u00e7ais,\u00a0domicili\u00e9e en Belgique ou en Suisse! Tournage, en Suisse, d\u00e9but 2022. Merci d&rsquo;envoyer une ou deux photo(s) r\u00e9cente(s), votre CV, une &hellip;","og_url":"https:\/\/welovecinema.be\/fr\/casting-role-principal-les-indociles-serie-de-delphine-lehericey\/","og_site_name":"We Love Cinema","article_publisher":"https:\/\/www.facebook.com\/welovecinema.be","article_published_time":"2020-12-15T10:52:23+00:00","og_image":[{"width":792,"height":560,"url":"https:\/\/welovecinema.be\/wp-content\/uploads\/sites\/2\/2020\/12\/131267730_1765483816956287_5716956699141100172_n.jpg","type":"image\/jpeg"}],"author":"Aurore Engelen","twitter_card":"summary_large_image","twitter_misc":{"\u00c9crit par":"Aurore Engelen"},"schema":{"@context":"https:\/\/schema.org","@graph":[{"@type":"Article","@id":"https:\/\/welovecinema.be\/fr\/casting-role-principal-les-indociles-serie-de-delphine-lehericey\/#article","isPartOf":{"@id":"https:\/\/welovecinema.be\/fr\/casting-role-principal-les-indociles-serie-de-delphine-lehericey\/"},"author":{"name":"Aurore Engelen","@id":"https:\/\/welovecinema.be\/nl\/#\/schema\/person\/8084b68c6b176142d073695c654dc7cf"},"headline":"Casting r\u00f4le principal, \u00ab\u00a0Les Indociles\u00a0\u00bb, s\u00e9rie de Delphine Lehericey","datePublished":"2020-12-15T10:52:23+00:00","dateModified":"2020-12-15T10:52:23+00:00","mainEntityOfPage":{"@id":"https:\/\/welovecinema.be\/fr\/casting-role-principal-les-indociles-serie-de-delphine-lehericey\/"},"wordCount":94,"publisher":{"@id":"https:\/\/welovecinema.be\/nl\/#organization"},"articleSection":["Cinejobs"],"inLanguage":"fr-FR"},{"@type":"WebPage","@id":"https:\/\/welovecinema.be\/fr\/casting-role-principal-les-indociles-serie-de-delphine-lehericey\/","url":"https:\/\/welovecinema.be\/fr\/casting-role-principal-les-indociles-serie-de-delphine-lehericey\/","name":"Casting r\u00f4le principal, \"Les Indociles\", s\u00e9rie de Delphine Lehericey - We Love Cinema","isPartOf":{"@id":"https:\/\/welovecinema.be\/nl\/#website"},"datePublished":"2020-12-15T10:52:23+00:00","dateModified":"2020-12-15T10:52:23+00:00","breadcrumb":{"@id":"https:\/\/welovecinema.be\/fr\/casting-role-principal-les-indociles-serie-de-delphine-lehericey\/#breadcrumb"},"inLanguage":"fr-FR","potentialAction":[{"@type":"ReadAction","target":["https:\/\/welovecinema.be\/fr\/casting-role-principal-les-indociles-serie-de-delphine-lehericey\/"]}]},{"@type":"BreadcrumbList","@id":"https:\/\/welovecinema.be\/fr\/casting-role-principal-les-indociles-serie-de-delphine-lehericey\/#breadcrumb","itemListElement":[{"@type":"ListItem","position":1,"name":"Accueil","item":"https:\/\/welovecinema.be\/fr\/"},{"@type":"ListItem","position":2,"name":"Casting r\u00f4le principal, \u00ab\u00a0Les Indociles\u00a0\u00bb, s\u00e9rie de Delphine Lehericey"}]},{"@type":"WebSite","@id":"https:\/\/welovecinema.be\/nl\/#website","url":"https:\/\/welovecinema.be\/nl\/","name":"We Love Cinema","description":"Toute l\u2019information du cin\u00e9ma en Belgique","publisher":{"@id":"https:\/\/welovecinema.be\/nl\/#organization"},"potentialAction":[{"@type":"SearchAction","target":{"@type":"EntryPoint","urlTemplate":"https:\/\/welovecinema.be\/nl\/?s={search_term_string}"},"query-input":"required name=search_term_string"}],"inLanguage":"fr-FR"},{"@type":"Organization","@id":"https:\/\/welovecinema.be\/nl\/#organization","name":"We Love Cinema","url":"https:\/\/welovecinema.be\/nl\/","logo":{"@type":"ImageObject","inLanguage":"fr-FR","@id":"https:\/\/welovecinema.be\/nl\/#\/schema\/logo\/image\/","url":"https:\/\/welovecinema.be\/wp-content\/uploads\/sites\/2\/2023\/03\/Logo-We-Love-Cinema305x128.jpg","contentUrl":"https:\/\/welovecinema.be\/wp-content\/uploads\/sites\/2\/2023\/03\/Logo-We-Love-Cinema305x128.jpg","width":305,"height":128,"caption":"We Love Cinema"},"image":{"@id":"https:\/\/welovecinema.be\/nl\/#\/schema\/logo\/image\/"},"sameAs":["https:\/\/www.facebook.com\/welovecinema.be","https:\/\/www.youtube.com\/channel\/UCX5LYGVhnKvYauW4Nta4HJA","https:\/\/www.instagram.com\/welovecinema.be\/"]},{"@type":"Person","@id":"https:\/\/welovecinema.be\/nl\/#\/schema\/person\/8084b68c6b176142d073695c654dc7cf","name":"Aurore Engelen","url":"https:\/\/welovecinema.be\/fr\/author\/aurore-engelen\/"}]}},"_links":{"self":[{"href":"https:\/\/welovecinema.be\/fr\/wp-json\/wp\/v2\/posts\/233850","targetHints":{"allow":["GET"]}}],"collection":[{"href":"https:\/\/welovecinema.be\/fr\/wp-json\/wp\/v2\/posts"}],"about":[{"href":"https:\/\/welovecinema.be\/fr\/wp-json\/wp\/v2\/types\/post"}],"author":[{"embeddable":true,"href":"https:\/\/welovecinema.be\/fr\/wp-json\/wp\/v2\/users\/343"}],"replies":[{"embeddable":true,"href":"https:\/\/welovecinema.be\/fr\/wp-json\/wp\/v2\/comments?post=233850"}],"version-history":[{"count":0,"href":"https:\/\/welovecinema.be\/fr\/wp-json\/wp\/v2\/posts\/233850\/revisions"}],"wp:featuredmedia":[{"embeddable":true,"href":"https:\/\/welovecinema.be\/fr\/wp-json\/wp\/v2\/media\/233851"}],"wp:attachment":[{"href":"https:\/\/welovecinema.be\/fr\/wp-json\/wp\/v2\/media?parent=233850"}],"wp:term":[{"taxonomy":"category","embeddable":true,"href":"https:\/\/welovecinema.be\/fr\/wp-json\/wp\/v2\/categories?post=233850"},{"taxonomy":"post_tag","embeddable":true,"href":"https:\/\/welovecinema.be\/fr\/wp-json\/wp\/v2\/tags?post=233850"}],"curies":[{"name":"wp","href":"https:\/\/api.w.org\/{rel}","templated":true}]}}