{"id":23373,"date":"2012-08-01T05:45:20","date_gmt":"2012-08-01T05:45:20","guid":{"rendered":"http:\/\/www.cinevox.be\/?p=23373"},"modified":"2012-07-31T19:31:19","modified_gmt":"2012-07-31T19:31:19","slug":"petitbff","status":"publish","type":"post","link":"https:\/\/welovecinema.be\/fr\/petitbff\/","title":{"rendered":"Quand je serai petit\u2026 <br> Les Gens du Nord."},"content":{"rendered":"<p><em>Quand je serai Petit. <\/em>Un titre tout en myst\u00e8res et en promesses. Doux comme une vieille ritournelle enfantine. Moue d&rsquo;amertume et sourire attendri en coin, <strong>Jean-Paul Rouve<\/strong> replonge au coeur de son enfance perdue sur les traces d&rsquo;un m\u00f4me qui a soudain \u00e9voqu\u00e9 chez lui de bouleversants souvenirs. Pour rencontrer un p\u00e8re qui n&rsquo;est\u00a0pas\u00a0le sien, mais qui pourtant lui ressemble sur bien des points. Un film compliqu\u00e9? Pas tant que \u00e7a, non. Mais \u00e9mouvant, \u00e7a oui !Avec un <strong>Beno\u00eet Poelvoorde<\/strong> magistral. Tout simplement.<\/p>\n<p>&nbsp;<\/p>\n<p><!--more--><\/p>\n<p>&nbsp;<\/p>\n<p>Durant une croisi\u00e8re qu&rsquo;il effectue avec son \u00e9pouse, Matthias, jeune quadra un poil d\u00e9sabus\u00e9, aper\u00e7oit un gamin qui capte son attention. Il a 10 ans, le m\u00eame pr\u00e9nom que lui et une attitude qui lui rappelle furieusement le petit gar\u00e7on qu&rsquo;il fut. De retour en France, avec les bribes d&rsquo;information dont il dispose, Matthias part \u00e0 sa recherche et d\u00e9couvre, abasourdi, que le petit Mathias revit, trente ans plus tard, jusque dans les d\u00e9tails les plus intimes, sa vie \u00e0 lui; la vie de cet a\u00een\u00e9 dont il ignore tout.\u00a0 Matthias, qui cultive quelques douloureux regrets, pourra-t-il aider le gar\u00e7on \u00e0 conna\u00eetre une existence meilleure et \u00e9viter \u00e0 sa famille de r\u00e9p\u00e9ter les m\u00eames erreurs? Quitte \u00e0 d\u00e9laisser sa propre vie, \u00e0 mentir \u00e0 ses proches, \u00e0 se perdre dans un fantasme de trajectoire parall\u00e8le ?<\/p>\n<p>&nbsp;<\/p>\n<p><a rel=\"attachment wp-att-23374\" href=\"http:\/\/www.cinevox.be\/petitbff\/quand-je-serai-petit-12-g\/\"><img loading=\"lazy\" decoding=\"async\" class=\"aligncenter size-full wp-image-23374\" title=\"quand-je-serai-petit-12-g\" src=\"http:\/\/www.cinevox.be\/wp-content\/uploads\/sites\/2\/2012\/06\/quand-je-serai-petit-12-g.jpg\" alt=\"\" width=\"1502\" height=\"1000\" srcset=\"https:\/\/welovecinema.be\/wp-content\/uploads\/sites\/2\/2012\/06\/quand-je-serai-petit-12-g.jpg 1502w, https:\/\/welovecinema.be\/wp-content\/uploads\/sites\/2\/2012\/06\/quand-je-serai-petit-12-g-405x270.jpg 405w, https:\/\/welovecinema.be\/wp-content\/uploads\/sites\/2\/2012\/06\/quand-je-serai-petit-12-g-800x532.jpg 800w\" sizes=\"auto, (max-width: 1502px) 100vw, 1502px\" \/><\/a><br \/>\n<a rel=\"attachment wp-att-23380\" href=\"http:\/\/www.cinevox.be\/petitbff\/affiche-quand-je-serai-petit\/\"><img loading=\"lazy\" decoding=\"async\" class=\"alignright size-medium wp-image-23380\" title=\"affiche-quand-je-serai-petit\" src=\"http:\/\/www.cinevox.be\/wp-content\/uploads\/sites\/2\/2012\/06\/affiche-quand-je-serai-petit-198x270.jpg\" alt=\"\" width=\"198\" height=\"270\" srcset=\"https:\/\/welovecinema.be\/wp-content\/uploads\/sites\/2\/2012\/06\/affiche-quand-je-serai-petit-198x270.jpg 198w, https:\/\/welovecinema.be\/wp-content\/uploads\/sites\/2\/2012\/06\/affiche-quand-je-serai-petit-441x600.jpg 441w, https:\/\/welovecinema.be\/wp-content\/uploads\/sites\/2\/2012\/06\/affiche-quand-je-serai-petit.jpg 1412w\" sizes=\"auto, (max-width: 198px) 100vw, 198px\" \/><\/a>Le pitch de\u00a0<em>Quand je serai petit<\/em> n&rsquo;est pas sans \u00e9voquer le\u00a0<em>Quartier Lointain<\/em> de Sam Garbarski (d&rsquo;apr\u00e8s le manga de Jiro Taniguchi). La situation initiale n&rsquo;est pas tout \u00e0 fait\u00a0pareille, mais les analogies sont n\u00e9anmoins \u00e9videntes. Qu&rsquo;importe\u2026\u00a0 le traitement que lui applique <strong>Jean-Paul Rouve<\/strong> est assez diff\u00e9rent. \u00c0 commencer par le fait que le personnage principal n&rsquo;est pas transport\u00e9 dans le pass\u00e9, dans son corps d&rsquo;enfant. Il est juste un adulte qui va s&rsquo;immiscer dans un univers qui n&rsquo;est pas le sien pour tenter de changer la donne.<\/p>\n<p>&nbsp;<\/p>\n<p><em>Quand je serai Petit<\/em> d\u00e9bute mollement. C&rsquo;est un \u00e9l\u00e9ment \u00e0 signaler pour souligner que le film qui se densifie au fil du temps, bascule apr\u00e8s une vingtaine de minutes pour devenir tout \u00e0 coup hypnotisant. Est-ce d\u00fb \u00e0 un twist sc\u00e9naristique? Pas du tout !<\/p>\n<p>C&rsquo;est \u00e0 ce moment qu&rsquo;appara\u00eet, pour la premi\u00e8re fois, le p\u00e8re du petit Matthias, camp\u00e9 par un certain <strong>Benoit Poelvoorde.<\/strong> Etonnement, la star belge est cr\u00e9dit\u00e9e au g\u00e9n\u00e9rique non comme acteur, mais pour une \u00ab\u00a0participation amicale\u00a0\u00bb \u00a0(en Belgique, le film sort le 25 juillet, il sera bien cr\u00e9dit\u00e9 sur l&rsquo;affiche!).\u00a0Or, m\u00eame s&rsquo;il incarne un personnage secondaire, Benoit est tr\u00e8s pr\u00e9sent. Et il est magistral.<\/p>\n<p>&nbsp;<\/p>\n<p><a rel=\"attachment wp-att-23375\" href=\"http:\/\/www.cinevox.be\/petitbff\/attachment\/20078886\/\"><img loading=\"lazy\" decoding=\"async\" class=\"aligncenter size-full wp-image-23375\" title=\"20078886\" src=\"http:\/\/www.cinevox.be\/wp-content\/uploads\/sites\/2\/2012\/06\/20078886.jpg\" alt=\"\" width=\"1200\" height=\"798\" srcset=\"https:\/\/welovecinema.be\/wp-content\/uploads\/sites\/2\/2012\/06\/20078886.jpg 1200w, https:\/\/welovecinema.be\/wp-content\/uploads\/sites\/2\/2012\/06\/20078886-406x270.jpg 406w, https:\/\/welovecinema.be\/wp-content\/uploads\/sites\/2\/2012\/06\/20078886-800x532.jpg 800w\" sizes=\"auto, (max-width: 1200px) 100vw, 1200px\" \/><\/a><\/p>\n<p>&nbsp;<\/p>\n<p>Magistral ? D&rsquo;abord parce qu&rsquo;il aborde un registre dans lequel on n&rsquo;a pas l&rsquo;habitude de le voir: d&rsquo;une totale sobri\u00e9t\u00e9, presque timide, secret, en retrait. Aucun rapport avec ses prestations dans <em>Entre ses mains<\/em> o\u00f9, d\u00e9j\u00e0 \u00e0 contre-emploi, il \u00e9tait assez inqui\u00e9tant ou dans <em>Les \u00c9motifs Anonymes. <\/em>M\u00eame si le film de <strong>Jean-Pierre Am\u00e9ris<\/strong> n&rsquo;\u00e9tait pas une com\u00e9die d\u00e9brid\u00e9e, le ton \u00e9tait d\u00e9cal\u00e9.<\/p>\n<p>&nbsp;<\/p>\n<p>Rien de tout cela ici : Benoit \u00e9volue dans un premier degr\u00e9 confondant de naturel et de pudeur. Il est \u00a0un homme simple, sympathique, discret, voire un peu renferm\u00e9, qui aime regarder les avions d\u00e9coller et les photographier, qui tente de s&rsquo;acquitter le mieux possible de son r\u00f4le de p\u00e8re et de mari.<\/p>\n<p>&nbsp;<\/p>\n<p><a rel=\"attachment wp-att-23376\" href=\"http:\/\/www.cinevox.be\/petitbff\/quandjeseraipetitphoto5\/\"><img loading=\"lazy\" decoding=\"async\" class=\"aligncenter size-full wp-image-23376\" title=\"QUAND+JE+SERAI+PETIT+PHOTO5\" src=\"http:\/\/www.cinevox.be\/wp-content\/uploads\/sites\/2\/2012\/06\/QUAND+JE+SERAI+PETIT+PHOTO5.jpg\" alt=\"\" width=\"800\" height=\"532\" srcset=\"https:\/\/welovecinema.be\/wp-content\/uploads\/sites\/2\/2012\/06\/QUAND+JE+SERAI+PETIT+PHOTO5.jpg 800w, https:\/\/welovecinema.be\/wp-content\/uploads\/sites\/2\/2012\/06\/QUAND+JE+SERAI+PETIT+PHOTO5-406x270.jpg 406w\" sizes=\"auto, (max-width: 800px) 100vw, 800px\" \/><\/a><\/p>\n<p>&nbsp;<\/p>\n<p>La complicit\u00e9 de Rouve et Poelvoorde \u00e0 l&rsquo;\u00e9cran est patente. On le savait depuis <em>Podium<\/em> o\u00f9 Jean-Paul incarnait Couscous, un sosie de Polnareff, aux c\u00f4t\u00e9s du mythique Bernard Fr\u00e9d\u00e9ric. Mais leur alchimie, d\u00e9barrass\u00e9e de tous les atours du \u00ab\u00a0jeu\u00a0\u00bb classique\u00a0\u00bb, saute ici, plus que jamais, aux yeux.<\/p>\n<p>C&rsquo;est une des plus belles r\u00e9ussites de ce film qui bonifie au fil de sa progression, qui \u00e9meut et qui, finalement, transporte le spectateur.<\/p>\n<p>&nbsp;<\/p>\n<p>Une (tr\u00e8s) belle r\u00e9ussite fragile et grave; tout en subtilit\u00e9, tout en douceur.<\/p>\n<p>&nbsp;<\/p>\n<p>&nbsp;<\/p>\n","protected":false},"excerpt":{"rendered":"<p>Quand je serai Petit. Un titre tout en myst\u00e8res et en promesses. Doux comme une vieille ritournelle enfantine. Moue d&rsquo;amertume et sourire attendri en coin, Jean-Paul Rouve replonge au coeur de son enfance perdue sur les traces d&rsquo;un m\u00f4me qui a soudain \u00e9voqu\u00e9 chez lui de bouleversants souvenirs. Pour rencontrer un p\u00e8re qui n&rsquo;est\u00a0pas\u00a0le sien, &hellip;<\/p>\n","protected":false},"author":7,"featured_media":23378,"comment_status":"closed","ping_status":"closed","sticky":false,"template":"","format":"standard","meta":{"ngg_post_thumbnail":0,"footnotes":""},"categories":[10,7],"tags":[],"class_list":["post-23373","post","type-post","status-publish","format-standard","has-post-thumbnail","","category-a-l-affiche","category-actualites"],"yoast_head":"<!-- This site is optimized with the Yoast SEO plugin v20.4 - https:\/\/yoast.com\/wordpress\/plugins\/seo\/ -->\n<title>Quand je serai petit\u2026  Les Gens du Nord. - We Love Cinema<\/title>\n<meta name=\"robots\" content=\"index, follow, max-snippet:-1, max-image-preview:large, max-video-preview:-1\" \/>\n<link rel=\"canonical\" href=\"https:\/\/welovecinema.be\/fr\/petitbff\/\" \/>\n<meta property=\"og:locale\" content=\"fr_FR\" \/>\n<meta property=\"og:type\" content=\"article\" \/>\n<meta property=\"og:title\" content=\"Quand je serai petit\u2026  Les Gens du Nord. - We Love Cinema\" \/>\n<meta property=\"og:description\" content=\"Quand je serai Petit. Un titre tout en myst\u00e8res et en promesses. Doux comme une vieille ritournelle enfantine. Moue d&rsquo;amertume et sourire attendri en coin, Jean-Paul Rouve replonge au coeur de son enfance perdue sur les traces d&rsquo;un m\u00f4me qui a soudain \u00e9voqu\u00e9 chez lui de bouleversants souvenirs. Pour rencontrer un p\u00e8re qui n&rsquo;est\u00a0pas\u00a0le sien, &hellip;\" \/>\n<meta property=\"og:url\" content=\"https:\/\/welovecinema.be\/fr\/petitbff\/\" \/>\n<meta property=\"og:site_name\" content=\"We Love Cinema\" \/>\n<meta property=\"article:publisher\" content=\"https:\/\/www.facebook.com\/welovecinema.be\" \/>\n<meta property=\"article:published_time\" content=\"2012-08-01T05:45:20+00:00\" \/>\n<meta property=\"article:modified_time\" content=\"2012-07-31T19:31:19+00:00\" \/>\n<meta property=\"og:image\" content=\"https:\/\/welovecinema.be\/wp-content\/uploads\/sites\/2\/2012\/06\/large_5966961.jpg\" \/>\n\t<meta property=\"og:image:width\" content=\"1280\" \/>\n\t<meta property=\"og:image:height\" content=\"852\" \/>\n\t<meta property=\"og:image:type\" content=\"image\/jpeg\" \/>\n<meta name=\"author\" content=\"Philippe.Pierquin\" \/>\n<meta name=\"twitter:card\" content=\"summary_large_image\" \/>\n<meta name=\"twitter:label1\" content=\"\u00c9crit par\" \/>\n\t<meta name=\"twitter:data1\" content=\"Philippe.Pierquin\" \/>\n\t<meta name=\"twitter:label2\" content=\"Dur\u00e9e de lecture estim\u00e9e\" \/>\n\t<meta name=\"twitter:data2\" content=\"3 minutes\" \/>\n<script type=\"application\/ld+json\" class=\"yoast-schema-graph\">{\"@context\":\"https:\/\/schema.org\",\"@graph\":[{\"@type\":\"Article\",\"@id\":\"https:\/\/welovecinema.be\/fr\/petitbff\/#article\",\"isPartOf\":{\"@id\":\"https:\/\/welovecinema.be\/fr\/petitbff\/\"},\"author\":{\"name\":\"Philippe.Pierquin\",\"@id\":\"https:\/\/welovecinema.be\/nl\/#\/schema\/person\/4b9b1d857f0943453a38a7c2859ef756\"},\"headline\":\"Quand je serai petit\u2026 Les Gens du Nord.\",\"datePublished\":\"2012-08-01T05:45:20+00:00\",\"dateModified\":\"2012-07-31T19:31:19+00:00\",\"mainEntityOfPage\":{\"@id\":\"https:\/\/welovecinema.be\/fr\/petitbff\/\"},\"wordCount\":706,\"publisher\":{\"@id\":\"https:\/\/welovecinema.be\/nl\/#organization\"},\"articleSection\":[\"A l'affiche\",\"News\"],\"inLanguage\":\"fr-FR\"},{\"@type\":\"WebPage\",\"@id\":\"https:\/\/welovecinema.be\/fr\/petitbff\/\",\"url\":\"https:\/\/welovecinema.be\/fr\/petitbff\/\",\"name\":\"Quand je serai petit\u2026 Les Gens du Nord. - We Love Cinema\",\"isPartOf\":{\"@id\":\"https:\/\/welovecinema.be\/nl\/#website\"},\"datePublished\":\"2012-08-01T05:45:20+00:00\",\"dateModified\":\"2012-07-31T19:31:19+00:00\",\"breadcrumb\":{\"@id\":\"https:\/\/welovecinema.be\/fr\/petitbff\/#breadcrumb\"},\"inLanguage\":\"fr-FR\",\"potentialAction\":[{\"@type\":\"ReadAction\",\"target\":[\"https:\/\/welovecinema.be\/fr\/petitbff\/\"]}]},{\"@type\":\"BreadcrumbList\",\"@id\":\"https:\/\/welovecinema.be\/fr\/petitbff\/#breadcrumb\",\"itemListElement\":[{\"@type\":\"ListItem\",\"position\":1,\"name\":\"Accueil\",\"item\":\"https:\/\/welovecinema.be\/fr\/\"},{\"@type\":\"ListItem\",\"position\":2,\"name\":\"Quand je serai petit\u2026 Les Gens du Nord.\"}]},{\"@type\":\"WebSite\",\"@id\":\"https:\/\/welovecinema.be\/nl\/#website\",\"url\":\"https:\/\/welovecinema.be\/nl\/\",\"name\":\"We Love Cinema\",\"description\":\"Toute l\u2019information du cin\u00e9ma en Belgique\",\"publisher\":{\"@id\":\"https:\/\/welovecinema.be\/nl\/#organization\"},\"potentialAction\":[{\"@type\":\"SearchAction\",\"target\":{\"@type\":\"EntryPoint\",\"urlTemplate\":\"https:\/\/welovecinema.be\/nl\/?s={search_term_string}\"},\"query-input\":\"required name=search_term_string\"}],\"inLanguage\":\"fr-FR\"},{\"@type\":\"Organization\",\"@id\":\"https:\/\/welovecinema.be\/nl\/#organization\",\"name\":\"We Love Cinema\",\"url\":\"https:\/\/welovecinema.be\/nl\/\",\"logo\":{\"@type\":\"ImageObject\",\"inLanguage\":\"fr-FR\",\"@id\":\"https:\/\/welovecinema.be\/nl\/#\/schema\/logo\/image\/\",\"url\":\"https:\/\/welovecinema.be\/wp-content\/uploads\/sites\/2\/2023\/03\/Logo-We-Love-Cinema305x128.jpg\",\"contentUrl\":\"https:\/\/welovecinema.be\/wp-content\/uploads\/sites\/2\/2023\/03\/Logo-We-Love-Cinema305x128.jpg\",\"width\":305,\"height\":128,\"caption\":\"We Love Cinema\"},\"image\":{\"@id\":\"https:\/\/welovecinema.be\/nl\/#\/schema\/logo\/image\/\"},\"sameAs\":[\"https:\/\/www.facebook.com\/welovecinema.be\",\"https:\/\/www.youtube.com\/channel\/UCX5LYGVhnKvYauW4Nta4HJA\",\"https:\/\/www.instagram.com\/welovecinema.be\/\"]},{\"@type\":\"Person\",\"@id\":\"https:\/\/welovecinema.be\/nl\/#\/schema\/person\/4b9b1d857f0943453a38a7c2859ef756\",\"name\":\"Philippe.Pierquin\",\"url\":\"https:\/\/welovecinema.be\/fr\/author\/philippe-pierquin\/\"}]}<\/script>\n<!-- \/ Yoast SEO plugin. -->","yoast_head_json":{"title":"Quand je serai petit\u2026  Les Gens du Nord. - We Love Cinema","robots":{"index":"index","follow":"follow","max-snippet":"max-snippet:-1","max-image-preview":"max-image-preview:large","max-video-preview":"max-video-preview:-1"},"canonical":"https:\/\/welovecinema.be\/fr\/petitbff\/","og_locale":"fr_FR","og_type":"article","og_title":"Quand je serai petit\u2026  Les Gens du Nord. - We Love Cinema","og_description":"Quand je serai Petit. Un titre tout en myst\u00e8res et en promesses. Doux comme une vieille ritournelle enfantine. Moue d&rsquo;amertume et sourire attendri en coin, Jean-Paul Rouve replonge au coeur de son enfance perdue sur les traces d&rsquo;un m\u00f4me qui a soudain \u00e9voqu\u00e9 chez lui de bouleversants souvenirs. Pour rencontrer un p\u00e8re qui n&rsquo;est\u00a0pas\u00a0le sien, &hellip;","og_url":"https:\/\/welovecinema.be\/fr\/petitbff\/","og_site_name":"We Love Cinema","article_publisher":"https:\/\/www.facebook.com\/welovecinema.be","article_published_time":"2012-08-01T05:45:20+00:00","article_modified_time":"2012-07-31T19:31:19+00:00","og_image":[{"width":"1280","height":"852","url":"https:\/\/welovecinema.be\/wp-content\/uploads\/sites\/2\/2012\/06\/large_5966961.jpg","type":"image\/jpeg"}],"author":"Philippe.Pierquin","twitter_card":"summary_large_image","twitter_misc":{"\u00c9crit par":"Philippe.Pierquin","Dur\u00e9e de lecture estim\u00e9e":"3 minutes"},"schema":{"@context":"https:\/\/schema.org","@graph":[{"@type":"Article","@id":"https:\/\/welovecinema.be\/fr\/petitbff\/#article","isPartOf":{"@id":"https:\/\/welovecinema.be\/fr\/petitbff\/"},"author":{"name":"Philippe.Pierquin","@id":"https:\/\/welovecinema.be\/nl\/#\/schema\/person\/4b9b1d857f0943453a38a7c2859ef756"},"headline":"Quand je serai petit\u2026 Les Gens du Nord.","datePublished":"2012-08-01T05:45:20+00:00","dateModified":"2012-07-31T19:31:19+00:00","mainEntityOfPage":{"@id":"https:\/\/welovecinema.be\/fr\/petitbff\/"},"wordCount":706,"publisher":{"@id":"https:\/\/welovecinema.be\/nl\/#organization"},"articleSection":["A l'affiche","News"],"inLanguage":"fr-FR"},{"@type":"WebPage","@id":"https:\/\/welovecinema.be\/fr\/petitbff\/","url":"https:\/\/welovecinema.be\/fr\/petitbff\/","name":"Quand je serai petit\u2026 Les Gens du Nord. - We Love Cinema","isPartOf":{"@id":"https:\/\/welovecinema.be\/nl\/#website"},"datePublished":"2012-08-01T05:45:20+00:00","dateModified":"2012-07-31T19:31:19+00:00","breadcrumb":{"@id":"https:\/\/welovecinema.be\/fr\/petitbff\/#breadcrumb"},"inLanguage":"fr-FR","potentialAction":[{"@type":"ReadAction","target":["https:\/\/welovecinema.be\/fr\/petitbff\/"]}]},{"@type":"BreadcrumbList","@id":"https:\/\/welovecinema.be\/fr\/petitbff\/#breadcrumb","itemListElement":[{"@type":"ListItem","position":1,"name":"Accueil","item":"https:\/\/welovecinema.be\/fr\/"},{"@type":"ListItem","position":2,"name":"Quand je serai petit\u2026 Les Gens du Nord."}]},{"@type":"WebSite","@id":"https:\/\/welovecinema.be\/nl\/#website","url":"https:\/\/welovecinema.be\/nl\/","name":"We Love Cinema","description":"Toute l\u2019information du cin\u00e9ma en Belgique","publisher":{"@id":"https:\/\/welovecinema.be\/nl\/#organization"},"potentialAction":[{"@type":"SearchAction","target":{"@type":"EntryPoint","urlTemplate":"https:\/\/welovecinema.be\/nl\/?s={search_term_string}"},"query-input":"required name=search_term_string"}],"inLanguage":"fr-FR"},{"@type":"Organization","@id":"https:\/\/welovecinema.be\/nl\/#organization","name":"We Love Cinema","url":"https:\/\/welovecinema.be\/nl\/","logo":{"@type":"ImageObject","inLanguage":"fr-FR","@id":"https:\/\/welovecinema.be\/nl\/#\/schema\/logo\/image\/","url":"https:\/\/welovecinema.be\/wp-content\/uploads\/sites\/2\/2023\/03\/Logo-We-Love-Cinema305x128.jpg","contentUrl":"https:\/\/welovecinema.be\/wp-content\/uploads\/sites\/2\/2023\/03\/Logo-We-Love-Cinema305x128.jpg","width":305,"height":128,"caption":"We Love Cinema"},"image":{"@id":"https:\/\/welovecinema.be\/nl\/#\/schema\/logo\/image\/"},"sameAs":["https:\/\/www.facebook.com\/welovecinema.be","https:\/\/www.youtube.com\/channel\/UCX5LYGVhnKvYauW4Nta4HJA","https:\/\/www.instagram.com\/welovecinema.be\/"]},{"@type":"Person","@id":"https:\/\/welovecinema.be\/nl\/#\/schema\/person\/4b9b1d857f0943453a38a7c2859ef756","name":"Philippe.Pierquin","url":"https:\/\/welovecinema.be\/fr\/author\/philippe-pierquin\/"}]}},"_links":{"self":[{"href":"https:\/\/welovecinema.be\/fr\/wp-json\/wp\/v2\/posts\/23373","targetHints":{"allow":["GET"]}}],"collection":[{"href":"https:\/\/welovecinema.be\/fr\/wp-json\/wp\/v2\/posts"}],"about":[{"href":"https:\/\/welovecinema.be\/fr\/wp-json\/wp\/v2\/types\/post"}],"author":[{"embeddable":true,"href":"https:\/\/welovecinema.be\/fr\/wp-json\/wp\/v2\/users\/7"}],"replies":[{"embeddable":true,"href":"https:\/\/welovecinema.be\/fr\/wp-json\/wp\/v2\/comments?post=23373"}],"version-history":[{"count":0,"href":"https:\/\/welovecinema.be\/fr\/wp-json\/wp\/v2\/posts\/23373\/revisions"}],"wp:featuredmedia":[{"embeddable":true,"href":"https:\/\/welovecinema.be\/fr\/wp-json\/wp\/v2\/media\/23378"}],"wp:attachment":[{"href":"https:\/\/welovecinema.be\/fr\/wp-json\/wp\/v2\/media?parent=23373"}],"wp:term":[{"taxonomy":"category","embeddable":true,"href":"https:\/\/welovecinema.be\/fr\/wp-json\/wp\/v2\/categories?post=23373"},{"taxonomy":"post_tag","embeddable":true,"href":"https:\/\/welovecinema.be\/fr\/wp-json\/wp\/v2\/tags?post=23373"}],"curies":[{"name":"wp","href":"https:\/\/api.w.org\/{rel}","templated":true}]}}