{"id":233673,"date":"2020-12-08T09:42:26","date_gmt":"2020-12-08T08:42:26","guid":{"rendered":"https:\/\/www.cinevox.be\/?p=233673"},"modified":"2020-12-08T09:42:26","modified_gmt":"2020-12-08T08:42:26","slug":"les-grignoux-cherchent-un%c2%b7e-responsable-dequipe","status":"publish","type":"post","link":"https:\/\/welovecinema.be\/fr\/les-grignoux-cherchent-un%c2%b7e-responsable-dequipe\/","title":{"rendered":"Les Grignoux cherchent un\u00b7e Responsable d\u2019\u00e9quipe"},"content":{"rendered":"<p><strong>Afin de renforcer son \u00e9quipe, Les Grignoux recherchent un\u00b7e Responsable d\u2019\u00e9quipe de ses trois cin\u00e9mas li\u00e9geois\u2026<\/strong><\/p>\n<p>L\u2019asbl les Grignoux est une entreprise culturelle d\u2019\u00e9conomie sociale, cr\u00e9\u00e9e il y a plus de 40 ans et dont l\u2019activit\u00e9 principale est l\u2019exploitation de cin\u00e9mas. L\u2019association est gestionnaire de 13 salles de cin\u00e9ma sur trois sites li\u00e9geois (Le Parc, Churchill, Sauveni\u00e8re) et un site Namurois (Cam\u00e9o). L\u2019association g\u00e8re \u00e9galement trois espaces HoReCa.<\/p>\n<p>Sa programmation cin\u00e9ma est ax\u00e9e sur la d\u00e9fense du cin\u00e9ma d&rsquo;auteur et de films r\u00e9cents, de tous genres, nationalit\u00e9s, en version originale sous-titr\u00e9e. Elle propose \u00e9galement des matin\u00e9es scolaires et des dossiers p\u00e9dagogiques avec le projet \u00ab \u00c9cran large sur Tableau noir \u00bb. Autour du cin\u00e9ma, les Grignoux, mouvement d\u2019\u00e9ducation permanente, proposent \u00e9galement des activit\u00e9s en lien avec le milieu associatif, des concerts, des conf\u00e9rences ou encore des rencontres et disposent de leur propre structure de distribution cin\u00e9matographique, Le Parc Distribution.<\/p>\n<p>Fonctionnant sur les principes de la gestion participative et d\u00e9mocratique, Les Grignoux occupent aujourd\u2019hui plus de 150 travailleurs et accueillent environ 2000 personnes par jour, toutes activit\u00e9s et tous sites confondus.<\/p>\n<p>Toutes les informations ainsi que le formulaire de candidature sont sur le site ci-dessous :<br \/>\n<a href=\"https:\/\/lesgrignoux.talentfinder.be\/fr\/index.aspx\">https:\/\/lesgrignoux.talentfinder.be\/fr\/index.aspx<\/a><\/p>\n","protected":false},"excerpt":{"rendered":"<p>Afin de renforcer son \u00e9quipe, Les Grignoux recherchent un\u00b7e Responsable d\u2019\u00e9quipe de ses trois cin\u00e9mas li\u00e9geois\u2026 L\u2019asbl les Grignoux est une entreprise culturelle d\u2019\u00e9conomie sociale, cr\u00e9\u00e9e il y a plus de 40 ans et dont l\u2019activit\u00e9 principale est l\u2019exploitation de cin\u00e9mas. L\u2019association est gestionnaire de 13 salles de cin\u00e9ma sur trois sites li\u00e9geois (Le Parc, &hellip;<\/p>\n","protected":false},"author":343,"featured_media":219683,"comment_status":"closed","ping_status":"closed","sticky":false,"template":"","format":"standard","meta":{"ngg_post_thumbnail":0,"footnotes":""},"categories":[20],"tags":[4187],"class_list":["post-233673","post","type-post","status-publish","format-standard","has-post-thumbnail","","category-cinejobs","tag-newsletter-fr"],"yoast_head":"<!-- This site is optimized with the Yoast SEO plugin v20.4 - https:\/\/yoast.com\/wordpress\/plugins\/seo\/ -->\n<title>Les Grignoux cherchent un\u00b7e Responsable d\u2019\u00e9quipe - We Love Cinema<\/title>\n<meta name=\"robots\" content=\"index, follow, max-snippet:-1, max-image-preview:large, max-video-preview:-1\" \/>\n<link rel=\"canonical\" href=\"https:\/\/welovecinema.be\/fr\/les-grignoux-cherchent-un\u00b7e-responsable-dequipe\/\" \/>\n<meta property=\"og:locale\" content=\"fr_FR\" \/>\n<meta property=\"og:type\" content=\"article\" \/>\n<meta property=\"og:title\" content=\"Les Grignoux cherchent un\u00b7e Responsable d\u2019\u00e9quipe - We Love Cinema\" \/>\n<meta property=\"og:description\" content=\"Afin de renforcer son \u00e9quipe, Les Grignoux recherchent un\u00b7e Responsable d\u2019\u00e9quipe de ses trois cin\u00e9mas li\u00e9geois\u2026 L\u2019asbl les Grignoux est une entreprise culturelle d\u2019\u00e9conomie sociale, cr\u00e9\u00e9e il y a plus de 40 ans et dont l\u2019activit\u00e9 principale est l\u2019exploitation de cin\u00e9mas. L\u2019association est gestionnaire de 13 salles de cin\u00e9ma sur trois sites li\u00e9geois (Le Parc, &hellip;\" \/>\n<meta property=\"og:url\" content=\"https:\/\/welovecinema.be\/fr\/les-grignoux-cherchent-un\u00b7e-responsable-dequipe\/\" \/>\n<meta property=\"og:site_name\" content=\"We Love Cinema\" \/>\n<meta property=\"article:publisher\" content=\"https:\/\/www.facebook.com\/welovecinema.be\" \/>\n<meta property=\"article:published_time\" content=\"2020-12-08T08:42:26+00:00\" \/>\n<meta property=\"og:image\" content=\"https:\/\/welovecinema.be\/wp-content\/uploads\/sites\/2\/2019\/05\/EmploiGrignoux.jpg\" \/>\n\t<meta property=\"og:image:width\" content=\"1000\" \/>\n\t<meta property=\"og:image:height\" content=\"500\" \/>\n\t<meta property=\"og:image:type\" content=\"image\/jpeg\" \/>\n<meta name=\"author\" content=\"Aurore Engelen\" \/>\n<meta name=\"twitter:card\" content=\"summary_large_image\" \/>\n<meta name=\"twitter:label1\" content=\"\u00c9crit par\" \/>\n\t<meta name=\"twitter:data1\" content=\"Aurore Engelen\" \/>\n\t<meta name=\"twitter:label2\" content=\"Dur\u00e9e de lecture estim\u00e9e\" \/>\n\t<meta name=\"twitter:data2\" content=\"1 minute\" \/>\n<script type=\"application\/ld+json\" class=\"yoast-schema-graph\">{\"@context\":\"https:\/\/schema.org\",\"@graph\":[{\"@type\":\"Article\",\"@id\":\"https:\/\/welovecinema.be\/fr\/les-grignoux-cherchent-un%c2%b7e-responsable-dequipe\/#article\",\"isPartOf\":{\"@id\":\"https:\/\/welovecinema.be\/fr\/les-grignoux-cherchent-un%c2%b7e-responsable-dequipe\/\"},\"author\":{\"name\":\"Aurore Engelen\",\"@id\":\"https:\/\/welovecinema.be\/nl\/#\/schema\/person\/8084b68c6b176142d073695c654dc7cf\"},\"headline\":\"Les Grignoux cherchent un\u00b7e Responsable d\u2019\u00e9quipe\",\"datePublished\":\"2020-12-08T08:42:26+00:00\",\"dateModified\":\"2020-12-08T08:42:26+00:00\",\"mainEntityOfPage\":{\"@id\":\"https:\/\/welovecinema.be\/fr\/les-grignoux-cherchent-un%c2%b7e-responsable-dequipe\/\"},\"wordCount\":238,\"publisher\":{\"@id\":\"https:\/\/welovecinema.be\/nl\/#organization\"},\"keywords\":[\"newsletter\"],\"articleSection\":[\"Cinejobs\"],\"inLanguage\":\"fr-FR\"},{\"@type\":\"WebPage\",\"@id\":\"https:\/\/welovecinema.be\/fr\/les-grignoux-cherchent-un%c2%b7e-responsable-dequipe\/\",\"url\":\"https:\/\/welovecinema.be\/fr\/les-grignoux-cherchent-un%c2%b7e-responsable-dequipe\/\",\"name\":\"Les Grignoux cherchent un\u00b7e Responsable d\u2019\u00e9quipe - We Love Cinema\",\"isPartOf\":{\"@id\":\"https:\/\/welovecinema.be\/nl\/#website\"},\"datePublished\":\"2020-12-08T08:42:26+00:00\",\"dateModified\":\"2020-12-08T08:42:26+00:00\",\"breadcrumb\":{\"@id\":\"https:\/\/welovecinema.be\/fr\/les-grignoux-cherchent-un%c2%b7e-responsable-dequipe\/#breadcrumb\"},\"inLanguage\":\"fr-FR\",\"potentialAction\":[{\"@type\":\"ReadAction\",\"target\":[\"https:\/\/welovecinema.be\/fr\/les-grignoux-cherchent-un%c2%b7e-responsable-dequipe\/\"]}]},{\"@type\":\"BreadcrumbList\",\"@id\":\"https:\/\/welovecinema.be\/fr\/les-grignoux-cherchent-un%c2%b7e-responsable-dequipe\/#breadcrumb\",\"itemListElement\":[{\"@type\":\"ListItem\",\"position\":1,\"name\":\"Accueil\",\"item\":\"https:\/\/welovecinema.be\/fr\/\"},{\"@type\":\"ListItem\",\"position\":2,\"name\":\"Les Grignoux cherchent un\u00b7e Responsable d\u2019\u00e9quipe\"}]},{\"@type\":\"WebSite\",\"@id\":\"https:\/\/welovecinema.be\/nl\/#website\",\"url\":\"https:\/\/welovecinema.be\/nl\/\",\"name\":\"We Love Cinema\",\"description\":\"Toute l\u2019information du cin\u00e9ma en Belgique\",\"publisher\":{\"@id\":\"https:\/\/welovecinema.be\/nl\/#organization\"},\"potentialAction\":[{\"@type\":\"SearchAction\",\"target\":{\"@type\":\"EntryPoint\",\"urlTemplate\":\"https:\/\/welovecinema.be\/nl\/?s={search_term_string}\"},\"query-input\":\"required name=search_term_string\"}],\"inLanguage\":\"fr-FR\"},{\"@type\":\"Organization\",\"@id\":\"https:\/\/welovecinema.be\/nl\/#organization\",\"name\":\"We Love Cinema\",\"url\":\"https:\/\/welovecinema.be\/nl\/\",\"logo\":{\"@type\":\"ImageObject\",\"inLanguage\":\"fr-FR\",\"@id\":\"https:\/\/welovecinema.be\/nl\/#\/schema\/logo\/image\/\",\"url\":\"https:\/\/welovecinema.be\/wp-content\/uploads\/sites\/2\/2023\/03\/Logo-We-Love-Cinema305x128.jpg\",\"contentUrl\":\"https:\/\/welovecinema.be\/wp-content\/uploads\/sites\/2\/2023\/03\/Logo-We-Love-Cinema305x128.jpg\",\"width\":305,\"height\":128,\"caption\":\"We Love Cinema\"},\"image\":{\"@id\":\"https:\/\/welovecinema.be\/nl\/#\/schema\/logo\/image\/\"},\"sameAs\":[\"https:\/\/www.facebook.com\/welovecinema.be\",\"https:\/\/www.youtube.com\/channel\/UCX5LYGVhnKvYauW4Nta4HJA\",\"https:\/\/www.instagram.com\/welovecinema.be\/\"]},{\"@type\":\"Person\",\"@id\":\"https:\/\/welovecinema.be\/nl\/#\/schema\/person\/8084b68c6b176142d073695c654dc7cf\",\"name\":\"Aurore Engelen\",\"url\":\"https:\/\/welovecinema.be\/fr\/author\/aurore-engelen\/\"}]}<\/script>\n<!-- \/ Yoast SEO plugin. -->","yoast_head_json":{"title":"Les Grignoux cherchent un\u00b7e Responsable d\u2019\u00e9quipe - We Love Cinema","robots":{"index":"index","follow":"follow","max-snippet":"max-snippet:-1","max-image-preview":"max-image-preview:large","max-video-preview":"max-video-preview:-1"},"canonical":"https:\/\/welovecinema.be\/fr\/les-grignoux-cherchent-un\u00b7e-responsable-dequipe\/","og_locale":"fr_FR","og_type":"article","og_title":"Les Grignoux cherchent un\u00b7e Responsable d\u2019\u00e9quipe - We Love Cinema","og_description":"Afin de renforcer son \u00e9quipe, Les Grignoux recherchent un\u00b7e Responsable d\u2019\u00e9quipe de ses trois cin\u00e9mas li\u00e9geois\u2026 L\u2019asbl les Grignoux est une entreprise culturelle d\u2019\u00e9conomie sociale, cr\u00e9\u00e9e il y a plus de 40 ans et dont l\u2019activit\u00e9 principale est l\u2019exploitation de cin\u00e9mas. L\u2019association est gestionnaire de 13 salles de cin\u00e9ma sur trois sites li\u00e9geois (Le Parc, &hellip;","og_url":"https:\/\/welovecinema.be\/fr\/les-grignoux-cherchent-un\u00b7e-responsable-dequipe\/","og_site_name":"We Love Cinema","article_publisher":"https:\/\/www.facebook.com\/welovecinema.be","article_published_time":"2020-12-08T08:42:26+00:00","og_image":[{"width":1000,"height":500,"url":"https:\/\/welovecinema.be\/wp-content\/uploads\/sites\/2\/2019\/05\/EmploiGrignoux.jpg","type":"image\/jpeg"}],"author":"Aurore Engelen","twitter_card":"summary_large_image","twitter_misc":{"\u00c9crit par":"Aurore Engelen","Dur\u00e9e de lecture estim\u00e9e":"1 minute"},"schema":{"@context":"https:\/\/schema.org","@graph":[{"@type":"Article","@id":"https:\/\/welovecinema.be\/fr\/les-grignoux-cherchent-un%c2%b7e-responsable-dequipe\/#article","isPartOf":{"@id":"https:\/\/welovecinema.be\/fr\/les-grignoux-cherchent-un%c2%b7e-responsable-dequipe\/"},"author":{"name":"Aurore Engelen","@id":"https:\/\/welovecinema.be\/nl\/#\/schema\/person\/8084b68c6b176142d073695c654dc7cf"},"headline":"Les Grignoux cherchent un\u00b7e Responsable d\u2019\u00e9quipe","datePublished":"2020-12-08T08:42:26+00:00","dateModified":"2020-12-08T08:42:26+00:00","mainEntityOfPage":{"@id":"https:\/\/welovecinema.be\/fr\/les-grignoux-cherchent-un%c2%b7e-responsable-dequipe\/"},"wordCount":238,"publisher":{"@id":"https:\/\/welovecinema.be\/nl\/#organization"},"keywords":["newsletter"],"articleSection":["Cinejobs"],"inLanguage":"fr-FR"},{"@type":"WebPage","@id":"https:\/\/welovecinema.be\/fr\/les-grignoux-cherchent-un%c2%b7e-responsable-dequipe\/","url":"https:\/\/welovecinema.be\/fr\/les-grignoux-cherchent-un%c2%b7e-responsable-dequipe\/","name":"Les Grignoux cherchent un\u00b7e Responsable d\u2019\u00e9quipe - We Love Cinema","isPartOf":{"@id":"https:\/\/welovecinema.be\/nl\/#website"},"datePublished":"2020-12-08T08:42:26+00:00","dateModified":"2020-12-08T08:42:26+00:00","breadcrumb":{"@id":"https:\/\/welovecinema.be\/fr\/les-grignoux-cherchent-un%c2%b7e-responsable-dequipe\/#breadcrumb"},"inLanguage":"fr-FR","potentialAction":[{"@type":"ReadAction","target":["https:\/\/welovecinema.be\/fr\/les-grignoux-cherchent-un%c2%b7e-responsable-dequipe\/"]}]},{"@type":"BreadcrumbList","@id":"https:\/\/welovecinema.be\/fr\/les-grignoux-cherchent-un%c2%b7e-responsable-dequipe\/#breadcrumb","itemListElement":[{"@type":"ListItem","position":1,"name":"Accueil","item":"https:\/\/welovecinema.be\/fr\/"},{"@type":"ListItem","position":2,"name":"Les Grignoux cherchent un\u00b7e Responsable d\u2019\u00e9quipe"}]},{"@type":"WebSite","@id":"https:\/\/welovecinema.be\/nl\/#website","url":"https:\/\/welovecinema.be\/nl\/","name":"We Love Cinema","description":"Toute l\u2019information du cin\u00e9ma en Belgique","publisher":{"@id":"https:\/\/welovecinema.be\/nl\/#organization"},"potentialAction":[{"@type":"SearchAction","target":{"@type":"EntryPoint","urlTemplate":"https:\/\/welovecinema.be\/nl\/?s={search_term_string}"},"query-input":"required name=search_term_string"}],"inLanguage":"fr-FR"},{"@type":"Organization","@id":"https:\/\/welovecinema.be\/nl\/#organization","name":"We Love Cinema","url":"https:\/\/welovecinema.be\/nl\/","logo":{"@type":"ImageObject","inLanguage":"fr-FR","@id":"https:\/\/welovecinema.be\/nl\/#\/schema\/logo\/image\/","url":"https:\/\/welovecinema.be\/wp-content\/uploads\/sites\/2\/2023\/03\/Logo-We-Love-Cinema305x128.jpg","contentUrl":"https:\/\/welovecinema.be\/wp-content\/uploads\/sites\/2\/2023\/03\/Logo-We-Love-Cinema305x128.jpg","width":305,"height":128,"caption":"We Love Cinema"},"image":{"@id":"https:\/\/welovecinema.be\/nl\/#\/schema\/logo\/image\/"},"sameAs":["https:\/\/www.facebook.com\/welovecinema.be","https:\/\/www.youtube.com\/channel\/UCX5LYGVhnKvYauW4Nta4HJA","https:\/\/www.instagram.com\/welovecinema.be\/"]},{"@type":"Person","@id":"https:\/\/welovecinema.be\/nl\/#\/schema\/person\/8084b68c6b176142d073695c654dc7cf","name":"Aurore Engelen","url":"https:\/\/welovecinema.be\/fr\/author\/aurore-engelen\/"}]}},"_links":{"self":[{"href":"https:\/\/welovecinema.be\/fr\/wp-json\/wp\/v2\/posts\/233673","targetHints":{"allow":["GET"]}}],"collection":[{"href":"https:\/\/welovecinema.be\/fr\/wp-json\/wp\/v2\/posts"}],"about":[{"href":"https:\/\/welovecinema.be\/fr\/wp-json\/wp\/v2\/types\/post"}],"author":[{"embeddable":true,"href":"https:\/\/welovecinema.be\/fr\/wp-json\/wp\/v2\/users\/343"}],"replies":[{"embeddable":true,"href":"https:\/\/welovecinema.be\/fr\/wp-json\/wp\/v2\/comments?post=233673"}],"version-history":[{"count":0,"href":"https:\/\/welovecinema.be\/fr\/wp-json\/wp\/v2\/posts\/233673\/revisions"}],"wp:featuredmedia":[{"embeddable":true,"href":"https:\/\/welovecinema.be\/fr\/wp-json\/wp\/v2\/media\/219683"}],"wp:attachment":[{"href":"https:\/\/welovecinema.be\/fr\/wp-json\/wp\/v2\/media?parent=233673"}],"wp:term":[{"taxonomy":"category","embeddable":true,"href":"https:\/\/welovecinema.be\/fr\/wp-json\/wp\/v2\/categories?post=233673"},{"taxonomy":"post_tag","embeddable":true,"href":"https:\/\/welovecinema.be\/fr\/wp-json\/wp\/v2\/tags?post=233673"}],"curies":[{"name":"wp","href":"https:\/\/api.w.org\/{rel}","templated":true}]}}