{"id":233412,"date":"2020-11-25T10:20:37","date_gmt":"2020-11-25T09:20:37","guid":{"rendered":"https:\/\/www.cinevox.be\/?p=233412"},"modified":"2020-11-26T11:18:06","modified_gmt":"2020-11-26T10:18:06","slug":"roda-fawaz-heros-dinvisible","status":"publish","type":"post","link":"https:\/\/welovecinema.be\/fr\/roda-fawaz-heros-dinvisible\/","title":{"rendered":"Roda Fawaz, h\u00e9ros d&rsquo;Invisible"},"content":{"rendered":"<p><strong>Alors que la diffusion d&rsquo;<em>Invisible<\/em> a d\u00e9but\u00e9 avec succ\u00e8s ce dimanche sur La Une, rencontre avec l&rsquo;un de ses h\u00e9ros, le com\u00e9dien Roda Fawaz (vu notamment dans <em>Unit\u00e9 42<\/em>, ou dans le court m\u00e9trage <em>Bruxelles-Beyrouth<\/em>), qui y incarne Ayoub, un p\u00e8re de famille confront\u00e9 \u00e0 l&rsquo;\u00e9pid\u00e9mie d&rsquo;invisibilit\u00e9, qui va tout faire pour pouvoir garder son fils.<\/strong><\/p>\n<p><strong>Qui est Ayoub?<\/strong><\/p>\n<p>Ayoub travaille dans une \u00e9cole secondaire, et vit avec sa femme et son fils. Comme tous les personnages de la s\u00e9rie, il va devoir faire face \u00e0 ce fl\u00e9au, qui va bouleverser son petit monde. Et son monde \u00e0 lui tourne enti\u00e8rement autour de sa famille, qu&rsquo;il va essayer de prot\u00e9ger \u00e0 tout prix. Sa qu\u00eate va tourner autour de son fils, et de sa garde.<\/p>\n<p>Ce personnage fait fort \u00e9cho \u00e0 ce qu&rsquo;on vit aujourd&rsquo;hui finalement. Dans <em>Invisible<\/em>, il y a des effets sp\u00e9ciaux, bien s\u00fbr, mais \u00e0 travers Ayoub, on se focalise sur des pr\u00e9occupations tr\u00e8s quotidiennes, comme emmener ses enfants \u00e0 l&rsquo;\u00e9cole, aller travailler,<em> etc.<\/em> Ce sont des questionnements logistiques, familiaux, au coeur d&rsquo;un r\u00e9cit fantastique.<\/p>\n<p><img loading=\"lazy\" decoding=\"async\" class=\"alignnone size-large wp-image-233416\" src=\"https:\/\/www.cinevox.be\/wp-content\/uploads\/sites\/2\/2020\/11\/Invisible-Roda5-800x402.jpg\" alt=\"\" width=\"618\" height=\"311\" srcset=\"https:\/\/welovecinema.be\/wp-content\/uploads\/sites\/2\/2020\/11\/Invisible-Roda5-800x402.jpg 800w, https:\/\/welovecinema.be\/wp-content\/uploads\/sites\/2\/2020\/11\/Invisible-Roda5-480x241.jpg 480w, https:\/\/welovecinema.be\/wp-content\/uploads\/sites\/2\/2020\/11\/Invisible-Roda5-768x386.jpg 768w, https:\/\/welovecinema.be\/wp-content\/uploads\/sites\/2\/2020\/11\/Invisible-Roda5-1536x771.jpg 1536w, https:\/\/welovecinema.be\/wp-content\/uploads\/sites\/2\/2020\/11\/Invisible-Roda5.jpg 1607w\" sizes=\"auto, (max-width: 618px) 100vw, 618px\" \/><\/p>\n<p><strong>Comment aborde-t-on le fait de devoir incarner l&rsquo;invisibilit\u00e9 en tant que com\u00e9dien?<\/strong><\/p>\n<p>Avant le tournage, je me suis surtout demand\u00e9 comment dans les sc\u00e8nes o\u00f9 je suis invisible j&rsquo;allais faire pour parler aux autres personnages, surtout s&rsquo;ils ne sont pas au fait de mon invisibilit\u00e9. Quel ton, quel volume, quelle hauteur de voix?<\/p>\n<p>Pendant le tournage, la chose la plus difficile, c&rsquo;\u00e9tait le fait de devoir faire chaque sc\u00e8ne deux fois. Non seulement on fait en g\u00e9n\u00e9ral plusieurs prises, mais en plus l\u00e0 il fallait doubler chaque sc\u00e8ne pour l&rsquo;int\u00e9gration ult\u00e9rieure des effets sp\u00e9ciaux. N&rsquo;en \u00e9tant pas conscient pour ma premi\u00e8re sc\u00e8ne, j&rsquo;ai vraiment tout donn\u00e9 en termes d&rsquo;\u00e9motions, pour m&rsquo;apercevoir qu&rsquo;il fallait recommencer pour les effets sp\u00e9ciaux!<\/p>\n<p>Mais cela reste tr\u00e8s ludique, m\u00eame s&rsquo;il peut y avoir une certaine frustration quand on se sent au service de la technique. Mais bon, il y a cette fameuse combinaison verte que l&rsquo;on doit porter pour les incrustations ensuite&#8230; C&rsquo;est assez dr\u00f4le en fait!<\/p>\n<p><img loading=\"lazy\" decoding=\"async\" class=\"alignnone size-large wp-image-233418\" src=\"https:\/\/www.cinevox.be\/wp-content\/uploads\/sites\/2\/2020\/11\/Invisible-Roda3-800x392.jpg\" alt=\"\" width=\"618\" height=\"303\" srcset=\"https:\/\/welovecinema.be\/wp-content\/uploads\/sites\/2\/2020\/11\/Invisible-Roda3-800x392.jpg 800w, https:\/\/welovecinema.be\/wp-content\/uploads\/sites\/2\/2020\/11\/Invisible-Roda3-480x235.jpg 480w, https:\/\/welovecinema.be\/wp-content\/uploads\/sites\/2\/2020\/11\/Invisible-Roda3-768x376.jpg 768w, https:\/\/welovecinema.be\/wp-content\/uploads\/sites\/2\/2020\/11\/Invisible-Roda3-1536x752.jpg 1536w, https:\/\/welovecinema.be\/wp-content\/uploads\/sites\/2\/2020\/11\/Invisible-Roda3.jpg 1614w\" sizes=\"auto, (max-width: 618px) 100vw, 618px\" \/><\/p>\n<p><strong>Quels \u00e9taient les plus grands enjeux pour vous?<\/strong><\/p>\n<p>L&rsquo;enjeu principal pour mon personnage, c&rsquo;est qu&rsquo;il est confront\u00e9 \u00e0 la perte de ce qui est le plus important dans sa vie, c&rsquo;est-\u00e0-dire son fils, sa famille. Le challenge, c&rsquo;\u00e9tait de trouver en moi la ressource pour comprendre cet \u00e9tat, approcher cette peur. Et encha\u00eener les \u00e9preuves pour ne pas perdre ceux qu&rsquo;on aime.<\/p>\n<p>C&rsquo;est un tr\u00e8s beau personnage, tr\u00e8s riche, et c&rsquo;est rare que l&rsquo;on me propose des personnages comme celui-l\u00e0. Je ne veux pas forc\u00e9ment lancer dans un d\u00e9bat sur les emplois que l&rsquo;on r\u00e9serve en g\u00e9n\u00e9ral aux com\u00e9diens de mon type ethnique, mais l\u00e0 on me proposait clairement autre chose.<\/p>\n<p>C&rsquo;est un personnage complexe, qui a des choses \u00e0 d\u00e9fendre, \u00e0 mille lieux des clich\u00e9s, notamment dans les rapports qu&rsquo;il entretient avec sa femme. On est loin du st\u00e9r\u00e9otype de l&rsquo;homme m\u00e9diterran\u00e9en un peu macho qui domine son foyer. La s\u00e9rie est \u00e9crite par une femme aussi, j&rsquo;imagine que ce n&rsquo;est pas anodin par rapport aux nuances que l&rsquo;on peut y retrouver.<\/p>\n<p><strong>Un des points forts de la s\u00e9rie, c&rsquo;est d&rsquo;offrir un portrait riche de la Belgique contemporaine.\u00a0<\/strong><\/p>\n<p>Oui, la s\u00e9rie incarne toutes les nuances et la complexit\u00e9 de notre soci\u00e9t\u00e9, et fait vraiment \u00e9cho \u00e0 ce qu&rsquo;on vit aujourd&rsquo;hui &#8211; sans pour autant \u00eatre anxiog\u00e8ne! Mais la s\u00e9rie observe \u00e0 la loupe les acteurs et actrices majeur\u00b7es de la crise sanitaire que nous vivons actuellement, le monde hospitalier, les personnes \u00e2g\u00e9es, les jeunes g\u00e9n\u00e9rations&#8230;<\/p>\n<p>On n&rsquo;a jamais vu de s\u00e9rie comme \u00e7a en Belgique, il y a une prise de risque \u00e0 tous les niveaux.<\/p>\n<p><strong>On vous voit aujourd&rsquo;hui dans <em>Invisible<\/em>, on vous a vu dans <em>Unit\u00e9 42<\/em>, est-ce que c&rsquo;est confortable pour un com\u00e9dien de cr\u00e9er un personnage sur le temps de la s\u00e9rie, au fil de 8 \u00e9pisodes?<\/strong><\/p>\n<p>Sur <em>Unit\u00e9 42<\/em>, c&rsquo;est la premi\u00e8re question que je me suis pos\u00e9e. J&rsquo;y \u00e9tais un personnage r\u00e9current, mais qui \u00e9tait plus l\u00e0 pour donner des informations, accompagner les h\u00e9ros. Mais j&rsquo;en ai conclu que dans une s\u00e9rie,\u00a0 il faut que l&rsquo;on puisse imm\u00e9diatement reconna\u00eetre quel type de personnage on pr\u00e9sente au spectateur, qu&rsquo;il soit tr\u00e8s lisible. Il faut que quand il rentre dans une pi\u00e8ce, on puisse se dire, \u00ab\u00a0<em>Lui c&rsquo;est un rigolo, lui il est sympa mais rigide\u00a0\u00bb<\/em>. Sauf que comme c&rsquo;est une s\u00e9rie, qu&rsquo;il faut tenir sur la longueur, il ne faut pas non plus tomber dans le clich\u00e9, et enfermer le personnage dans une image trop monolithique.<\/p>\n<p>Pour Ayoub c&rsquo;\u00e9tait \u00e7a aussi, identifier d\u00e8s le d\u00e9part sa caract\u00e9ristique principale pour permettre l&rsquo;identification, ici c&rsquo;est le p\u00e8re aimant, mais d\u00e9ployer au fur et \u00e0 mesure toute la complexit\u00e9 du personnage.<\/p>\n<p><img loading=\"lazy\" decoding=\"async\" class=\"alignnone size-large wp-image-233420\" src=\"https:\/\/www.cinevox.be\/wp-content\/uploads\/sites\/2\/2020\/11\/Invisible-Roda2-800x400.jpg\" alt=\"\" width=\"618\" height=\"309\" srcset=\"https:\/\/welovecinema.be\/wp-content\/uploads\/sites\/2\/2020\/11\/Invisible-Roda2-800x400.jpg 800w, https:\/\/welovecinema.be\/wp-content\/uploads\/sites\/2\/2020\/11\/Invisible-Roda2-480x240.jpg 480w, https:\/\/welovecinema.be\/wp-content\/uploads\/sites\/2\/2020\/11\/Invisible-Roda2-768x384.jpg 768w, https:\/\/welovecinema.be\/wp-content\/uploads\/sites\/2\/2020\/11\/Invisible-Roda2-1536x769.jpg 1536w, https:\/\/welovecinema.be\/wp-content\/uploads\/sites\/2\/2020\/11\/Invisible-Roda2-660x330.jpg 660w, https:\/\/welovecinema.be\/wp-content\/uploads\/sites\/2\/2020\/11\/Invisible-Roda2-1050x525.jpg 1050w, https:\/\/welovecinema.be\/wp-content\/uploads\/sites\/2\/2020\/11\/Invisible-Roda2.jpg 1610w\" sizes=\"auto, (max-width: 618px) 100vw, 618px\" \/><\/p>\n<p><strong>Qu&rsquo;est-ce que vous pr\u00e9f\u00e9rez dans la s\u00e9rie en tant que spectateur?<\/strong><\/p>\n<p>D&rsquo;abord, cette s\u00e9rie, c&rsquo;est du Ken Loach avec des effets sp\u00e9ciaux, quelque chose de jamais vu en Belgique francophone! Quand j&rsquo;ai d\u00e9couvert les deux premiers \u00e9pisodes, je me suis compl\u00e8tement laiss\u00e9 emporter alors que d&rsquo;habitude je suis tr\u00e8s stress\u00e9 de me d\u00e9couvrir \u00e0 l&rsquo;\u00e9cran. Et puis il y a tellement de beaux destins auxquels s&rsquo;accrocher, celui de Laurence, celui d&rsquo;Ang\u00e8le, celui d&rsquo;Ayoub&#8230;<\/p>\n<p><strong>Quels sont vos projets?<\/strong><\/p>\n<p>J&rsquo;ai eu de la chance, j&rsquo;ai pu traverser le premier confinement en continuant \u00e0 travailler. Je pr\u00e9pare actuellement mon premier long m\u00e9trage, <em>La Salle des pas perdus,<\/em> que je vais co-r\u00e9aliser avec Thibault Wolfhart, et je travaille parall\u00e8lement sur mon spectacle de stand-up. J&rsquo;ai \u00e9galement tourn\u00e9 dans une autre s\u00e9rie qui doit sortir bient\u00f4t, <em>Cellule de Crise<\/em>, une s\u00e9rie suisse avec Andr\u00e9 Dussolier et Isabelle Caillat.<\/p>\n","protected":false},"excerpt":{"rendered":"<p>Alors que la diffusion d&rsquo;Invisible a d\u00e9but\u00e9 avec succ\u00e8s ce dimanche sur La Une, rencontre avec l&rsquo;un de ses h\u00e9ros, le com\u00e9dien Roda Fawaz (vu notamment dans Unit\u00e9 42, ou dans le court m\u00e9trage Bruxelles-Beyrouth), qui y incarne Ayoub, un p\u00e8re de famille confront\u00e9 \u00e0 l&rsquo;\u00e9pid\u00e9mie d&rsquo;invisibilit\u00e9, qui va tout faire pour pouvoir garder son &hellip;<\/p>\n","protected":false},"author":343,"featured_media":233414,"comment_status":"closed","ping_status":"closed","sticky":false,"template":"","format":"standard","meta":{"ngg_post_thumbnail":0,"footnotes":""},"categories":[1978],"tags":[4789,4187,4333],"class_list":["post-233412","post","type-post","status-publish","format-standard","has-post-thumbnail","","category-interviews","tag-invisible","tag-newsletter-fr","tag-roda-fawaz"],"yoast_head":"<!-- This site is optimized with the Yoast SEO plugin v20.4 - https:\/\/yoast.com\/wordpress\/plugins\/seo\/ -->\n<title>Roda Fawaz, h\u00e9ros d&#039;Invisible - We Love Cinema<\/title>\n<meta name=\"robots\" content=\"index, follow, max-snippet:-1, max-image-preview:large, max-video-preview:-1\" \/>\n<link rel=\"canonical\" href=\"https:\/\/welovecinema.be\/fr\/roda-fawaz-heros-dinvisible\/\" \/>\n<meta property=\"og:locale\" content=\"fr_FR\" \/>\n<meta property=\"og:type\" content=\"article\" \/>\n<meta property=\"og:title\" content=\"Roda Fawaz, h\u00e9ros d&#039;Invisible - We Love Cinema\" \/>\n<meta property=\"og:description\" content=\"Alors que la diffusion d&rsquo;Invisible a d\u00e9but\u00e9 avec succ\u00e8s ce dimanche sur La Une, rencontre avec l&rsquo;un de ses h\u00e9ros, le com\u00e9dien Roda Fawaz (vu notamment dans Unit\u00e9 42, ou dans le court m\u00e9trage Bruxelles-Beyrouth), qui y incarne Ayoub, un p\u00e8re de famille confront\u00e9 \u00e0 l&rsquo;\u00e9pid\u00e9mie d&rsquo;invisibilit\u00e9, qui va tout faire pour pouvoir garder son &hellip;\" \/>\n<meta property=\"og:url\" content=\"https:\/\/welovecinema.be\/fr\/roda-fawaz-heros-dinvisible\/\" \/>\n<meta property=\"og:site_name\" content=\"We Love Cinema\" \/>\n<meta property=\"article:publisher\" content=\"https:\/\/www.facebook.com\/welovecinema.be\" \/>\n<meta property=\"article:published_time\" content=\"2020-11-25T09:20:37+00:00\" \/>\n<meta property=\"article:modified_time\" content=\"2020-11-26T10:18:06+00:00\" \/>\n<meta property=\"og:image\" content=\"https:\/\/welovecinema.be\/wp-content\/uploads\/sites\/2\/2020\/11\/Roda-Fawaz-scaled.jpg\" \/>\n\t<meta property=\"og:image:width\" content=\"2560\" \/>\n\t<meta property=\"og:image:height\" content=\"1280\" \/>\n\t<meta property=\"og:image:type\" content=\"image\/jpeg\" \/>\n<meta name=\"author\" content=\"Aurore Engelen\" \/>\n<meta name=\"twitter:card\" content=\"summary_large_image\" \/>\n<meta name=\"twitter:label1\" content=\"\u00c9crit par\" \/>\n\t<meta name=\"twitter:data1\" content=\"Aurore Engelen\" \/>\n\t<meta name=\"twitter:label2\" content=\"Dur\u00e9e de lecture estim\u00e9e\" \/>\n\t<meta name=\"twitter:data2\" content=\"5 minutes\" \/>\n<script type=\"application\/ld+json\" class=\"yoast-schema-graph\">{\"@context\":\"https:\/\/schema.org\",\"@graph\":[{\"@type\":\"Article\",\"@id\":\"https:\/\/welovecinema.be\/fr\/roda-fawaz-heros-dinvisible\/#article\",\"isPartOf\":{\"@id\":\"https:\/\/welovecinema.be\/fr\/roda-fawaz-heros-dinvisible\/\"},\"author\":{\"name\":\"Aurore Engelen\",\"@id\":\"https:\/\/welovecinema.be\/nl\/#\/schema\/person\/8084b68c6b176142d073695c654dc7cf\"},\"headline\":\"Roda Fawaz, h\u00e9ros d&rsquo;Invisible\",\"datePublished\":\"2020-11-25T09:20:37+00:00\",\"dateModified\":\"2020-11-26T10:18:06+00:00\",\"mainEntityOfPage\":{\"@id\":\"https:\/\/welovecinema.be\/fr\/roda-fawaz-heros-dinvisible\/\"},\"wordCount\":1076,\"publisher\":{\"@id\":\"https:\/\/welovecinema.be\/nl\/#organization\"},\"keywords\":[\"Invisible\",\"newsletter\",\"Roda Fawaz\"],\"articleSection\":[\"Rencontres\"],\"inLanguage\":\"fr-FR\"},{\"@type\":\"WebPage\",\"@id\":\"https:\/\/welovecinema.be\/fr\/roda-fawaz-heros-dinvisible\/\",\"url\":\"https:\/\/welovecinema.be\/fr\/roda-fawaz-heros-dinvisible\/\",\"name\":\"Roda Fawaz, h\u00e9ros d'Invisible - We Love Cinema\",\"isPartOf\":{\"@id\":\"https:\/\/welovecinema.be\/nl\/#website\"},\"datePublished\":\"2020-11-25T09:20:37+00:00\",\"dateModified\":\"2020-11-26T10:18:06+00:00\",\"breadcrumb\":{\"@id\":\"https:\/\/welovecinema.be\/fr\/roda-fawaz-heros-dinvisible\/#breadcrumb\"},\"inLanguage\":\"fr-FR\",\"potentialAction\":[{\"@type\":\"ReadAction\",\"target\":[\"https:\/\/welovecinema.be\/fr\/roda-fawaz-heros-dinvisible\/\"]}]},{\"@type\":\"BreadcrumbList\",\"@id\":\"https:\/\/welovecinema.be\/fr\/roda-fawaz-heros-dinvisible\/#breadcrumb\",\"itemListElement\":[{\"@type\":\"ListItem\",\"position\":1,\"name\":\"Accueil\",\"item\":\"https:\/\/welovecinema.be\/fr\/\"},{\"@type\":\"ListItem\",\"position\":2,\"name\":\"Roda Fawaz, h\u00e9ros d&rsquo;Invisible\"}]},{\"@type\":\"WebSite\",\"@id\":\"https:\/\/welovecinema.be\/nl\/#website\",\"url\":\"https:\/\/welovecinema.be\/nl\/\",\"name\":\"We Love Cinema\",\"description\":\"Toute l\u2019information du cin\u00e9ma en Belgique\",\"publisher\":{\"@id\":\"https:\/\/welovecinema.be\/nl\/#organization\"},\"potentialAction\":[{\"@type\":\"SearchAction\",\"target\":{\"@type\":\"EntryPoint\",\"urlTemplate\":\"https:\/\/welovecinema.be\/nl\/?s={search_term_string}\"},\"query-input\":\"required name=search_term_string\"}],\"inLanguage\":\"fr-FR\"},{\"@type\":\"Organization\",\"@id\":\"https:\/\/welovecinema.be\/nl\/#organization\",\"name\":\"We Love Cinema\",\"url\":\"https:\/\/welovecinema.be\/nl\/\",\"logo\":{\"@type\":\"ImageObject\",\"inLanguage\":\"fr-FR\",\"@id\":\"https:\/\/welovecinema.be\/nl\/#\/schema\/logo\/image\/\",\"url\":\"https:\/\/welovecinema.be\/wp-content\/uploads\/sites\/2\/2023\/03\/Logo-We-Love-Cinema305x128.jpg\",\"contentUrl\":\"https:\/\/welovecinema.be\/wp-content\/uploads\/sites\/2\/2023\/03\/Logo-We-Love-Cinema305x128.jpg\",\"width\":305,\"height\":128,\"caption\":\"We Love Cinema\"},\"image\":{\"@id\":\"https:\/\/welovecinema.be\/nl\/#\/schema\/logo\/image\/\"},\"sameAs\":[\"https:\/\/www.facebook.com\/welovecinema.be\",\"https:\/\/www.youtube.com\/channel\/UCX5LYGVhnKvYauW4Nta4HJA\",\"https:\/\/www.instagram.com\/welovecinema.be\/\"]},{\"@type\":\"Person\",\"@id\":\"https:\/\/welovecinema.be\/nl\/#\/schema\/person\/8084b68c6b176142d073695c654dc7cf\",\"name\":\"Aurore Engelen\",\"url\":\"https:\/\/welovecinema.be\/fr\/author\/aurore-engelen\/\"}]}<\/script>\n<!-- \/ Yoast SEO plugin. -->","yoast_head_json":{"title":"Roda Fawaz, h\u00e9ros d'Invisible - We Love Cinema","robots":{"index":"index","follow":"follow","max-snippet":"max-snippet:-1","max-image-preview":"max-image-preview:large","max-video-preview":"max-video-preview:-1"},"canonical":"https:\/\/welovecinema.be\/fr\/roda-fawaz-heros-dinvisible\/","og_locale":"fr_FR","og_type":"article","og_title":"Roda Fawaz, h\u00e9ros d'Invisible - We Love Cinema","og_description":"Alors que la diffusion d&rsquo;Invisible a d\u00e9but\u00e9 avec succ\u00e8s ce dimanche sur La Une, rencontre avec l&rsquo;un de ses h\u00e9ros, le com\u00e9dien Roda Fawaz (vu notamment dans Unit\u00e9 42, ou dans le court m\u00e9trage Bruxelles-Beyrouth), qui y incarne Ayoub, un p\u00e8re de famille confront\u00e9 \u00e0 l&rsquo;\u00e9pid\u00e9mie d&rsquo;invisibilit\u00e9, qui va tout faire pour pouvoir garder son &hellip;","og_url":"https:\/\/welovecinema.be\/fr\/roda-fawaz-heros-dinvisible\/","og_site_name":"We Love Cinema","article_publisher":"https:\/\/www.facebook.com\/welovecinema.be","article_published_time":"2020-11-25T09:20:37+00:00","article_modified_time":"2020-11-26T10:18:06+00:00","og_image":[{"width":2560,"height":1280,"url":"https:\/\/welovecinema.be\/wp-content\/uploads\/sites\/2\/2020\/11\/Roda-Fawaz-scaled.jpg","type":"image\/jpeg"}],"author":"Aurore Engelen","twitter_card":"summary_large_image","twitter_misc":{"\u00c9crit par":"Aurore Engelen","Dur\u00e9e de lecture estim\u00e9e":"5 minutes"},"schema":{"@context":"https:\/\/schema.org","@graph":[{"@type":"Article","@id":"https:\/\/welovecinema.be\/fr\/roda-fawaz-heros-dinvisible\/#article","isPartOf":{"@id":"https:\/\/welovecinema.be\/fr\/roda-fawaz-heros-dinvisible\/"},"author":{"name":"Aurore Engelen","@id":"https:\/\/welovecinema.be\/nl\/#\/schema\/person\/8084b68c6b176142d073695c654dc7cf"},"headline":"Roda Fawaz, h\u00e9ros d&rsquo;Invisible","datePublished":"2020-11-25T09:20:37+00:00","dateModified":"2020-11-26T10:18:06+00:00","mainEntityOfPage":{"@id":"https:\/\/welovecinema.be\/fr\/roda-fawaz-heros-dinvisible\/"},"wordCount":1076,"publisher":{"@id":"https:\/\/welovecinema.be\/nl\/#organization"},"keywords":["Invisible","newsletter","Roda Fawaz"],"articleSection":["Rencontres"],"inLanguage":"fr-FR"},{"@type":"WebPage","@id":"https:\/\/welovecinema.be\/fr\/roda-fawaz-heros-dinvisible\/","url":"https:\/\/welovecinema.be\/fr\/roda-fawaz-heros-dinvisible\/","name":"Roda Fawaz, h\u00e9ros d'Invisible - We Love Cinema","isPartOf":{"@id":"https:\/\/welovecinema.be\/nl\/#website"},"datePublished":"2020-11-25T09:20:37+00:00","dateModified":"2020-11-26T10:18:06+00:00","breadcrumb":{"@id":"https:\/\/welovecinema.be\/fr\/roda-fawaz-heros-dinvisible\/#breadcrumb"},"inLanguage":"fr-FR","potentialAction":[{"@type":"ReadAction","target":["https:\/\/welovecinema.be\/fr\/roda-fawaz-heros-dinvisible\/"]}]},{"@type":"BreadcrumbList","@id":"https:\/\/welovecinema.be\/fr\/roda-fawaz-heros-dinvisible\/#breadcrumb","itemListElement":[{"@type":"ListItem","position":1,"name":"Accueil","item":"https:\/\/welovecinema.be\/fr\/"},{"@type":"ListItem","position":2,"name":"Roda Fawaz, h\u00e9ros d&rsquo;Invisible"}]},{"@type":"WebSite","@id":"https:\/\/welovecinema.be\/nl\/#website","url":"https:\/\/welovecinema.be\/nl\/","name":"We Love Cinema","description":"Toute l\u2019information du cin\u00e9ma en Belgique","publisher":{"@id":"https:\/\/welovecinema.be\/nl\/#organization"},"potentialAction":[{"@type":"SearchAction","target":{"@type":"EntryPoint","urlTemplate":"https:\/\/welovecinema.be\/nl\/?s={search_term_string}"},"query-input":"required name=search_term_string"}],"inLanguage":"fr-FR"},{"@type":"Organization","@id":"https:\/\/welovecinema.be\/nl\/#organization","name":"We Love Cinema","url":"https:\/\/welovecinema.be\/nl\/","logo":{"@type":"ImageObject","inLanguage":"fr-FR","@id":"https:\/\/welovecinema.be\/nl\/#\/schema\/logo\/image\/","url":"https:\/\/welovecinema.be\/wp-content\/uploads\/sites\/2\/2023\/03\/Logo-We-Love-Cinema305x128.jpg","contentUrl":"https:\/\/welovecinema.be\/wp-content\/uploads\/sites\/2\/2023\/03\/Logo-We-Love-Cinema305x128.jpg","width":305,"height":128,"caption":"We Love Cinema"},"image":{"@id":"https:\/\/welovecinema.be\/nl\/#\/schema\/logo\/image\/"},"sameAs":["https:\/\/www.facebook.com\/welovecinema.be","https:\/\/www.youtube.com\/channel\/UCX5LYGVhnKvYauW4Nta4HJA","https:\/\/www.instagram.com\/welovecinema.be\/"]},{"@type":"Person","@id":"https:\/\/welovecinema.be\/nl\/#\/schema\/person\/8084b68c6b176142d073695c654dc7cf","name":"Aurore Engelen","url":"https:\/\/welovecinema.be\/fr\/author\/aurore-engelen\/"}]}},"_links":{"self":[{"href":"https:\/\/welovecinema.be\/fr\/wp-json\/wp\/v2\/posts\/233412","targetHints":{"allow":["GET"]}}],"collection":[{"href":"https:\/\/welovecinema.be\/fr\/wp-json\/wp\/v2\/posts"}],"about":[{"href":"https:\/\/welovecinema.be\/fr\/wp-json\/wp\/v2\/types\/post"}],"author":[{"embeddable":true,"href":"https:\/\/welovecinema.be\/fr\/wp-json\/wp\/v2\/users\/343"}],"replies":[{"embeddable":true,"href":"https:\/\/welovecinema.be\/fr\/wp-json\/wp\/v2\/comments?post=233412"}],"version-history":[{"count":0,"href":"https:\/\/welovecinema.be\/fr\/wp-json\/wp\/v2\/posts\/233412\/revisions"}],"wp:featuredmedia":[{"embeddable":true,"href":"https:\/\/welovecinema.be\/fr\/wp-json\/wp\/v2\/media\/233414"}],"wp:attachment":[{"href":"https:\/\/welovecinema.be\/fr\/wp-json\/wp\/v2\/media?parent=233412"}],"wp:term":[{"taxonomy":"category","embeddable":true,"href":"https:\/\/welovecinema.be\/fr\/wp-json\/wp\/v2\/categories?post=233412"},{"taxonomy":"post_tag","embeddable":true,"href":"https:\/\/welovecinema.be\/fr\/wp-json\/wp\/v2\/tags?post=233412"}],"curies":[{"name":"wp","href":"https:\/\/api.w.org\/{rel}","templated":true}]}}